{"id":112300,"date":"2024-05-16T22:08:04","date_gmt":"2024-05-16T20:08:04","guid":{"rendered":"https:\/\/efecomunica.efe.com\/?p=112300"},"modified":"2024-05-17T16:46:11","modified_gmt":"2024-05-17T14:46:11","slug":"coca-cola-reciclara-100-de-suas-embalagens-na-america-latina-ate-2030","status":"publish","type":"post","link":"https:\/\/efecomunica.efe.com\/pt-pt\/coca-cola-reciclara-100-de-suas-embalagens-na-america-latina-ate-2030\/","title":{"rendered":"Coca-Cola reciclar\u00e1 100 % de suas embalagens na Am\u00e9rica Latina at\u00e9 2030."},"content":{"rendered":"<p>Cidade do M\u00e9xico (EFE) &#8211; No Dia Mundial da Reciclagem, a Coca-Cola anunciou como meta reciclar 100% de suas embalagens at\u00e9 2030 em toda a Am\u00e9rica Latina, uma iniciativa que faz parte de um contexto regional no qual a capacidade de gest\u00e3o de res\u00edduos continua sendo um desafio cr\u00edtico para os setores p\u00fablico e privado.<\/p>\n<p>Francisco Balbuena, diretor s\u00eanior de Opera\u00e7\u00f5es de Sustentabilidade da Coca-Cola Am\u00e9rica Latina, destacou a urg\u00eancia de melhorar a infraestrutura de reciclagem na regi\u00e3o.<\/p>\n<p>&#8220;A baixa capacidade de reciclagem \u00e9 um dos desafios que j\u00e1 est\u00e1 sendo enfrentado por meio de investimentos na opera\u00e7\u00e3o de plantas de reciclagem e na implementa\u00e7\u00e3o de iniciativas p\u00fablico-privadas para a gest\u00e3o de res\u00edduos&#8221;, disse Balbuena.<\/p>\n<p>O relat\u00f3rio &#8220;What a Waste 2.0&#8221; de 2022 do Banco Mundial destaca a magnitude do problema: a Am\u00e9rica Latina gera aproximadamente 430.000 toneladas de res\u00edduos por dia, dos quais apenas 4,5% s\u00e3o reciclados.<\/p>\n<p>Esse cen\u00e1rio levou a Coca-Cola a intensificar seus esfor\u00e7os sob o prop\u00f3sito global &#8220;Refresque o mundo e fa\u00e7a a diferen\u00e7a&#8221;, com o objetivo de coletar e reciclar o equivalente a 100% de suas embalagens at\u00e9 2030.<\/p>\n<h2>Parcerias p\u00fablico-privadas<\/h2>\n<p>Balbuena destacou que as solu\u00e7\u00f5es colaborativas s\u00e3o fundamentais para alcan\u00e7ar &#8220;Um mundo sem res\u00edduos&#8221;. Nesse sentido, a Coca-Cola fortaleceu suas alian\u00e7as com parceiros, organiza\u00e7\u00f5es e comunidades que integram a cadeia de valor da reciclagem.<\/p>\n<p>Uma das iniciativas mais not\u00e1veis \u00e9 o investimento de cerca de US$ 178,1 milh\u00f5es feito em 2023 por parte da Coca-Cola M\u00e9xico Arca Continental e dos acionistas da PetStar.<\/p>\n<p>Esse investimento aumentar\u00e1 a capacidade de coleta da PetStar de oito para mais de 40 pontos no M\u00e9xico e expandir\u00e1 a capacidade de reciclagem de 58.000 para 84.000 toneladas de PET por ano.<\/p>\n<p>Al\u00e9m disso, a Coca-Cola lan\u00e7ou o programa &#8220;Aliados para a Reciclagem&#8221; (adaptado para &#8220;Juntos pela Reciclagem&#8221; em Col\u00f4mbia, Peru, Equador e Bol\u00edvia), que re\u00fane organiza\u00e7\u00f5es sociais e internacionais, funda\u00e7\u00f5es, governos e cidad\u00e3os para reduzir o desperd\u00edcio e incentivar a reciclagem.<\/p>\n<p>Essa rede de alian\u00e7as inclui iniciativas como a LatitudR em toda a Am\u00e9rica Latina, a SUEMA no M\u00e9xico, a ReciVici no Equador, a Recicla LATAM no Peru e a Biosfera GT na Guatemala.<\/p>\n<p>Patricia Gamboa, da Biosfera GT, elogiou o impacto positivo desses projetos na qualidade de vida dos trabalhadores da f\u00e1brica, que agora t\u00eam acesso \u00e0 seguridade social e ao emprego formal gra\u00e7as \u00e0 rede &#8220;Aliados da Reciclagem&#8221;. EFE<\/p>\n","protected":false},"excerpt":{"rendered":"<p>Cidade do M\u00e9xico (EFE) &#8211; No Dia Mundial da Reciclagem, a Coca-Cola anunciou como meta reciclar 100% de suas embalagens at\u00e9 2030 em toda a Am\u00e9rica Latina, uma iniciativa que [&hellip;]<\/p>\n","protected":false},"author":198164093,"featured_media":112308,"comment_status":"closed","ping_status":"closed","sticky":false,"template":"","format":"standard","meta":{"_acf_changed":false,"_jetpack_newsletter_access":"","_jetpack_dont_email_post_to_subs":false,"_jetpack_newsletter_tier_id":0,"_jetpack_memberships_contains_paywalled_content":false,"_jetpack_memberships_contains_paid_content":false,"footnotes":"","jetpack_post_was_ever_published":false},"categories":[123875,125405,125402],"tags":[127434,126797,128369,126416],"class_list":["post-112300","post","type-post","status-publish","format-standard","has-post-thumbnail","hentry","category-economia-pt-pt","category-empresas-pt-pt","category-sustentabilidade","tag-empresas-pt-pt","tag-meio-ambiente","tag-reciclagem","tag-sustentabilidade"],"acf":[],"yoast_head":"<!-- This site is optimized with the Yoast SEO plugin v27.5 - https:\/\/yoast.com\/product\/yoast-seo-wordpress\/ -->\n<title>Coca-Cola reciclar\u00e1 100 % de suas embalagens na Am\u00e9rica Latina<\/title>\n<meta name=\"description\" content=\"No Dia Mundial da Reciclagem, a Coca-Cola anunciou como meta reciclar 100% de suas embalagens at\u00e9 2025 em toda a Am\u00e9rica Latina,\" \/>\n<meta name=\"robots\" content=\"index, follow, max-snippet:-1, max-image-preview:large, max-video-preview:-1\" \/>\n<link rel=\"canonical\" href=\"https:\/\/efecomunica.efe.com\/pt-pt\/coca-cola-reciclara-100-de-suas-embalagens-na-america-latina-ate-2030\/\" \/>\n<!-- \/ Yoast SEO plugin. -->","yoast_head_json":{"title":"Coca-Cola reciclar\u00e1 100 % de suas embalagens na Am\u00e9rica Latina","description":"No Dia Mundial da Reciclagem, a Coca-Cola anunciou como meta reciclar 100% de suas embalagens at\u00e9 2025 em toda a Am\u00e9rica Latina,","robots":{"index":"index","follow":"follow","max-snippet":"max-snippet:-1","max-image-preview":"max-image-preview:large","max-video-preview":"max-video-preview:-1"},"canonical":"https:\/\/efecomunica.efe.com\/pt-pt\/coca-cola-reciclara-100-de-suas-embalagens-na-america-latina-ate-2030\/","schema":{"@context":"https:\/\/schema.org","@graph":[{"@type":"Article","@id":"https:\/\/efecomunica.efe.com\/pt-pt\/coca-cola-reciclara-100-de-suas-embalagens-na-america-latina-ate-2030\/#article","isPartOf":{"@id":"https:\/\/efecomunica.efe.com\/pt-pt\/coca-cola-reciclara-100-de-suas-embalagens-na-america-latina-ate-2030\/"},"author":{"name":"Ana Paula Raposo Chain","@id":"https:\/\/efecomunica.efe.com\/#\/schema\/person\/c909104001020699b704e3df33fef431"},"headline":"Coca-Cola reciclar\u00e1 100 % de suas embalagens na Am\u00e9rica Latina at\u00e9 2030.","datePublished":"2024-05-16T20:08:04+00:00","dateModified":"2024-05-17T14:46:11+00:00","mainEntityOfPage":{"@id":"https:\/\/efecomunica.efe.com\/pt-pt\/coca-cola-reciclara-100-de-suas-embalagens-na-america-latina-ate-2030\/"},"wordCount":436,"publisher":{"@id":"https:\/\/efecomunica.efe.com\/#organization"},"image":{"@id":"https:\/\/efecomunica.efe.com\/pt-pt\/coca-cola-reciclara-100-de-suas-embalagens-na-america-latina-ate-2030\/#primaryimage"},"thumbnailUrl":"https:\/\/efecomunica.efe.com\/wp-content\/uploads\/2024\/05\/81cdb458f2b201ec6241a5ed4451c7ca6cdfcf08w.jpg","keywords":["empresas","meio ambiente","reciclagem","sustentabilidade"],"articleSection":["Economia","Empresas","Sustentabilidade"],"inLanguage":"pt-PT"},{"@type":"WebPage","@id":"https:\/\/efecomunica.efe.com\/pt-pt\/coca-cola-reciclara-100-de-suas-embalagens-na-america-latina-ate-2030\/","url":"https:\/\/efecomunica.efe.com\/pt-pt\/coca-cola-reciclara-100-de-suas-embalagens-na-america-latina-ate-2030\/","name":"Coca-Cola reciclar\u00e1 100 % de suas embalagens na Am\u00e9rica Latina","isPartOf":{"@id":"https:\/\/efecomunica.efe.com\/#website"},"primaryImageOfPage":{"@id":"https:\/\/efecomunica.efe.com\/pt-pt\/coca-cola-reciclara-100-de-suas-embalagens-na-america-latina-ate-2030\/#primaryimage"},"image":{"@id":"https:\/\/efecomunica.efe.com\/pt-pt\/coca-cola-reciclara-100-de-suas-embalagens-na-america-latina-ate-2030\/#primaryimage"},"thumbnailUrl":"https:\/\/efecomunica.efe.com\/wp-content\/uploads\/2024\/05\/81cdb458f2b201ec6241a5ed4451c7ca6cdfcf08w.jpg","datePublished":"2024-05-16T20:08:04+00:00","dateModified":"2024-05-17T14:46:11+00:00","description":"No Dia Mundial da Reciclagem, a Coca-Cola anunciou como meta reciclar 100% de suas embalagens at\u00e9 2025 em toda a Am\u00e9rica Latina,","breadcrumb":{"@id":"https:\/\/efecomunica.efe.com\/pt-pt\/coca-cola-reciclara-100-de-suas-embalagens-na-america-latina-ate-2030\/#breadcrumb"},"inLanguage":"pt-PT","potentialAction":[{"@type":"ReadAction","target":["https:\/\/efecomunica.efe.com\/pt-pt\/coca-cola-reciclara-100-de-suas-embalagens-na-america-latina-ate-2030\/"]}]},{"@type":"ImageObject","inLanguage":"pt-PT","@id":"https:\/\/efecomunica.efe.com\/pt-pt\/coca-cola-reciclara-100-de-suas-embalagens-na-america-latina-ate-2030\/#primaryimage","url":"https:\/\/efecomunica.efe.com\/wp-content\/uploads\/2024\/05\/81cdb458f2b201ec6241a5ed4451c7ca6cdfcf08w.jpg","contentUrl":"https:\/\/efecomunica.efe.com\/wp-content\/uploads\/2024\/05\/81cdb458f2b201ec6241a5ed4451c7ca6cdfcf08w.jpg","width":1920,"height":1280,"caption":"MEX7778. SAO PAULO (BRASIL), 16\/05\/2024.- Fotograf\u00eda sin fecha espec\u00edfica de toma, cedida por Pedro Silvestre, donde se observa a trabajadores laborando en la planta SustentaPET, en la ciudad de Sao Paulo (Brasil). En el marco del D\u00eda Mundial del Reciclaje, Coca-Cola ha anunciado su objetivo de reciclar el cien por ciento de sus envases para 2025 en toda Latinoam\u00e9rica, una iniciativa que se enmarca en un contexto regional en el que la capacidad de reciclaje sigue siendo un desaf\u00edo cr\u00edtico tanto para el sector p\u00fablico como para el privado. EFE\/Pedro Silvestre\/SOLO USO EDITORIAL\/SOLO DISPONIBLE PARA ILUSTRAR LA NOTICIA QUE ACOMPA\u00d1A (CR\u00c9DITO OBLIGATORIO)"},{"@type":"BreadcrumbList","@id":"https:\/\/efecomunica.efe.com\/pt-pt\/coca-cola-reciclara-100-de-suas-embalagens-na-america-latina-ate-2030\/#breadcrumb","itemListElement":[{"@type":"ListItem","position":1,"name":"Portada","item":"https:\/\/efecomunica.efe.com\/pt-pt\/"},{"@type":"ListItem","position":2,"name":"Coca-Cola reciclar\u00e1 100 % de suas embalagens na Am\u00e9rica Latina at\u00e9 2030."}]},{"@type":"WebSite","@id":"https:\/\/efecomunica.efe.com\/#website","url":"https:\/\/efecomunica.efe.com\/","name":"EFE Comunica","description":"Contenidos para empresas","publisher":{"@id":"https:\/\/efecomunica.efe.com\/#organization"},"potentialAction":[{"@type":"SearchAction","target":{"@type":"EntryPoint","urlTemplate":"https:\/\/efecomunica.efe.com\/?s={search_term_string}"},"query-input":{"@type":"PropertyValueSpecification","valueRequired":true,"valueName":"search_term_string"}}],"inLanguage":"pt-PT"},{"@type":"Organization","@id":"https:\/\/efecomunica.efe.com\/#organization","name":"EFE Comunica","url":"https:\/\/efecomunica.efe.com\/","logo":{"@type":"ImageObject","inLanguage":"pt-PT","@id":"https:\/\/efecomunica.efe.com\/#\/schema\/logo\/image\/","url":"https:\/\/efecomunica.efe.com\/wp-content\/uploads\/2020\/12\/Logo-EFE-Comunica_png.png","contentUrl":"https:\/\/efecomunica.efe.com\/wp-content\/uploads\/2020\/12\/Logo-EFE-Comunica_png.png","width":1080,"height":486,"caption":"EFE Comunica"},"image":{"@id":"https:\/\/efecomunica.efe.com\/#\/schema\/logo\/image\/"},"sameAs":["https:\/\/www.facebook.com\/EFEComunicaAgenciaEFE","https:\/\/x.com\/EFEcomunica","https:\/\/www.linkedin.com\/showcase\/efecomunica"]},{"@type":"Person","@id":"https:\/\/efecomunica.efe.com\/#\/schema\/person\/c909104001020699b704e3df33fef431","name":"Ana Paula Raposo Chain","image":{"@type":"ImageObject","inLanguage":"pt-PT","@id":"https:\/\/secure.gravatar.com\/avatar\/fdb673c87ee0b2e7929d64a955445cfbf4bfc5af80baee97082d08a440db678f?s=96&d=identicon&r=g","url":"https:\/\/secure.gravatar.com\/avatar\/fdb673c87ee0b2e7929d64a955445cfbf4bfc5af80baee97082d08a440db678f?s=96&d=identicon&r=g","contentUrl":"https:\/\/secure.gravatar.com\/avatar\/fdb673c87ee0b2e7929d64a955445cfbf4bfc5af80baee97082d08a440db678f?s=96&d=identicon&r=g","caption":"Ana Paula Raposo Chain"},"url":"https:\/\/efecomunica.efe.com\/pt-pt\/author\/achain\/"}]}},"jetpack_featured_media_url":"https:\/\/efecomunica.efe.com\/wp-content\/uploads\/2024\/05\/81cdb458f2b201ec6241a5ed4451c7ca6cdfcf08w.jpg","jetpack_likes_enabled":true,"jetpack_shortlink":"https:\/\/wp.me\/pcEg1r-tdi","jetpack_sharing_enabled":true,"_links":{"self":[{"href":"https:\/\/efecomunica.efe.com\/pt-pt\/wp-json\/wp\/v2\/posts\/112300","targetHints":{"allow":["GET"]}}],"collection":[{"href":"https:\/\/efecomunica.efe.com\/pt-pt\/wp-json\/wp\/v2\/posts"}],"about":[{"href":"https:\/\/efecomunica.efe.com\/pt-pt\/wp-json\/wp\/v2\/types\/post"}],"author":[{"embeddable":true,"href":"https:\/\/efecomunica.efe.com\/pt-pt\/wp-json\/wp\/v2\/users\/198164093"}],"replies":[{"embeddable":true,"href":"https:\/\/efecomunica.efe.com\/pt-pt\/wp-json\/wp\/v2\/comments?post=112300"}],"version-history":[{"count":5,"href":"https:\/\/efecomunica.efe.com\/pt-pt\/wp-json\/wp\/v2\/posts\/112300\/revisions"}],"predecessor-version":[{"id":112311,"href":"https:\/\/efecomunica.efe.com\/pt-pt\/wp-json\/wp\/v2\/posts\/112300\/revisions\/112311"}],"wp:featuredmedia":[{"embeddable":true,"href":"https:\/\/efecomunica.efe.com\/pt-pt\/wp-json\/wp\/v2\/media\/112308"}],"wp:attachment":[{"href":"https:\/\/efecomunica.efe.com\/pt-pt\/wp-json\/wp\/v2\/media?parent=112300"}],"wp:term":[{"taxonomy":"category","embeddable":true,"href":"https:\/\/efecomunica.efe.com\/pt-pt\/wp-json\/wp\/v2\/categories?post=112300"},{"taxonomy":"post_tag","embeddable":true,"href":"https:\/\/efecomunica.efe.com\/pt-pt\/wp-json\/wp\/v2\/tags?post=112300"}],"curies":[{"name":"wp","href":"https:\/\/api.w.org\/{rel}","templated":true}]}}