{"id":115230,"date":"2024-06-07T19:52:16","date_gmt":"2024-06-07T17:52:16","guid":{"rendered":"https:\/\/efecomunica.efe.com\/?p=115230"},"modified":"2024-06-07T22:35:01","modified_gmt":"2024-06-07T20:35:01","slug":"ceo-do-bid-invest-investir-de-forma-lucrativa-em-sustentabilidade","status":"publish","type":"post","link":"https:\/\/efecomunica.efe.com\/pt-pt\/ceo-do-bid-invest-investir-de-forma-lucrativa-em-sustentabilidade\/","title":{"rendered":"CEO do BID Invest diz que \u00e9 poss\u00edvel investir de forma lucrativa em sustentabilidade"},"content":{"rendered":"<p>Paula Escalada Medrano.<\/p>\n<p>Embora o investimento em sustentabilidade tenha sido tradicionalmente associado a <strong>\u201cfazer o bem ao mundo\u201d<\/strong>, nos \u00faltimos anos ficou claro que \u201cos investimentos em <strong>sustentabilidade s\u00e3o lucrativos<\/strong>\u201d, disse <strong>James Scriven,<\/strong> <strong>CEO do BID Invest,<\/strong> o bra\u00e7o privado do Banco Interamericano de Desenvolvimento (<strong>BID<\/strong>), em entrevista \u00e0 Ag\u00eancia EFE.<\/p>\n<figure id=\"attachment_115241\" aria-describedby=\"caption-attachment-115241\" style=\"width: 300px\" class=\"wp-caption alignleft\"><img fetchpriority=\"high\" decoding=\"async\" data-attachment-id=\"115241\" data-permalink=\"https:\/\/efecomunica.efe.com\/pt-pt\/ceo-do-bid-invest-investir-de-forma-lucrativa-em-sustentabilidade\/88f6a11e0d8247c95585d8dfe758531b77e13a3aminiw\/\" data-orig-file=\"https:\/\/efecomunica.efe.com\/wp-content\/uploads\/2024\/06\/88f6a11e0d8247c95585d8dfe758531b77e13a3aminiw.jpg\" data-orig-size=\"900,600\" data-comments-opened=\"0\" data-image-meta=\"{&quot;aperture&quot;:&quot;0&quot;,&quot;credit&quot;:&quot;&quot;,&quot;camera&quot;:&quot;&quot;,&quot;caption&quot;:&quot;&quot;,&quot;created_timestamp&quot;:&quot;0&quot;,&quot;copyright&quot;:&quot;&quot;,&quot;focal_length&quot;:&quot;0&quot;,&quot;iso&quot;:&quot;0&quot;,&quot;shutter_speed&quot;:&quot;0&quot;,&quot;title&quot;:&quot;&quot;,&quot;orientation&quot;:&quot;0&quot;}\" data-image-title=\"88f6a11e0d8247c95585d8dfe758531b77e13a3aminiw\" data-image-description=\"\" data-image-caption=\"\" data-large-file=\"https:\/\/efecomunica.efe.com\/wp-content\/uploads\/2024\/06\/88f6a11e0d8247c95585d8dfe758531b77e13a3aminiw.jpg\" class=\"wp-image-115241 size-medium\" src=\"https:\/\/efecomunica.efe.com\/wp-content\/uploads\/2024\/06\/88f6a11e0d8247c95585d8dfe758531b77e13a3aminiw-300x200.jpg\" alt=\" El director general del BID Invest, James Scriven, habla con EFE durante una entrevista el 04 de junio de 2024 en la sede del organismo en Washington (EE. UU). James Scriven. EFE\/Lenin Nolly\" width=\"300\" height=\"200\" srcset=\"https:\/\/efecomunica.efe.com\/wp-content\/uploads\/2024\/06\/88f6a11e0d8247c95585d8dfe758531b77e13a3aminiw-300x200.jpg 300w, https:\/\/efecomunica.efe.com\/wp-content\/uploads\/2024\/06\/88f6a11e0d8247c95585d8dfe758531b77e13a3aminiw-768x512.jpg 768w, https:\/\/efecomunica.efe.com\/wp-content\/uploads\/2024\/06\/88f6a11e0d8247c95585d8dfe758531b77e13a3aminiw-430x286.jpg 430w, https:\/\/efecomunica.efe.com\/wp-content\/uploads\/2024\/06\/88f6a11e0d8247c95585d8dfe758531b77e13a3aminiw.jpg 900w\" sizes=\"(max-width: 300px) 100vw, 300px\" \/><figcaption id=\"caption-attachment-115241\" class=\"wp-caption-text\">El director general del BID Invest, James Scriven, habla con EFE durante una entrevista\u00a0 en la sede del organismo en Washington (EE. UU). James Scriven. EFE\/Lenin Nolly<\/figcaption><\/figure>\n<p>\u201cA <strong>sustentabilidade<\/strong> era geralmente associada a fazer o bem para o mundo e que n\u00e3o era um investimento lucrativo, e \u00e9 por isso que, no passado, governos, organiza\u00e7\u00f5es multilaterais ou funda\u00e7\u00f5es trabalharam neste espa\u00e7o\u201d, declarou.<\/p>\n<p>Mas, nos \u00faltimos anos, ficou demonstrado, em grande parte devido ao impulso dos setores privados das multilaterais, como o <strong>BID Invest<\/strong>, que \u201c\u00e9 poss\u00edvel investir de forma lucrativa no conceito de sustentabilidade\u201d e atrair o <strong>interesse das empresas<\/strong>, acrescentou Scriven.<\/p>\n<p>Segundo o <strong>CEO do BID Invest<\/strong>, o exemplo mais claro e o ponto de inflex\u00e3o, foi no setor de energia, onde anos atr\u00e1s o que era rent\u00e1vel era a energia convencional, carv\u00e3o ou g\u00e1s, e agora \u201co que \u00e9 rent\u00e1vel s\u00e3o as energias renov\u00e1veis\u201d.<\/p>\n<p>Dada essa mudan\u00e7a de paradigma, as oportunidades para a Am\u00e9rica Latina s\u00e3o imensas, disse o diretor geral da institui\u00e7\u00e3o, criada em 2016 e que \u00e9 propriedade de 48 pa\u00edses-membros, 26 dos quais est\u00e3o na regi\u00e3o da Am\u00e9rica Latina e do Caribe.<\/p>\n<h2>\u00a0AM\u00c9RICA LATINA, PARTE DA SOLU\u00c7\u00c3O.<\/h2>\n<p>\u201cGeralmente a Am\u00e9rica Latina e o Caribe s\u00e3o associados a quest\u00f5es sociais ou de desigualdade, mas hoje podem resolver grandes quest\u00f5es de desenvolvimento, n\u00e3o s\u00f3 na regi\u00e3o, mas no mundo\u201d, declarou Scriven.<\/p>\n<p>Al\u00e9m das energias renov\u00e1veis, como a e\u00f3lica e a solar, afirmou que as oportunidades de investimentos sustent\u00e1veis na Am\u00e9rica Latina est\u00e3o em setores como o de minera\u00e7\u00e3o.<\/p>\n<p>\u201cA transi\u00e7\u00e3o energ\u00e9tica est\u00e1 exigindo minerais t\u00e3o importantes quanto o cobre e o l\u00edtio, e hoje a Am\u00e9rica Latina \u00e9 o maior produtor\u201d, acrescentou.<\/p>\n<p>H\u00e1 tamb\u00e9m grandes oportunidades no setor de seguran\u00e7a alimentar. Com as guerras na Europa, os transtornos causados pela pandemia e o crescimento da popula\u00e7\u00e3o mundial, \u201ca necessidade de mais alimentos est\u00e1 se tornando cada vez mais presente, e a cesta b\u00e1sica mundial est\u00e1 na Am\u00e9rica Latina e no Caribe\u201d, disse Scriven.<\/p>\n<h2>\u00a0SEMANA DA SUSTENTABILIDADE EM MANAUS.<\/h2>\n<figure id=\"attachment_115240\" aria-describedby=\"caption-attachment-115240\" style=\"width: 300px\" class=\"wp-caption alignright\"><img decoding=\"async\" data-attachment-id=\"115240\" data-permalink=\"https:\/\/efecomunica.efe.com\/pt-pt\/ceo-do-bid-invest-investir-de-forma-lucrativa-em-sustentabilidade\/628fae1d1ec449bfc42c178f75ac4a5ba3554c4dminiw\/\" data-orig-file=\"https:\/\/efecomunica.efe.com\/wp-content\/uploads\/2024\/06\/628fae1d1ec449bfc42c178f75ac4a5ba3554c4dminiw.jpg\" data-orig-size=\"900,599\" data-comments-opened=\"0\" data-image-meta=\"{&quot;aperture&quot;:&quot;0&quot;,&quot;credit&quot;:&quot;&quot;,&quot;camera&quot;:&quot;&quot;,&quot;caption&quot;:&quot;&quot;,&quot;created_timestamp&quot;:&quot;0&quot;,&quot;copyright&quot;:&quot;&quot;,&quot;focal_length&quot;:&quot;0&quot;,&quot;iso&quot;:&quot;0&quot;,&quot;shutter_speed&quot;:&quot;0&quot;,&quot;title&quot;:&quot;&quot;,&quot;orientation&quot;:&quot;0&quot;}\" data-image-title=\"628fae1d1ec449bfc42c178f75ac4a5ba3554c4dminiw\" data-image-description=\"\" data-image-caption=\"\" data-large-file=\"https:\/\/efecomunica.efe.com\/wp-content\/uploads\/2024\/06\/628fae1d1ec449bfc42c178f75ac4a5ba3554c4dminiw.jpg\" class=\"wp-image-115240 size-medium\" src=\"https:\/\/efecomunica.efe.com\/wp-content\/uploads\/2024\/06\/628fae1d1ec449bfc42c178f75ac4a5ba3554c4dminiw-300x200.jpg\" alt=\"El director general del BID Invest, James Scriven, habla con EFE durante una entrevista el 04 de junio de 2024 en la sede del organismo en Washington (EE. UU). EFE\/Lenin Nolly\" width=\"300\" height=\"200\" srcset=\"https:\/\/efecomunica.efe.com\/wp-content\/uploads\/2024\/06\/628fae1d1ec449bfc42c178f75ac4a5ba3554c4dminiw-300x200.jpg 300w, https:\/\/efecomunica.efe.com\/wp-content\/uploads\/2024\/06\/628fae1d1ec449bfc42c178f75ac4a5ba3554c4dminiw-768x511.jpg 768w, https:\/\/efecomunica.efe.com\/wp-content\/uploads\/2024\/06\/628fae1d1ec449bfc42c178f75ac4a5ba3554c4dminiw-430x286.jpg 430w, https:\/\/efecomunica.efe.com\/wp-content\/uploads\/2024\/06\/628fae1d1ec449bfc42c178f75ac4a5ba3554c4dminiw.jpg 900w\" sizes=\"(max-width: 300px) 100vw, 300px\" \/><figcaption id=\"caption-attachment-115240\" class=\"wp-caption-text\">El director general del BID Invest, James Scriven, habla con EFE durante una entrevista\u00a0 en la sede del organismo en Washington (EE. UU). EFE\/Lenin Nolly<\/figcaption><\/figure>\n<p>Para analisar todas as oportunidades na regi\u00e3o, bem como os desafios futuros, a<strong> Semana da Sustentabilidade<\/strong>, organizada pelo <strong>BID Invest,<\/strong> ser\u00e1 realizada na pr\u00f3xima semana em Manaus.<\/p>\n<p>Cerca de 800 pessoas de<strong> 37 pa\u00edses<\/strong>, incluindo executivos de multinacionais, participar\u00e3o do evento para assistir a quase 50 apresenta\u00e7\u00f5es e sess\u00f5es sobre temas como novos instrumentos de <strong>financiamento verde<\/strong>, agrotecnologia e intelig\u00eancia artificial e suas implica\u00e7\u00f5es para a<strong> sustentabilidade.<\/strong><\/p>\n<p>Tudo isso com a Amaz\u00f4nia como foco central.<\/p>\n<p>\u201cO trabalho e as conversas se concentrar\u00e3o em quest\u00f5es como desmatamento, emprego sustent\u00e1vel no ambiente amaz\u00f4nico, <strong>biodiversidade<\/strong> e o que a Amaz\u00f4nia significa para o mundo\u201d, avaliou Scriven.<\/p>\n<p>Diante do desafio da mudan\u00e7a clim\u00e1tica, para o <strong>Grupo BID<\/strong> como um todo, a regi\u00e3o amaz\u00f4nica \u00e9 fundamental, pois \u00e9 uma regi\u00e3o que fornece 40% da \u00e1gua doce da Am\u00e9rica Latina e absorve um quarto de todo o CO2 de todo o planeta, mitigando a mudan\u00e7a clim\u00e1tica em n\u00edvel global.<\/p>\n<p>\u201cNos sentimos privilegiados como <strong>Grupo BID<\/strong> por ter um efeito positivo na Amaz\u00f4nia\u201d, comentou Scriven, lembrando que h\u00e1 um ano foi criado o Amaz\u00f4nia Sempre, um programa para acelerar o desenvolvimento sustent\u00e1vel, inclusivo e resiliente da regi\u00e3o que se espalha por Brasil, Bol\u00edvia, Col\u00f4mbia, Equador, Guiana, Peru e Suriname.<\/p>\n<h2><strong>NOVA ESTRAT\u00c9GIA DE INVESTIMENTO.<\/strong><\/h2>\n<p>Todos esses projetos se enquadram no princ\u00edpio da \u201c<strong>cocria\u00e7\u00e3o<\/strong>\u201d, que se baseia em \u201ctrabalhar junto com as comunidades para ver o que elas precisam\u201d, declarou Scriven.<\/p>\n<p>\u201cAcho que as iniciativas anteriores na Amaz\u00f4nia foram feitas a partir de outras partes do mundo, interpretando o que a Amaz\u00f4nia precisava, e muitos desses conceitos n\u00e3o foram <strong>bem-sucedido<\/strong>s\u201d, avaliou.<\/p>\n<p>&#8220;Embora se possa pensar que a melhor coisa a fazer \u00e9 &#8216;deixar a floresta em paz&#8217;, a realidade \u00e9 que hoje existem 44 milh\u00f5es de habitantes na Amaz\u00f4nia que, se n\u00e3o tiverem trabalho, v\u00e3o desmatar\u201d, declarou Scriven.<\/p>\n<p>\u201cNossa inten\u00e7\u00e3o \u00e9 dar a eles oportunidades de trabalho que sejam de alguma forma congruentes e sustent\u00e1veis no contexto da Amaz\u00f4nia\u201d, concluiu.<\/p>\n","protected":false},"excerpt":{"rendered":"<p>Paula Escalada Medrano. Embora o investimento em sustentabilidade tenha sido tradicionalmente associado a \u201cfazer o bem ao mundo\u201d, nos \u00faltimos anos ficou claro que \u201cos investimentos em sustentabilidade s\u00e3o lucrativos\u201d, [&hellip;]<\/p>\n","protected":false},"author":198164092,"featured_media":115281,"comment_status":"closed","ping_status":"closed","sticky":false,"template":"","format":"standard","meta":{"_acf_changed":false,"_jetpack_newsletter_access":"","_jetpack_dont_email_post_to_subs":false,"_jetpack_newsletter_tier_id":0,"_jetpack_memberships_contains_paywalled_content":false,"_jetpack_memberships_contains_paid_content":false,"footnotes":"","jetpack_post_was_ever_published":false},"categories":[123875,125402],"tags":[128404,126059,128405,126416],"class_list":["post-115230","post","type-post","status-publish","format-standard","has-post-thumbnail","hentry","category-economia-pt-pt","category-sustentabilidade","tag-bid-invest","tag-efe-pt-pt","tag-james-scriven","tag-sustentabilidade"],"acf":[],"yoast_head":"<!-- This site is optimized with the Yoast SEO plugin v27.5 - https:\/\/yoast.com\/product\/yoast-seo-wordpress\/ -->\n<title>CEO do BID Invest: investir de forma lucrativa em sustentabilidade<\/title>\n<meta name=\"description\" content=\"Embora o investimento em sustentabilidade tenha sido tradicionalmente associado a \u201cfazer o bem ao mundo\u201d, nos \u00faltimos anos\" \/>\n<meta name=\"robots\" content=\"index, follow, max-snippet:-1, max-image-preview:large, max-video-preview:-1\" \/>\n<link rel=\"canonical\" href=\"https:\/\/efecomunica.efe.com\/pt-pt\/ceo-do-bid-invest-investir-de-forma-lucrativa-em-sustentabilidade\/\" \/>\n<!-- \/ Yoast SEO plugin. -->","yoast_head_json":{"title":"CEO do BID Invest: investir de forma lucrativa em sustentabilidade","description":"Embora o investimento em sustentabilidade tenha sido tradicionalmente associado a \u201cfazer o bem ao mundo\u201d, nos \u00faltimos anos","robots":{"index":"index","follow":"follow","max-snippet":"max-snippet:-1","max-image-preview":"max-image-preview:large","max-video-preview":"max-video-preview:-1"},"canonical":"https:\/\/efecomunica.efe.com\/pt-pt\/ceo-do-bid-invest-investir-de-forma-lucrativa-em-sustentabilidade\/","schema":{"@context":"https:\/\/schema.org","@graph":[{"@type":"Article","@id":"https:\/\/efecomunica.efe.com\/pt-pt\/ceo-do-bid-invest-investir-de-forma-lucrativa-em-sustentabilidade\/#article","isPartOf":{"@id":"https:\/\/efecomunica.efe.com\/pt-pt\/ceo-do-bid-invest-investir-de-forma-lucrativa-em-sustentabilidade\/"},"author":{"name":"Jazmin Gonz\u00e1lez","@id":"https:\/\/efecomunica.efe.com\/#\/schema\/person\/04823384111ea6d4fa58d11a40067512"},"headline":"CEO do BID Invest diz que \u00e9 poss\u00edvel investir de forma lucrativa em sustentabilidade","datePublished":"2024-06-07T17:52:16+00:00","dateModified":"2024-06-07T20:35:01+00:00","mainEntityOfPage":{"@id":"https:\/\/efecomunica.efe.com\/pt-pt\/ceo-do-bid-invest-investir-de-forma-lucrativa-em-sustentabilidade\/"},"wordCount":830,"publisher":{"@id":"https:\/\/efecomunica.efe.com\/#organization"},"image":{"@id":"https:\/\/efecomunica.efe.com\/pt-pt\/ceo-do-bid-invest-investir-de-forma-lucrativa-em-sustentabilidade\/#primaryimage"},"thumbnailUrl":"https:\/\/efecomunica.efe.com\/wp-content\/uploads\/2024\/06\/f00d9ca96d483963fbeaef2dda0e503ad309b913miniw.jpg","keywords":["BID Invest","EFE","James Scriven","sustentabilidade"],"articleSection":["Economia","Sustentabilidade"],"inLanguage":"pt-PT"},{"@type":"WebPage","@id":"https:\/\/efecomunica.efe.com\/pt-pt\/ceo-do-bid-invest-investir-de-forma-lucrativa-em-sustentabilidade\/","url":"https:\/\/efecomunica.efe.com\/pt-pt\/ceo-do-bid-invest-investir-de-forma-lucrativa-em-sustentabilidade\/","name":"CEO do BID Invest: investir de forma lucrativa em sustentabilidade","isPartOf":{"@id":"https:\/\/efecomunica.efe.com\/#website"},"primaryImageOfPage":{"@id":"https:\/\/efecomunica.efe.com\/pt-pt\/ceo-do-bid-invest-investir-de-forma-lucrativa-em-sustentabilidade\/#primaryimage"},"image":{"@id":"https:\/\/efecomunica.efe.com\/pt-pt\/ceo-do-bid-invest-investir-de-forma-lucrativa-em-sustentabilidade\/#primaryimage"},"thumbnailUrl":"https:\/\/efecomunica.efe.com\/wp-content\/uploads\/2024\/06\/f00d9ca96d483963fbeaef2dda0e503ad309b913miniw.jpg","datePublished":"2024-06-07T17:52:16+00:00","dateModified":"2024-06-07T20:35:01+00:00","description":"Embora o investimento em sustentabilidade tenha sido tradicionalmente associado a \u201cfazer o bem ao mundo\u201d, nos \u00faltimos anos","breadcrumb":{"@id":"https:\/\/efecomunica.efe.com\/pt-pt\/ceo-do-bid-invest-investir-de-forma-lucrativa-em-sustentabilidade\/#breadcrumb"},"inLanguage":"pt-PT","potentialAction":[{"@type":"ReadAction","target":["https:\/\/efecomunica.efe.com\/pt-pt\/ceo-do-bid-invest-investir-de-forma-lucrativa-em-sustentabilidade\/"]}]},{"@type":"ImageObject","inLanguage":"pt-PT","@id":"https:\/\/efecomunica.efe.com\/pt-pt\/ceo-do-bid-invest-investir-de-forma-lucrativa-em-sustentabilidade\/#primaryimage","url":"https:\/\/efecomunica.efe.com\/wp-content\/uploads\/2024\/06\/f00d9ca96d483963fbeaef2dda0e503ad309b913miniw.jpg","contentUrl":"https:\/\/efecomunica.efe.com\/wp-content\/uploads\/2024\/06\/f00d9ca96d483963fbeaef2dda0e503ad309b913miniw.jpg","width":900,"height":600},{"@type":"BreadcrumbList","@id":"https:\/\/efecomunica.efe.com\/pt-pt\/ceo-do-bid-invest-investir-de-forma-lucrativa-em-sustentabilidade\/#breadcrumb","itemListElement":[{"@type":"ListItem","position":1,"name":"Portada","item":"https:\/\/efecomunica.efe.com\/pt-pt\/"},{"@type":"ListItem","position":2,"name":"CEO do BID Invest diz que \u00e9 poss\u00edvel investir de forma lucrativa em sustentabilidade"}]},{"@type":"WebSite","@id":"https:\/\/efecomunica.efe.com\/#website","url":"https:\/\/efecomunica.efe.com\/","name":"EFE Comunica","description":"Contenidos para empresas","publisher":{"@id":"https:\/\/efecomunica.efe.com\/#organization"},"potentialAction":[{"@type":"SearchAction","target":{"@type":"EntryPoint","urlTemplate":"https:\/\/efecomunica.efe.com\/?s={search_term_string}"},"query-input":{"@type":"PropertyValueSpecification","valueRequired":true,"valueName":"search_term_string"}}],"inLanguage":"pt-PT"},{"@type":"Organization","@id":"https:\/\/efecomunica.efe.com\/#organization","name":"EFE Comunica","url":"https:\/\/efecomunica.efe.com\/","logo":{"@type":"ImageObject","inLanguage":"pt-PT","@id":"https:\/\/efecomunica.efe.com\/#\/schema\/logo\/image\/","url":"https:\/\/efecomunica.efe.com\/wp-content\/uploads\/2020\/12\/Logo-EFE-Comunica_png.png","contentUrl":"https:\/\/efecomunica.efe.com\/wp-content\/uploads\/2020\/12\/Logo-EFE-Comunica_png.png","width":1080,"height":486,"caption":"EFE Comunica"},"image":{"@id":"https:\/\/efecomunica.efe.com\/#\/schema\/logo\/image\/"},"sameAs":["https:\/\/www.facebook.com\/EFEComunicaAgenciaEFE","https:\/\/x.com\/EFEcomunica","https:\/\/www.linkedin.com\/showcase\/efecomunica"]},{"@type":"Person","@id":"https:\/\/efecomunica.efe.com\/#\/schema\/person\/04823384111ea6d4fa58d11a40067512","name":"Jazmin Gonz\u00e1lez","image":{"@type":"ImageObject","inLanguage":"pt-PT","@id":"https:\/\/secure.gravatar.com\/avatar\/bd93a2af17372cb3e92e7a2b8831c9ee7c6f9e685cd352b3c1cd228cc023b700?s=96&d=identicon&r=g","url":"https:\/\/secure.gravatar.com\/avatar\/bd93a2af17372cb3e92e7a2b8831c9ee7c6f9e685cd352b3c1cd228cc023b700?s=96&d=identicon&r=g","contentUrl":"https:\/\/secure.gravatar.com\/avatar\/bd93a2af17372cb3e92e7a2b8831c9ee7c6f9e685cd352b3c1cd228cc023b700?s=96&d=identicon&r=g","caption":"Jazmin Gonz\u00e1lez"},"url":"https:\/\/efecomunica.efe.com\/pt-pt\/author\/jgonzalezg\/"}]}},"jetpack_featured_media_url":"https:\/\/efecomunica.efe.com\/wp-content\/uploads\/2024\/06\/f00d9ca96d483963fbeaef2dda0e503ad309b913miniw.jpg","jetpack_likes_enabled":true,"jetpack_shortlink":"https:\/\/wp.me\/pcEg1r-tYy","jetpack_sharing_enabled":true,"_links":{"self":[{"href":"https:\/\/efecomunica.efe.com\/pt-pt\/wp-json\/wp\/v2\/posts\/115230","targetHints":{"allow":["GET"]}}],"collection":[{"href":"https:\/\/efecomunica.efe.com\/pt-pt\/wp-json\/wp\/v2\/posts"}],"about":[{"href":"https:\/\/efecomunica.efe.com\/pt-pt\/wp-json\/wp\/v2\/types\/post"}],"author":[{"embeddable":true,"href":"https:\/\/efecomunica.efe.com\/pt-pt\/wp-json\/wp\/v2\/users\/198164092"}],"replies":[{"embeddable":true,"href":"https:\/\/efecomunica.efe.com\/pt-pt\/wp-json\/wp\/v2\/comments?post=115230"}],"version-history":[{"count":6,"href":"https:\/\/efecomunica.efe.com\/pt-pt\/wp-json\/wp\/v2\/posts\/115230\/revisions"}],"predecessor-version":[{"id":115283,"href":"https:\/\/efecomunica.efe.com\/pt-pt\/wp-json\/wp\/v2\/posts\/115230\/revisions\/115283"}],"wp:featuredmedia":[{"embeddable":true,"href":"https:\/\/efecomunica.efe.com\/pt-pt\/wp-json\/wp\/v2\/media\/115281"}],"wp:attachment":[{"href":"https:\/\/efecomunica.efe.com\/pt-pt\/wp-json\/wp\/v2\/media?parent=115230"}],"wp:term":[{"taxonomy":"category","embeddable":true,"href":"https:\/\/efecomunica.efe.com\/pt-pt\/wp-json\/wp\/v2\/categories?post=115230"},{"taxonomy":"post_tag","embeddable":true,"href":"https:\/\/efecomunica.efe.com\/pt-pt\/wp-json\/wp\/v2\/tags?post=115230"}],"curies":[{"name":"wp","href":"https:\/\/api.w.org\/{rel}","templated":true}]}}