{"id":121063,"date":"2024-07-16T22:59:55","date_gmt":"2024-07-16T20:59:55","guid":{"rendered":"https:\/\/efecomunica.efe.com\/?p=121063"},"modified":"2024-07-17T19:01:15","modified_gmt":"2024-07-17T17:01:15","slug":"america-latina-e-chave-para-futuro-sustentavel-da-transicao-energetica","status":"publish","type":"post","link":"https:\/\/efecomunica.efe.com\/pt-pt\/america-latina-e-chave-para-futuro-sustentavel-da-transicao-energetica\/","title":{"rendered":"Am\u00e9rica Latina \u00e9 chave para futuro sustent\u00e1vel da transi\u00e7\u00e3o energ\u00e9tica"},"content":{"rendered":"<p><span style=\"font-weight: 400;\">Lima (EFE) &#8211; A Am\u00e9rica Latina \u00e9 uma regi\u00e3o chave para a cria\u00e7\u00e3o de um futuro sustent\u00e1vel que avance de forma conjunta com a transi\u00e7\u00e3o energ\u00e9tica, segundo especialistas que se reuniram nesta ter\u00e7a-feira em Lima.<\/span><\/p>\n<blockquote><p><span style=\"font-weight: 400;\">\u201c\u00c9 imposs\u00edvel falar de um futuro sustent\u00e1vel sem um continente como a Am\u00e9rica Latina, que tem a maior biodiversidade do mundo e uma enorme riqueza de energia renov\u00e1vel\u201d, destacou em entrevista \u00e0 Ag\u00eancia EFE a diretora geral de neg\u00f3cio da multinacional espanhola Redeia, Beatriz Corredor.<\/span><\/p><\/blockquote>\n<p><span style=\"font-weight: 400;\">A executiva participou, nesta ter\u00e7a-feira, da &#8216;Confer\u00eancia sobre sustentabilidade e energia. O futuro sustent\u00e1vel passa pela Iberoam\u00e9rica\u201d, realizado na Escola de Administra\u00e7\u00e3o de Neg\u00f3cios para Graduados (ESAN) e organizado pela Redinter, subsidi\u00e1ria da Redeia no Peru.<\/span><\/p>\n<p><span style=\"font-weight: 400;\">Antes de inaugurar o evento, Corredor enfatizou que \u201cparece imposs\u00edvel falar sobre um futuro sustent\u00e1vel e duradouro\u201d sem incorporar a Am\u00e9rica Latina nessa transi\u00e7\u00e3o.<\/span><\/p>\n<p><span style=\"font-weight: 400;\">Ela ressaltou que a regi\u00e3o \u201ctem uma das matrizes energ\u00e9ticas mais limpas do mundo\u201d, com destaque para a gera\u00e7\u00e3o atrav\u00e9s de hidrel\u00e9tricas,\u00a0 e que, nos \u00faltimos 10 anos, houve um \u201cenorme progresso\u201d em rela\u00e7\u00e3o a fontes de energias renov\u00e1veis mais avan\u00e7adas, como a solar e a e\u00f3lica.<\/span><\/p>\n<blockquote><p><span style=\"font-weight: 400;\">\u201c\u00c9 evidente que \u00e9 um continente com circunst\u00e2ncias geogr\u00e1ficas, clim\u00e1ticas e de biodiversidade, e que tamb\u00e9m conta com uma riqueza de comunidades ind\u00edgenas, o que nos permite aprender muito sobre como gerenciar essas energias renov\u00e1veis, para que sejam boas para o desenvolvimento econ\u00f4mico, para o desenvolvimento industrial e tecnol\u00f3gico da regi\u00e3o, e para o desenvolvimento social de todas as comunidades que vivem aqui\u201d, acrescentou ela.<\/span><\/p><\/blockquote>\n<p><span style=\"font-weight: 400;\">Com rela\u00e7\u00e3o ao futuro, Corredor disse que \u201co mix energ\u00e9tico da Am\u00e9rica Latina permite claramente um desenvolvimento muito r\u00e1pido das energias renov\u00e1veis\u201d, mas recordou que \u00e9 preciso fortalecer a rede el\u00e9trica internacional, porque a Am\u00e9rica Latina \u00e9 uma regi\u00e3o \u201cque n\u00e3o est\u00e1 muito interconectada\u201d.<\/span><\/p>\n<p><span style=\"font-weight: 400;\">Ela tamb\u00e9m chamou aten\u00e7\u00e3o para a necessidade de melhorar a qualidade e a seguran\u00e7a no fornecimento, para garantir \u201cque as energias renov\u00e1veis sejam integradas com seguran\u00e7a ao sistema\u201d e \u201cque a rede de transmiss\u00e3o esteja em boas condi\u00e7\u00f5es\u201d.<\/span><\/p>\n<h2><b>Transi\u00e7\u00e3o, uma oportunidade de crescimento<\/b><\/h2>\n<p><span style=\"font-weight: 400;\">O CEO da Redeia, Roberto Garc\u00eda, por sua vez, afirmou que \u201ca transi\u00e7\u00e3o energ\u00e9tica \u00e9 uma oportunidade \u00fanica para continuar impulsionando o crescimento na regi\u00e3o\u201d.<\/span><\/p>\n<p><span style=\"font-weight: 400;\">Para Garc\u00eda, ela tamb\u00e9m pode \u201cajudar a diminuir as lacunas socioecon\u00f4micas\u201d e, acima de tudo, \u201c\u00e9 a maneira de gerenciar os recursos energ\u00e9ticos de forma mais eficiente e sustent\u00e1vel\u201d na Am\u00e9rica Latina.<\/span><\/p>\n<p><span style=\"font-weight: 400;\">A Am\u00e9rica Latina \u00e9 \u201cuma refer\u00eancia em termos de gera\u00e7\u00e3o hidrel\u00e9trica, mas tamb\u00e9m pode ser uma refer\u00eancia em termos de energia fotovoltaica e e\u00f3lica\u201d, insistiu ele.<\/span><\/p>\n<p><span style=\"font-weight: 400;\">No entanto, o executivo lembrou que \u00e9 fundamental investir em infraestrutura, motivo pelo qual \u201cas redes s\u00e3o sempre necess\u00e1rias\u201d.<\/span><\/p>\n<p>&nbsp;<\/p>\n<blockquote><p><span style=\"font-weight: 400;\">\u201cSem transmiss\u00e3o, n\u00e3o h\u00e1 transi\u00e7\u00e3o\u201d, defendeu.<\/span><\/p><\/blockquote>\n<p>&nbsp;<\/p>\n<p><span style=\"font-weight: 400;\">Por \u00faltimo, o reitor da ESAN, Jaime Serida, disse que o setor acad\u00eamico pode contribuir para um futuro sustent\u00e1vel \u201cpor meio da pesquisa aplicada\u201d, do trabalho conjunto com empresas e com o Estado e\u00a0 atrav\u00e9s da forma\u00e7\u00e3o e treinamento de alunos. EFE<\/span><\/p>\n<p><span class=\"embed-youtube\" style=\"text-align:center; display: block;\"><iframe class=\"youtube-player\" width=\"800\" height=\"450\" src=\"https:\/\/www.youtube.com\/embed\/ICF0G_HfJA4?version=3&#038;rel=1&#038;showsearch=0&#038;showinfo=1&#038;iv_load_policy=1&#038;fs=1&#038;hl=pt-PT&#038;autohide=2&#038;wmode=transparent\" allowfullscreen=\"true\" style=\"border:0;\" sandbox=\"allow-scripts allow-same-origin allow-popups allow-presentation allow-popups-to-escape-sandbox\"><\/iframe><\/span><\/p>\n","protected":false},"excerpt":{"rendered":"<p>Lima (EFE) &#8211; A Am\u00e9rica Latina \u00e9 uma regi\u00e3o chave para a cria\u00e7\u00e3o de um futuro sustent\u00e1vel que avance de forma conjunta com a transi\u00e7\u00e3o energ\u00e9tica, segundo especialistas que se [&hellip;]<\/p>\n","protected":false},"author":198164093,"featured_media":121065,"comment_status":"closed","ping_status":"closed","sticky":false,"template":"","format":"standard","meta":{"_acf_changed":false,"_jetpack_newsletter_access":"","_jetpack_dont_email_post_to_subs":false,"_jetpack_newsletter_tier_id":0,"_jetpack_memberships_contains_paywalled_content":false,"_jetpack_memberships_contains_paid_content":false,"footnotes":"","jetpack_post_was_ever_published":false},"categories":[123875,125402],"tags":[126058,128420,126797,126416,128419],"class_list":["post-121063","post","type-post","status-publish","format-standard","has-post-thumbnail","hentry","category-economia-pt-pt","category-sustentabilidade","tag-america-latina-pt-pt","tag-energias-renovaveis","tag-meio-ambiente","tag-sustentabilidade","tag-transicao-energetica"],"acf":[],"yoast_head":"<!-- This site is optimized with the Yoast SEO plugin v27.5 - https:\/\/yoast.com\/product\/yoast-seo-wordpress\/ -->\n<title>Am\u00e9rica Latina \u00e9 chave para futuro sustent\u00e1vel da transi\u00e7\u00e3o energ\u00e9tica<\/title>\n<meta name=\"description\" content=\"Lima (EFE) - A Am\u00e9rica Latina \u00e9 uma regi\u00e3o chave para a cria\u00e7\u00e3o de um futuro sustent\u00e1vel que avance de forma conjunta com a transi\u00e7\u00e3o energ\u00e9tica, segundo\" \/>\n<meta name=\"robots\" content=\"index, follow, max-snippet:-1, max-image-preview:large, max-video-preview:-1\" \/>\n<link rel=\"canonical\" href=\"https:\/\/efecomunica.efe.com\/pt-pt\/america-latina-e-chave-para-futuro-sustentavel-da-transicao-energetica\/\" \/>\n<!-- \/ Yoast SEO plugin. -->","yoast_head_json":{"title":"Am\u00e9rica Latina \u00e9 chave para futuro sustent\u00e1vel da transi\u00e7\u00e3o energ\u00e9tica","description":"Lima (EFE) - A Am\u00e9rica Latina \u00e9 uma regi\u00e3o chave para a cria\u00e7\u00e3o de um futuro sustent\u00e1vel que avance de forma conjunta com a transi\u00e7\u00e3o energ\u00e9tica, segundo","robots":{"index":"index","follow":"follow","max-snippet":"max-snippet:-1","max-image-preview":"max-image-preview:large","max-video-preview":"max-video-preview:-1"},"canonical":"https:\/\/efecomunica.efe.com\/pt-pt\/america-latina-e-chave-para-futuro-sustentavel-da-transicao-energetica\/","schema":{"@context":"https:\/\/schema.org","@graph":[{"@type":"Article","@id":"https:\/\/efecomunica.efe.com\/pt-pt\/america-latina-e-chave-para-futuro-sustentavel-da-transicao-energetica\/#article","isPartOf":{"@id":"https:\/\/efecomunica.efe.com\/pt-pt\/america-latina-e-chave-para-futuro-sustentavel-da-transicao-energetica\/"},"author":{"name":"Ana Paula Raposo Chain","@id":"https:\/\/efecomunica.efe.com\/#\/schema\/person\/c909104001020699b704e3df33fef431"},"headline":"Am\u00e9rica Latina \u00e9 chave para futuro sustent\u00e1vel da transi\u00e7\u00e3o energ\u00e9tica","datePublished":"2024-07-16T20:59:55+00:00","dateModified":"2024-07-17T17:01:15+00:00","mainEntityOfPage":{"@id":"https:\/\/efecomunica.efe.com\/pt-pt\/america-latina-e-chave-para-futuro-sustentavel-da-transicao-energetica\/"},"wordCount":586,"publisher":{"@id":"https:\/\/efecomunica.efe.com\/#organization"},"image":{"@id":"https:\/\/efecomunica.efe.com\/pt-pt\/america-latina-e-chave-para-futuro-sustentavel-da-transicao-energetica\/#primaryimage"},"thumbnailUrl":"https:\/\/efecomunica.efe.com\/wp-content\/uploads\/2024\/07\/rss-efe5cfdc614c4e8d4d83e0d7d3b2e6802b0db43cb35w-1536x1024-1.webp","keywords":["Am\u00e9rica Latina","energias renov\u00e1veis","meio ambiente","sustentabilidade","transi\u00e7\u00e3o energ\u00e9tica"],"articleSection":["Economia","Sustentabilidade"],"inLanguage":"pt-PT"},{"@type":"WebPage","@id":"https:\/\/efecomunica.efe.com\/pt-pt\/america-latina-e-chave-para-futuro-sustentavel-da-transicao-energetica\/","url":"https:\/\/efecomunica.efe.com\/pt-pt\/america-latina-e-chave-para-futuro-sustentavel-da-transicao-energetica\/","name":"Am\u00e9rica Latina \u00e9 chave para futuro sustent\u00e1vel da transi\u00e7\u00e3o energ\u00e9tica","isPartOf":{"@id":"https:\/\/efecomunica.efe.com\/#website"},"primaryImageOfPage":{"@id":"https:\/\/efecomunica.efe.com\/pt-pt\/america-latina-e-chave-para-futuro-sustentavel-da-transicao-energetica\/#primaryimage"},"image":{"@id":"https:\/\/efecomunica.efe.com\/pt-pt\/america-latina-e-chave-para-futuro-sustentavel-da-transicao-energetica\/#primaryimage"},"thumbnailUrl":"https:\/\/efecomunica.efe.com\/wp-content\/uploads\/2024\/07\/rss-efe5cfdc614c4e8d4d83e0d7d3b2e6802b0db43cb35w-1536x1024-1.webp","datePublished":"2024-07-16T20:59:55+00:00","dateModified":"2024-07-17T17:01:15+00:00","description":"Lima (EFE) - A Am\u00e9rica Latina \u00e9 uma regi\u00e3o chave para a cria\u00e7\u00e3o de um futuro sustent\u00e1vel que avance de forma conjunta com a transi\u00e7\u00e3o energ\u00e9tica, segundo","breadcrumb":{"@id":"https:\/\/efecomunica.efe.com\/pt-pt\/america-latina-e-chave-para-futuro-sustentavel-da-transicao-energetica\/#breadcrumb"},"inLanguage":"pt-PT","potentialAction":[{"@type":"ReadAction","target":["https:\/\/efecomunica.efe.com\/pt-pt\/america-latina-e-chave-para-futuro-sustentavel-da-transicao-energetica\/"]}]},{"@type":"ImageObject","inLanguage":"pt-PT","@id":"https:\/\/efecomunica.efe.com\/pt-pt\/america-latina-e-chave-para-futuro-sustentavel-da-transicao-energetica\/#primaryimage","url":"https:\/\/efecomunica.efe.com\/wp-content\/uploads\/2024\/07\/rss-efe5cfdc614c4e8d4d83e0d7d3b2e6802b0db43cb35w-1536x1024-1.webp","contentUrl":"https:\/\/efecomunica.efe.com\/wp-content\/uploads\/2024\/07\/rss-efe5cfdc614c4e8d4d83e0d7d3b2e6802b0db43cb35w-1536x1024-1.webp","width":1536,"height":1024},{"@type":"BreadcrumbList","@id":"https:\/\/efecomunica.efe.com\/pt-pt\/america-latina-e-chave-para-futuro-sustentavel-da-transicao-energetica\/#breadcrumb","itemListElement":[{"@type":"ListItem","position":1,"name":"Portada","item":"https:\/\/efecomunica.efe.com\/pt-pt\/"},{"@type":"ListItem","position":2,"name":"Am\u00e9rica Latina \u00e9 chave para futuro sustent\u00e1vel da transi\u00e7\u00e3o energ\u00e9tica"}]},{"@type":"WebSite","@id":"https:\/\/efecomunica.efe.com\/#website","url":"https:\/\/efecomunica.efe.com\/","name":"EFE Comunica","description":"Contenidos para empresas","publisher":{"@id":"https:\/\/efecomunica.efe.com\/#organization"},"potentialAction":[{"@type":"SearchAction","target":{"@type":"EntryPoint","urlTemplate":"https:\/\/efecomunica.efe.com\/?s={search_term_string}"},"query-input":{"@type":"PropertyValueSpecification","valueRequired":true,"valueName":"search_term_string"}}],"inLanguage":"pt-PT"},{"@type":"Organization","@id":"https:\/\/efecomunica.efe.com\/#organization","name":"EFE Comunica","url":"https:\/\/efecomunica.efe.com\/","logo":{"@type":"ImageObject","inLanguage":"pt-PT","@id":"https:\/\/efecomunica.efe.com\/#\/schema\/logo\/image\/","url":"https:\/\/efecomunica.efe.com\/wp-content\/uploads\/2020\/12\/Logo-EFE-Comunica_png.png","contentUrl":"https:\/\/efecomunica.efe.com\/wp-content\/uploads\/2020\/12\/Logo-EFE-Comunica_png.png","width":1080,"height":486,"caption":"EFE Comunica"},"image":{"@id":"https:\/\/efecomunica.efe.com\/#\/schema\/logo\/image\/"},"sameAs":["https:\/\/www.facebook.com\/EFEComunicaAgenciaEFE","https:\/\/x.com\/EFEcomunica","https:\/\/www.linkedin.com\/showcase\/efecomunica"]},{"@type":"Person","@id":"https:\/\/efecomunica.efe.com\/#\/schema\/person\/c909104001020699b704e3df33fef431","name":"Ana Paula Raposo Chain","image":{"@type":"ImageObject","inLanguage":"pt-PT","@id":"https:\/\/secure.gravatar.com\/avatar\/fdb673c87ee0b2e7929d64a955445cfbf4bfc5af80baee97082d08a440db678f?s=96&d=identicon&r=g","url":"https:\/\/secure.gravatar.com\/avatar\/fdb673c87ee0b2e7929d64a955445cfbf4bfc5af80baee97082d08a440db678f?s=96&d=identicon&r=g","contentUrl":"https:\/\/secure.gravatar.com\/avatar\/fdb673c87ee0b2e7929d64a955445cfbf4bfc5af80baee97082d08a440db678f?s=96&d=identicon&r=g","caption":"Ana Paula Raposo Chain"},"url":"https:\/\/efecomunica.efe.com\/pt-pt\/author\/achain\/"}]}},"jetpack_featured_media_url":"https:\/\/efecomunica.efe.com\/wp-content\/uploads\/2024\/07\/rss-efe5cfdc614c4e8d4d83e0d7d3b2e6802b0db43cb35w-1536x1024-1.webp","jetpack_likes_enabled":true,"jetpack_shortlink":"https:\/\/wp.me\/pcEg1r-vuD","jetpack_sharing_enabled":true,"_links":{"self":[{"href":"https:\/\/efecomunica.efe.com\/pt-pt\/wp-json\/wp\/v2\/posts\/121063","targetHints":{"allow":["GET"]}}],"collection":[{"href":"https:\/\/efecomunica.efe.com\/pt-pt\/wp-json\/wp\/v2\/posts"}],"about":[{"href":"https:\/\/efecomunica.efe.com\/pt-pt\/wp-json\/wp\/v2\/types\/post"}],"author":[{"embeddable":true,"href":"https:\/\/efecomunica.efe.com\/pt-pt\/wp-json\/wp\/v2\/users\/198164093"}],"replies":[{"embeddable":true,"href":"https:\/\/efecomunica.efe.com\/pt-pt\/wp-json\/wp\/v2\/comments?post=121063"}],"version-history":[{"count":5,"href":"https:\/\/efecomunica.efe.com\/pt-pt\/wp-json\/wp\/v2\/posts\/121063\/revisions"}],"predecessor-version":[{"id":121275,"href":"https:\/\/efecomunica.efe.com\/pt-pt\/wp-json\/wp\/v2\/posts\/121063\/revisions\/121275"}],"wp:featuredmedia":[{"embeddable":true,"href":"https:\/\/efecomunica.efe.com\/pt-pt\/wp-json\/wp\/v2\/media\/121065"}],"wp:attachment":[{"href":"https:\/\/efecomunica.efe.com\/pt-pt\/wp-json\/wp\/v2\/media?parent=121063"}],"wp:term":[{"taxonomy":"category","embeddable":true,"href":"https:\/\/efecomunica.efe.com\/pt-pt\/wp-json\/wp\/v2\/categories?post=121063"},{"taxonomy":"post_tag","embeddable":true,"href":"https:\/\/efecomunica.efe.com\/pt-pt\/wp-json\/wp\/v2\/tags?post=121063"}],"curies":[{"name":"wp","href":"https:\/\/api.w.org\/{rel}","templated":true}]}}