{"id":121201,"date":"2024-07-17T15:37:20","date_gmt":"2024-07-17T13:37:20","guid":{"rendered":"https:\/\/efecomunica.efe.com\/?p=121201"},"modified":"2024-07-17T21:31:56","modified_gmt":"2024-07-17T19:31:56","slug":"transicao-energetica-diminuir-desigualdades-ibero-america","status":"publish","type":"post","link":"https:\/\/efecomunica.efe.com\/pt-pt\/transicao-energetica-diminuir-desigualdades-ibero-america\/","title":{"rendered":"Transi\u00e7\u00e3o energ\u00e9tica \u00e9 oportunidade para diminuir desigualdades na Ibero-Am\u00e9rica, afirmam especialistas"},"content":{"rendered":"<p><span style=\"font-weight: 400;\">Lima (EFE) &#8211; A transi\u00e7\u00e3o energ\u00e9tica \u00e9 uma oportunidade \u00fanica para impulsionar o crescimento e ajudar a diminuir desigualdades na Ibero-Am\u00e9rica, de acordo com v\u00e1rios especialistas que participaram, em Lima, de um f\u00f3rum que abordou os desafios e solu\u00e7\u00f5es para alcan\u00e7ar um futuro sustent\u00e1vel na regi\u00e3o.<\/span><\/p>\n<blockquote><p><span style=\"font-weight: 400;\">\u201cA transi\u00e7\u00e3o energ\u00e9tica \u00e9 uma oportunidade \u00fanica para apoiar o crescimento da Ibero-Am\u00e9rica, uma oportunidade \u00fanica para reduzir as lacunas socioecon\u00f4micas nos diferentes pa\u00edses e a melhor maneira de fazer uso eficiente dos recursos energ\u00e9ticos na regi\u00e3o\u201d, disse o CEO da multinacional Redeia, Roberto Garc\u00eda, no encerramento do f\u00f3rum na \u00faltima ter\u00e7a-feira.<\/span><\/p><\/blockquote>\n<p><span style=\"font-weight: 400;\">Os especialistas destacaram que, nessa transi\u00e7\u00e3o, \u00e9 fundamental \u201cn\u00e3o deixar ningu\u00e9m para tr\u00e1s\u201d e levar em considera\u00e7\u00e3o os direitos das popula\u00e7\u00f5es vulner\u00e1veis, que ainda n\u00e3o t\u00eam acesso \u00e0 conectividade.<\/span><\/p>\n<p><span style=\"font-weight: 400;\">A \u201cConfer\u00eancia sobre sustentabilidade e energia. O futuro sustent\u00e1vel passa pela Ibero-Am\u00e9rica\u201d, organizada pela empresa espanhola Redinter, subsidi\u00e1ria da Redeia no Peru, reuniu representantes nacionais e internacionais dos setores p\u00fablico e privado para analisar formas de avan\u00e7ar rumo a um futuro energ\u00e9tico mais limpo e sustent\u00e1vel na regi\u00e3o.<\/span><\/p>\n<p><span style=\"font-weight: 400;\">V\u00e1rias apresenta\u00e7\u00f5es abordaram t\u00f3picos como energias renov\u00e1veis, efici\u00eancia energ\u00e9tica, biodiversidade, inova\u00e7\u00e3o social, educa\u00e7\u00e3o, tend\u00eancias globais e regionais em sustentabilidade energ\u00e9tica, entre outras quest\u00f5es.<\/span><\/p>\n<blockquote><p><span style=\"font-weight: 400;\">\u201cO setor de energia \u00e9 vital para o crescimento econ\u00f4mico da Ibero-Am\u00e9rica, onde temos uma matriz energ\u00e9tica diversificada e um potencial significativo de energia hidrel\u00e9trica, e\u00f3lica e solar. A prioridade \u00e9 abordar esse processo de maneira eficiente e segura, e garantir que a integra\u00e7\u00e3o das energias renov\u00e1veis seja feita da maneira mais eficiente na \u00e1rea\u201d, disse Garc\u00eda.<\/span><\/p><\/blockquote>\n<p><span style=\"font-weight: 400;\">Ele acrescentou que ainda h\u00e1 muito a ser feito, mas que a regi\u00e3o ser\u00e1 capaz de realizar essa mudan\u00e7a devido \u00e0 qualidade de seu talento humano.<\/span><\/p>\n<p><span style=\"font-weight: 400;\">Nesse sentido, o executivo ressaltou que \u00e9 vital nesse processo aumentar o investimento em redes el\u00e9tricas, e apontou como desafio crucial a atra\u00e7\u00e3o de capital para infraestrutura, \u201cporque sem transmiss\u00e3o n\u00e3o h\u00e1 transi\u00e7\u00e3o\u201d.<\/span><\/p>\n<p><span style=\"font-weight: 400;\">O evento tamb\u00e9m abordou a import\u00e2ncia de o setor de minera\u00e7\u00e3o, um dos principais impulsionadores econ\u00f4micos desses pa\u00edses, assumir um compromisso com o caminho da sustentabilidade.<\/span><\/p>\n<h2><b>Sustentabilidade integrada<\/b><\/h2>\n<p><span style=\"font-weight: 400;\">Os especialistas afirmaram que a sustentabilidade n\u00e3o deve ser uma quest\u00e3o separada nas empresas e no meio acad\u00eamico, mas uma quest\u00e3o transversal integrada a todos os tipos de estudos e a\u00e7\u00f5es empresariais.<\/span><\/p>\n<p><span style=\"font-weight: 400;\">Tamb\u00e9m defenderam que as novas ferramentas tecnol\u00f3gicas, como a realidade virtual e a intelig\u00eancia artificial, devem ser aliadas dessa transi\u00e7\u00e3o energ\u00e9tica.<\/span><\/p>\n<p><span style=\"font-weight: 400;\">Por sua vez, a ex-ministra do Meio Ambiente do Peru, Albina Ru\u00edz, disse que \u00e9 necess\u00e1rio pensar em solu\u00e7\u00f5es limpas para os problemas contempor\u00e2neos \u201cporque as habituais n\u00e3o funcionam\u201d.<\/span><\/p>\n<p><span style=\"font-weight: 400;\">Por fim, ela pediu um compromisso real para a transforma\u00e7\u00e3o do conhecimento e das informa\u00e7\u00f5es dos cidad\u00e3os sobre o meio ambiente, que considerou um importante agente de mudan\u00e7a.<\/span><\/p>\n<blockquote><p><span style=\"font-weight: 400;\">\u201cAs crises das mudan\u00e7as clim\u00e1ticas, da perda de biodiversidade e da polui\u00e7\u00e3o ambiental n\u00e3o podem esperar. Precisamos agir e envolver todos n\u00f3s\u201d, concluiu.<\/span><\/p><\/blockquote>\n<p><span class=\"embed-youtube\" style=\"text-align:center; display: block;\"><iframe class=\"youtube-player\" width=\"800\" height=\"450\" src=\"https:\/\/www.youtube.com\/embed\/CZyh8qCmbyk?version=3&#038;rel=1&#038;showsearch=0&#038;showinfo=1&#038;iv_load_policy=1&#038;fs=1&#038;hl=pt-PT&#038;autohide=2&#038;wmode=transparent\" allowfullscreen=\"true\" style=\"border:0;\" sandbox=\"allow-scripts allow-same-origin allow-popups allow-presentation allow-popups-to-escape-sandbox\"><\/iframe><\/span><\/p>\n","protected":false},"excerpt":{"rendered":"<p>Lima (EFE) &#8211; A transi\u00e7\u00e3o energ\u00e9tica \u00e9 uma oportunidade \u00fanica para impulsionar o crescimento e ajudar a diminuir desigualdades na Ibero-Am\u00e9rica, de acordo com v\u00e1rios especialistas que participaram, em Lima, [&hellip;]<\/p>\n","protected":false},"author":198164093,"featured_media":121205,"comment_status":"closed","ping_status":"closed","sticky":false,"template":"","format":"standard","meta":{"_acf_changed":false,"_jetpack_newsletter_access":"","_jetpack_dont_email_post_to_subs":false,"_jetpack_newsletter_tier_id":0,"_jetpack_memberships_contains_paywalled_content":false,"_jetpack_memberships_contains_paid_content":false,"footnotes":"","jetpack_post_was_ever_published":false},"categories":[125407,125402],"tags":[128421,126797,126416],"class_list":["post-121201","post","type-post","status-publish","format-standard","has-post-thumbnail","hentry","category-sociedade","category-sustentabilidade","tag-iberoamerica-pt-pt","tag-meio-ambiente","tag-sustentabilidade"],"acf":[],"yoast_head":"<!-- This site is optimized with the Yoast SEO plugin v27.5 - https:\/\/yoast.com\/product\/yoast-seo-wordpress\/ -->\n<title>Transi\u00e7\u00e3o energ\u00e9tica diminuir\u00e1 desigualdades na Ibero-Am\u00e9rica<\/title>\n<meta name=\"description\" content=\"Lima (EFE) - A transi\u00e7\u00e3o energ\u00e9tica \u00e9 uma oportunidade \u00fanica para impulsionar o crescimento e ajudar a diminuir desigualdades na Ibero-Am\u00e9rica, de acordo\" \/>\n<meta name=\"robots\" content=\"index, follow, max-snippet:-1, max-image-preview:large, max-video-preview:-1\" \/>\n<link rel=\"canonical\" href=\"https:\/\/efecomunica.efe.com\/pt-pt\/transicao-energetica-diminuir-desigualdades-ibero-america\/\" \/>\n<!-- \/ Yoast SEO plugin. -->","yoast_head_json":{"title":"Transi\u00e7\u00e3o energ\u00e9tica diminuir\u00e1 desigualdades na Ibero-Am\u00e9rica","description":"Lima (EFE) - A transi\u00e7\u00e3o energ\u00e9tica \u00e9 uma oportunidade \u00fanica para impulsionar o crescimento e ajudar a diminuir desigualdades na Ibero-Am\u00e9rica, de acordo","robots":{"index":"index","follow":"follow","max-snippet":"max-snippet:-1","max-image-preview":"max-image-preview:large","max-video-preview":"max-video-preview:-1"},"canonical":"https:\/\/efecomunica.efe.com\/pt-pt\/transicao-energetica-diminuir-desigualdades-ibero-america\/","schema":{"@context":"https:\/\/schema.org","@graph":[{"@type":"Article","@id":"https:\/\/efecomunica.efe.com\/pt-pt\/transicao-energetica-diminuir-desigualdades-ibero-america\/#article","isPartOf":{"@id":"https:\/\/efecomunica.efe.com\/pt-pt\/transicao-energetica-diminuir-desigualdades-ibero-america\/"},"author":{"name":"Ana Paula Raposo Chain","@id":"https:\/\/efecomunica.efe.com\/#\/schema\/person\/c909104001020699b704e3df33fef431"},"headline":"Transi\u00e7\u00e3o energ\u00e9tica \u00e9 oportunidade para diminuir desigualdades na Ibero-Am\u00e9rica, afirmam especialistas","datePublished":"2024-07-17T13:37:20+00:00","dateModified":"2024-07-17T19:31:56+00:00","mainEntityOfPage":{"@id":"https:\/\/efecomunica.efe.com\/pt-pt\/transicao-energetica-diminuir-desigualdades-ibero-america\/"},"wordCount":579,"publisher":{"@id":"https:\/\/efecomunica.efe.com\/#organization"},"image":{"@id":"https:\/\/efecomunica.efe.com\/pt-pt\/transicao-energetica-diminuir-desigualdades-ibero-america\/#primaryimage"},"thumbnailUrl":"https:\/\/efecomunica.efe.com\/wp-content\/uploads\/2024\/07\/rss-efe9ac269b07a34171e87ff624a223eadb3f5daa67bw-1536x1024-2.webp","keywords":["iberoam\u00e9rica","meio ambiente","sustentabilidade"],"articleSection":["Sociedade","Sustentabilidade"],"inLanguage":"pt-PT"},{"@type":"WebPage","@id":"https:\/\/efecomunica.efe.com\/pt-pt\/transicao-energetica-diminuir-desigualdades-ibero-america\/","url":"https:\/\/efecomunica.efe.com\/pt-pt\/transicao-energetica-diminuir-desigualdades-ibero-america\/","name":"Transi\u00e7\u00e3o energ\u00e9tica diminuir\u00e1 desigualdades na Ibero-Am\u00e9rica","isPartOf":{"@id":"https:\/\/efecomunica.efe.com\/#website"},"primaryImageOfPage":{"@id":"https:\/\/efecomunica.efe.com\/pt-pt\/transicao-energetica-diminuir-desigualdades-ibero-america\/#primaryimage"},"image":{"@id":"https:\/\/efecomunica.efe.com\/pt-pt\/transicao-energetica-diminuir-desigualdades-ibero-america\/#primaryimage"},"thumbnailUrl":"https:\/\/efecomunica.efe.com\/wp-content\/uploads\/2024\/07\/rss-efe9ac269b07a34171e87ff624a223eadb3f5daa67bw-1536x1024-2.webp","datePublished":"2024-07-17T13:37:20+00:00","dateModified":"2024-07-17T19:31:56+00:00","description":"Lima (EFE) - A transi\u00e7\u00e3o energ\u00e9tica \u00e9 uma oportunidade \u00fanica para impulsionar o crescimento e ajudar a diminuir desigualdades na Ibero-Am\u00e9rica, de acordo","breadcrumb":{"@id":"https:\/\/efecomunica.efe.com\/pt-pt\/transicao-energetica-diminuir-desigualdades-ibero-america\/#breadcrumb"},"inLanguage":"pt-PT","potentialAction":[{"@type":"ReadAction","target":["https:\/\/efecomunica.efe.com\/pt-pt\/transicao-energetica-diminuir-desigualdades-ibero-america\/"]}]},{"@type":"ImageObject","inLanguage":"pt-PT","@id":"https:\/\/efecomunica.efe.com\/pt-pt\/transicao-energetica-diminuir-desigualdades-ibero-america\/#primaryimage","url":"https:\/\/efecomunica.efe.com\/wp-content\/uploads\/2024\/07\/rss-efe9ac269b07a34171e87ff624a223eadb3f5daa67bw-1536x1024-2.webp","contentUrl":"https:\/\/efecomunica.efe.com\/wp-content\/uploads\/2024\/07\/rss-efe9ac269b07a34171e87ff624a223eadb3f5daa67bw-1536x1024-2.webp","width":1536,"height":1024},{"@type":"BreadcrumbList","@id":"https:\/\/efecomunica.efe.com\/pt-pt\/transicao-energetica-diminuir-desigualdades-ibero-america\/#breadcrumb","itemListElement":[{"@type":"ListItem","position":1,"name":"Portada","item":"https:\/\/efecomunica.efe.com\/pt-pt\/"},{"@type":"ListItem","position":2,"name":"Transi\u00e7\u00e3o energ\u00e9tica \u00e9 oportunidade para diminuir desigualdades na Ibero-Am\u00e9rica, afirmam especialistas"}]},{"@type":"WebSite","@id":"https:\/\/efecomunica.efe.com\/#website","url":"https:\/\/efecomunica.efe.com\/","name":"EFE Comunica","description":"Contenidos para empresas","publisher":{"@id":"https:\/\/efecomunica.efe.com\/#organization"},"potentialAction":[{"@type":"SearchAction","target":{"@type":"EntryPoint","urlTemplate":"https:\/\/efecomunica.efe.com\/?s={search_term_string}"},"query-input":{"@type":"PropertyValueSpecification","valueRequired":true,"valueName":"search_term_string"}}],"inLanguage":"pt-PT"},{"@type":"Organization","@id":"https:\/\/efecomunica.efe.com\/#organization","name":"EFE Comunica","url":"https:\/\/efecomunica.efe.com\/","logo":{"@type":"ImageObject","inLanguage":"pt-PT","@id":"https:\/\/efecomunica.efe.com\/#\/schema\/logo\/image\/","url":"https:\/\/efecomunica.efe.com\/wp-content\/uploads\/2020\/12\/Logo-EFE-Comunica_png.png","contentUrl":"https:\/\/efecomunica.efe.com\/wp-content\/uploads\/2020\/12\/Logo-EFE-Comunica_png.png","width":1080,"height":486,"caption":"EFE Comunica"},"image":{"@id":"https:\/\/efecomunica.efe.com\/#\/schema\/logo\/image\/"},"sameAs":["https:\/\/www.facebook.com\/EFEComunicaAgenciaEFE","https:\/\/x.com\/EFEcomunica","https:\/\/www.linkedin.com\/showcase\/efecomunica"]},{"@type":"Person","@id":"https:\/\/efecomunica.efe.com\/#\/schema\/person\/c909104001020699b704e3df33fef431","name":"Ana Paula Raposo Chain","image":{"@type":"ImageObject","inLanguage":"pt-PT","@id":"https:\/\/secure.gravatar.com\/avatar\/fdb673c87ee0b2e7929d64a955445cfbf4bfc5af80baee97082d08a440db678f?s=96&d=identicon&r=g","url":"https:\/\/secure.gravatar.com\/avatar\/fdb673c87ee0b2e7929d64a955445cfbf4bfc5af80baee97082d08a440db678f?s=96&d=identicon&r=g","contentUrl":"https:\/\/secure.gravatar.com\/avatar\/fdb673c87ee0b2e7929d64a955445cfbf4bfc5af80baee97082d08a440db678f?s=96&d=identicon&r=g","caption":"Ana Paula Raposo Chain"},"url":"https:\/\/efecomunica.efe.com\/pt-pt\/author\/achain\/"}]}},"jetpack_featured_media_url":"https:\/\/efecomunica.efe.com\/wp-content\/uploads\/2024\/07\/rss-efe9ac269b07a34171e87ff624a223eadb3f5daa67bw-1536x1024-2.webp","jetpack_likes_enabled":true,"jetpack_shortlink":"https:\/\/wp.me\/pcEg1r-vwR","jetpack_sharing_enabled":true,"_links":{"self":[{"href":"https:\/\/efecomunica.efe.com\/pt-pt\/wp-json\/wp\/v2\/posts\/121201","targetHints":{"allow":["GET"]}}],"collection":[{"href":"https:\/\/efecomunica.efe.com\/pt-pt\/wp-json\/wp\/v2\/posts"}],"about":[{"href":"https:\/\/efecomunica.efe.com\/pt-pt\/wp-json\/wp\/v2\/types\/post"}],"author":[{"embeddable":true,"href":"https:\/\/efecomunica.efe.com\/pt-pt\/wp-json\/wp\/v2\/users\/198164093"}],"replies":[{"embeddable":true,"href":"https:\/\/efecomunica.efe.com\/pt-pt\/wp-json\/wp\/v2\/comments?post=121201"}],"version-history":[{"count":5,"href":"https:\/\/efecomunica.efe.com\/pt-pt\/wp-json\/wp\/v2\/posts\/121201\/revisions"}],"predecessor-version":[{"id":121294,"href":"https:\/\/efecomunica.efe.com\/pt-pt\/wp-json\/wp\/v2\/posts\/121201\/revisions\/121294"}],"wp:featuredmedia":[{"embeddable":true,"href":"https:\/\/efecomunica.efe.com\/pt-pt\/wp-json\/wp\/v2\/media\/121205"}],"wp:attachment":[{"href":"https:\/\/efecomunica.efe.com\/pt-pt\/wp-json\/wp\/v2\/media?parent=121201"}],"wp:term":[{"taxonomy":"category","embeddable":true,"href":"https:\/\/efecomunica.efe.com\/pt-pt\/wp-json\/wp\/v2\/categories?post=121201"},{"taxonomy":"post_tag","embeddable":true,"href":"https:\/\/efecomunica.efe.com\/pt-pt\/wp-json\/wp\/v2\/tags?post=121201"}],"curies":[{"name":"wp","href":"https:\/\/api.w.org\/{rel}","templated":true}]}}