{"id":131356,"date":"2024-09-30T16:05:27","date_gmt":"2024-09-30T14:05:27","guid":{"rendered":"https:\/\/efecomunica.efe.com\/?p=131356"},"modified":"2024-10-09T23:13:10","modified_gmt":"2024-10-09T21:13:10","slug":"efe-promove-dialogo-sobre-transicao-energetica-no-ii-forum-de-economia-verde","status":"publish","type":"post","link":"https:\/\/efecomunica.efe.com\/pt-pt\/efe-promove-dialogo-sobre-transicao-energetica-no-ii-forum-de-economia-verde\/","title":{"rendered":"EFE promove di\u00e1logo sobre transi\u00e7\u00e3o energ\u00e9tica no II F\u00f3rum Latino-Americano de Economia Verde"},"content":{"rendered":"<p>S\u00e3o Paulo (EFE) &#8211; A Am\u00e9rica Latina enfrenta a encruzilhada de acelerar a transi\u00e7\u00e3o energ\u00e9tica e combater o desmatamento descontrolado, ao mesmo tempo em que lida com os impactos econ\u00f4micos da crise clim\u00e1tica.<\/p>\n<p>Esses desafios ser\u00e3o o foco do debate no II F\u00f3rum Latino-Americano de Economia Verde, que reunir\u00e1 especialistas e l\u00edderes em S\u00e3o Paulo a partir de ter\u00e7a-feira para discutir pol\u00edticas inovadoras, a urg\u00eancia de reduzir as emiss\u00f5es de carbono e as oportunidades de investimento sustent\u00e1vel que podem transformar as perspectivas econ\u00f4micas da regi\u00e3o.<\/p>\n<p>O presidente da Ag\u00eancia EFE, Miguel \u00c1ngel Oliver, inaugurar\u00e1 a reuni\u00e3o de dois dias, que tem como objetivo \u201cpromover o di\u00e1logo para impulsionar o desenvolvimento da economia ambiental na regi\u00e3o e a forma\u00e7\u00e3o de alian\u00e7as e sinergias\u201d e que \u201cpretende ser um ve\u00edculo de informa\u00e7\u00f5es verdadeiras que ajudar\u00e3o a aumentar a conscientiza\u00e7\u00e3o para combater o alerta clim\u00e1tico com a\u00e7\u00f5es reais\u201d.<\/p>\n<blockquote><p>\u201cA EFE quer conectar os principais agentes de mudan\u00e7a: l\u00edderes governamentais, acad\u00eamicos, empres\u00e1rios, especialistas e representantes da sociedade civil, porque precisamos disso. O planeta precisa ser ouvido e atendido, ele est\u00e1 clamando por isso na forma como se manifesta: por meio de desastres naturais\u201d, disse Oliver.<\/p><\/blockquote>\n<p>O f\u00f3rum realizou sua primeira edi\u00e7\u00e3o em 2023 e est\u00e1 maior este ano com dois dias de discuss\u00f5es, discursos de autoridades e seis paineis de debates tem\u00e1ticos.<\/p>\n<p>O primeiro dia, que come\u00e7a \u00e0s 14h30 de ter\u00e7a-feira, contar\u00e1 com a participa\u00e7\u00e3o do ministro da Agricultura do Chile, Esteban Valenzuela, que falar\u00e1 sobre os esfor\u00e7os que seu pa\u00eds est\u00e1 fazendo para promover a produ\u00e7\u00e3o agr\u00edcola sustent\u00e1vel do ponto de vista ambiental, social e econ\u00f4mico.<\/p>\n<p>As discuss\u00f5es desse primeiro dia ter\u00e3o como foco o desenvolvimento sustent\u00e1vel nas cidades amaz\u00f4nicas e a gest\u00e3o dos recursos h\u00eddricos.<\/p>\n<p>Esse tema ser\u00e1 abordado em um painel que contar\u00e1 com a participa\u00e7\u00e3o em v\u00eddeo do vice-diretor da Organiza\u00e7\u00e3o das Na\u00e7\u00f5es Unidas para a Alimenta\u00e7\u00e3o e a Agricultura (FAO) e representante para a Am\u00e9rica Latina e o Caribe, Mario Lubetkin, que falar\u00e1 sobre a import\u00e2ncia da prote\u00e7\u00e3o dos recursos h\u00eddricos como estrat\u00e9gia para garantir a produ\u00e7\u00e3o de alimentos.<\/p>\n<p>Na quarta-feira, a partir das 9h, haver\u00e1 mais discuss\u00f5es sobre os desafios da transi\u00e7\u00e3o energ\u00e9tica, seguidas de um debate sobre medidas para melhorar a resist\u00eancia das popula\u00e7\u00f5es vulner\u00e1veis \u00e0 mudan\u00e7a clim\u00e1tica.<\/p>\n<p>Outros t\u00f3picos para discuss\u00e3o incluem o financiamento p\u00fablico-privado de projetos sustent\u00e1veis, o gerenciamento de res\u00edduos e a cria\u00e7\u00e3o de empregos verdes.<\/p>\n<p>Haver\u00e1 tamb\u00e9m uma interven\u00e7\u00e3o de Jaime Verruck, secret\u00e1rio de Estado do Meio Ambiente, Desenvolvimento, Ci\u00eancia, Tecnologia e Inova\u00e7\u00e3o do Mato Grosso do Sul, estado que abriga parte do Pantanal, a maior regi\u00e3o \u00famida do mundo, mas que est\u00e1 em risco devido aos inc\u00eandios que est\u00e3o afetando severamente o centro da Am\u00e9rica do Sul.<\/p>\n<p>Entre os participantes dos debates est\u00e3o representantes de institui\u00e7\u00f5es como o Programa das Na\u00e7\u00f5es Unidas para o Desenvolvimento (Pnud), Governos Locais pela Sustentabilidade (Iclei), assim como a Associa\u00e7\u00e3o Brasileira de Energia E\u00f3lica (ABEE\u00f3lica), empresas e organiza\u00e7\u00f5es da sociedade civil.<\/p>\n<p>Todas as interven\u00e7\u00f5es e debates acontecer\u00e3o no Teatro Vivo, em S\u00e3o Paulo, estar\u00e3o dispon\u00edveis ao vivo nas redes sociais da EFE e ter\u00e3o ampla cobertura da ag\u00eancia.<\/p>\n<blockquote><p>\u201cComo a principal ag\u00eancia de not\u00edcias em espanhol do mundo, a EFE est\u00e1 promovendo este debate em portugu\u00eas e espanhol, nossas l\u00ednguas irm\u00e3s, no espa\u00e7o iber\u00f3fono, para conseguir a implementa\u00e7\u00e3o de iniciativas sustent\u00e1veis que gerem energia limpa para ajudar a erradicar a pobreza e melhorar a vida das pessoas e cuidar do planeta\u201d, disse o presidente da EFE.<\/p><\/blockquote>\n<p>O f\u00f3rum \u00e9 patrocinado pela Ag\u00eancia Brasileira de Promo\u00e7\u00e3o de Exporta\u00e7\u00f5es e Investimentos (ApexBrasil), e pela Norte Energia, operadora de Belo Monte, al\u00e9m de contar com o apoio da Vivo e da C\u00e2mara Espanhola de Com\u00e9rcio no Brasil. EFE<\/p>\n","protected":false},"excerpt":{"rendered":"<p>S\u00e3o Paulo (EFE) &#8211; A Am\u00e9rica Latina enfrenta a encruzilhada de acelerar a transi\u00e7\u00e3o energ\u00e9tica e combater o desmatamento descontrolado, ao mesmo tempo em que lida com os impactos econ\u00f4micos [&hellip;]<\/p>\n","protected":false},"author":198164093,"featured_media":131360,"comment_status":"closed","ping_status":"closed","sticky":false,"template":"","format":"standard","meta":{"_acf_changed":false,"_jetpack_newsletter_access":"","_jetpack_dont_email_post_to_subs":false,"_jetpack_newsletter_tier_id":0,"_jetpack_memberships_contains_paywalled_content":false,"_wpcom_ai_launchpad_first_post":false,"_jetpack_feature_clip_id":0,"_jetpack_memberships_contains_paid_content":false,"footnotes":"","jetpack_post_was_ever_published":false},"categories":[123875,128444,128439,125402],"tags":[126058,127645,126797,126416],"class_list":["post-131356","post","type-post","status-publish","format-standard","has-post-thumbnail","hentry","category-economia-pt-pt","category-flev-3","category-flev-sustentabilidade","category-sustentabilidade","tag-america-latina-pt-pt","tag-economia-verde-pt-pt","tag-meio-ambiente","tag-sustentabilidade"],"acf":[],"yoast_head":"<!-- This site is optimized with the Yoast SEO plugin v28.4 - https:\/\/yoast.com\/product\/yoast-seo-wordpress\/ -->\n<title>EFE promove di\u00e1logo em II F\u00f3rum de Economia Verde<\/title>\n<meta name=\"description\" content=\"S\u00e3o Paulo (EFE) - A Am\u00e9rica Latina enfrenta a encruzilhada de acelerar a transi\u00e7\u00e3o energ\u00e9tica e combater o desmatamento descontrolado, ao mesmo tempo em\" \/>\n<meta name=\"robots\" content=\"index, follow, max-snippet:-1, max-image-preview:large, max-video-preview:-1\" \/>\n<link rel=\"canonical\" href=\"https:\/\/efecomunica.efe.com\/pt-pt\/efe-promove-dialogo-sobre-transicao-energetica-no-ii-forum-de-economia-verde\/\" \/>\n<!-- \/ Yoast SEO plugin. -->","yoast_head_json":{"title":"EFE promove di\u00e1logo em II F\u00f3rum de Economia Verde","description":"S\u00e3o Paulo (EFE) - A Am\u00e9rica Latina enfrenta a encruzilhada de acelerar a transi\u00e7\u00e3o energ\u00e9tica e combater o desmatamento descontrolado, ao mesmo tempo em","robots":{"index":"index","follow":"follow","max-snippet":"max-snippet:-1","max-image-preview":"max-image-preview:large","max-video-preview":"max-video-preview:-1"},"canonical":"https:\/\/efecomunica.efe.com\/pt-pt\/efe-promove-dialogo-sobre-transicao-energetica-no-ii-forum-de-economia-verde\/","schema":{"@context":"https:\/\/schema.org","@graph":[{"@type":"Article","@id":"https:\/\/efecomunica.efe.com\/pt-pt\/efe-promove-dialogo-sobre-transicao-energetica-no-ii-forum-de-economia-verde\/#article","isPartOf":{"@id":"https:\/\/efecomunica.efe.com\/pt-pt\/efe-promove-dialogo-sobre-transicao-energetica-no-ii-forum-de-economia-verde\/"},"author":{"name":"Ana Paula Raposo Chain","@id":"https:\/\/efecomunica.efe.com\/#\/schema\/person\/c909104001020699b704e3df33fef431"},"headline":"EFE promove di\u00e1logo sobre transi\u00e7\u00e3o energ\u00e9tica no II F\u00f3rum Latino-Americano de Economia Verde","datePublished":"2024-09-30T14:05:27+00:00","dateModified":"2024-10-09T21:13:10+00:00","mainEntityOfPage":{"@id":"https:\/\/efecomunica.efe.com\/pt-pt\/efe-promove-dialogo-sobre-transicao-energetica-no-ii-forum-de-economia-verde\/"},"wordCount":738,"publisher":{"@id":"https:\/\/efecomunica.efe.com\/#organization"},"image":{"@id":"https:\/\/efecomunica.efe.com\/pt-pt\/efe-promove-dialogo-sobre-transicao-energetica-no-ii-forum-de-economia-verde\/#primaryimage"},"thumbnailUrl":"https:\/\/efecomunica.efe.com\/wp-content\/uploads\/2024\/10\/03ba8453379b1f247e9c0618376d623bcf005252w.jpg","keywords":["Am\u00e9rica Latina","econom\u00eda verde","meio ambiente","sustentabilidade"],"articleSection":["Economia","FLEV","FLEV","Sustentabilidade"],"inLanguage":"pt-PT"},{"@type":"WebPage","@id":"https:\/\/efecomunica.efe.com\/pt-pt\/efe-promove-dialogo-sobre-transicao-energetica-no-ii-forum-de-economia-verde\/","url":"https:\/\/efecomunica.efe.com\/pt-pt\/efe-promove-dialogo-sobre-transicao-energetica-no-ii-forum-de-economia-verde\/","name":"EFE promove di\u00e1logo em II F\u00f3rum de Economia Verde","isPartOf":{"@id":"https:\/\/efecomunica.efe.com\/#website"},"primaryImageOfPage":{"@id":"https:\/\/efecomunica.efe.com\/pt-pt\/efe-promove-dialogo-sobre-transicao-energetica-no-ii-forum-de-economia-verde\/#primaryimage"},"image":{"@id":"https:\/\/efecomunica.efe.com\/pt-pt\/efe-promove-dialogo-sobre-transicao-energetica-no-ii-forum-de-economia-verde\/#primaryimage"},"thumbnailUrl":"https:\/\/efecomunica.efe.com\/wp-content\/uploads\/2024\/10\/03ba8453379b1f247e9c0618376d623bcf005252w.jpg","datePublished":"2024-09-30T14:05:27+00:00","dateModified":"2024-10-09T21:13:10+00:00","description":"S\u00e3o Paulo (EFE) - A Am\u00e9rica Latina enfrenta a encruzilhada de acelerar a transi\u00e7\u00e3o energ\u00e9tica e combater o desmatamento descontrolado, ao mesmo tempo em","breadcrumb":{"@id":"https:\/\/efecomunica.efe.com\/pt-pt\/efe-promove-dialogo-sobre-transicao-energetica-no-ii-forum-de-economia-verde\/#breadcrumb"},"inLanguage":"pt-PT","potentialAction":[{"@type":"ReadAction","target":["https:\/\/efecomunica.efe.com\/pt-pt\/efe-promove-dialogo-sobre-transicao-energetica-no-ii-forum-de-economia-verde\/"]}]},{"@type":"ImageObject","inLanguage":"pt-PT","@id":"https:\/\/efecomunica.efe.com\/pt-pt\/efe-promove-dialogo-sobre-transicao-energetica-no-ii-forum-de-economia-verde\/#primaryimage","url":"https:\/\/efecomunica.efe.com\/wp-content\/uploads\/2024\/10\/03ba8453379b1f247e9c0618376d623bcf005252w.jpg","contentUrl":"https:\/\/efecomunica.efe.com\/wp-content\/uploads\/2024\/10\/03ba8453379b1f247e9c0618376d623bcf005252w.jpg","width":1920,"height":1280},{"@type":"BreadcrumbList","@id":"https:\/\/efecomunica.efe.com\/pt-pt\/efe-promove-dialogo-sobre-transicao-energetica-no-ii-forum-de-economia-verde\/#breadcrumb","itemListElement":[{"@type":"ListItem","position":1,"name":"Portada","item":"https:\/\/efecomunica.efe.com\/pt-pt\/"},{"@type":"ListItem","position":2,"name":"EFE promove di\u00e1logo sobre transi\u00e7\u00e3o energ\u00e9tica no II F\u00f3rum Latino-Americano de Economia Verde"}]},{"@type":"WebSite","@id":"https:\/\/efecomunica.efe.com\/#website","url":"https:\/\/efecomunica.efe.com\/","name":"EFE Comunica","description":"Contenidos para empresas","publisher":{"@id":"https:\/\/efecomunica.efe.com\/#organization"},"potentialAction":[{"@type":"SearchAction","target":{"@type":"EntryPoint","urlTemplate":"https:\/\/efecomunica.efe.com\/?s={search_term_string}"},"query-input":{"@type":"PropertyValueSpecification","valueRequired":true,"valueName":"search_term_string"}}],"inLanguage":"pt-PT"},{"@type":"Organization","@id":"https:\/\/efecomunica.efe.com\/#organization","name":"EFE Comunica","url":"https:\/\/efecomunica.efe.com\/","logo":{"@type":"ImageObject","inLanguage":"pt-PT","@id":"https:\/\/efecomunica.efe.com\/#\/schema\/logo\/image\/","url":"https:\/\/efecomunica.efe.com\/wp-content\/uploads\/2020\/12\/Logo-EFE-Comunica_png.png","contentUrl":"https:\/\/efecomunica.efe.com\/wp-content\/uploads\/2020\/12\/Logo-EFE-Comunica_png.png","width":1080,"height":486,"caption":"EFE Comunica"},"image":{"@id":"https:\/\/efecomunica.efe.com\/#\/schema\/logo\/image\/"},"sameAs":["https:\/\/www.facebook.com\/EFEComunicaAgenciaEFE","https:\/\/x.com\/EFEcomunica","https:\/\/www.linkedin.com\/showcase\/efecomunica"]},{"@type":"Person","@id":"https:\/\/efecomunica.efe.com\/#\/schema\/person\/c909104001020699b704e3df33fef431","name":"Ana Paula Raposo Chain","image":{"@type":"ImageObject","inLanguage":"pt-PT","@id":"https:\/\/secure.gravatar.com\/avatar\/fdb673c87ee0b2e7929d64a955445cfbf4bfc5af80baee97082d08a440db678f?s=96&d=identicon&r=g","url":"https:\/\/secure.gravatar.com\/avatar\/fdb673c87ee0b2e7929d64a955445cfbf4bfc5af80baee97082d08a440db678f?s=96&d=identicon&r=g","contentUrl":"https:\/\/secure.gravatar.com\/avatar\/fdb673c87ee0b2e7929d64a955445cfbf4bfc5af80baee97082d08a440db678f?s=96&d=identicon&r=g","caption":"Ana Paula Raposo Chain"},"url":"https:\/\/efecomunica.efe.com\/pt-pt\/author\/achain\/"}]}},"jetpack_likes_enabled":true,"jetpack_shortlink":"https:\/\/wp.me\/pcEg1r-yaE","jetpack_sharing_enabled":true,"jetpack_featured_media_url":"https:\/\/efecomunica.efe.com\/wp-content\/uploads\/2024\/10\/03ba8453379b1f247e9c0618376d623bcf005252w.jpg","_links":{"self":[{"href":"https:\/\/efecomunica.efe.com\/pt-pt\/wp-json\/wp\/v2\/posts\/131356","targetHints":{"allow":["GET"]}}],"collection":[{"href":"https:\/\/efecomunica.efe.com\/pt-pt\/wp-json\/wp\/v2\/posts"}],"about":[{"href":"https:\/\/efecomunica.efe.com\/pt-pt\/wp-json\/wp\/v2\/types\/post"}],"author":[{"embeddable":true,"href":"https:\/\/efecomunica.efe.com\/pt-pt\/wp-json\/wp\/v2\/users\/198164093"}],"replies":[{"embeddable":true,"href":"https:\/\/efecomunica.efe.com\/pt-pt\/wp-json\/wp\/v2\/comments?post=131356"}],"version-history":[{"count":4,"href":"https:\/\/efecomunica.efe.com\/pt-pt\/wp-json\/wp\/v2\/posts\/131356\/revisions"}],"predecessor-version":[{"id":131363,"href":"https:\/\/efecomunica.efe.com\/pt-pt\/wp-json\/wp\/v2\/posts\/131356\/revisions\/131363"}],"wp:featuredmedia":[{"embeddable":true,"href":"https:\/\/efecomunica.efe.com\/pt-pt\/wp-json\/wp\/v2\/media\/131360"}],"wp:attachment":[{"href":"https:\/\/efecomunica.efe.com\/pt-pt\/wp-json\/wp\/v2\/media?parent=131356"}],"wp:term":[{"taxonomy":"category","embeddable":true,"href":"https:\/\/efecomunica.efe.com\/pt-pt\/wp-json\/wp\/v2\/categories?post=131356"},{"taxonomy":"post_tag","embeddable":true,"href":"https:\/\/efecomunica.efe.com\/pt-pt\/wp-json\/wp\/v2\/tags?post=131356"}],"curies":[{"name":"wp","href":"https:\/\/api.w.org\/{rel}","templated":true}]}}