{"id":131364,"date":"2024-10-04T20:14:19","date_gmt":"2024-10-04T18:14:19","guid":{"rendered":"https:\/\/efecomunica.efe.com\/?p=131364"},"modified":"2024-10-09T23:19:21","modified_gmt":"2024-10-09T21:19:21","slug":"segunda-maior-usina-hidreletrica-do-brasil-garante-abastecimento-apesar-de-epoca-de-seca","status":"publish","type":"post","link":"https:\/\/efecomunica.efe.com\/pt-pt\/segunda-maior-usina-hidreletrica-do-brasil-garante-abastecimento-apesar-de-epoca-de-seca\/","title":{"rendered":"Segunda maior usina hidrel\u00e9trica do Brasil garante abastecimento, apesar de \u00e9poca de seca"},"content":{"rendered":"<p class=\"m-0 p-0 lg:text-pretty body-extra-large text-colors-text dark:text-colors-background overflow-hidden py-3 lg:py-4\"><strong>Belo Monte<\/strong>, a\u00a0<a class=\"exm-hyperlink\" href=\"https:\/\/exame.com\/bussola\/concessionaria-da-usina-de-belo-monte-investe-r-504-mi-em-sustentabilidade\/\" target=\"_blank\" rel=\"noopener\" data-mrf-link=\"https:\/\/exame.com\/bussola\/concessionaria-da-usina-de-belo-monte-investe-r-504-mi-em-sustentabilidade\/\">quinta maior usina hidrel\u00e9trica do mundo<\/a>, segunda do Brasil e a maior 100% brasileira, garantiu seu fornecimento de energia apesar da seca que reduziu o fluxo do rio Xingu, na Amaz\u00f4nia.<\/p>\n<p class=\"m-0 p-0 lg:text-pretty body-extra-large text-colors-text dark:text-colors-background overflow-hidden py-3 lg:py-4\">A diretora de Regula\u00e7\u00e3o e Comercializa\u00e7\u00e3o da Norte Energia &#8211; empresa que controla Belo Monte -, S\u00edlvia Cabral, explicou \u00e0 EFE que, apesar da seca que a regi\u00e3o est\u00e1 enfrentando no segundo semestre deste ano, a empresa espera manter seus n\u00edveis m\u00e1ximos de gera\u00e7\u00e3o durante a esta\u00e7\u00e3o chuvosa.<\/p>\n<blockquote>\n<p class=\"m-0 p-0 lg:text-pretty body-extra-large text-colors-text dark:text-colors-background overflow-hidden py-3 lg:py-4\">\u201cAs usinas hidrel\u00e9tricas do norte contribuem muito (para o sistema el\u00e9trico) no primeiro semestre do ano. E as usinas hidrel\u00e9tricas do sul t\u00eam um regime de gera\u00e7\u00e3o diferente. Portanto, essa sazonalidade \u00e9 regulada em n\u00edvel nacional, e essa \u00e9 a vis\u00e3o mais macro do setor el\u00e9trico\u201d, explicou Cabral.<\/p>\n<\/blockquote>\n<p class=\"m-0 p-0 lg:text-pretty body-extra-large text-colors-text dark:text-colors-background overflow-hidden py-3 lg:py-4\">Belo Monte tem uma capacidade instalada de 11.233 megawatts (MW) e \u00e9 respons\u00e1vel por atender 11% da demanda do pa\u00eds, mas em \u00e9pocas de seca, como agora, sua gera\u00e7\u00e3o se concentra nos hor\u00e1rios de pico de consumo para cerca de 1.215 MW.<\/p>\n<p class=\"m-0 p-0 lg:text-pretty body-extra-large text-colors-text dark:text-colors-background overflow-hidden py-3 lg:py-4\">Essa varia\u00e7\u00e3o se deve ao projeto da usina, que foi constru\u00edda sem um reservat\u00f3rio por decis\u00e3o do governo brasileiro, com o objetivo de minimizar a \u00e1rea de floresta que seria inundada.<\/p>\n<p class=\"m-0 p-0 lg:text-pretty body-extra-large text-colors-text dark:text-colors-background overflow-hidden py-3 lg:py-4\">Devido \u00e0 seca, a Ag\u00eancia Nacional de \u00c1guas (ANA) declarou esta semana a situa\u00e7\u00e3o de \u201cescassez de recursos h\u00eddricos\u201d na bacia do Xingu, onde Belo Monte est\u00e1 localizada, permitindo que as autoridades tomem medidas de mitiga\u00e7\u00e3o para reduzir os impactos dos baixos n\u00edveis de \u00e1gua.<\/p>\n<p class=\"m-0 p-0 lg:text-pretty body-extra-large text-colors-text dark:text-colors-background overflow-hidden py-3 lg:py-4\">No in\u00edcio do ano, quando as chuvas s\u00e3o abundantes, a situa\u00e7\u00e3o \u00e9 diametralmente oposta. Em janeiro, a usina registrou um recorde de gera\u00e7\u00e3o de eletricidade, atingindo a cifra de 4.278 MW durante o hor\u00e1rio de pico, o que, na \u00e9poca, abasteceu 22 milh\u00f5es de fam\u00edlias com energia limpa.<\/p>\n<p class=\"m-0 p-0 lg:text-pretty body-extra-large text-colors-text dark:text-colors-background overflow-hidden py-3 lg:py-4\">Cabral ressaltou a import\u00e2ncia de Belo Monte para a seguran\u00e7a do sistema el\u00e9trico devido \u00e0 sua complementaridade com as usinas do sul, com um regime de chuvas diferente, e com outras fontes renov\u00e1veis, que t\u00eam seus picos de produ\u00e7\u00e3o em momentos diferentes das usinas hidrel\u00e9tricas.<\/p>\n<blockquote>\n<p class=\"m-0 p-0 lg:text-pretty body-extra-large text-colors-text dark:text-colors-background overflow-hidden py-3 lg:py-4\">\u201cAtendemos mais de 60 milh\u00f5es de resid\u00eancias, somos a maior empresa do setor 100% brasileira. \u00c9 uma energia renov\u00e1vel que\u00a0chega a todo o pa\u00eds e satisfaz esse fornecimento. Al\u00e9m dessa flexibilidade, as hidrel\u00e9tricas t\u00eam garantia firme de fornecimento de energia durante todo o ano\u201d, acrescentou.<\/p>\n<\/blockquote>\n<h2>Renova\u00e7\u00e3o da licen\u00e7a ambiental<\/h2>\n<p class=\"m-0 p-0 lg:text-pretty body-extra-large text-colors-text dark:text-colors-background overflow-hidden py-3 lg:py-4\">A executiva tamb\u00e9m falou sobre o processo de renova\u00e7\u00e3o da licen\u00e7a ambiental de Belo Monte, que est\u00e1 em an\u00e1lise pelas autoridades desde 2021.<\/p>\n<p class=\"m-0 p-0 lg:text-pretty body-extra-large text-colors-text dark:text-colors-background overflow-hidden py-3 lg:py-4\">Cabral explicou que o processo est\u00e1 dentro dos tr\u00e2mites, e que \u201cn\u00e3o \u00e9 at\u00edpico\u201d que o Instituto Brasileiro do Meio Ambiente (Ibama) leve anos para renovar as licen\u00e7as, principalmente no caso de grandes projetos como Belo Monte.<\/p>\n<blockquote>\n<p class=\"m-0 p-0 lg:text-pretty body-extra-large text-colors-text dark:text-colors-background overflow-hidden py-3 lg:py-4\">\u201cApresentamos relat\u00f3rios anuais ao Ibama, com todo o nosso cumprimento do plano b\u00e1sico ambiental, seja geral ou ind\u00edgena, que tamb\u00e9m \u00e9 entregue \u00e0 Funai (Funda\u00e7\u00e3o Nacional dos Povos Ind\u00edgenas)\u201d, detalhou.<\/p>\n<\/blockquote>\n<p class=\"m-0 p-0 lg:text-pretty body-extra-large text-colors-text dark:text-colors-background overflow-hidden py-3 lg:py-4\">At\u00e9 o momento, a Norte Energia investiu mais de R$ 7 bilh\u00f5es em a\u00e7\u00f5es ambientais.<\/p>\n<p class=\"m-0 p-0 lg:text-pretty body-extra-large text-colors-text dark:text-colors-background overflow-hidden py-3 lg:py-4\">Entre outros projetos, est\u00e1 desenvolvendo estudos sobre mudan\u00e7as clim\u00e1ticas e distribuindo pain\u00e9is solares e novas tecnologias de armazenamento de energia para comunidades isoladas na Amaz\u00f4nia que at\u00e9 agora tinham de usar fontes poluentes, como geradores a diesel.<\/p>\n<blockquote>\n<p class=\"m-0 p-0 lg:text-pretty body-extra-large text-colors-text dark:text-colors-background overflow-hidden py-3 lg:py-4\">\u201cH\u00e1 projetos relacionados a melhores tecnologias para monitorar a qualidade da \u00e1gua. Podemos dizer que todos os nossos projetos atuais est\u00e3o ligados \u00e0 sustentabilidade, seja do ponto de vista ambiental ou social\u201d, destacou.<\/p>\n<\/blockquote>\n<p class=\"m-0 p-0 lg:text-pretty body-extra-large text-colors-text dark:text-colors-background overflow-hidden py-3 lg:py-4\">Cabral participou esta semana como palestrante da segunda edi\u00e7\u00e3o do F\u00f3rum Latino-Americano de Economia Verde, organizado pela Ag\u00eancia EFE em S\u00e3o Paulo.<\/p>\n<p class=\"m-0 p-0 lg:text-pretty body-extra-large text-colors-text dark:text-colors-background overflow-hidden py-3 lg:py-4\">O f\u00f3rum foi patrocinado pela ApexBrasil, a ag\u00eancia brasileira de promo\u00e7\u00e3o de exporta\u00e7\u00f5es e investimentos, e pela Norte Energia, e contou com o apoio da Vivo e da C\u00e2mara Oficial Espanhola de Com\u00e9rcio no Brasil.<\/p>\n","protected":false},"excerpt":{"rendered":"<p>Belo Monte, a\u00a0quinta maior usina hidrel\u00e9trica do mundo, segunda do Brasil e a maior 100% brasileira, garantiu seu fornecimento de energia apesar da seca que reduziu o fluxo do rio [&hellip;]<\/p>\n","protected":false},"author":198164093,"featured_media":131367,"comment_status":"closed","ping_status":"closed","sticky":false,"template":"","format":"standard","meta":{"_acf_changed":false,"_jetpack_newsletter_access":"","_jetpack_dont_email_post_to_subs":false,"_jetpack_newsletter_tier_id":0,"_jetpack_memberships_contains_paywalled_content":false,"_jetpack_memberships_contains_paid_content":false,"footnotes":"","jetpack_post_was_ever_published":false},"categories":[123875,125405,128444,128439,125402],"tags":[126417,126831,126797,126416],"class_list":["post-131364","post","type-post","status-publish","format-standard","has-post-thumbnail","hentry","category-economia-pt-pt","category-empresas-pt-pt","category-flev-3","category-flev-sustentabilidade","category-sustentabilidade","tag-economia-pt-pt","tag-energia-pt-pt","tag-meio-ambiente","tag-sustentabilidade"],"acf":[],"yoast_head":"<!-- This site is optimized with the Yoast SEO plugin v27.4 - https:\/\/yoast.com\/product\/yoast-seo-wordpress\/ -->\n<title>Segunda maior usina hidrel\u00e9trica do Brasil garante abastecimento<\/title>\n<meta name=\"description\" content=\"Belo Monte, a\u00a0quinta maior usina hidrel\u00e9trica do mundo, segunda do Brasil e a maior 100% brasileira, garantiu seu fornecimento de energia apesar da seca\" \/>\n<meta name=\"robots\" content=\"index, follow, max-snippet:-1, max-image-preview:large, max-video-preview:-1\" \/>\n<link rel=\"canonical\" href=\"https:\/\/efecomunica.efe.com\/pt-pt\/segunda-maior-usina-hidreletrica-do-brasil-garante-abastecimento-apesar-de-epoca-de-seca\/\" \/>\n<!-- \/ Yoast SEO plugin. -->","yoast_head_json":{"title":"Segunda maior usina hidrel\u00e9trica do Brasil garante abastecimento","description":"Belo Monte, a\u00a0quinta maior usina hidrel\u00e9trica do mundo, segunda do Brasil e a maior 100% brasileira, garantiu seu fornecimento de energia apesar da seca","robots":{"index":"index","follow":"follow","max-snippet":"max-snippet:-1","max-image-preview":"max-image-preview:large","max-video-preview":"max-video-preview:-1"},"canonical":"https:\/\/efecomunica.efe.com\/pt-pt\/segunda-maior-usina-hidreletrica-do-brasil-garante-abastecimento-apesar-de-epoca-de-seca\/","schema":{"@context":"https:\/\/schema.org","@graph":[{"@type":"Article","@id":"https:\/\/efecomunica.efe.com\/pt-pt\/segunda-maior-usina-hidreletrica-do-brasil-garante-abastecimento-apesar-de-epoca-de-seca\/#article","isPartOf":{"@id":"https:\/\/efecomunica.efe.com\/pt-pt\/segunda-maior-usina-hidreletrica-do-brasil-garante-abastecimento-apesar-de-epoca-de-seca\/"},"author":{"name":"Ana Paula Raposo Chain","@id":"https:\/\/efecomunica.efe.com\/#\/schema\/person\/c909104001020699b704e3df33fef431"},"headline":"Segunda maior usina hidrel\u00e9trica do Brasil garante abastecimento, apesar de \u00e9poca de seca","datePublished":"2024-10-04T18:14:19+00:00","dateModified":"2024-10-09T21:19:21+00:00","mainEntityOfPage":{"@id":"https:\/\/efecomunica.efe.com\/pt-pt\/segunda-maior-usina-hidreletrica-do-brasil-garante-abastecimento-apesar-de-epoca-de-seca\/"},"wordCount":700,"publisher":{"@id":"https:\/\/efecomunica.efe.com\/#organization"},"image":{"@id":"https:\/\/efecomunica.efe.com\/pt-pt\/segunda-maior-usina-hidreletrica-do-brasil-garante-abastecimento-apesar-de-epoca-de-seca\/#primaryimage"},"thumbnailUrl":"https:\/\/efecomunica.efe.com\/wp-content\/uploads\/2024\/10\/320e88403a9f970d39b1b4f881bf9c68bb13071fw.jpg","keywords":["econom\u00eda","energia","meio ambiente","sustentabilidade"],"articleSection":["Economia","Empresas","FLEV","FLEV","Sustentabilidade"],"inLanguage":"pt-PT"},{"@type":"WebPage","@id":"https:\/\/efecomunica.efe.com\/pt-pt\/segunda-maior-usina-hidreletrica-do-brasil-garante-abastecimento-apesar-de-epoca-de-seca\/","url":"https:\/\/efecomunica.efe.com\/pt-pt\/segunda-maior-usina-hidreletrica-do-brasil-garante-abastecimento-apesar-de-epoca-de-seca\/","name":"Segunda maior usina hidrel\u00e9trica do Brasil garante abastecimento","isPartOf":{"@id":"https:\/\/efecomunica.efe.com\/#website"},"primaryImageOfPage":{"@id":"https:\/\/efecomunica.efe.com\/pt-pt\/segunda-maior-usina-hidreletrica-do-brasil-garante-abastecimento-apesar-de-epoca-de-seca\/#primaryimage"},"image":{"@id":"https:\/\/efecomunica.efe.com\/pt-pt\/segunda-maior-usina-hidreletrica-do-brasil-garante-abastecimento-apesar-de-epoca-de-seca\/#primaryimage"},"thumbnailUrl":"https:\/\/efecomunica.efe.com\/wp-content\/uploads\/2024\/10\/320e88403a9f970d39b1b4f881bf9c68bb13071fw.jpg","datePublished":"2024-10-04T18:14:19+00:00","dateModified":"2024-10-09T21:19:21+00:00","description":"Belo Monte, a\u00a0quinta maior usina hidrel\u00e9trica do mundo, segunda do Brasil e a maior 100% brasileira, garantiu seu fornecimento de energia apesar da seca","breadcrumb":{"@id":"https:\/\/efecomunica.efe.com\/pt-pt\/segunda-maior-usina-hidreletrica-do-brasil-garante-abastecimento-apesar-de-epoca-de-seca\/#breadcrumb"},"inLanguage":"pt-PT","potentialAction":[{"@type":"ReadAction","target":["https:\/\/efecomunica.efe.com\/pt-pt\/segunda-maior-usina-hidreletrica-do-brasil-garante-abastecimento-apesar-de-epoca-de-seca\/"]}]},{"@type":"ImageObject","inLanguage":"pt-PT","@id":"https:\/\/efecomunica.efe.com\/pt-pt\/segunda-maior-usina-hidreletrica-do-brasil-garante-abastecimento-apesar-de-epoca-de-seca\/#primaryimage","url":"https:\/\/efecomunica.efe.com\/wp-content\/uploads\/2024\/10\/320e88403a9f970d39b1b4f881bf9c68bb13071fw.jpg","contentUrl":"https:\/\/efecomunica.efe.com\/wp-content\/uploads\/2024\/10\/320e88403a9f970d39b1b4f881bf9c68bb13071fw.jpg","width":1920,"height":1280},{"@type":"BreadcrumbList","@id":"https:\/\/efecomunica.efe.com\/pt-pt\/segunda-maior-usina-hidreletrica-do-brasil-garante-abastecimento-apesar-de-epoca-de-seca\/#breadcrumb","itemListElement":[{"@type":"ListItem","position":1,"name":"Portada","item":"https:\/\/efecomunica.efe.com\/pt-pt\/"},{"@type":"ListItem","position":2,"name":"Segunda maior usina hidrel\u00e9trica do Brasil garante abastecimento, apesar de \u00e9poca de seca"}]},{"@type":"WebSite","@id":"https:\/\/efecomunica.efe.com\/#website","url":"https:\/\/efecomunica.efe.com\/","name":"EFE Comunica","description":"Contenidos para empresas","publisher":{"@id":"https:\/\/efecomunica.efe.com\/#organization"},"potentialAction":[{"@type":"SearchAction","target":{"@type":"EntryPoint","urlTemplate":"https:\/\/efecomunica.efe.com\/?s={search_term_string}"},"query-input":{"@type":"PropertyValueSpecification","valueRequired":true,"valueName":"search_term_string"}}],"inLanguage":"pt-PT"},{"@type":"Organization","@id":"https:\/\/efecomunica.efe.com\/#organization","name":"EFE Comunica","url":"https:\/\/efecomunica.efe.com\/","logo":{"@type":"ImageObject","inLanguage":"pt-PT","@id":"https:\/\/efecomunica.efe.com\/#\/schema\/logo\/image\/","url":"https:\/\/efecomunica.efe.com\/wp-content\/uploads\/2020\/12\/Logo-EFE-Comunica_png.png","contentUrl":"https:\/\/efecomunica.efe.com\/wp-content\/uploads\/2020\/12\/Logo-EFE-Comunica_png.png","width":1080,"height":486,"caption":"EFE Comunica"},"image":{"@id":"https:\/\/efecomunica.efe.com\/#\/schema\/logo\/image\/"},"sameAs":["https:\/\/www.facebook.com\/EFEComunicaAgenciaEFE","https:\/\/x.com\/EFEcomunica","https:\/\/www.linkedin.com\/showcase\/efecomunica"]},{"@type":"Person","@id":"https:\/\/efecomunica.efe.com\/#\/schema\/person\/c909104001020699b704e3df33fef431","name":"Ana Paula Raposo Chain","image":{"@type":"ImageObject","inLanguage":"pt-PT","@id":"https:\/\/secure.gravatar.com\/avatar\/fdb673c87ee0b2e7929d64a955445cfbf4bfc5af80baee97082d08a440db678f?s=96&d=identicon&r=g","url":"https:\/\/secure.gravatar.com\/avatar\/fdb673c87ee0b2e7929d64a955445cfbf4bfc5af80baee97082d08a440db678f?s=96&d=identicon&r=g","contentUrl":"https:\/\/secure.gravatar.com\/avatar\/fdb673c87ee0b2e7929d64a955445cfbf4bfc5af80baee97082d08a440db678f?s=96&d=identicon&r=g","caption":"Ana Paula Raposo Chain"},"url":"https:\/\/efecomunica.efe.com\/pt-pt\/author\/achain\/"}]}},"jetpack_featured_media_url":"https:\/\/efecomunica.efe.com\/wp-content\/uploads\/2024\/10\/320e88403a9f970d39b1b4f881bf9c68bb13071fw.jpg","jetpack_likes_enabled":true,"jetpack_shortlink":"https:\/\/wp.me\/pcEg1r-yaM","jetpack_sharing_enabled":true,"_links":{"self":[{"href":"https:\/\/efecomunica.efe.com\/pt-pt\/wp-json\/wp\/v2\/posts\/131364","targetHints":{"allow":["GET"]}}],"collection":[{"href":"https:\/\/efecomunica.efe.com\/pt-pt\/wp-json\/wp\/v2\/posts"}],"about":[{"href":"https:\/\/efecomunica.efe.com\/pt-pt\/wp-json\/wp\/v2\/types\/post"}],"author":[{"embeddable":true,"href":"https:\/\/efecomunica.efe.com\/pt-pt\/wp-json\/wp\/v2\/users\/198164093"}],"replies":[{"embeddable":true,"href":"https:\/\/efecomunica.efe.com\/pt-pt\/wp-json\/wp\/v2\/comments?post=131364"}],"version-history":[{"count":3,"href":"https:\/\/efecomunica.efe.com\/pt-pt\/wp-json\/wp\/v2\/posts\/131364\/revisions"}],"predecessor-version":[{"id":131368,"href":"https:\/\/efecomunica.efe.com\/pt-pt\/wp-json\/wp\/v2\/posts\/131364\/revisions\/131368"}],"wp:featuredmedia":[{"embeddable":true,"href":"https:\/\/efecomunica.efe.com\/pt-pt\/wp-json\/wp\/v2\/media\/131367"}],"wp:attachment":[{"href":"https:\/\/efecomunica.efe.com\/pt-pt\/wp-json\/wp\/v2\/media?parent=131364"}],"wp:term":[{"taxonomy":"category","embeddable":true,"href":"https:\/\/efecomunica.efe.com\/pt-pt\/wp-json\/wp\/v2\/categories?post=131364"},{"taxonomy":"post_tag","embeddable":true,"href":"https:\/\/efecomunica.efe.com\/pt-pt\/wp-json\/wp\/v2\/tags?post=131364"}],"curies":[{"name":"wp","href":"https:\/\/api.w.org\/{rel}","templated":true}]}}