{"id":131369,"date":"2024-10-04T23:20:42","date_gmt":"2024-10-04T21:20:42","guid":{"rendered":"https:\/\/efecomunica.efe.com\/?p=131369"},"modified":"2024-10-09T23:24:56","modified_gmt":"2024-10-09T21:24:56","slug":"brasil-incentiva-praticas-sustentaveis-para-promover-internacionalizacao-de-empresas","status":"publish","type":"post","link":"https:\/\/efecomunica.efe.com\/pt-pt\/brasil-incentiva-praticas-sustentaveis-para-promover-internacionalizacao-de-empresas\/","title":{"rendered":"Brasil incentiva pr\u00e1ticas sustent\u00e1veis para promover internacionaliza\u00e7\u00e3o de empresas"},"content":{"rendered":"<p>S\u00e3o Paulo (EFE) &#8211; O Brasil est\u00e1 incentivando as empresas nacionais a incorporarem os princ\u00edpios da sustentabilidade em todas as suas atividades para facilitar sua expans\u00e3o internacional, segundo o representante regional da Ag\u00eancia Brasileira de Promo\u00e7\u00e3o de Exporta\u00e7\u00f5es e Investimentos (ApexBrasil) no Sudeste, Gustavo Sperandio.<\/p>\n<p>Um dos objetivos estabelecidos da organiza\u00e7\u00e3o, disse Sperandio em entrevista \u00e0 Ag\u00eancia EFE, \u00e9 \u201caproximar\u201d as empresas das diversas iniciativas verdes dispon\u00edveis e promover \u201cessa preocupa\u00e7\u00e3o\u201d com o meio ambiente no ecossistema empresarial nacional.<\/p>\n<blockquote><p>\u201cA ideia \u00e9 que elas tenham iniciativas de sustentabilidade em suas atividades produtivas e comerciais, em (todas) as suas atividades\u201d, explicou.<\/p><\/blockquote>\n<p>Para incentivar e estimular essa mudan\u00e7a, a ApexBrasil est\u00e1 dando prefer\u00eancia em suas a\u00e7\u00f5es \u00e0s empresas que incorporam essa filosofia.<\/p>\n<p>Essa iniciativa se soma a outra s\u00e9rie de conv\u00eanios assinados em setembro deste ano com o governo do presidente Luiz In\u00e1cio Lula da Silva para promover as empresas brasileiras no mercado internacional e atrair investimentos.<\/p>\n<p>Esses acordos envolvem uma contribui\u00e7\u00e3o de R$ 537 milh\u00f5es, que beneficiar\u00e1 inicialmente cerca de 19 mil empresas nos pr\u00f3ximos dois anos.<\/p>\n<p>A expectativa \u00e9 gerar R$ 256,5 bilh\u00f5es em exporta\u00e7\u00f5es e R$ 24,5 bilh\u00f5es em investimentos estrangeiros para projetos estrat\u00e9gicos, de acordo com dados do governo.<\/p>\n<p>Nesse sentido, Sperandio afirmou que os investidores estrangeiros est\u00e3o \u201cmuito interessados\u201d no Brasil.<\/p>\n<p>No entanto, ele admitiu que alguns estados e munic\u00edpios sofrem de uma \u201cfalta de preparo\u201d quando se trata de apresentar oportunidades de neg\u00f3cios, o que os \u201cafasta um pouco\u201d dos investidores.<\/p>\n<blockquote><p>\u201cE \u00e9 a\u00ed que tentamos entrar para ajud\u00e1-los a preparar esses projetos e para trein\u00e1-los para que possam\u2018apresent\u00e1-los aos investidores com sucesso\u201d, acrescentou.<\/p><\/blockquote>\n<p>A ApexBrasil tamb\u00e9m deseja atrair investimentos verdes para o pa\u00eds, particularmente no setor de energia, por meio de projetos de hidrog\u00eanio e biomassa, entre outros.<\/p>\n<p>De acordo com dados do relat\u00f3rio &#8216;Energy Transition Investment Trends 2024&#8217;, o Brasil foi o terceiro pa\u00eds do mundo que mais atraiu investimentos em energias renov\u00e1veis no ano passado: mais de US$ 25 bilh\u00f5es.<\/p>\n<p>Na \u00faltima edi\u00e7\u00e3o do F\u00f3rum Brasil de Investimentos (BIF), organizado pela ApexBrasil, empresas de energia anunciaram quase R$ 40 bilh\u00f5es em investimentos, incluindo\u00a0R$ 20 bilh\u00f5es em etanol de segunda gera\u00e7\u00e3o, R$ 750 milh\u00f5es em energia limpa, R$ 12 bilh\u00f5es em novas usinas de biocombust\u00edveis e R$ 4,5 bilh\u00f5es para descarbonizar a ind\u00fastria de fertilizantes.<\/p>\n<p>Sperandio participou nesta semana, como palestrante, da segunda edi\u00e7\u00e3o do F\u00f3rum Latino-Americano de Economia Verde, organizado pela Ag\u00eancia EFE em S\u00e3o Paulo.<\/p>\n<p>O f\u00f3rum foi patrocinado pela ApexBrasil e pela Norte Energia, e contou com o apoio da Vivo e da C\u00e2mara Oficial Espanhola de Com\u00e9rcio no Brasil. EFE<\/p>\n","protected":false},"excerpt":{"rendered":"<p>S\u00e3o Paulo (EFE) &#8211; O Brasil est\u00e1 incentivando as empresas nacionais a incorporarem os princ\u00edpios da sustentabilidade em todas as suas atividades para facilitar sua expans\u00e3o internacional, segundo o representante [&hellip;]<\/p>\n","protected":false},"author":198164093,"featured_media":131371,"comment_status":"closed","ping_status":"closed","sticky":false,"template":"","format":"standard","meta":{"_acf_changed":false,"_jetpack_newsletter_access":"","_jetpack_dont_email_post_to_subs":false,"_jetpack_newsletter_tier_id":0,"_jetpack_memberships_contains_paywalled_content":false,"_jetpack_memberships_contains_paid_content":false,"footnotes":"","jetpack_post_was_ever_published":false},"categories":[123875,125405,128444,128439,125402],"tags":[126417,126797,126416],"class_list":["post-131369","post","type-post","status-publish","format-standard","has-post-thumbnail","hentry","category-economia-pt-pt","category-empresas-pt-pt","category-flev-3","category-flev-sustentabilidade","category-sustentabilidade","tag-economia-pt-pt","tag-meio-ambiente","tag-sustentabilidade"],"acf":[],"yoast_head":"<!-- This site is optimized with the Yoast SEO plugin v27.4 - https:\/\/yoast.com\/product\/yoast-seo-wordpress\/ -->\n<title>Brasil incentiva pr\u00e1ticas sustent\u00e1veis para promover internacionaliza\u00e7\u00e3o de empresas<\/title>\n<meta name=\"description\" content=\"S\u00e3o Paulo (EFE) - O Brasil est\u00e1 incentivando as empresas nacionais a incorporarem os princ\u00edpios da sustentabilidade em todas as suas atividades para\" \/>\n<meta name=\"robots\" content=\"index, follow, max-snippet:-1, max-image-preview:large, max-video-preview:-1\" \/>\n<link rel=\"canonical\" href=\"https:\/\/efecomunica.efe.com\/pt-pt\/brasil-incentiva-praticas-sustentaveis-para-promover-internacionalizacao-de-empresas\/\" \/>\n<!-- \/ Yoast SEO plugin. -->","yoast_head_json":{"title":"Brasil incentiva pr\u00e1ticas sustent\u00e1veis para promover internacionaliza\u00e7\u00e3o de empresas","description":"S\u00e3o Paulo (EFE) - O Brasil est\u00e1 incentivando as empresas nacionais a incorporarem os princ\u00edpios da sustentabilidade em todas as suas atividades para","robots":{"index":"index","follow":"follow","max-snippet":"max-snippet:-1","max-image-preview":"max-image-preview:large","max-video-preview":"max-video-preview:-1"},"canonical":"https:\/\/efecomunica.efe.com\/pt-pt\/brasil-incentiva-praticas-sustentaveis-para-promover-internacionalizacao-de-empresas\/","schema":{"@context":"https:\/\/schema.org","@graph":[{"@type":"Article","@id":"https:\/\/efecomunica.efe.com\/pt-pt\/brasil-incentiva-praticas-sustentaveis-para-promover-internacionalizacao-de-empresas\/#article","isPartOf":{"@id":"https:\/\/efecomunica.efe.com\/pt-pt\/brasil-incentiva-praticas-sustentaveis-para-promover-internacionalizacao-de-empresas\/"},"author":{"name":"Ana Paula Raposo Chain","@id":"https:\/\/efecomunica.efe.com\/#\/schema\/person\/c909104001020699b704e3df33fef431"},"headline":"Brasil incentiva pr\u00e1ticas sustent\u00e1veis para promover internacionaliza\u00e7\u00e3o de empresas","datePublished":"2024-10-04T21:20:42+00:00","dateModified":"2024-10-09T21:24:56+00:00","mainEntityOfPage":{"@id":"https:\/\/efecomunica.efe.com\/pt-pt\/brasil-incentiva-praticas-sustentaveis-para-promover-internacionalizacao-de-empresas\/"},"wordCount":481,"publisher":{"@id":"https:\/\/efecomunica.efe.com\/#organization"},"image":{"@id":"https:\/\/efecomunica.efe.com\/pt-pt\/brasil-incentiva-praticas-sustentaveis-para-promover-internacionalizacao-de-empresas\/#primaryimage"},"thumbnailUrl":"https:\/\/efecomunica.efe.com\/wp-content\/uploads\/2024\/10\/cc8df5c420dba5e0a921341934b50fa9bd2c5761w.jpg","keywords":["econom\u00eda","meio ambiente","sustentabilidade"],"articleSection":["Economia","Empresas","FLEV","FLEV","Sustentabilidade"],"inLanguage":"pt-PT"},{"@type":"WebPage","@id":"https:\/\/efecomunica.efe.com\/pt-pt\/brasil-incentiva-praticas-sustentaveis-para-promover-internacionalizacao-de-empresas\/","url":"https:\/\/efecomunica.efe.com\/pt-pt\/brasil-incentiva-praticas-sustentaveis-para-promover-internacionalizacao-de-empresas\/","name":"Brasil incentiva pr\u00e1ticas sustent\u00e1veis para promover internacionaliza\u00e7\u00e3o de empresas","isPartOf":{"@id":"https:\/\/efecomunica.efe.com\/#website"},"primaryImageOfPage":{"@id":"https:\/\/efecomunica.efe.com\/pt-pt\/brasil-incentiva-praticas-sustentaveis-para-promover-internacionalizacao-de-empresas\/#primaryimage"},"image":{"@id":"https:\/\/efecomunica.efe.com\/pt-pt\/brasil-incentiva-praticas-sustentaveis-para-promover-internacionalizacao-de-empresas\/#primaryimage"},"thumbnailUrl":"https:\/\/efecomunica.efe.com\/wp-content\/uploads\/2024\/10\/cc8df5c420dba5e0a921341934b50fa9bd2c5761w.jpg","datePublished":"2024-10-04T21:20:42+00:00","dateModified":"2024-10-09T21:24:56+00:00","description":"S\u00e3o Paulo (EFE) - O Brasil est\u00e1 incentivando as empresas nacionais a incorporarem os princ\u00edpios da sustentabilidade em todas as suas atividades para","breadcrumb":{"@id":"https:\/\/efecomunica.efe.com\/pt-pt\/brasil-incentiva-praticas-sustentaveis-para-promover-internacionalizacao-de-empresas\/#breadcrumb"},"inLanguage":"pt-PT","potentialAction":[{"@type":"ReadAction","target":["https:\/\/efecomunica.efe.com\/pt-pt\/brasil-incentiva-praticas-sustentaveis-para-promover-internacionalizacao-de-empresas\/"]}]},{"@type":"ImageObject","inLanguage":"pt-PT","@id":"https:\/\/efecomunica.efe.com\/pt-pt\/brasil-incentiva-praticas-sustentaveis-para-promover-internacionalizacao-de-empresas\/#primaryimage","url":"https:\/\/efecomunica.efe.com\/wp-content\/uploads\/2024\/10\/cc8df5c420dba5e0a921341934b50fa9bd2c5761w.jpg","contentUrl":"https:\/\/efecomunica.efe.com\/wp-content\/uploads\/2024\/10\/cc8df5c420dba5e0a921341934b50fa9bd2c5761w.jpg","width":1920,"height":1280},{"@type":"BreadcrumbList","@id":"https:\/\/efecomunica.efe.com\/pt-pt\/brasil-incentiva-praticas-sustentaveis-para-promover-internacionalizacao-de-empresas\/#breadcrumb","itemListElement":[{"@type":"ListItem","position":1,"name":"Portada","item":"https:\/\/efecomunica.efe.com\/pt-pt\/"},{"@type":"ListItem","position":2,"name":"Brasil incentiva pr\u00e1ticas sustent\u00e1veis para promover internacionaliza\u00e7\u00e3o de empresas"}]},{"@type":"WebSite","@id":"https:\/\/efecomunica.efe.com\/#website","url":"https:\/\/efecomunica.efe.com\/","name":"EFE Comunica","description":"Contenidos para empresas","publisher":{"@id":"https:\/\/efecomunica.efe.com\/#organization"},"potentialAction":[{"@type":"SearchAction","target":{"@type":"EntryPoint","urlTemplate":"https:\/\/efecomunica.efe.com\/?s={search_term_string}"},"query-input":{"@type":"PropertyValueSpecification","valueRequired":true,"valueName":"search_term_string"}}],"inLanguage":"pt-PT"},{"@type":"Organization","@id":"https:\/\/efecomunica.efe.com\/#organization","name":"EFE Comunica","url":"https:\/\/efecomunica.efe.com\/","logo":{"@type":"ImageObject","inLanguage":"pt-PT","@id":"https:\/\/efecomunica.efe.com\/#\/schema\/logo\/image\/","url":"https:\/\/efecomunica.efe.com\/wp-content\/uploads\/2020\/12\/Logo-EFE-Comunica_png.png","contentUrl":"https:\/\/efecomunica.efe.com\/wp-content\/uploads\/2020\/12\/Logo-EFE-Comunica_png.png","width":1080,"height":486,"caption":"EFE Comunica"},"image":{"@id":"https:\/\/efecomunica.efe.com\/#\/schema\/logo\/image\/"},"sameAs":["https:\/\/www.facebook.com\/EFEComunicaAgenciaEFE","https:\/\/x.com\/EFEcomunica","https:\/\/www.linkedin.com\/showcase\/efecomunica"]},{"@type":"Person","@id":"https:\/\/efecomunica.efe.com\/#\/schema\/person\/c909104001020699b704e3df33fef431","name":"Ana Paula Raposo Chain","image":{"@type":"ImageObject","inLanguage":"pt-PT","@id":"https:\/\/secure.gravatar.com\/avatar\/fdb673c87ee0b2e7929d64a955445cfbf4bfc5af80baee97082d08a440db678f?s=96&d=identicon&r=g","url":"https:\/\/secure.gravatar.com\/avatar\/fdb673c87ee0b2e7929d64a955445cfbf4bfc5af80baee97082d08a440db678f?s=96&d=identicon&r=g","contentUrl":"https:\/\/secure.gravatar.com\/avatar\/fdb673c87ee0b2e7929d64a955445cfbf4bfc5af80baee97082d08a440db678f?s=96&d=identicon&r=g","caption":"Ana Paula Raposo Chain"},"url":"https:\/\/efecomunica.efe.com\/pt-pt\/author\/achain\/"}]}},"jetpack_featured_media_url":"https:\/\/efecomunica.efe.com\/wp-content\/uploads\/2024\/10\/cc8df5c420dba5e0a921341934b50fa9bd2c5761w.jpg","jetpack_likes_enabled":true,"jetpack_shortlink":"https:\/\/wp.me\/pcEg1r-yaR","jetpack_sharing_enabled":true,"_links":{"self":[{"href":"https:\/\/efecomunica.efe.com\/pt-pt\/wp-json\/wp\/v2\/posts\/131369","targetHints":{"allow":["GET"]}}],"collection":[{"href":"https:\/\/efecomunica.efe.com\/pt-pt\/wp-json\/wp\/v2\/posts"}],"about":[{"href":"https:\/\/efecomunica.efe.com\/pt-pt\/wp-json\/wp\/v2\/types\/post"}],"author":[{"embeddable":true,"href":"https:\/\/efecomunica.efe.com\/pt-pt\/wp-json\/wp\/v2\/users\/198164093"}],"replies":[{"embeddable":true,"href":"https:\/\/efecomunica.efe.com\/pt-pt\/wp-json\/wp\/v2\/comments?post=131369"}],"version-history":[{"count":2,"href":"https:\/\/efecomunica.efe.com\/pt-pt\/wp-json\/wp\/v2\/posts\/131369\/revisions"}],"predecessor-version":[{"id":131372,"href":"https:\/\/efecomunica.efe.com\/pt-pt\/wp-json\/wp\/v2\/posts\/131369\/revisions\/131372"}],"wp:featuredmedia":[{"embeddable":true,"href":"https:\/\/efecomunica.efe.com\/pt-pt\/wp-json\/wp\/v2\/media\/131371"}],"wp:attachment":[{"href":"https:\/\/efecomunica.efe.com\/pt-pt\/wp-json\/wp\/v2\/media?parent=131369"}],"wp:term":[{"taxonomy":"category","embeddable":true,"href":"https:\/\/efecomunica.efe.com\/pt-pt\/wp-json\/wp\/v2\/categories?post=131369"},{"taxonomy":"post_tag","embeddable":true,"href":"https:\/\/efecomunica.efe.com\/pt-pt\/wp-json\/wp\/v2\/tags?post=131369"}],"curies":[{"name":"wp","href":"https:\/\/api.w.org\/{rel}","templated":true}]}}