{"id":142730,"date":"2024-12-12T17:48:52","date_gmt":"2024-12-12T16:48:52","guid":{"rendered":"https:\/\/efecomunica.efe.com\/?p=142730"},"modified":"2024-12-12T17:50:57","modified_gmt":"2024-12-12T16:50:57","slug":"verao-na-argentina-destinos-imperdiveis-praias-aventura-e-paisagens-incriveis","status":"publish","type":"post","link":"https:\/\/efecomunica.efe.com\/pt-pt\/verao-na-argentina-destinos-imperdiveis-praias-aventura-e-paisagens-incriveis\/","title":{"rendered":"De Igua\u00e7u \u00e0 Patag\u00f4nia, conhe\u00e7a os destinos de ver\u00e3o da Argentina"},"content":{"rendered":"<p>A Argentina, reconhecida por sua riqueza natural e diversidade cultural, se destaca como um destino ideal para aproveitar o ver\u00e3o no hemisf\u00e9rio sul. Do norte ao sul do pa\u00eds, a na\u00e7\u00e3o oferece experi\u00eancias \u00fanicas, com op\u00e7\u00f5es para todos os gostos.<\/p>\n<p>Seja explorando os glaciares da Patag\u00f4nia, admirando as Cataratas do Igua\u00e7u, ou se entregando a momentos de relaxamento nas praias de Mar del Plata, a Argentina \u00e9 um lugar onde o turista encontra beleza, aventura e cultura. Al\u00e9m disso, a gastronomia local, famosa pela qualidade de seus vinhos e carnes, complementa essa experi\u00eancia inesquec\u00edvel.<\/p>\n<h3>Igua\u00e7u: Maravilha Natural<\/h3>\n<p>As Cataratas do Igua\u00e7u, uma das sete maravilhas naturais do mundo, s\u00e3o a principal atra\u00e7\u00e3o da prov\u00edncia de Misiones, localizada no norte da Argentina, na fronteira com o Brasil e o Paraguai. O Parque Nacional do Igua\u00e7u oferece uma s\u00e9rie de passeios, incluindo caminhadas e excurs\u00f5es de barco. Na cidade de Puerto Iguaz\u00fa, al\u00e9m do Marco das Tr\u00eas Fronteiras, \u00e9 poss\u00edvel explorar a rica gastronomia local, com destaque para os peixes da regi\u00e3o, como o pacu e o surubim.<\/p>\n<h3>Mendoza: Entre Vinhedos e Montanhas<\/h3>\n<p>Aos p\u00e9s da Cordilheira dos Andes, Mendoza combina paisagens montanhosas com a renomada tradi\u00e7\u00e3o vin\u00edcola do pa\u00eds. As regi\u00f5es de Luj\u00e1n de Cuyo, Maip\u00fa e o Vale de Uco s\u00e3o famosas mundialmente pela produ\u00e7\u00e3o de vinhos de excelente qualidade. Mendoza tamb\u00e9m \u00e9 conhecida por sua cena gastron\u00f4mica vibrante, com restaurantes premiados e uma combina\u00e7\u00e3o perfeita entre pratos t\u00edpicos e vinhos excepcionais.<\/p>\n<h3>Bariloche: Montanhas e Lagos<\/h3>\n<p>Localizada na regi\u00e3o dos Lagos Andinos, Bariloche \u00e9 famosa por suas paisagens montanhosas e seus lagos cristalinos. Durante o ver\u00e3o, a cidade oferece atividades como caminhadas, passeios de barco e degusta\u00e7\u00e3o de chocolates artesanais. Al\u00e9m disso, a cidade \u00e9 um excelente destino para os amantes do turismo de aventura, com op\u00e7\u00f5es de tirolesa, caiaque e outras atividades ao ar livre.<\/p>\n<h3>El Calafate: Glaciares e Aventura<\/h3>\n<p>No sul da Argentina, El Calafate \u00e9 a porta de entrada para o Parque Nacional Los Glaciares, onde se encontra o imponente glaciar Perito Moreno. Al\u00e9m de caminhar pelas passarelas que oferecem vistas deslumbrantes, \u00e9 poss\u00edvel fazer passeios de barco pelos lagos da regi\u00e3o e conhecer outros glaciares, como o Upsala e o Spegazzini. Perto dali, em El Chalt\u00e9n, a capital nacional do trekking, est\u00e3o algumas das trilhas mais incr\u00edveis da Argentina, como a que leva \u00e0 Laguna de los Tres.<\/p>\n<h3>Ushuaia: No Fim do Mundo<\/h3>\n<p>Ushuaia, localizada no extremo sul da Argentina, \u00e9 conhecida como a cidade do \u201cFim do Mundo\u201d. No ver\u00e3o, seus dias longos e ensolarados s\u00e3o perfeitos para explorar o Parque Nacional da Terra do Fogo, al\u00e9m de passeios de barco pelo Canal de Beagle e visitas \u00e0 Ilha dos Pinguins. Ushuaia tamb\u00e9m \u00e9 a porta de entrada para a Ant\u00e1rtida, com cruzeiros que partem durante a temporada de ver\u00e3o.<\/p>\n","protected":false},"excerpt":{"rendered":"<p>A Argentina, reconhecida por sua riqueza natural e diversidade cultural, se destaca como um destino ideal para aproveitar o ver\u00e3o no hemisf\u00e9rio sul. Do norte ao sul do pa\u00eds, a [&hellip;]<\/p>\n","protected":false},"author":198164093,"featured_media":142727,"comment_status":"closed","ping_status":"closed","sticky":false,"template":"","format":"standard","meta":{"_acf_changed":false,"_jetpack_newsletter_access":"","_jetpack_dont_email_post_to_subs":false,"_jetpack_newsletter_tier_id":0,"_jetpack_memberships_contains_paywalled_content":false,"_jetpack_memberships_contains_paid_content":false,"footnotes":"","jetpack_post_was_ever_published":false},"categories":[125404],"tags":[126106,126444,128478],"class_list":["post-142730","post","type-post","status-publish","format-standard","has-post-thumbnail","hentry","category-turismo-pt-pt","tag-argentina-pt-pt","tag-turismo-pt-pt","tag-verao"],"acf":[],"yoast_head":"<!-- This site is optimized with the Yoast SEO plugin v27.5 - https:\/\/yoast.com\/product\/yoast-seo-wordpress\/ -->\n<title>Argentina, um destino de ver\u00e3o imperd\u00edvel<\/title>\n<meta name=\"description\" content=\"A Argentina, reconhecida por sua riqueza natural e diversidade cultural, se destaca como um destino ideal para aproveitar o ver\u00e3o no hemisf\u00e9rio sul. Do\" \/>\n<meta name=\"robots\" content=\"index, follow, max-snippet:-1, max-image-preview:large, max-video-preview:-1\" \/>\n<link rel=\"canonical\" href=\"https:\/\/efecomunica.efe.com\/pt-pt\/verao-na-argentina-destinos-imperdiveis-praias-aventura-e-paisagens-incriveis\/\" \/>\n<!-- \/ Yoast SEO plugin. -->","yoast_head_json":{"title":"Argentina, um destino de ver\u00e3o imperd\u00edvel","description":"A Argentina, reconhecida por sua riqueza natural e diversidade cultural, se destaca como um destino ideal para aproveitar o ver\u00e3o no hemisf\u00e9rio sul. Do","robots":{"index":"index","follow":"follow","max-snippet":"max-snippet:-1","max-image-preview":"max-image-preview:large","max-video-preview":"max-video-preview:-1"},"canonical":"https:\/\/efecomunica.efe.com\/pt-pt\/verao-na-argentina-destinos-imperdiveis-praias-aventura-e-paisagens-incriveis\/","schema":{"@context":"https:\/\/schema.org","@graph":[{"@type":"Article","@id":"https:\/\/efecomunica.efe.com\/pt-pt\/verao-na-argentina-destinos-imperdiveis-praias-aventura-e-paisagens-incriveis\/#article","isPartOf":{"@id":"https:\/\/efecomunica.efe.com\/pt-pt\/verao-na-argentina-destinos-imperdiveis-praias-aventura-e-paisagens-incriveis\/"},"author":{"name":"Ana Paula Raposo Chain","@id":"https:\/\/efecomunica.efe.com\/#\/schema\/person\/c909104001020699b704e3df33fef431"},"headline":"De Igua\u00e7u \u00e0 Patag\u00f4nia, conhe\u00e7a os destinos de ver\u00e3o da Argentina","datePublished":"2024-12-12T16:48:52+00:00","dateModified":"2024-12-12T16:50:57+00:00","mainEntityOfPage":{"@id":"https:\/\/efecomunica.efe.com\/pt-pt\/verao-na-argentina-destinos-imperdiveis-praias-aventura-e-paisagens-incriveis\/"},"wordCount":520,"publisher":{"@id":"https:\/\/efecomunica.efe.com\/#organization"},"image":{"@id":"https:\/\/efecomunica.efe.com\/pt-pt\/verao-na-argentina-destinos-imperdiveis-praias-aventura-e-paisagens-incriveis\/#primaryimage"},"thumbnailUrl":"https:\/\/efecomunica.efe.com\/wp-content\/uploads\/2024\/12\/rss-efee7cdc16e1a9c6ca9e73b56e9b0dee9c1158edda3w-1.jpg","keywords":["Argentina","turismo","ver\u00e3o"],"articleSection":["Turismo"],"inLanguage":"pt-PT"},{"@type":"WebPage","@id":"https:\/\/efecomunica.efe.com\/pt-pt\/verao-na-argentina-destinos-imperdiveis-praias-aventura-e-paisagens-incriveis\/","url":"https:\/\/efecomunica.efe.com\/pt-pt\/verao-na-argentina-destinos-imperdiveis-praias-aventura-e-paisagens-incriveis\/","name":"Argentina, um destino de ver\u00e3o imperd\u00edvel","isPartOf":{"@id":"https:\/\/efecomunica.efe.com\/#website"},"primaryImageOfPage":{"@id":"https:\/\/efecomunica.efe.com\/pt-pt\/verao-na-argentina-destinos-imperdiveis-praias-aventura-e-paisagens-incriveis\/#primaryimage"},"image":{"@id":"https:\/\/efecomunica.efe.com\/pt-pt\/verao-na-argentina-destinos-imperdiveis-praias-aventura-e-paisagens-incriveis\/#primaryimage"},"thumbnailUrl":"https:\/\/efecomunica.efe.com\/wp-content\/uploads\/2024\/12\/rss-efee7cdc16e1a9c6ca9e73b56e9b0dee9c1158edda3w-1.jpg","datePublished":"2024-12-12T16:48:52+00:00","dateModified":"2024-12-12T16:50:57+00:00","description":"A Argentina, reconhecida por sua riqueza natural e diversidade cultural, se destaca como um destino ideal para aproveitar o ver\u00e3o no hemisf\u00e9rio sul. Do","breadcrumb":{"@id":"https:\/\/efecomunica.efe.com\/pt-pt\/verao-na-argentina-destinos-imperdiveis-praias-aventura-e-paisagens-incriveis\/#breadcrumb"},"inLanguage":"pt-PT","potentialAction":[{"@type":"ReadAction","target":["https:\/\/efecomunica.efe.com\/pt-pt\/verao-na-argentina-destinos-imperdiveis-praias-aventura-e-paisagens-incriveis\/"]}]},{"@type":"ImageObject","inLanguage":"pt-PT","@id":"https:\/\/efecomunica.efe.com\/pt-pt\/verao-na-argentina-destinos-imperdiveis-praias-aventura-e-paisagens-incriveis\/#primaryimage","url":"https:\/\/efecomunica.efe.com\/wp-content\/uploads\/2024\/12\/rss-efee7cdc16e1a9c6ca9e73b56e9b0dee9c1158edda3w-1.jpg","contentUrl":"https:\/\/efecomunica.efe.com\/wp-content\/uploads\/2024\/12\/rss-efee7cdc16e1a9c6ca9e73b56e9b0dee9c1158edda3w-1.jpg","width":1280,"height":1920,"caption":"Cataratas do Igua\u00e7u. EFE\/ Visit Argentina"},{"@type":"BreadcrumbList","@id":"https:\/\/efecomunica.efe.com\/pt-pt\/verao-na-argentina-destinos-imperdiveis-praias-aventura-e-paisagens-incriveis\/#breadcrumb","itemListElement":[{"@type":"ListItem","position":1,"name":"Portada","item":"https:\/\/efecomunica.efe.com\/pt-pt\/"},{"@type":"ListItem","position":2,"name":"De Igua\u00e7u \u00e0 Patag\u00f4nia, conhe\u00e7a os destinos de ver\u00e3o da Argentina"}]},{"@type":"WebSite","@id":"https:\/\/efecomunica.efe.com\/#website","url":"https:\/\/efecomunica.efe.com\/","name":"EFE Comunica","description":"Contenidos para empresas","publisher":{"@id":"https:\/\/efecomunica.efe.com\/#organization"},"potentialAction":[{"@type":"SearchAction","target":{"@type":"EntryPoint","urlTemplate":"https:\/\/efecomunica.efe.com\/?s={search_term_string}"},"query-input":{"@type":"PropertyValueSpecification","valueRequired":true,"valueName":"search_term_string"}}],"inLanguage":"pt-PT"},{"@type":"Organization","@id":"https:\/\/efecomunica.efe.com\/#organization","name":"EFE Comunica","url":"https:\/\/efecomunica.efe.com\/","logo":{"@type":"ImageObject","inLanguage":"pt-PT","@id":"https:\/\/efecomunica.efe.com\/#\/schema\/logo\/image\/","url":"https:\/\/efecomunica.efe.com\/wp-content\/uploads\/2020\/12\/Logo-EFE-Comunica_png.png","contentUrl":"https:\/\/efecomunica.efe.com\/wp-content\/uploads\/2020\/12\/Logo-EFE-Comunica_png.png","width":1080,"height":486,"caption":"EFE Comunica"},"image":{"@id":"https:\/\/efecomunica.efe.com\/#\/schema\/logo\/image\/"},"sameAs":["https:\/\/www.facebook.com\/EFEComunicaAgenciaEFE","https:\/\/x.com\/EFEcomunica","https:\/\/www.linkedin.com\/showcase\/efecomunica"]},{"@type":"Person","@id":"https:\/\/efecomunica.efe.com\/#\/schema\/person\/c909104001020699b704e3df33fef431","name":"Ana Paula Raposo Chain","image":{"@type":"ImageObject","inLanguage":"pt-PT","@id":"https:\/\/secure.gravatar.com\/avatar\/fdb673c87ee0b2e7929d64a955445cfbf4bfc5af80baee97082d08a440db678f?s=96&d=identicon&r=g","url":"https:\/\/secure.gravatar.com\/avatar\/fdb673c87ee0b2e7929d64a955445cfbf4bfc5af80baee97082d08a440db678f?s=96&d=identicon&r=g","contentUrl":"https:\/\/secure.gravatar.com\/avatar\/fdb673c87ee0b2e7929d64a955445cfbf4bfc5af80baee97082d08a440db678f?s=96&d=identicon&r=g","caption":"Ana Paula Raposo Chain"},"url":"https:\/\/efecomunica.efe.com\/pt-pt\/author\/achain\/"}]}},"jetpack_featured_media_url":"https:\/\/efecomunica.efe.com\/wp-content\/uploads\/2024\/12\/rss-efee7cdc16e1a9c6ca9e73b56e9b0dee9c1158edda3w-1.jpg","jetpack_likes_enabled":true,"jetpack_shortlink":"https:\/\/wp.me\/pcEg1r-B86","jetpack_sharing_enabled":true,"_links":{"self":[{"href":"https:\/\/efecomunica.efe.com\/pt-pt\/wp-json\/wp\/v2\/posts\/142730","targetHints":{"allow":["GET"]}}],"collection":[{"href":"https:\/\/efecomunica.efe.com\/pt-pt\/wp-json\/wp\/v2\/posts"}],"about":[{"href":"https:\/\/efecomunica.efe.com\/pt-pt\/wp-json\/wp\/v2\/types\/post"}],"author":[{"embeddable":true,"href":"https:\/\/efecomunica.efe.com\/pt-pt\/wp-json\/wp\/v2\/users\/198164093"}],"replies":[{"embeddable":true,"href":"https:\/\/efecomunica.efe.com\/pt-pt\/wp-json\/wp\/v2\/comments?post=142730"}],"version-history":[{"count":4,"href":"https:\/\/efecomunica.efe.com\/pt-pt\/wp-json\/wp\/v2\/posts\/142730\/revisions"}],"predecessor-version":[{"id":142743,"href":"https:\/\/efecomunica.efe.com\/pt-pt\/wp-json\/wp\/v2\/posts\/142730\/revisions\/142743"}],"wp:featuredmedia":[{"embeddable":true,"href":"https:\/\/efecomunica.efe.com\/pt-pt\/wp-json\/wp\/v2\/media\/142727"}],"wp:attachment":[{"href":"https:\/\/efecomunica.efe.com\/pt-pt\/wp-json\/wp\/v2\/media?parent=142730"}],"wp:term":[{"taxonomy":"category","embeddable":true,"href":"https:\/\/efecomunica.efe.com\/pt-pt\/wp-json\/wp\/v2\/categories?post=142730"},{"taxonomy":"post_tag","embeddable":true,"href":"https:\/\/efecomunica.efe.com\/pt-pt\/wp-json\/wp\/v2\/tags?post=142730"}],"curies":[{"name":"wp","href":"https:\/\/api.w.org\/{rel}","templated":true}]}}