{"id":150995,"date":"2025-02-27T17:56:21","date_gmt":"2025-02-27T16:56:21","guid":{"rendered":"https:\/\/efecomunica.efe.com\/?p=150995"},"modified":"2025-02-27T17:56:21","modified_gmt":"2025-02-27T16:56:21","slug":"brasil-quer-conquistar-promissor-mercado-chines-com-cafe-sustentavel-e-de-qualidade","status":"publish","type":"post","link":"https:\/\/efecomunica.efe.com\/pt-pt\/brasil-quer-conquistar-promissor-mercado-chines-com-cafe-sustentavel-e-de-qualidade\/","title":{"rendered":"Brasil quer conquistar promissor mercado chin\u00eas com caf\u00e9 sustent\u00e1vel e de qualidade"},"content":{"rendered":"\r\n\r\nS\u00e3o Paulo (EFE). \u2013 O Brasil, l\u00edder mundial na produ\u00e7\u00e3o e exporta\u00e7\u00e3o de caf\u00e9, aposta na qualidade e na sustentabilidade do seu gr\u00e3o para continuar a aumentar as vendas ao exterior, e tamb\u00e9m para conquistar o promissor mercado da China, que j\u00e1 conta com mais de 300 milh\u00f5es de consumidores.\r\n\r\n \r\n\r\nDe acordo com o Conselho dos Exportadores de Caf\u00e9 do Brasil (Cecaf\u00e9), entre os diferenciais do produto brasileiro, que compete principalmente com Vietn\u00e3, Col\u00f4mbia, Alemanha, Honduras e Eti\u00f3pia, est\u00e3o a credibilidade e a pontualidade na entrega, al\u00e9m da variedade e capacidade produtiva e tecnol\u00f3gica.\r\n\r\n \r\n\r\nDiante do crescimento do consumo e das vantagens que oferece, a Ag\u00eancia Brasileira de Promo\u00e7\u00e3o de Exporta\u00e7\u00f5es e Investimentos (ApexBrasil) estima que o mercado chin\u00eas pode oferecer aos produtores nacionais um potencial anual de gera\u00e7\u00e3o de neg\u00f3cios de US$ 886 milh\u00f5es, considerando caf\u00e9 verde e torrado.\r\n\r\n \r\n<h2 id=\"h-sustentabilidade-e-valor\" class=\"wp-block-heading\">Sustentabilidade e valor<\/h2>\r\n \r\n\r\nPara seguir crescendo em um mercado global cada vez mais preocupado pela conserva\u00e7\u00e3o do meio ambiente, um dos principais atrativos \u00e9 a produ\u00e7\u00e3o sustent\u00e1vel, segmento no qual o Brasil tamb\u00e9m \u00e9 l\u00edder mundial, segundo a Plataforma Global do Caf\u00e9.\r\n\r\n \r\n\r\nDe acordo com dados do Cecaf\u00e9, os chamados &#8220;caf\u00e9s diferenciados&#8221;, que possuem qualidade superior ou certifica\u00e7\u00f5es de pr\u00e1ticas sustent\u00e1veis, representaram 18,1% das exporta\u00e7\u00f5es totais brasileiras em 2024, com um crescimento de 31,2% em compara\u00e7\u00e3o com 2023.\r\n\r\n \r\n<blockquote class=\"wp-block-quote is-layout-flow wp-block-quote-is-layout-flow\">&#8220;Buscamos conectar a sustentabilidade, a cafeicultura regenerativa e o aspecto social do caf\u00e9 \u00e0s novas regras de mercado, com monitoramento (da produ\u00e7\u00e3o) e transpar\u00eancia&#8221;, afirmou o diretor-geral do Cecaf\u00e9, Marcos Matos, em entrevista \u00e0 Ag\u00eancia EFE.\r\n\r\n<\/blockquote>\r\n \r\n\r\nMatos acrescentou que o cultivo de caf\u00e9 \u00e9 uma atividade que consome mais carbono do que produz, e que os resultados s\u00e3o ainda melhores quando os produtores implementam pr\u00e1ticas sustent\u00e1veis.\r\n\r\n \r\n\r\nSegundo ele, boa parte dos cafeicultores desmata menos do que a meta estabelecida por lei, o que faz com que as regi\u00f5es produtoras de caf\u00e9 do Brasil possuam uma \u00e1rea preservada equivalente a 1,25 vezes o tamanho da Su\u00ed\u00e7a.\r\n\r\n \r\n\r\nAl\u00e9m disso, no quesito sustentabilidade, cabe destacar o papel do caf\u00e9 da Amaz\u00f4nia, que tem migrado para um modelo de cultivo tecnol\u00f3gico e sustent\u00e1vel, gerando renda para mais de 17.000 fam\u00edlias, segundo o\u00a0 gerente de Agroneg\u00f3cios da ApexBrasil, Laudemir Muller.\r\n\r\n \r\n<blockquote class=\"wp-block-quote is-layout-flow wp-block-quote-is-layout-flow\">&#8220;\u00c9 um produto compat\u00edvel com a floresta, que permite, em \u00e1reas degradadas, uma produ\u00e7\u00e3o com rastreabilidade, sustentabilidade e que gera renda e satisfa\u00e7\u00e3o para todos os produtores locais&#8221;, acrescentou Muller.\r\n\r\n<\/blockquote>\r\n \r\n\r\nNesse sentido, Matos afirmou que o fato de o caf\u00e9 brasileiro ser &#8220;diverso, de qualidade, sustent\u00e1vel, respeita os direitos humanos e possui condi\u00e7\u00f5es adequadas&#8221;, agrega valor ao produto e serve tamb\u00e9m para sensibilizar e gerar uma conex\u00e3o com os consumidores de todo o mundo.\r\n\r\n \r\n<h2 id=\"h-o-promissor-mercado-chines\" class=\"wp-block-heading\">O promissor mercado chin\u00eas<\/h2>\r\n \r\n\r\nOs Estados Unidos e a Alemanha foram os principais compradores do caf\u00e9 brasileiro, que alcan\u00e7ou a marca recorde de 50 milh\u00f5es de sacas de 60 kg em 2024.\r\n\r\n \r\n\r\nEmbora a China tenha aparecido apenas na 14\u00aa posi\u00e7\u00e3o, com 939.087 sacas, o Brasil j\u00e1 \u00e9 seu principal fornecedor e aposta, principalmente, no mercado de caf\u00e9 verde.\r\n\r\n \r\n\r\nSegundo a ApexBrasil, este segmento oferece oportunidades de mercado de manuten\u00e7\u00e3o de cerca de US$ 503,8 milh\u00f5es ao ano para o produto brasileiro.\r\n\r\n \r\n\r\nPor isso, a China \u00e9 um mercado priorit\u00e1rio para o projeto &#8220;Brazil, the Coffee Nation&#8221;, que busca fortalecer a imagem do pa\u00eds como \u201cna\u00e7\u00e3o do caf\u00e9\u201d no mercado internacional e criar oportunidades de neg\u00f3cios.\r\n\r\n \r\n\r\nA iniciativa \u00e9 desenvolvida pela ApexBrasil e pela Associa\u00e7\u00e3o Brasileira de Caf\u00e9s Especiais (BSCA), que representa um produto da mais alta qualidade e sustent\u00e1vel, que vem ganhando cada vez mais espa\u00e7o no mercado nacional e internacional, e que j\u00e1 \u00e9 muito popular na \u00c1sia.\r\n\r\n \r\n<h2 id=\"h-abertura-e-modernidade\" class=\"wp-block-heading\">Abertura e modernidade<\/h2>\r\n \r\n\r\nNa China, o consumo de caf\u00e9 \u00e9 recente, predominante entre jovens de maior n\u00edvel educacional, e est\u00e1 associado a &#8220;status&#8221;, a um estilo de vida &#8220;moderno e cosmopolita&#8221;, resultante da abertura econ\u00f4mica do pa\u00eds, que introduziu h\u00e1bitos ocidentais, segundo explicou \u00e0 EFE o diretor de conte\u00fado do Conselho Empresarial Brasil-China (CEBC), T\u00falio Cariello.\r\n\r\n \r\n\r\nPara conquistar esse p\u00fablico, grandes redes chinesas e estrangeiras investem em inova\u00e7\u00e3o e sabores populares, criando bebidas que misturam caf\u00e9 com ingredientes como \u00e1gua de coco e laranja.\r\n\r\n \r\n\r\nCom perfis sensoriais diversos, com destaque para os florais e fermentados, que lembram os ch\u00e1s amplamente consumidos no pa\u00eds, o caf\u00e9 especial tamb\u00e9m est\u00e1 ganhando espa\u00e7o, disse \u00e0 EFE o diretor-executivo da BSCA, Vinicius Estrela.\r\n\r\n \r\n\r\nSegundo Estrela, o caf\u00e9 especial brasileiro, que domina 40% do mercado internacional, tamb\u00e9m &#8220;tem a fun\u00e7\u00e3o de romper barreiras, gerar uma nova percep\u00e7\u00e3o e atrair novos consumidores&#8221;.\r\n\r\n \r\n<blockquote class=\"wp-block-quote is-layout-flow wp-block-quote-is-layout-flow\">&#8220;O consumidor chin\u00eas est\u00e1 experimentando esses caf\u00e9s e os est\u00e1 descobrindo. \u00c9 f\u00e1cil fazer a transi\u00e7\u00e3o do ch\u00e1 para o caf\u00e9, pois s\u00e3o bebidas com sensa\u00e7\u00f5es semelhantes&#8221;, acrescentou Estrela.\r\n\r\n<\/blockquote>\r\n \r\n<h2 id=\"h-acordo-milionario\" class=\"wp-block-heading\">Acordo milion\u00e1rio<\/h2>\r\n \r\n\r\nUm dos sinais da tend\u00eancia de crescimento do mercado chin\u00eas \u00e9 o acordo com a rede local de cafeterias Luckin Coffee, articulado pela ApexBrasil e pelo Minist\u00e9rio do Desenvolvimento, Ind\u00fastria, Com\u00e9rcio e Servi\u00e7os.\r\n\r\n \r\n\r\nAssinado em 2024, o acordo prev\u00ea a compra de 240.000 toneladas de caf\u00e9 entre 2025 e 2029, em um valor recorde estimado em US$ 2,5 bilh\u00f5es.\r\n\r\n \r\n\r\n&#8220;Eles t\u00eam a vis\u00e3o de que o consumo continuar\u00e1 crescendo e, para garantir o fornecimento, \u00e9 essencial uma proximidade com a maior fonte, que \u00e9 o Brasil&#8221;, comentou Matos.\r\n\r\n \r\n\r\nPor sua vez, Estrela acrescentou que estabelecer uma rela\u00e7\u00e3o s\u00f3lida com os produtores brasileiros reduz a exposi\u00e7\u00e3o da empresa \u00e0s oscila\u00e7\u00f5es de pre\u00e7os na bolsa de valores.\r\n\r\n \r\n<blockquote class=\"wp-block-quote is-layout-flow wp-block-quote-is-layout-flow\">&#8220;Construir essa rela\u00e7\u00e3o com o mercado brasileiro \u00e9 estrat\u00e9gico para o crescimento e a internacionaliza\u00e7\u00e3o da Luckin Coffee e, para n\u00f3s, essa via de m\u00e3o dupla \u00e9 muito positiva&#8221;, acrescentou.\r\n\r\n<\/blockquote>\r\n \r\n\r\nSegundo o executivo da BSCA, o reconhecimento do caf\u00e9 brasileiro no mercado internacional \u00e9 importante para o aumento das exporta\u00e7\u00f5es, mas tamb\u00e9m para que o produto seja mais valorizado no mercado interno.\r\n\r\n \r\n\r\n&#8220;Meu sonho \u00e9 que os brasileiros possam se reconectar e sentir orgulho do caf\u00e9 que produzimos, e este \u00e9 um caminho importante para isso&#8221;, concluiu Estrela. EFE\r\n\r\n","protected":false},"excerpt":{"rendered":"<p>S\u00e3o Paulo (EFE). \u2013 O Brasil, l\u00edder mundial na produ\u00e7\u00e3o e exporta\u00e7\u00e3o de caf\u00e9, aposta na qualidade e na sustentabilidade do seu gr\u00e3o para continuar a aumentar as vendas ao [&hellip;]<\/p>\n","protected":false},"author":198164093,"featured_media":150997,"comment_status":"closed","ping_status":"closed","sticky":false,"template":"","format":"standard","meta":{"_acf_changed":false,"_jetpack_newsletter_access":"","_jetpack_dont_email_post_to_subs":false,"_jetpack_newsletter_tier_id":0,"_jetpack_memberships_contains_paywalled_content":false,"_jetpack_memberships_contains_paid_content":false,"footnotes":"","jetpack_post_was_ever_published":false},"categories":[123875,125402],"tags":[126695,128493,127448,126417,126416],"class_list":["post-150995","post","type-post","status-publish","format-standard","has-post-thumbnail","hentry","category-economia-pt-pt","category-sustentabilidade","tag-brasil-pt-pt","tag-cafe-pt-pt","tag-china-pt-pt","tag-economia-pt-pt","tag-sustentabilidade"],"acf":[],"yoast_head":"<!-- This site is optimized with the Yoast SEO plugin v27.5 - https:\/\/yoast.com\/product\/yoast-seo-wordpress\/ -->\n<title>Brasil quer conquistar promissor mercado chin\u00eas com caf\u00e9 sustent\u00e1vel e de qualidade<\/title>\n<meta name=\"description\" content=\"S\u00e3o Paulo (EFE). \u2013 O Brasil, l\u00edder mundial na produ\u00e7\u00e3o e exporta\u00e7\u00e3o de caf\u00e9, aposta na qualidade e na sustentabilidade do seu gr\u00e3o para continuar a\" \/>\n<meta name=\"robots\" content=\"index, follow, max-snippet:-1, max-image-preview:large, max-video-preview:-1\" \/>\n<link rel=\"canonical\" href=\"https:\/\/efecomunica.efe.com\/pt-pt\/brasil-quer-conquistar-promissor-mercado-chines-com-cafe-sustentavel-e-de-qualidade\/\" \/>\n<!-- \/ Yoast SEO plugin. -->","yoast_head_json":{"title":"Brasil quer conquistar promissor mercado chin\u00eas com caf\u00e9 sustent\u00e1vel e de qualidade","description":"S\u00e3o Paulo (EFE). \u2013 O Brasil, l\u00edder mundial na produ\u00e7\u00e3o e exporta\u00e7\u00e3o de caf\u00e9, aposta na qualidade e na sustentabilidade do seu gr\u00e3o para continuar a","robots":{"index":"index","follow":"follow","max-snippet":"max-snippet:-1","max-image-preview":"max-image-preview:large","max-video-preview":"max-video-preview:-1"},"canonical":"https:\/\/efecomunica.efe.com\/pt-pt\/brasil-quer-conquistar-promissor-mercado-chines-com-cafe-sustentavel-e-de-qualidade\/","schema":{"@context":"https:\/\/schema.org","@graph":[{"@type":"Article","@id":"https:\/\/efecomunica.efe.com\/pt-pt\/brasil-quer-conquistar-promissor-mercado-chines-com-cafe-sustentavel-e-de-qualidade\/#article","isPartOf":{"@id":"https:\/\/efecomunica.efe.com\/pt-pt\/brasil-quer-conquistar-promissor-mercado-chines-com-cafe-sustentavel-e-de-qualidade\/"},"author":{"name":"Ana Paula Raposo Chain","@id":"https:\/\/efecomunica.efe.com\/#\/schema\/person\/c909104001020699b704e3df33fef431"},"headline":"Brasil quer conquistar promissor mercado chin\u00eas com caf\u00e9 sustent\u00e1vel e de qualidade","datePublished":"2025-02-27T16:56:21+00:00","mainEntityOfPage":{"@id":"https:\/\/efecomunica.efe.com\/pt-pt\/brasil-quer-conquistar-promissor-mercado-chines-com-cafe-sustentavel-e-de-qualidade\/"},"wordCount":1058,"publisher":{"@id":"https:\/\/efecomunica.efe.com\/#organization"},"image":{"@id":"https:\/\/efecomunica.efe.com\/pt-pt\/brasil-quer-conquistar-promissor-mercado-chines-com-cafe-sustentavel-e-de-qualidade\/#primaryimage"},"thumbnailUrl":"https:\/\/efecomunica.efe.com\/wp-content\/uploads\/2025\/02\/rss-efee69794c23d134e8e8f354dca7b7c06ccf53fbacfw-1536x1024-1.webp","keywords":["brasil","caf\u00e9","China","econom\u00eda","sustentabilidade"],"articleSection":["Economia","Sustentabilidade"],"inLanguage":"pt-PT"},{"@type":"WebPage","@id":"https:\/\/efecomunica.efe.com\/pt-pt\/brasil-quer-conquistar-promissor-mercado-chines-com-cafe-sustentavel-e-de-qualidade\/","url":"https:\/\/efecomunica.efe.com\/pt-pt\/brasil-quer-conquistar-promissor-mercado-chines-com-cafe-sustentavel-e-de-qualidade\/","name":"Brasil quer conquistar promissor mercado chin\u00eas com caf\u00e9 sustent\u00e1vel e de qualidade","isPartOf":{"@id":"https:\/\/efecomunica.efe.com\/#website"},"primaryImageOfPage":{"@id":"https:\/\/efecomunica.efe.com\/pt-pt\/brasil-quer-conquistar-promissor-mercado-chines-com-cafe-sustentavel-e-de-qualidade\/#primaryimage"},"image":{"@id":"https:\/\/efecomunica.efe.com\/pt-pt\/brasil-quer-conquistar-promissor-mercado-chines-com-cafe-sustentavel-e-de-qualidade\/#primaryimage"},"thumbnailUrl":"https:\/\/efecomunica.efe.com\/wp-content\/uploads\/2025\/02\/rss-efee69794c23d134e8e8f354dca7b7c06ccf53fbacfw-1536x1024-1.webp","datePublished":"2025-02-27T16:56:21+00:00","description":"S\u00e3o Paulo (EFE). \u2013 O Brasil, l\u00edder mundial na produ\u00e7\u00e3o e exporta\u00e7\u00e3o de caf\u00e9, aposta na qualidade e na sustentabilidade do seu gr\u00e3o para continuar a","breadcrumb":{"@id":"https:\/\/efecomunica.efe.com\/pt-pt\/brasil-quer-conquistar-promissor-mercado-chines-com-cafe-sustentavel-e-de-qualidade\/#breadcrumb"},"inLanguage":"pt-PT","potentialAction":[{"@type":"ReadAction","target":["https:\/\/efecomunica.efe.com\/pt-pt\/brasil-quer-conquistar-promissor-mercado-chines-com-cafe-sustentavel-e-de-qualidade\/"]}]},{"@type":"ImageObject","inLanguage":"pt-PT","@id":"https:\/\/efecomunica.efe.com\/pt-pt\/brasil-quer-conquistar-promissor-mercado-chines-com-cafe-sustentavel-e-de-qualidade\/#primaryimage","url":"https:\/\/efecomunica.efe.com\/wp-content\/uploads\/2025\/02\/rss-efee69794c23d134e8e8f354dca7b7c06ccf53fbacfw-1536x1024-1.webp","contentUrl":"https:\/\/efecomunica.efe.com\/wp-content\/uploads\/2025\/02\/rss-efee69794c23d134e8e8f354dca7b7c06ccf53fbacfw-1536x1024-1.webp","width":1536,"height":1024},{"@type":"BreadcrumbList","@id":"https:\/\/efecomunica.efe.com\/pt-pt\/brasil-quer-conquistar-promissor-mercado-chines-com-cafe-sustentavel-e-de-qualidade\/#breadcrumb","itemListElement":[{"@type":"ListItem","position":1,"name":"Portada","item":"https:\/\/efecomunica.efe.com\/pt-pt\/"},{"@type":"ListItem","position":2,"name":"Brasil quer conquistar promissor mercado chin\u00eas com caf\u00e9 sustent\u00e1vel e de qualidade"}]},{"@type":"WebSite","@id":"https:\/\/efecomunica.efe.com\/#website","url":"https:\/\/efecomunica.efe.com\/","name":"EFE Comunica","description":"Contenidos para empresas","publisher":{"@id":"https:\/\/efecomunica.efe.com\/#organization"},"potentialAction":[{"@type":"SearchAction","target":{"@type":"EntryPoint","urlTemplate":"https:\/\/efecomunica.efe.com\/?s={search_term_string}"},"query-input":{"@type":"PropertyValueSpecification","valueRequired":true,"valueName":"search_term_string"}}],"inLanguage":"pt-PT"},{"@type":"Organization","@id":"https:\/\/efecomunica.efe.com\/#organization","name":"EFE Comunica","url":"https:\/\/efecomunica.efe.com\/","logo":{"@type":"ImageObject","inLanguage":"pt-PT","@id":"https:\/\/efecomunica.efe.com\/#\/schema\/logo\/image\/","url":"https:\/\/efecomunica.efe.com\/wp-content\/uploads\/2020\/12\/Logo-EFE-Comunica_png.png","contentUrl":"https:\/\/efecomunica.efe.com\/wp-content\/uploads\/2020\/12\/Logo-EFE-Comunica_png.png","width":1080,"height":486,"caption":"EFE Comunica"},"image":{"@id":"https:\/\/efecomunica.efe.com\/#\/schema\/logo\/image\/"},"sameAs":["https:\/\/www.facebook.com\/EFEComunicaAgenciaEFE","https:\/\/x.com\/EFEcomunica","https:\/\/www.linkedin.com\/showcase\/efecomunica"]},{"@type":"Person","@id":"https:\/\/efecomunica.efe.com\/#\/schema\/person\/c909104001020699b704e3df33fef431","name":"Ana Paula Raposo Chain","image":{"@type":"ImageObject","inLanguage":"pt-PT","@id":"https:\/\/secure.gravatar.com\/avatar\/fdb673c87ee0b2e7929d64a955445cfbf4bfc5af80baee97082d08a440db678f?s=96&d=identicon&r=g","url":"https:\/\/secure.gravatar.com\/avatar\/fdb673c87ee0b2e7929d64a955445cfbf4bfc5af80baee97082d08a440db678f?s=96&d=identicon&r=g","contentUrl":"https:\/\/secure.gravatar.com\/avatar\/fdb673c87ee0b2e7929d64a955445cfbf4bfc5af80baee97082d08a440db678f?s=96&d=identicon&r=g","caption":"Ana Paula Raposo Chain"},"url":"https:\/\/efecomunica.efe.com\/pt-pt\/author\/achain\/"}]}},"jetpack_featured_media_url":"https:\/\/efecomunica.efe.com\/wp-content\/uploads\/2025\/02\/rss-efee69794c23d134e8e8f354dca7b7c06ccf53fbacfw-1536x1024-1.webp","jetpack_likes_enabled":true,"jetpack_shortlink":"https:\/\/wp.me\/pcEg1r-Dhp","jetpack_sharing_enabled":true,"_links":{"self":[{"href":"https:\/\/efecomunica.efe.com\/pt-pt\/wp-json\/wp\/v2\/posts\/150995","targetHints":{"allow":["GET"]}}],"collection":[{"href":"https:\/\/efecomunica.efe.com\/pt-pt\/wp-json\/wp\/v2\/posts"}],"about":[{"href":"https:\/\/efecomunica.efe.com\/pt-pt\/wp-json\/wp\/v2\/types\/post"}],"author":[{"embeddable":true,"href":"https:\/\/efecomunica.efe.com\/pt-pt\/wp-json\/wp\/v2\/users\/198164093"}],"replies":[{"embeddable":true,"href":"https:\/\/efecomunica.efe.com\/pt-pt\/wp-json\/wp\/v2\/comments?post=150995"}],"version-history":[{"count":2,"href":"https:\/\/efecomunica.efe.com\/pt-pt\/wp-json\/wp\/v2\/posts\/150995\/revisions"}],"predecessor-version":[{"id":150998,"href":"https:\/\/efecomunica.efe.com\/pt-pt\/wp-json\/wp\/v2\/posts\/150995\/revisions\/150998"}],"wp:featuredmedia":[{"embeddable":true,"href":"https:\/\/efecomunica.efe.com\/pt-pt\/wp-json\/wp\/v2\/media\/150997"}],"wp:attachment":[{"href":"https:\/\/efecomunica.efe.com\/pt-pt\/wp-json\/wp\/v2\/media?parent=150995"}],"wp:term":[{"taxonomy":"category","embeddable":true,"href":"https:\/\/efecomunica.efe.com\/pt-pt\/wp-json\/wp\/v2\/categories?post=150995"},{"taxonomy":"post_tag","embeddable":true,"href":"https:\/\/efecomunica.efe.com\/pt-pt\/wp-json\/wp\/v2\/tags?post=150995"}],"curies":[{"name":"wp","href":"https:\/\/api.w.org\/{rel}","templated":true}]}}