{"id":156210,"date":"2025-03-28T23:55:21","date_gmt":"2025-03-28T22:55:21","guid":{"rendered":"https:\/\/efecomunica.efe.com\/?p=156210"},"modified":"2025-03-29T02:33:50","modified_gmt":"2025-03-29T01:33:50","slug":"pedidosya-cria-um-centro-tecnologico-global-para-oferecer-solucoes-a-partir-da-america-latina","status":"publish","type":"post","link":"https:\/\/efecomunica.efe.com\/pt-pt\/pedidosya-cria-um-centro-tecnologico-global-para-oferecer-solucoes-a-partir-da-america-latina\/","title":{"rendered":"PedidosYa cria um centro tecnol\u00f3gico global para oferecer solu\u00e7\u00f5es a partir da Am\u00e9rica Latina"},"content":{"rendered":"<p class=\"\" data-start=\"95\" data-end=\"360\">A empresa latino-americana PedidosYa anunciou nesta sexta-feira a cria\u00e7\u00e3o de um centro tecnol\u00f3gico global com sede na regi\u00e3o, de onde desenvolver\u00e3o solu\u00e7\u00f5es digitais para plataformas de com\u00e9rcio eletr\u00f4nico em mercados ao redor do mundo.<\/p>\n<p class=\"\" data-start=\"362\" data-end=\"583\">A iniciativa faz parte de uma estrat\u00e9gia impulsionada pela sua matriz, a alem\u00e3 Delivery Hero, que escolheu a PedidosYa como seu novo Global Tech Hub, conforme informou a empresa de delivery e quick-commerce em comunicado.<\/p>\n<p class=\"\" data-start=\"585\" data-end=\"749\">A partir desse centro tecnol\u00f3gico global, ser\u00e3o projetados produtos e ferramentas que impactar\u00e3o 70 pa\u00edses e alcan\u00e7ar\u00e3o um mercado estimado de 2 bilh\u00f5es de pessoas.<\/p>\n<p class=\"\" data-start=\"751\" data-end=\"1103\">Com um investimento projetado de 87 milh\u00f5es de d\u00f3lares em 2025 para a \u00e1rea de tecnologia, o Global Tech Hub se concentrar\u00e1 no desenvolvimento de solu\u00e7\u00f5es avan\u00e7adas de personaliza\u00e7\u00e3o de promo\u00e7\u00f5es e ofertas para os usu\u00e1rios das 11 empresas que integram o ecossistema da Delivery Hero, com presen\u00e7a na \u00c1sia, Europa, Am\u00e9rica Latina, Oriente M\u00e9dio e \u00c1frica.<\/p>\n<blockquote>\n<p class=\"\" data-start=\"1105\" data-end=\"1539\">&#8220;\u00c9 uma grande honra desenvolver solu\u00e7\u00f5es para usu\u00e1rios ao redor do mundo e, ao mesmo tempo, um enorme desafio. Isso envolve considerar as diversas culturas e entender como \u00e9 a vida do consumidor em cada um dos diferentes cantos do planeta. Para agregar valor de forma eficaz, precisamos come\u00e7ar entendendo suas realidades e desenvolvendo o que eles realmente precisam&#8221;, explicou Leandro Malandrini, Chief Product Officer da PedidosYa.<\/p>\n<\/blockquote>\n<p class=\"\" data-start=\"1541\" data-end=\"1803\">Atualmente, a plataforma j\u00e1 aplica tecnologias de intelig\u00eancia artificial e &#8216;machine learning&#8217; para oferecer experi\u00eancias personalizadas a cada usu\u00e1rio, desde a sele\u00e7\u00e3o de produtos at\u00e9 promo\u00e7\u00f5es espec\u00edficas adaptadas ao hor\u00e1rio, localiza\u00e7\u00e3o e h\u00e1bitos de consumo.<\/p>\n<blockquote>\n<p class=\"\" data-start=\"1805\" data-end=\"2320\">&#8220;Esse conhecimento e tecnologia ser\u00e1 compartilhado com os 70 pa\u00edses que fazem parte da Delivery Hero, com o objetivo de tornar mais eficientes as estrat\u00e9gias de marketing e promo\u00e7\u00e3o, tanto para os comerciantes na aplica\u00e7\u00e3o quanto para as grandes marcas que veem na PedidosYa uma plataforma que permite alcan\u00e7ar seu p\u00fablico com grande precis\u00e3o no hor\u00e1rio, na \u00e1rea geogr\u00e1fica e no momento correto, evitando oferecer algo que n\u00e3o seja do seu interesse&#8221;, afirmou Juan Mart\u00edn Sotuyo, Chief Technology Officer da empresa.<\/p>\n<\/blockquote>\n<p class=\"\" data-start=\"2322\" data-end=\"2607\">PedidosYa, que opera em 15 pa\u00edses da Am\u00e9rica Latina e lidera o mercado de delivery e quick-commerce na regi\u00e3o, come\u00e7ou a operar como centro tecnol\u00f3gico em setembro do ano passado, com uma equipe composta por mais de 50 engenheiros e desenvolvedores radicados na Argentina e no Uruguai.<\/p>\n<p class=\"\" data-start=\"2609\" data-end=\"2765\">A inten\u00e7\u00e3o da Delivery Hero agora \u00e9 adaptar os desenvolvimentos obtidos pela equipe aos outros mercados em que est\u00e1 presente, come\u00e7ando pela Ar\u00e1bia Saudita.<\/p>\n<p class=\"\" data-start=\"2767\" data-end=\"3181\">&#8220;Para isso, os profissionais da PedidosYa tiveram que se adaptar ao idioma, \u00e0 idiossincrasia e ao fuso hor\u00e1rio de cada local, o que tem sido um grande desafio e uma enorme oportunidade para as equipes de Desenvolvimento, Dados, Produto e UX Experience&#8221;, detalhou a empresa, que busca com esse novo passo consolidar sua lideran\u00e7a regional e projetar sua capacidade de inova\u00e7\u00e3o tecnol\u00f3gica para o resto do mundo. EFE<\/p>\n","protected":false},"excerpt":{"rendered":"<p>A empresa latino-americana PedidosYa anunciou nesta sexta-feira a cria\u00e7\u00e3o de um centro tecnol\u00f3gico global com sede na regi\u00e3o, de onde desenvolver\u00e3o solu\u00e7\u00f5es digitais para plataformas de com\u00e9rcio eletr\u00f4nico em mercados [&hellip;]<\/p>\n","protected":false},"author":198164093,"featured_media":156214,"comment_status":"closed","ping_status":"closed","sticky":false,"template":"","format":"standard","meta":{"_acf_changed":false,"_jetpack_newsletter_access":"","_jetpack_dont_email_post_to_subs":false,"_jetpack_newsletter_tier_id":0,"_jetpack_memberships_contains_paywalled_content":false,"_jetpack_memberships_contains_paid_content":false,"footnotes":"","jetpack_post_was_ever_published":false},"categories":[123875,125405,125406],"tags":[126058,127434,125735],"class_list":["post-156210","post","type-post","status-publish","format-standard","has-post-thumbnail","hentry","category-economia-pt-pt","category-empresas-pt-pt","category-tendencias-pt-pt","tag-america-latina-pt-pt","tag-empresas-pt-pt","tag-tecnologia-pt-pt"],"acf":[],"yoast_head":"<!-- This site is optimized with the Yoast SEO plugin v27.5 - https:\/\/yoast.com\/product\/yoast-seo-wordpress\/ -->\n<title>PedidosYa cria um centro tecnol\u00f3gico global para oferecer solu\u00e7\u00f5es a partir da Am\u00e9rica Latina<\/title>\n<meta name=\"description\" content=\"A empresa latino-americana PedidosYa anunciou nesta sexta-feira a cria\u00e7\u00e3o de um centro tecnol\u00f3gico global com sede na regi\u00e3o, de onde desenvolver\u00e3o\" \/>\n<meta name=\"robots\" content=\"index, follow, max-snippet:-1, max-image-preview:large, max-video-preview:-1\" \/>\n<link rel=\"canonical\" href=\"https:\/\/efecomunica.efe.com\/pt-pt\/pedidosya-cria-um-centro-tecnologico-global-para-oferecer-solucoes-a-partir-da-america-latina\/\" \/>\n<!-- \/ Yoast SEO plugin. -->","yoast_head_json":{"title":"PedidosYa cria um centro tecnol\u00f3gico global para oferecer solu\u00e7\u00f5es a partir da Am\u00e9rica Latina","description":"A empresa latino-americana PedidosYa anunciou nesta sexta-feira a cria\u00e7\u00e3o de um centro tecnol\u00f3gico global com sede na regi\u00e3o, de onde desenvolver\u00e3o","robots":{"index":"index","follow":"follow","max-snippet":"max-snippet:-1","max-image-preview":"max-image-preview:large","max-video-preview":"max-video-preview:-1"},"canonical":"https:\/\/efecomunica.efe.com\/pt-pt\/pedidosya-cria-um-centro-tecnologico-global-para-oferecer-solucoes-a-partir-da-america-latina\/","schema":{"@context":"https:\/\/schema.org","@graph":[{"@type":"Article","@id":"https:\/\/efecomunica.efe.com\/pt-pt\/pedidosya-cria-um-centro-tecnologico-global-para-oferecer-solucoes-a-partir-da-america-latina\/#article","isPartOf":{"@id":"https:\/\/efecomunica.efe.com\/pt-pt\/pedidosya-cria-um-centro-tecnologico-global-para-oferecer-solucoes-a-partir-da-america-latina\/"},"author":{"name":"Ana Paula Raposo Chain","@id":"https:\/\/efecomunica.efe.com\/#\/schema\/person\/c909104001020699b704e3df33fef431"},"headline":"PedidosYa cria um centro tecnol\u00f3gico global para oferecer solu\u00e7\u00f5es a partir da Am\u00e9rica Latina","datePublished":"2025-03-28T22:55:21+00:00","dateModified":"2025-03-29T01:33:50+00:00","mainEntityOfPage":{"@id":"https:\/\/efecomunica.efe.com\/pt-pt\/pedidosya-cria-um-centro-tecnologico-global-para-oferecer-solucoes-a-partir-da-america-latina\/"},"wordCount":538,"publisher":{"@id":"https:\/\/efecomunica.efe.com\/#organization"},"image":{"@id":"https:\/\/efecomunica.efe.com\/pt-pt\/pedidosya-cria-um-centro-tecnologico-global-para-oferecer-solucoes-a-partir-da-america-latina\/#primaryimage"},"thumbnailUrl":"https:\/\/efecomunica.efe.com\/wp-content\/uploads\/2025\/03\/rss-efeda1268e22cdde3c6318014951e79c6da132285d0w-1536x1029-1.webp","keywords":["Am\u00e9rica Latina","empresas","tecnolog\u00eda"],"articleSection":["Economia","Empresas","Tend\u00eancias"],"inLanguage":"pt-PT"},{"@type":"WebPage","@id":"https:\/\/efecomunica.efe.com\/pt-pt\/pedidosya-cria-um-centro-tecnologico-global-para-oferecer-solucoes-a-partir-da-america-latina\/","url":"https:\/\/efecomunica.efe.com\/pt-pt\/pedidosya-cria-um-centro-tecnologico-global-para-oferecer-solucoes-a-partir-da-america-latina\/","name":"PedidosYa cria um centro tecnol\u00f3gico global para oferecer solu\u00e7\u00f5es a partir da Am\u00e9rica Latina","isPartOf":{"@id":"https:\/\/efecomunica.efe.com\/#website"},"primaryImageOfPage":{"@id":"https:\/\/efecomunica.efe.com\/pt-pt\/pedidosya-cria-um-centro-tecnologico-global-para-oferecer-solucoes-a-partir-da-america-latina\/#primaryimage"},"image":{"@id":"https:\/\/efecomunica.efe.com\/pt-pt\/pedidosya-cria-um-centro-tecnologico-global-para-oferecer-solucoes-a-partir-da-america-latina\/#primaryimage"},"thumbnailUrl":"https:\/\/efecomunica.efe.com\/wp-content\/uploads\/2025\/03\/rss-efeda1268e22cdde3c6318014951e79c6da132285d0w-1536x1029-1.webp","datePublished":"2025-03-28T22:55:21+00:00","dateModified":"2025-03-29T01:33:50+00:00","description":"A empresa latino-americana PedidosYa anunciou nesta sexta-feira a cria\u00e7\u00e3o de um centro tecnol\u00f3gico global com sede na regi\u00e3o, de onde desenvolver\u00e3o","breadcrumb":{"@id":"https:\/\/efecomunica.efe.com\/pt-pt\/pedidosya-cria-um-centro-tecnologico-global-para-oferecer-solucoes-a-partir-da-america-latina\/#breadcrumb"},"inLanguage":"pt-PT","potentialAction":[{"@type":"ReadAction","target":["https:\/\/efecomunica.efe.com\/pt-pt\/pedidosya-cria-um-centro-tecnologico-global-para-oferecer-solucoes-a-partir-da-america-latina\/"]}]},{"@type":"ImageObject","inLanguage":"pt-PT","@id":"https:\/\/efecomunica.efe.com\/pt-pt\/pedidosya-cria-um-centro-tecnologico-global-para-oferecer-solucoes-a-partir-da-america-latina\/#primaryimage","url":"https:\/\/efecomunica.efe.com\/wp-content\/uploads\/2025\/03\/rss-efeda1268e22cdde3c6318014951e79c6da132285d0w-1536x1029-1.webp","contentUrl":"https:\/\/efecomunica.efe.com\/wp-content\/uploads\/2025\/03\/rss-efeda1268e22cdde3c6318014951e79c6da132285d0w-1536x1029-1.webp","width":1536,"height":1029},{"@type":"BreadcrumbList","@id":"https:\/\/efecomunica.efe.com\/pt-pt\/pedidosya-cria-um-centro-tecnologico-global-para-oferecer-solucoes-a-partir-da-america-latina\/#breadcrumb","itemListElement":[{"@type":"ListItem","position":1,"name":"Portada","item":"https:\/\/efecomunica.efe.com\/pt-pt\/"},{"@type":"ListItem","position":2,"name":"PedidosYa cria um centro tecnol\u00f3gico global para oferecer solu\u00e7\u00f5es a partir da Am\u00e9rica Latina"}]},{"@type":"WebSite","@id":"https:\/\/efecomunica.efe.com\/#website","url":"https:\/\/efecomunica.efe.com\/","name":"EFE Comunica","description":"Contenidos para empresas","publisher":{"@id":"https:\/\/efecomunica.efe.com\/#organization"},"potentialAction":[{"@type":"SearchAction","target":{"@type":"EntryPoint","urlTemplate":"https:\/\/efecomunica.efe.com\/?s={search_term_string}"},"query-input":{"@type":"PropertyValueSpecification","valueRequired":true,"valueName":"search_term_string"}}],"inLanguage":"pt-PT"},{"@type":"Organization","@id":"https:\/\/efecomunica.efe.com\/#organization","name":"EFE Comunica","url":"https:\/\/efecomunica.efe.com\/","logo":{"@type":"ImageObject","inLanguage":"pt-PT","@id":"https:\/\/efecomunica.efe.com\/#\/schema\/logo\/image\/","url":"https:\/\/efecomunica.efe.com\/wp-content\/uploads\/2020\/12\/Logo-EFE-Comunica_png.png","contentUrl":"https:\/\/efecomunica.efe.com\/wp-content\/uploads\/2020\/12\/Logo-EFE-Comunica_png.png","width":1080,"height":486,"caption":"EFE Comunica"},"image":{"@id":"https:\/\/efecomunica.efe.com\/#\/schema\/logo\/image\/"},"sameAs":["https:\/\/www.facebook.com\/EFEComunicaAgenciaEFE","https:\/\/x.com\/EFEcomunica","https:\/\/www.linkedin.com\/showcase\/efecomunica"]},{"@type":"Person","@id":"https:\/\/efecomunica.efe.com\/#\/schema\/person\/c909104001020699b704e3df33fef431","name":"Ana Paula Raposo Chain","image":{"@type":"ImageObject","inLanguage":"pt-PT","@id":"https:\/\/secure.gravatar.com\/avatar\/fdb673c87ee0b2e7929d64a955445cfbf4bfc5af80baee97082d08a440db678f?s=96&d=identicon&r=g","url":"https:\/\/secure.gravatar.com\/avatar\/fdb673c87ee0b2e7929d64a955445cfbf4bfc5af80baee97082d08a440db678f?s=96&d=identicon&r=g","contentUrl":"https:\/\/secure.gravatar.com\/avatar\/fdb673c87ee0b2e7929d64a955445cfbf4bfc5af80baee97082d08a440db678f?s=96&d=identicon&r=g","caption":"Ana Paula Raposo Chain"},"url":"https:\/\/efecomunica.efe.com\/pt-pt\/author\/achain\/"}]}},"jetpack_featured_media_url":"https:\/\/efecomunica.efe.com\/wp-content\/uploads\/2025\/03\/rss-efeda1268e22cdde3c6318014951e79c6da132285d0w-1536x1029-1.webp","jetpack_likes_enabled":true,"jetpack_shortlink":"https:\/\/wp.me\/pcEg1r-EDw","jetpack_sharing_enabled":true,"_links":{"self":[{"href":"https:\/\/efecomunica.efe.com\/pt-pt\/wp-json\/wp\/v2\/posts\/156210","targetHints":{"allow":["GET"]}}],"collection":[{"href":"https:\/\/efecomunica.efe.com\/pt-pt\/wp-json\/wp\/v2\/posts"}],"about":[{"href":"https:\/\/efecomunica.efe.com\/pt-pt\/wp-json\/wp\/v2\/types\/post"}],"author":[{"embeddable":true,"href":"https:\/\/efecomunica.efe.com\/pt-pt\/wp-json\/wp\/v2\/users\/198164093"}],"replies":[{"embeddable":true,"href":"https:\/\/efecomunica.efe.com\/pt-pt\/wp-json\/wp\/v2\/comments?post=156210"}],"version-history":[{"count":2,"href":"https:\/\/efecomunica.efe.com\/pt-pt\/wp-json\/wp\/v2\/posts\/156210\/revisions"}],"predecessor-version":[{"id":156212,"href":"https:\/\/efecomunica.efe.com\/pt-pt\/wp-json\/wp\/v2\/posts\/156210\/revisions\/156212"}],"wp:featuredmedia":[{"embeddable":true,"href":"https:\/\/efecomunica.efe.com\/pt-pt\/wp-json\/wp\/v2\/media\/156214"}],"wp:attachment":[{"href":"https:\/\/efecomunica.efe.com\/pt-pt\/wp-json\/wp\/v2\/media?parent=156210"}],"wp:term":[{"taxonomy":"category","embeddable":true,"href":"https:\/\/efecomunica.efe.com\/pt-pt\/wp-json\/wp\/v2\/categories?post=156210"},{"taxonomy":"post_tag","embeddable":true,"href":"https:\/\/efecomunica.efe.com\/pt-pt\/wp-json\/wp\/v2\/tags?post=156210"}],"curies":[{"name":"wp","href":"https:\/\/api.w.org\/{rel}","templated":true}]}}