{"id":156215,"date":"2025-03-28T23:57:54","date_gmt":"2025-03-28T22:57:54","guid":{"rendered":"https:\/\/efecomunica.efe.com\/?p=156215"},"modified":"2025-03-29T02:38:52","modified_gmt":"2025-03-29T01:38:52","slug":"bid-lanca-plano-de-conexao-para-impulsionar-integracao-na-america-do-sul","status":"publish","type":"post","link":"https:\/\/efecomunica.efe.com\/pt-pt\/bid-lanca-plano-de-conexao-para-impulsionar-integracao-na-america-do-sul\/","title":{"rendered":"BID lan\u00e7a plano de conex\u00e3o para impulsionar integra\u00e7\u00e3o na Am\u00e9rica do Sul"},"content":{"rendered":"<p>O Banco Interamericano de Desenvolvimento (BID) lan\u00e7ou nesta sexta-feira, no Chile, um novo plano para impulsionar a integra\u00e7\u00e3o dos pa\u00edses da Am\u00e9rica do Sul e ajudar a atrair investimentos para a regi\u00e3o atrav\u00e9s da aproxima\u00e7\u00e3o entre mercados atualmente fragmentados.<\/p>\n<p>A iniciativa, chamada Conex\u00e3o Sul, foi cocriada pelos pa\u00edses do continente e se baseia em tr\u00eas pilares fundamentais: conex\u00f5es infraestruturais, com a melhoria de rodovias, portos, hidrovias e redes el\u00e9tricas e digitais para facilitar os v\u00ednculos; cadeias de valor, com o desenvolvimento da produ\u00e7\u00e3o local e a inser\u00e7\u00e3o nos mercados; e o fortalecimento regulat\u00f3rio e institucional.<\/p>\n<p>O lan\u00e7amento foi realizado dentro das reuni\u00f5es anuais do BID em Santiago, no Chile, que come\u00e7aram na quarta-feira com semin\u00e1rios tem\u00e1ticos e que terminar\u00e3o domingo, com a realiza\u00e7\u00e3o da 65\u00aa Assembleia de Governadores dessa entidade e da 39\u00aa do bra\u00e7o financeiro da institui\u00e7\u00e3o (BID Invest).<\/p>\n<p>Para o presidente do BID, Ilan Goldfajn, o Conex\u00e3o Sul \u00e9 a materializa\u00e7\u00e3o &#8220;do compromisso compartilhado de construir um mercado regional de maior escala, mais integrado e atraente para investimentos&#8221;.<\/p>\n<p>&#8220;Atrav\u00e9s de uma melhor conectividade, cadeias de valor mais fortes e marcos institucionais modernizados, o programa ajudar\u00e1 os pa\u00edses da Am\u00e9rica do Sul a superar barreiras hist\u00f3ricas e gerar novas oportunidades&#8221;, destacou o economista brasileiro atrav\u00e9s de um comunicado.<\/p>\n<p>Por sua vez, a vice-presidente de Pa\u00edses e Integra\u00e7\u00e3o Regional do BID, Anabel Gonz\u00e1lez, afirmou em durante um semin\u00e1rio tem\u00e1tico anterior ao lan\u00e7amento da iniciativa que &#8220;a integra\u00e7\u00e3o econ\u00f4mica \u00e9 um motor chave para o crescimento e o desenvolvimento sustent\u00e1vel&#8221;.<\/p>\n<blockquote><p>&#8220;A Am\u00e9rica Latina e o Caribe compartilham fronteiras, recursos e oportunidades econ\u00f4micas, e juntos podemos escalar solu\u00e7\u00f5es para atrair investimentos e combinar recursos para alcan\u00e7ar um maior impacto&#8221;, argumentou.<\/p><\/blockquote>\n<h2>Rotas de integra\u00e7\u00e3o<\/h2>\n<p>Al\u00e9m disso, o Conex\u00e3o Sul promete expandir a alian\u00e7a Rotas de Integra\u00e7\u00e3o, criada no \u00e2mbito do Acordo de Bras\u00edlia assinado em maio de 2023 e apoiado por organismos financeiros como BID, FONPLATA, Banco Nacional de Desenvolvimento Econ\u00f4mico e Social do Brasil (BNDES) e CAF-Banco de Desenvolvimento da Am\u00e9rica Latina e do Caribe.<\/p>\n<p>Para potencializar a iniciativa sul-americana, o BID e o FONPLATA tamb\u00e9m formalizaram um acordo de coopera\u00e7\u00e3o para aumentar a colabora\u00e7\u00e3o bilateral entre ambas as organiza\u00e7\u00f5es com o objetivo de explorar oportunidades de cofinanciamento para projetos regionais no \u00e2mbito do Conex\u00e3o Sul, incluindo rotas de integra\u00e7\u00e3o.<\/p>\n<p>Nesse sentido, Gonz\u00e1lez ressaltou que, embora apesar dos avan\u00e7os j\u00e1 registrados, os &#8220;n\u00edveis de integra\u00e7\u00e3o relativamente mais baixos do que em outras partes do mundo, com avan\u00e7os limitados em conex\u00e3o f\u00edsica e digital, log\u00edstica e efici\u00eancia transfronteiri\u00e7a&#8221;, continuam sendo desafios \u201cpersistentes\u201d na regi\u00e3o.<\/p>\n<blockquote><p>&#8220;Alinhar pol\u00edticas entre os pa\u00edses \u00e9 fundamental para criar um ambiente competitivo ampliado que atraia investimentos privados&#8221;, acrescentou.<\/p><\/blockquote>\n<p>Segundo a executiva, o objetivo \u00e9 renovar os esfor\u00e7os para &#8220;construir avan\u00e7os de forma conjunta e fortalecer o papel da regi\u00e3o na economia global&#8221;.<\/p>\n<h2>Apoio e pragmatismo regional<\/h2>\n<p>Representantes do BID e dos governos de Brasil, Argentina, Bol\u00edvia, Chile, Col\u00f4mbia, Equador, Guiana, Paraguai, Peru, Suriname e Uruguai assinaram, junto com Goldfajn, uma declara\u00e7\u00e3o de apoio ao novo programa de integra\u00e7\u00e3o, solicitado pelos pa\u00edses da Am\u00e9rica do Sul.<\/p>\n<p>O documento reconhece a natureza transfronteiri\u00e7a dos desafios que esses pa\u00edses compartilham e solicita ao BID apoio para enfrent\u00e1-los de forma conjunta e por meio de uma abordagem regional pragm\u00e1tica.<\/p>\n<p>De acordo com o presidente do Centro Latino-Americano de Pol\u00edticas Econ\u00f4micas e Sociais (CLAPES UC) e ex-ministro de Finan\u00e7as do Chile, Felipe Larra\u00edn, os principais obst\u00e1culos para uma integra\u00e7\u00e3o mais profunda s\u00e3o barreiras pol\u00edticas, econ\u00f4micas e comerciais, problemas de governan\u00e7a e de coordena\u00e7\u00e3o e desigualdade no acesso \u00e0 digitaliza\u00e7\u00e3o e conectividade.<\/p>\n<p>Por isso, durante sua participa\u00e7\u00e3o em dos semin\u00e1rios, Larra\u00edn defendeu propostas para uma integra\u00e7\u00e3o regional efetiva que priorizem acordos multilaterais eficazes, o fortalecimento das institui\u00e7\u00f5es regionais e o fomento ao desenvolvimento e integra\u00e7\u00e3o da infraestrutura f\u00edsica e digital. EFE<\/p>\n","protected":false},"excerpt":{"rendered":"<p>O Banco Interamericano de Desenvolvimento (BID) lan\u00e7ou nesta sexta-feira, no Chile, um novo plano para impulsionar a integra\u00e7\u00e3o dos pa\u00edses da Am\u00e9rica do Sul e ajudar a atrair investimentos para [&hellip;]<\/p>\n","protected":false},"author":198164093,"featured_media":156217,"comment_status":"closed","ping_status":"closed","sticky":false,"template":"","format":"standard","meta":{"_acf_changed":false,"_jetpack_newsletter_access":"","_jetpack_dont_email_post_to_subs":false,"_jetpack_newsletter_tier_id":0,"_jetpack_memberships_contains_paywalled_content":false,"_jetpack_memberships_contains_paid_content":false,"footnotes":"","jetpack_post_was_ever_published":false},"categories":[123875,125406],"tags":[128499,128320,126417,127419],"class_list":["post-156215","post","type-post","status-publish","format-standard","has-post-thumbnail","hentry","category-economia-pt-pt","category-tendencias-pt-pt","tag-america-latina-e-caribe","tag-bid-pt-pt","tag-economia-pt-pt","tag-integracao"],"acf":[],"yoast_head":"<!-- This site is optimized with the Yoast SEO plugin v27.5 - https:\/\/yoast.com\/product\/yoast-seo-wordpress\/ -->\n<title>BID lan\u00e7a plano de conex\u00e3o para impulsionar integra\u00e7\u00e3o na Am\u00e9rica do Sul - EFE Comunica<\/title>\n<meta name=\"description\" content=\"O Banco Interamericano de Desenvolvimento (BID) lan\u00e7ou nesta sexta-feira, no Chile, um novo plano para impulsionar a integra\u00e7\u00e3o dos pa\u00edses da Am\u00e9rica do\" \/>\n<meta name=\"robots\" content=\"index, follow, max-snippet:-1, max-image-preview:large, max-video-preview:-1\" \/>\n<link rel=\"canonical\" href=\"https:\/\/efecomunica.efe.com\/pt-pt\/bid-lanca-plano-de-conexao-para-impulsionar-integracao-na-america-do-sul\/\" \/>\n<!-- \/ Yoast SEO plugin. -->","yoast_head_json":{"title":"BID lan\u00e7a plano de conex\u00e3o para impulsionar integra\u00e7\u00e3o na Am\u00e9rica do Sul - EFE Comunica","description":"O Banco Interamericano de Desenvolvimento (BID) lan\u00e7ou nesta sexta-feira, no Chile, um novo plano para impulsionar a integra\u00e7\u00e3o dos pa\u00edses da Am\u00e9rica do","robots":{"index":"index","follow":"follow","max-snippet":"max-snippet:-1","max-image-preview":"max-image-preview:large","max-video-preview":"max-video-preview:-1"},"canonical":"https:\/\/efecomunica.efe.com\/pt-pt\/bid-lanca-plano-de-conexao-para-impulsionar-integracao-na-america-do-sul\/","schema":{"@context":"https:\/\/schema.org","@graph":[{"@type":"Article","@id":"https:\/\/efecomunica.efe.com\/pt-pt\/bid-lanca-plano-de-conexao-para-impulsionar-integracao-na-america-do-sul\/#article","isPartOf":{"@id":"https:\/\/efecomunica.efe.com\/pt-pt\/bid-lanca-plano-de-conexao-para-impulsionar-integracao-na-america-do-sul\/"},"author":{"name":"Ana Paula Raposo Chain","@id":"https:\/\/efecomunica.efe.com\/#\/schema\/person\/c909104001020699b704e3df33fef431"},"headline":"BID lan\u00e7a plano de conex\u00e3o para impulsionar integra\u00e7\u00e3o na Am\u00e9rica do Sul","datePublished":"2025-03-28T22:57:54+00:00","dateModified":"2025-03-29T01:38:52+00:00","mainEntityOfPage":{"@id":"https:\/\/efecomunica.efe.com\/pt-pt\/bid-lanca-plano-de-conexao-para-impulsionar-integracao-na-america-do-sul\/"},"wordCount":738,"publisher":{"@id":"https:\/\/efecomunica.efe.com\/#organization"},"image":{"@id":"https:\/\/efecomunica.efe.com\/pt-pt\/bid-lanca-plano-de-conexao-para-impulsionar-integracao-na-america-do-sul\/#primaryimage"},"thumbnailUrl":"https:\/\/efecomunica.efe.com\/wp-content\/uploads\/2025\/03\/rss-efe1c397079b459043764ef7e0b5d0e0b9a9818e77cw-1536x1024-1.webp","keywords":["am\u00e9rica latina e caribe","BID","econom\u00eda","integra\u00e7\u00e3o"],"articleSection":["Economia","Tend\u00eancias"],"inLanguage":"pt-PT"},{"@type":"WebPage","@id":"https:\/\/efecomunica.efe.com\/pt-pt\/bid-lanca-plano-de-conexao-para-impulsionar-integracao-na-america-do-sul\/","url":"https:\/\/efecomunica.efe.com\/pt-pt\/bid-lanca-plano-de-conexao-para-impulsionar-integracao-na-america-do-sul\/","name":"BID lan\u00e7a plano de conex\u00e3o para impulsionar integra\u00e7\u00e3o na Am\u00e9rica do Sul - EFE Comunica","isPartOf":{"@id":"https:\/\/efecomunica.efe.com\/#website"},"primaryImageOfPage":{"@id":"https:\/\/efecomunica.efe.com\/pt-pt\/bid-lanca-plano-de-conexao-para-impulsionar-integracao-na-america-do-sul\/#primaryimage"},"image":{"@id":"https:\/\/efecomunica.efe.com\/pt-pt\/bid-lanca-plano-de-conexao-para-impulsionar-integracao-na-america-do-sul\/#primaryimage"},"thumbnailUrl":"https:\/\/efecomunica.efe.com\/wp-content\/uploads\/2025\/03\/rss-efe1c397079b459043764ef7e0b5d0e0b9a9818e77cw-1536x1024-1.webp","datePublished":"2025-03-28T22:57:54+00:00","dateModified":"2025-03-29T01:38:52+00:00","description":"O Banco Interamericano de Desenvolvimento (BID) lan\u00e7ou nesta sexta-feira, no Chile, um novo plano para impulsionar a integra\u00e7\u00e3o dos pa\u00edses da Am\u00e9rica do","breadcrumb":{"@id":"https:\/\/efecomunica.efe.com\/pt-pt\/bid-lanca-plano-de-conexao-para-impulsionar-integracao-na-america-do-sul\/#breadcrumb"},"inLanguage":"pt-PT","potentialAction":[{"@type":"ReadAction","target":["https:\/\/efecomunica.efe.com\/pt-pt\/bid-lanca-plano-de-conexao-para-impulsionar-integracao-na-america-do-sul\/"]}]},{"@type":"ImageObject","inLanguage":"pt-PT","@id":"https:\/\/efecomunica.efe.com\/pt-pt\/bid-lanca-plano-de-conexao-para-impulsionar-integracao-na-america-do-sul\/#primaryimage","url":"https:\/\/efecomunica.efe.com\/wp-content\/uploads\/2025\/03\/rss-efe1c397079b459043764ef7e0b5d0e0b9a9818e77cw-1536x1024-1.webp","contentUrl":"https:\/\/efecomunica.efe.com\/wp-content\/uploads\/2025\/03\/rss-efe1c397079b459043764ef7e0b5d0e0b9a9818e77cw-1536x1024-1.webp","width":1536,"height":1024},{"@type":"BreadcrumbList","@id":"https:\/\/efecomunica.efe.com\/pt-pt\/bid-lanca-plano-de-conexao-para-impulsionar-integracao-na-america-do-sul\/#breadcrumb","itemListElement":[{"@type":"ListItem","position":1,"name":"Portada","item":"https:\/\/efecomunica.efe.com\/pt-pt\/"},{"@type":"ListItem","position":2,"name":"BID lan\u00e7a plano de conex\u00e3o para impulsionar integra\u00e7\u00e3o na Am\u00e9rica do Sul"}]},{"@type":"WebSite","@id":"https:\/\/efecomunica.efe.com\/#website","url":"https:\/\/efecomunica.efe.com\/","name":"EFE Comunica","description":"Contenidos para empresas","publisher":{"@id":"https:\/\/efecomunica.efe.com\/#organization"},"potentialAction":[{"@type":"SearchAction","target":{"@type":"EntryPoint","urlTemplate":"https:\/\/efecomunica.efe.com\/?s={search_term_string}"},"query-input":{"@type":"PropertyValueSpecification","valueRequired":true,"valueName":"search_term_string"}}],"inLanguage":"pt-PT"},{"@type":"Organization","@id":"https:\/\/efecomunica.efe.com\/#organization","name":"EFE Comunica","url":"https:\/\/efecomunica.efe.com\/","logo":{"@type":"ImageObject","inLanguage":"pt-PT","@id":"https:\/\/efecomunica.efe.com\/#\/schema\/logo\/image\/","url":"https:\/\/efecomunica.efe.com\/wp-content\/uploads\/2020\/12\/Logo-EFE-Comunica_png.png","contentUrl":"https:\/\/efecomunica.efe.com\/wp-content\/uploads\/2020\/12\/Logo-EFE-Comunica_png.png","width":1080,"height":486,"caption":"EFE Comunica"},"image":{"@id":"https:\/\/efecomunica.efe.com\/#\/schema\/logo\/image\/"},"sameAs":["https:\/\/www.facebook.com\/EFEComunicaAgenciaEFE","https:\/\/x.com\/EFEcomunica","https:\/\/www.linkedin.com\/showcase\/efecomunica"]},{"@type":"Person","@id":"https:\/\/efecomunica.efe.com\/#\/schema\/person\/c909104001020699b704e3df33fef431","name":"Ana Paula Raposo Chain","image":{"@type":"ImageObject","inLanguage":"pt-PT","@id":"https:\/\/secure.gravatar.com\/avatar\/fdb673c87ee0b2e7929d64a955445cfbf4bfc5af80baee97082d08a440db678f?s=96&d=identicon&r=g","url":"https:\/\/secure.gravatar.com\/avatar\/fdb673c87ee0b2e7929d64a955445cfbf4bfc5af80baee97082d08a440db678f?s=96&d=identicon&r=g","contentUrl":"https:\/\/secure.gravatar.com\/avatar\/fdb673c87ee0b2e7929d64a955445cfbf4bfc5af80baee97082d08a440db678f?s=96&d=identicon&r=g","caption":"Ana Paula Raposo Chain"},"url":"https:\/\/efecomunica.efe.com\/pt-pt\/author\/achain\/"}]}},"jetpack_featured_media_url":"https:\/\/efecomunica.efe.com\/wp-content\/uploads\/2025\/03\/rss-efe1c397079b459043764ef7e0b5d0e0b9a9818e77cw-1536x1024-1.webp","jetpack_likes_enabled":true,"jetpack_shortlink":"https:\/\/wp.me\/pcEg1r-EDB","jetpack_sharing_enabled":true,"_links":{"self":[{"href":"https:\/\/efecomunica.efe.com\/pt-pt\/wp-json\/wp\/v2\/posts\/156215","targetHints":{"allow":["GET"]}}],"collection":[{"href":"https:\/\/efecomunica.efe.com\/pt-pt\/wp-json\/wp\/v2\/posts"}],"about":[{"href":"https:\/\/efecomunica.efe.com\/pt-pt\/wp-json\/wp\/v2\/types\/post"}],"author":[{"embeddable":true,"href":"https:\/\/efecomunica.efe.com\/pt-pt\/wp-json\/wp\/v2\/users\/198164093"}],"replies":[{"embeddable":true,"href":"https:\/\/efecomunica.efe.com\/pt-pt\/wp-json\/wp\/v2\/comments?post=156215"}],"version-history":[{"count":2,"href":"https:\/\/efecomunica.efe.com\/pt-pt\/wp-json\/wp\/v2\/posts\/156215\/revisions"}],"predecessor-version":[{"id":156218,"href":"https:\/\/efecomunica.efe.com\/pt-pt\/wp-json\/wp\/v2\/posts\/156215\/revisions\/156218"}],"wp:featuredmedia":[{"embeddable":true,"href":"https:\/\/efecomunica.efe.com\/pt-pt\/wp-json\/wp\/v2\/media\/156217"}],"wp:attachment":[{"href":"https:\/\/efecomunica.efe.com\/pt-pt\/wp-json\/wp\/v2\/media?parent=156215"}],"wp:term":[{"taxonomy":"category","embeddable":true,"href":"https:\/\/efecomunica.efe.com\/pt-pt\/wp-json\/wp\/v2\/categories?post=156215"},{"taxonomy":"post_tag","embeddable":true,"href":"https:\/\/efecomunica.efe.com\/pt-pt\/wp-json\/wp\/v2\/tags?post=156215"}],"curies":[{"name":"wp","href":"https:\/\/api.w.org\/{rel}","templated":true}]}}