{"id":156457,"date":"2025-03-30T23:58:09","date_gmt":"2025-03-30T21:58:09","guid":{"rendered":"https:\/\/efecomunica.efe.com\/?p=156457"},"modified":"2025-03-31T10:12:57","modified_gmt":"2025-03-31T08:12:57","slug":"bid-encerra-assembleia-determinado-a-avancar-reformas-e-alcancar-maior-integracao","status":"publish","type":"post","link":"https:\/\/efecomunica.efe.com\/pt-pt\/bid-encerra-assembleia-determinado-a-avancar-reformas-e-alcancar-maior-integracao\/","title":{"rendered":"BID encerra assembleia determinado a avan\u00e7ar reformas e alcan\u00e7ar maior integra\u00e7\u00e3o"},"content":{"rendered":"\r\n<p>O Banco Interamericano de Desenvolvimento (BID) encerrou sua reuni\u00e3o anual em Santiago neste domingo, determinado a continuar a implementa\u00e7\u00e3o do processo de reforma e a aproveitar as oportunidades que lhes permitir\u00e3o enfrentar a complexidade do ambiente geopol\u00edtico de forma mais integrada.<\/p>\r\n\r\n\r\n\r\n<blockquote class=\"wp-block-quote is-layout-flow wp-block-quote-is-layout-flow\">&#8220;Essa reuni\u00e3o mostrou que somos flex\u00edveis e resilientes e \u00e9 isso que nos torna fortes, que nos reunimos com interesses comuns e apoiamos o processo de implementa\u00e7\u00e3o da estrat\u00e9gia. Isso nos deu for\u00e7a para continuar trabalhando&#8221;, declarou o presidente do BID, o economista brasileiro Ilan Goldfajn, no encerramento do evento. <\/blockquote>\r\n\r\n\r\n\r\n<p>As Assembleias de Governadores do BID e do BID Invest s\u00e3o os seus \u00f3rg\u00e3os decis\u00f3rios mais altos e s\u00e3o compostas por ministros de Finan\u00e7as e Economia e outras autoridades dos 48 pa\u00edses-membros.<\/p>\r\n\r\n\r\n\r\n<p>Na reuni\u00e3o do ano passado em Punta Cana, na Rep\u00fablica Dominicana, foi aprovada uma nova estrat\u00e9gia para aumentar seu impacto sob a marca BID Impact+. Os governadores concordaram em aumentar o capital do BID Invest, o bra\u00e7o financeiro da organiza\u00e7\u00e3o, em US$ 3,5 bilh\u00f5es.<\/p>\r\n<h2>Flexibilidade e resil\u00eancia<\/h2>\r\n<blockquote class=\"wp-block-quote\">&#8220;Essa reuni\u00e3o mostrou que somos flex\u00edveis e resilientes e \u00e9 isso que nos torna fortes, que nos reunimos com interesses comuns e apoiamos o processo de implementa\u00e7\u00e3o da estrat\u00e9gia. Isso nos deu for\u00e7a para continuar trabalhando&#8221;, declarou o presidente do BID, o economista brasileiro Ilan Goldfajn, no encerramento do evento. <\/blockquote>\r\n\r\n\r\n\r\n<p>Os pa\u00edses t\u00eam at\u00e9 2026 para concluir esse processo de capitaliza\u00e7\u00e3o, mas essa reuni\u00e3o enfatizou que 19 j\u00e1 se inscreveram para as a\u00e7\u00f5es e 14 relataram progresso. Esses 33 pa\u00edses representam mais de 70% dos votos do BID.<\/p>\r\n\r\n\r\n\r\n<p>A reuni\u00e3o foi realizada \u00e0s v\u00e9speras da implementa\u00e7\u00e3o da pol\u00edtica de tarifas rec\u00edprocas or parte do governo dos Estados Unidos, em 2 de abril. Goldfajn disse que ainda \u00e9 cedo para avaliar seu impacto e insistiu que a mensagem que est\u00e1 sendo transmitida aos membros \u00e9 que se concentrem no que podem fazer, &#8220;trabalhar na integra\u00e7\u00e3o da regi\u00e3o&#8221;.<\/p>\r\n\r\n\r\n\r\n<p>&#8220;Temos que ser cada vez mais eficientes e eficazes&#8221;, acrescentou na entrevista coletiva final, onde enfatizou que \u00e9 importante ver &#8220;como aproveitar as oportunidades&#8221;.<\/p>\r\n\r\n\r\n\r\n<blockquote class=\"wp-block-quote is-layout-flow wp-block-quote-is-layout-flow\">&#8220;O banco tem que aproveitar o fato de ter 48 membros, o que nos d\u00e1 a capacidade de nos unirmos. A integra\u00e7\u00e3o regional \u00e9 importante&#8221;, analisou. <\/blockquote>\r\n\r\n\r\n\r\n<p>O ministro das Finan\u00e7as do Chile e novo presidente da Assembleia de Governadores, Mario Marcel, admitiu que 2025 ser\u00e1 um ano dif\u00edcil.<\/p>\r\n\r\n\r\n\r\n<p>&#8220;Este ano ser\u00e1 um desafio para a economia global e o desenvolvimento internacional. Ser\u00e1 importante estar bem comunicado&#8221;, disse no encerramento, enfatizando a necessidade de continuar a se concentrar em melhorar a qualidade e o volume de suas opera\u00e7\u00f5es.<\/p>\r\n\r\n<h2>Tom construtivo<\/h2>\r\n<p>Dadas essas circunst\u00e2ncias, Marcel acrescentou que &#8220;o tom da reuni\u00e3o foi muito construtivo&#8221;.<\/p>\r\n\r\n\r\n\r\n<p>O evento deste ano come\u00e7ou na quarta-feira, com uma rodada de semin\u00e1rios sobre quest\u00f5es de interesse comum, como a melhoria das interconex\u00f5es f\u00edsicas e digitais e a preven\u00e7\u00e3o de desastres naturais.<\/p>\r\n\r\n\r\n\r\n<p>Ao todo, 11 acordos foram assinados e novos programas foram apresentados, como o BID Cuida, para melhorar a rede de atendimento a pessoas dependentes e formalizar um setor com alto \u00edndice de informalidade no trabalho, e o Conexi\u00f3n Sur, que promove o desenvolvimento de corredores estrat\u00e9gicos que melhoram a conectividade, fortalecem as cadeias de valor e modernizam as estruturas institucionais.<\/p>\r\n\r\n\r\n\r\n<p>Nessa assembleia, tamb\u00e9m foi lan\u00e7ado o programa Preparados e Resilientes nas Am\u00e9ricas, com US$ 10 milh\u00f5es em financiamento n\u00e3o reembols\u00e1vel para fortalecer a prepara\u00e7\u00e3o e a resposta regional a desastres naturais que, quando ocorrem, podem causar uma queda de dois a quatro pontos percentuais no PIB.<\/p>\r\n\r\n\r\n\r\n<p>Os anfitri\u00f5es da reuni\u00e3o em nome do Chile foram Marcel e o presidente do pa\u00eds, Gabriel Boric.<\/p>\r\n\r\n\r\n\r\n<p>A pr\u00f3xima reuni\u00e3o ser\u00e1 realizada em Assun\u00e7\u00e3o, em mar\u00e7o de 2026, e o ministro da Fazenda do Paraguai, Carlos Fern\u00e1ndez Valdovinos, confirmou neste domingo \u00e0 EFE que os representantes aproveitar\u00e3o a oportunidade para mostrar o potencial do Paraguai &#8220;al\u00e9m dos bons n\u00fameros&#8221;.<\/p>\r\n\r\n\r\n\r\n<blockquote class=\"wp-block-quote is-layout-flow wp-block-quote-is-layout-flow\">&#8220;Preparem-se para serem surpreendidos&#8221;, enfatizou na cerim\u00f4nia de encerramento. <\/blockquote>\r\n\r\n\r\n\r\n<p>O BID, fundado em 1959, tem mais de US$ 25 bilh\u00f5es em financiamento anual e pretende ultrapassar US$ 38 bilh\u00f5es at\u00e9 2030. A institui\u00e7\u00e3o \u00e9 uma das principais fontes de financiamento para o desenvolvimento econ\u00f4mico, social e institucional na Am\u00e9rica Latina e no Caribe e seus tr\u00eas principais acionistas s\u00e3o EUA, Argentina e Brasil.<\/p>\r\n\r\n\r\n\r\n<p>O banco multilateral tem sede em Washington. A delega\u00e7\u00e3o dos EUA foi liderada pela vice-secret\u00e1ria adjunta de Finan\u00e7as e Pol\u00edticas de Desenvolvimento Internacional do Departamento do Tesouro, Margaret Kuhlow. EFE<\/p>\r\n","protected":false},"excerpt":{"rendered":"<p>O Banco Interamericano de Desenvolvimento (BID) encerrou sua reuni\u00e3o anual em Santiago neste domingo, determinado a continuar a implementa\u00e7\u00e3o do processo de reforma e a aproveitar as oportunidades que lhes [&hellip;]<\/p>\n","protected":false},"author":198164093,"featured_media":156459,"comment_status":"closed","ping_status":"closed","sticky":false,"template":"","format":"standard","meta":{"_acf_changed":false,"_jetpack_newsletter_access":"","_jetpack_dont_email_post_to_subs":false,"_jetpack_newsletter_tier_id":0,"_jetpack_memberships_contains_paywalled_content":false,"_jetpack_memberships_contains_paid_content":false,"footnotes":"","jetpack_post_was_ever_published":false},"categories":[123875,125402],"tags":[126058,128320,128494,126417,126416],"class_list":["post-156457","post","type-post","status-publish","format-standard","has-post-thumbnail","hentry","category-economia-pt-pt","category-sustentabilidade","tag-america-latina-pt-pt","tag-bid-pt-pt","tag-caribe","tag-economia-pt-pt","tag-sustentabilidade"],"acf":[],"yoast_head":"<!-- This site is optimized with the Yoast SEO plugin v27.5 - https:\/\/yoast.com\/product\/yoast-seo-wordpress\/ -->\n<title>BID encerra assembleia determinado a avan\u00e7ar reformas e alcan\u00e7ar maior integra\u00e7\u00e3o<\/title>\n<meta name=\"description\" content=\"\u00a0O BID encerrou sua reuni\u00e3o anual em Santiago, determinado a aproveitar oportunidades e enfrentar a complexidade do ambiente geopol\u00edtico.\" \/>\n<meta name=\"robots\" content=\"index, follow, max-snippet:-1, max-image-preview:large, max-video-preview:-1\" \/>\n<link rel=\"canonical\" href=\"https:\/\/efecomunica.efe.com\/pt-pt\/bid-encerra-assembleia-determinado-a-avancar-reformas-e-alcancar-maior-integracao\/\" \/>\n<!-- \/ Yoast SEO plugin. -->","yoast_head_json":{"title":"BID encerra assembleia determinado a avan\u00e7ar reformas e alcan\u00e7ar maior integra\u00e7\u00e3o","description":"\u00a0O BID encerrou sua reuni\u00e3o anual em Santiago, determinado a aproveitar oportunidades e enfrentar a complexidade do ambiente geopol\u00edtico.","robots":{"index":"index","follow":"follow","max-snippet":"max-snippet:-1","max-image-preview":"max-image-preview:large","max-video-preview":"max-video-preview:-1"},"canonical":"https:\/\/efecomunica.efe.com\/pt-pt\/bid-encerra-assembleia-determinado-a-avancar-reformas-e-alcancar-maior-integracao\/","schema":{"@context":"https:\/\/schema.org","@graph":[{"@type":"Article","@id":"https:\/\/efecomunica.efe.com\/pt-pt\/bid-encerra-assembleia-determinado-a-avancar-reformas-e-alcancar-maior-integracao\/#article","isPartOf":{"@id":"https:\/\/efecomunica.efe.com\/pt-pt\/bid-encerra-assembleia-determinado-a-avancar-reformas-e-alcancar-maior-integracao\/"},"author":{"name":"Ana Paula Raposo Chain","@id":"https:\/\/efecomunica.efe.com\/#\/schema\/person\/c909104001020699b704e3df33fef431"},"headline":"BID encerra assembleia determinado a avan\u00e7ar reformas e alcan\u00e7ar maior integra\u00e7\u00e3o","datePublished":"2025-03-30T21:58:09+00:00","dateModified":"2025-03-31T08:12:57+00:00","mainEntityOfPage":{"@id":"https:\/\/efecomunica.efe.com\/pt-pt\/bid-encerra-assembleia-determinado-a-avancar-reformas-e-alcancar-maior-integracao\/"},"wordCount":804,"publisher":{"@id":"https:\/\/efecomunica.efe.com\/#organization"},"image":{"@id":"https:\/\/efecomunica.efe.com\/pt-pt\/bid-encerra-assembleia-determinado-a-avancar-reformas-e-alcancar-maior-integracao\/#primaryimage"},"thumbnailUrl":"https:\/\/efecomunica.efe.com\/wp-content\/uploads\/2025\/03\/rss-efe02069870264ce5e62e8da76c38ad805bf0b146b3w-1536x1024-1.webp","keywords":["Am\u00e9rica Latina","BID","caribe","econom\u00eda","sustentabilidade"],"articleSection":["Economia","Sustentabilidade"],"inLanguage":"pt-PT"},{"@type":"WebPage","@id":"https:\/\/efecomunica.efe.com\/pt-pt\/bid-encerra-assembleia-determinado-a-avancar-reformas-e-alcancar-maior-integracao\/","url":"https:\/\/efecomunica.efe.com\/pt-pt\/bid-encerra-assembleia-determinado-a-avancar-reformas-e-alcancar-maior-integracao\/","name":"BID encerra assembleia determinado a avan\u00e7ar reformas e alcan\u00e7ar maior integra\u00e7\u00e3o","isPartOf":{"@id":"https:\/\/efecomunica.efe.com\/#website"},"primaryImageOfPage":{"@id":"https:\/\/efecomunica.efe.com\/pt-pt\/bid-encerra-assembleia-determinado-a-avancar-reformas-e-alcancar-maior-integracao\/#primaryimage"},"image":{"@id":"https:\/\/efecomunica.efe.com\/pt-pt\/bid-encerra-assembleia-determinado-a-avancar-reformas-e-alcancar-maior-integracao\/#primaryimage"},"thumbnailUrl":"https:\/\/efecomunica.efe.com\/wp-content\/uploads\/2025\/03\/rss-efe02069870264ce5e62e8da76c38ad805bf0b146b3w-1536x1024-1.webp","datePublished":"2025-03-30T21:58:09+00:00","dateModified":"2025-03-31T08:12:57+00:00","description":"\u00a0O BID encerrou sua reuni\u00e3o anual em Santiago, determinado a aproveitar oportunidades e enfrentar a complexidade do ambiente geopol\u00edtico.","breadcrumb":{"@id":"https:\/\/efecomunica.efe.com\/pt-pt\/bid-encerra-assembleia-determinado-a-avancar-reformas-e-alcancar-maior-integracao\/#breadcrumb"},"inLanguage":"pt-PT","potentialAction":[{"@type":"ReadAction","target":["https:\/\/efecomunica.efe.com\/pt-pt\/bid-encerra-assembleia-determinado-a-avancar-reformas-e-alcancar-maior-integracao\/"]}]},{"@type":"ImageObject","inLanguage":"pt-PT","@id":"https:\/\/efecomunica.efe.com\/pt-pt\/bid-encerra-assembleia-determinado-a-avancar-reformas-e-alcancar-maior-integracao\/#primaryimage","url":"https:\/\/efecomunica.efe.com\/wp-content\/uploads\/2025\/03\/rss-efe02069870264ce5e62e8da76c38ad805bf0b146b3w-1536x1024-1.webp","contentUrl":"https:\/\/efecomunica.efe.com\/wp-content\/uploads\/2025\/03\/rss-efe02069870264ce5e62e8da76c38ad805bf0b146b3w-1536x1024-1.webp","width":1536,"height":1024},{"@type":"BreadcrumbList","@id":"https:\/\/efecomunica.efe.com\/pt-pt\/bid-encerra-assembleia-determinado-a-avancar-reformas-e-alcancar-maior-integracao\/#breadcrumb","itemListElement":[{"@type":"ListItem","position":1,"name":"Portada","item":"https:\/\/efecomunica.efe.com\/pt-pt\/"},{"@type":"ListItem","position":2,"name":"BID encerra assembleia determinado a avan\u00e7ar reformas e alcan\u00e7ar maior integra\u00e7\u00e3o"}]},{"@type":"WebSite","@id":"https:\/\/efecomunica.efe.com\/#website","url":"https:\/\/efecomunica.efe.com\/","name":"EFE Comunica","description":"Contenidos para empresas","publisher":{"@id":"https:\/\/efecomunica.efe.com\/#organization"},"potentialAction":[{"@type":"SearchAction","target":{"@type":"EntryPoint","urlTemplate":"https:\/\/efecomunica.efe.com\/?s={search_term_string}"},"query-input":{"@type":"PropertyValueSpecification","valueRequired":true,"valueName":"search_term_string"}}],"inLanguage":"pt-PT"},{"@type":"Organization","@id":"https:\/\/efecomunica.efe.com\/#organization","name":"EFE Comunica","url":"https:\/\/efecomunica.efe.com\/","logo":{"@type":"ImageObject","inLanguage":"pt-PT","@id":"https:\/\/efecomunica.efe.com\/#\/schema\/logo\/image\/","url":"https:\/\/efecomunica.efe.com\/wp-content\/uploads\/2020\/12\/Logo-EFE-Comunica_png.png","contentUrl":"https:\/\/efecomunica.efe.com\/wp-content\/uploads\/2020\/12\/Logo-EFE-Comunica_png.png","width":1080,"height":486,"caption":"EFE Comunica"},"image":{"@id":"https:\/\/efecomunica.efe.com\/#\/schema\/logo\/image\/"},"sameAs":["https:\/\/www.facebook.com\/EFEComunicaAgenciaEFE","https:\/\/x.com\/EFEcomunica","https:\/\/www.linkedin.com\/showcase\/efecomunica"]},{"@type":"Person","@id":"https:\/\/efecomunica.efe.com\/#\/schema\/person\/c909104001020699b704e3df33fef431","name":"Ana Paula Raposo Chain","image":{"@type":"ImageObject","inLanguage":"pt-PT","@id":"https:\/\/secure.gravatar.com\/avatar\/fdb673c87ee0b2e7929d64a955445cfbf4bfc5af80baee97082d08a440db678f?s=96&d=identicon&r=g","url":"https:\/\/secure.gravatar.com\/avatar\/fdb673c87ee0b2e7929d64a955445cfbf4bfc5af80baee97082d08a440db678f?s=96&d=identicon&r=g","contentUrl":"https:\/\/secure.gravatar.com\/avatar\/fdb673c87ee0b2e7929d64a955445cfbf4bfc5af80baee97082d08a440db678f?s=96&d=identicon&r=g","caption":"Ana Paula Raposo Chain"},"url":"https:\/\/efecomunica.efe.com\/pt-pt\/author\/achain\/"}]}},"jetpack_featured_media_url":"https:\/\/efecomunica.efe.com\/wp-content\/uploads\/2025\/03\/rss-efe02069870264ce5e62e8da76c38ad805bf0b146b3w-1536x1024-1.webp","jetpack_likes_enabled":true,"jetpack_shortlink":"https:\/\/wp.me\/pcEg1r-EHv","jetpack_sharing_enabled":true,"_links":{"self":[{"href":"https:\/\/efecomunica.efe.com\/pt-pt\/wp-json\/wp\/v2\/posts\/156457","targetHints":{"allow":["GET"]}}],"collection":[{"href":"https:\/\/efecomunica.efe.com\/pt-pt\/wp-json\/wp\/v2\/posts"}],"about":[{"href":"https:\/\/efecomunica.efe.com\/pt-pt\/wp-json\/wp\/v2\/types\/post"}],"author":[{"embeddable":true,"href":"https:\/\/efecomunica.efe.com\/pt-pt\/wp-json\/wp\/v2\/users\/198164093"}],"replies":[{"embeddable":true,"href":"https:\/\/efecomunica.efe.com\/pt-pt\/wp-json\/wp\/v2\/comments?post=156457"}],"version-history":[{"count":4,"href":"https:\/\/efecomunica.efe.com\/pt-pt\/wp-json\/wp\/v2\/posts\/156457\/revisions"}],"predecessor-version":[{"id":156491,"href":"https:\/\/efecomunica.efe.com\/pt-pt\/wp-json\/wp\/v2\/posts\/156457\/revisions\/156491"}],"wp:featuredmedia":[{"embeddable":true,"href":"https:\/\/efecomunica.efe.com\/pt-pt\/wp-json\/wp\/v2\/media\/156459"}],"wp:attachment":[{"href":"https:\/\/efecomunica.efe.com\/pt-pt\/wp-json\/wp\/v2\/media?parent=156457"}],"wp:term":[{"taxonomy":"category","embeddable":true,"href":"https:\/\/efecomunica.efe.com\/pt-pt\/wp-json\/wp\/v2\/categories?post=156457"},{"taxonomy":"post_tag","embeddable":true,"href":"https:\/\/efecomunica.efe.com\/pt-pt\/wp-json\/wp\/v2\/tags?post=156457"}],"curies":[{"name":"wp","href":"https:\/\/api.w.org\/{rel}","templated":true}]}}