{"id":156465,"date":"2025-03-30T23:59:10","date_gmt":"2025-03-30T21:59:10","guid":{"rendered":"https:\/\/efecomunica.efe.com\/?p=156465"},"modified":"2025-03-31T03:35:41","modified_gmt":"2025-03-31T01:35:41","slug":"chile-estima-impacto-direto-da-reuniao-anual-do-bid-em-us-40-milhoes","status":"publish","type":"post","link":"https:\/\/efecomunica.efe.com\/pt-pt\/chile-estima-impacto-direto-da-reuniao-anual-do-bid-em-us-40-milhoes\/","title":{"rendered":"Chile estima impacto direto da reuni\u00e3o anual do BID em US$ 40 milh\u00f5es"},"content":{"rendered":"<p class=\"\" data-start=\"84\" data-end=\"353\">O governo chileno estimou neste domingo que o impacto econ\u00f4mico direto deixado pela realiza\u00e7\u00e3o das reuni\u00f5es anuais da Assembleia de Governadores do Banco Interamericano de Desenvolvimento (BID) em Santiago foi de US$ 40 milh\u00f5es.<\/p>\n<blockquote>\n<p class=\"\" data-start=\"355\" data-end=\"659\">&#8220;Receber 4.800 pessoas teve, obviamente, um efeito positivo para n\u00f3s, impactando a ind\u00fastria de servi\u00e7os&#8221;, disse o ministro da Fazenda chileno, Mario Marcel, na coletiva de imprensa de encerramento do evento, que come\u00e7ou na quarta-feira com semin\u00e1rios pr\u00e9vios e continuou na sexta-feira com a assembleia.<\/p>\n<\/blockquote>\n<p class=\"\" data-start=\"661\" data-end=\"814\">A c\u00fapula foi realizada no Centro Cultural Esta\u00e7\u00e3o Mapocho, e o valor investido pelo governo na sua organiza\u00e7\u00e3o &#8220;ser\u00e1 recuperado&#8221;, acrescentou o ministro.<\/p>\n<p class=\"\" data-start=\"816\" data-end=\"1042\">Esta foi a primeira vez desde 2001 que o Chile sediou a reuni\u00e3o da principal inst\u00e2ncia de tomada de decis\u00f5es do banco multilateral, composta por ministros de Finan\u00e7as e Economia e outros altos funcion\u00e1rios dos 48 pa\u00edses membros.<\/p>\n<p class=\"\" data-start=\"1044\" data-end=\"1254\">Paralelamente, tamb\u00e9m ocorreu a 39\u00aa reuni\u00e3o anual da Assembleia de Governadores do BID Invest, o bra\u00e7o da institui\u00e7\u00e3o que trabalha com o setor privado, respons\u00e1vel por 44% das opera\u00e7\u00f5es da banca multilateral na regi\u00e3o.<\/p>\n<p class=\"\" data-start=\"1256\" data-end=\"1594\">O evento aconteceu em um momento de complexidade geopol\u00edtica, com crescentes questionamentos por parte dos Estados Unidos ao multilateralismo e a poucos dias da entrada em vigor, no dia 2 de abril, das tarifas rec\u00edprocas anunciadas pelo presidente dos Estados Unidos, Donald Trump, o que pode afetar a grande maioria dos pa\u00edses da regi\u00e3o.<\/p>\n<blockquote>\n<p class=\"\" data-start=\"1596\" data-end=\"1918\">&#8220;Tivemos, no geral, uma discuss\u00e3o muito construtiva. Para ningu\u00e9m \u00e9 um mist\u00e9rio que, atualmente, temos situa\u00e7\u00f5es complexas na \u00e1rea comercial&#8221;, reconheceu Marcel, que afirmou que a c\u00fapula serviu para analisar a implementa\u00e7\u00e3o dos acordos alcan\u00e7ados durante a reuni\u00e3o anterior, realizada em Punta Cana (Rep\u00fablica Dominicana).<\/p>\n<\/blockquote>\n<p class=\"\" data-start=\"1920\" data-end=\"2077\">Nesse encontro, foi aprovada uma nova estrat\u00e9gia para aumentar o impacto dos projetos do BID e um aumento de 3,5 bilh\u00f5es de d\u00f3lares no capital do BID Invest.<\/p>\n<blockquote>\n<p class=\"\" data-start=\"2079\" data-end=\"2225\">&#8220;Esses acordos s\u00e3o muito importantes para o futuro da regi\u00e3o e, por isso, avaliar seus avan\u00e7os e seu impacto era fundamental&#8221;, acrescentou Marcel.<\/p>\n<\/blockquote>\n<p class=\"\" data-start=\"2227\" data-end=\"2397\">Fundado em 1959, o BID \u00e9 uma das principais fontes de financiamento de longo prazo para o desenvolvimento econ\u00f4mico, social e institucional da Am\u00e9rica Latina e do Caribe.<\/p>\n<p class=\"\" data-start=\"2399\" data-end=\"2648\">O banco, cujos tr\u00eas principais acionistas s\u00e3o os Estados Unidos, Argentina e Brasil, fornece anualmente 25 bilh\u00f5es de d\u00f3lares em financiamento e mobiliza\u00e7\u00e3o de recursos na regi\u00e3o e tem como meta superar os 38 bilh\u00f5es de d\u00f3lares por ano at\u00e9 2030. EFE<\/p>\n","protected":false},"excerpt":{"rendered":"<p>O governo chileno estimou neste domingo que o impacto econ\u00f4mico direto deixado pela realiza\u00e7\u00e3o das reuni\u00f5es anuais da Assembleia de Governadores do Banco Interamericano de Desenvolvimento (BID) em Santiago foi [&hellip;]<\/p>\n","protected":false},"author":198164093,"featured_media":156467,"comment_status":"closed","ping_status":"closed","sticky":false,"template":"","format":"standard","meta":{"_acf_changed":false,"_jetpack_newsletter_access":"","_jetpack_dont_email_post_to_subs":false,"_jetpack_newsletter_tier_id":0,"_jetpack_memberships_contains_paywalled_content":false,"_jetpack_memberships_contains_paid_content":false,"footnotes":"","jetpack_post_was_ever_published":false},"categories":[123875],"tags":[128320,128495,126417],"class_list":["post-156465","post","type-post","status-publish","format-standard","has-post-thumbnail","hentry","category-economia-pt-pt","tag-bid-pt-pt","tag-chile-pt-pt","tag-economia-pt-pt"],"acf":[],"yoast_head":"<!-- This site is optimized with the Yoast SEO plugin v27.5 - https:\/\/yoast.com\/product\/yoast-seo-wordpress\/ -->\n<title>Chile estima impacto direto da reuni\u00e3o anual do BID em US$ 40 milh\u00f5es<\/title>\n<meta name=\"description\" content=\"O governo chileno estimou neste domingo que o impacto econ\u00f4mico direto deixado pela realiza\u00e7\u00e3o das reuni\u00f5es anuais da Assembleia de Governadores do Banco\" \/>\n<meta name=\"robots\" content=\"index, follow, max-snippet:-1, max-image-preview:large, max-video-preview:-1\" \/>\n<link rel=\"canonical\" href=\"https:\/\/efecomunica.efe.com\/pt-pt\/chile-estima-impacto-direto-da-reuniao-anual-do-bid-em-us-40-milhoes\/\" \/>\n<!-- \/ Yoast SEO plugin. -->","yoast_head_json":{"title":"Chile estima impacto direto da reuni\u00e3o anual do BID em US$ 40 milh\u00f5es","description":"O governo chileno estimou neste domingo que o impacto econ\u00f4mico direto deixado pela realiza\u00e7\u00e3o das reuni\u00f5es anuais da Assembleia de Governadores do Banco","robots":{"index":"index","follow":"follow","max-snippet":"max-snippet:-1","max-image-preview":"max-image-preview:large","max-video-preview":"max-video-preview:-1"},"canonical":"https:\/\/efecomunica.efe.com\/pt-pt\/chile-estima-impacto-direto-da-reuniao-anual-do-bid-em-us-40-milhoes\/","schema":{"@context":"https:\/\/schema.org","@graph":[{"@type":"Article","@id":"https:\/\/efecomunica.efe.com\/pt-pt\/chile-estima-impacto-direto-da-reuniao-anual-do-bid-em-us-40-milhoes\/#article","isPartOf":{"@id":"https:\/\/efecomunica.efe.com\/pt-pt\/chile-estima-impacto-direto-da-reuniao-anual-do-bid-em-us-40-milhoes\/"},"author":{"name":"Ana Paula Raposo Chain","@id":"https:\/\/efecomunica.efe.com\/#\/schema\/person\/c909104001020699b704e3df33fef431"},"headline":"Chile estima impacto direto da reuni\u00e3o anual do BID em US$ 40 milh\u00f5es","datePublished":"2025-03-30T21:59:10+00:00","dateModified":"2025-03-31T01:35:41+00:00","mainEntityOfPage":{"@id":"https:\/\/efecomunica.efe.com\/pt-pt\/chile-estima-impacto-direto-da-reuniao-anual-do-bid-em-us-40-milhoes\/"},"wordCount":449,"publisher":{"@id":"https:\/\/efecomunica.efe.com\/#organization"},"image":{"@id":"https:\/\/efecomunica.efe.com\/pt-pt\/chile-estima-impacto-direto-da-reuniao-anual-do-bid-em-us-40-milhoes\/#primaryimage"},"thumbnailUrl":"https:\/\/efecomunica.efe.com\/wp-content\/uploads\/2025\/03\/rss-efe937a70cc49b9c81f8c2b3a2dfc926396ac112a20w-1.jpg","keywords":["BID","chile","econom\u00eda"],"articleSection":["Economia"],"inLanguage":"pt-PT"},{"@type":"WebPage","@id":"https:\/\/efecomunica.efe.com\/pt-pt\/chile-estima-impacto-direto-da-reuniao-anual-do-bid-em-us-40-milhoes\/","url":"https:\/\/efecomunica.efe.com\/pt-pt\/chile-estima-impacto-direto-da-reuniao-anual-do-bid-em-us-40-milhoes\/","name":"Chile estima impacto direto da reuni\u00e3o anual do BID em US$ 40 milh\u00f5es","isPartOf":{"@id":"https:\/\/efecomunica.efe.com\/#website"},"primaryImageOfPage":{"@id":"https:\/\/efecomunica.efe.com\/pt-pt\/chile-estima-impacto-direto-da-reuniao-anual-do-bid-em-us-40-milhoes\/#primaryimage"},"image":{"@id":"https:\/\/efecomunica.efe.com\/pt-pt\/chile-estima-impacto-direto-da-reuniao-anual-do-bid-em-us-40-milhoes\/#primaryimage"},"thumbnailUrl":"https:\/\/efecomunica.efe.com\/wp-content\/uploads\/2025\/03\/rss-efe937a70cc49b9c81f8c2b3a2dfc926396ac112a20w-1.jpg","datePublished":"2025-03-30T21:59:10+00:00","dateModified":"2025-03-31T01:35:41+00:00","description":"O governo chileno estimou neste domingo que o impacto econ\u00f4mico direto deixado pela realiza\u00e7\u00e3o das reuni\u00f5es anuais da Assembleia de Governadores do Banco","breadcrumb":{"@id":"https:\/\/efecomunica.efe.com\/pt-pt\/chile-estima-impacto-direto-da-reuniao-anual-do-bid-em-us-40-milhoes\/#breadcrumb"},"inLanguage":"pt-PT","potentialAction":[{"@type":"ReadAction","target":["https:\/\/efecomunica.efe.com\/pt-pt\/chile-estima-impacto-direto-da-reuniao-anual-do-bid-em-us-40-milhoes\/"]}]},{"@type":"ImageObject","inLanguage":"pt-PT","@id":"https:\/\/efecomunica.efe.com\/pt-pt\/chile-estima-impacto-direto-da-reuniao-anual-do-bid-em-us-40-milhoes\/#primaryimage","url":"https:\/\/efecomunica.efe.com\/wp-content\/uploads\/2025\/03\/rss-efe937a70cc49b9c81f8c2b3a2dfc926396ac112a20w-1.jpg","contentUrl":"https:\/\/efecomunica.efe.com\/wp-content\/uploads\/2025\/03\/rss-efe937a70cc49b9c81f8c2b3a2dfc926396ac112a20w-1.jpg","width":1920,"height":1280,"caption":"El presidente de la Asamblea de Gobernadores del BID y ministro de Hacienda de Chile, Mario Marcel (i), y el presidente del Banco Interamericano De Desarrollo (BID), Ilan Goldfajn, participan durante una rueda de prensa de las Asambleas Anuales de Gobernadores del BID y de BID Invest 2025 en Santiago (Chile). EFE\/ Elvis Gonz\u00e1lez"},{"@type":"BreadcrumbList","@id":"https:\/\/efecomunica.efe.com\/pt-pt\/chile-estima-impacto-direto-da-reuniao-anual-do-bid-em-us-40-milhoes\/#breadcrumb","itemListElement":[{"@type":"ListItem","position":1,"name":"Portada","item":"https:\/\/efecomunica.efe.com\/pt-pt\/"},{"@type":"ListItem","position":2,"name":"Chile estima impacto direto da reuni\u00e3o anual do BID em US$ 40 milh\u00f5es"}]},{"@type":"WebSite","@id":"https:\/\/efecomunica.efe.com\/#website","url":"https:\/\/efecomunica.efe.com\/","name":"EFE Comunica","description":"Contenidos para empresas","publisher":{"@id":"https:\/\/efecomunica.efe.com\/#organization"},"potentialAction":[{"@type":"SearchAction","target":{"@type":"EntryPoint","urlTemplate":"https:\/\/efecomunica.efe.com\/?s={search_term_string}"},"query-input":{"@type":"PropertyValueSpecification","valueRequired":true,"valueName":"search_term_string"}}],"inLanguage":"pt-PT"},{"@type":"Organization","@id":"https:\/\/efecomunica.efe.com\/#organization","name":"EFE Comunica","url":"https:\/\/efecomunica.efe.com\/","logo":{"@type":"ImageObject","inLanguage":"pt-PT","@id":"https:\/\/efecomunica.efe.com\/#\/schema\/logo\/image\/","url":"https:\/\/efecomunica.efe.com\/wp-content\/uploads\/2020\/12\/Logo-EFE-Comunica_png.png","contentUrl":"https:\/\/efecomunica.efe.com\/wp-content\/uploads\/2020\/12\/Logo-EFE-Comunica_png.png","width":1080,"height":486,"caption":"EFE Comunica"},"image":{"@id":"https:\/\/efecomunica.efe.com\/#\/schema\/logo\/image\/"},"sameAs":["https:\/\/www.facebook.com\/EFEComunicaAgenciaEFE","https:\/\/x.com\/EFEcomunica","https:\/\/www.linkedin.com\/showcase\/efecomunica"]},{"@type":"Person","@id":"https:\/\/efecomunica.efe.com\/#\/schema\/person\/c909104001020699b704e3df33fef431","name":"Ana Paula Raposo Chain","image":{"@type":"ImageObject","inLanguage":"pt-PT","@id":"https:\/\/secure.gravatar.com\/avatar\/fdb673c87ee0b2e7929d64a955445cfbf4bfc5af80baee97082d08a440db678f?s=96&d=identicon&r=g","url":"https:\/\/secure.gravatar.com\/avatar\/fdb673c87ee0b2e7929d64a955445cfbf4bfc5af80baee97082d08a440db678f?s=96&d=identicon&r=g","contentUrl":"https:\/\/secure.gravatar.com\/avatar\/fdb673c87ee0b2e7929d64a955445cfbf4bfc5af80baee97082d08a440db678f?s=96&d=identicon&r=g","caption":"Ana Paula Raposo Chain"},"url":"https:\/\/efecomunica.efe.com\/pt-pt\/author\/achain\/"}]}},"jetpack_featured_media_url":"https:\/\/efecomunica.efe.com\/wp-content\/uploads\/2025\/03\/rss-efe937a70cc49b9c81f8c2b3a2dfc926396ac112a20w-1.jpg","jetpack_likes_enabled":true,"jetpack_shortlink":"https:\/\/wp.me\/pcEg1r-EHD","jetpack_sharing_enabled":true,"_links":{"self":[{"href":"https:\/\/efecomunica.efe.com\/pt-pt\/wp-json\/wp\/v2\/posts\/156465","targetHints":{"allow":["GET"]}}],"collection":[{"href":"https:\/\/efecomunica.efe.com\/pt-pt\/wp-json\/wp\/v2\/posts"}],"about":[{"href":"https:\/\/efecomunica.efe.com\/pt-pt\/wp-json\/wp\/v2\/types\/post"}],"author":[{"embeddable":true,"href":"https:\/\/efecomunica.efe.com\/pt-pt\/wp-json\/wp\/v2\/users\/198164093"}],"replies":[{"embeddable":true,"href":"https:\/\/efecomunica.efe.com\/pt-pt\/wp-json\/wp\/v2\/comments?post=156465"}],"version-history":[{"count":2,"href":"https:\/\/efecomunica.efe.com\/pt-pt\/wp-json\/wp\/v2\/posts\/156465\/revisions"}],"predecessor-version":[{"id":156468,"href":"https:\/\/efecomunica.efe.com\/pt-pt\/wp-json\/wp\/v2\/posts\/156465\/revisions\/156468"}],"wp:featuredmedia":[{"embeddable":true,"href":"https:\/\/efecomunica.efe.com\/pt-pt\/wp-json\/wp\/v2\/media\/156467"}],"wp:attachment":[{"href":"https:\/\/efecomunica.efe.com\/pt-pt\/wp-json\/wp\/v2\/media?parent=156465"}],"wp:term":[{"taxonomy":"category","embeddable":true,"href":"https:\/\/efecomunica.efe.com\/pt-pt\/wp-json\/wp\/v2\/categories?post=156465"},{"taxonomy":"post_tag","embeddable":true,"href":"https:\/\/efecomunica.efe.com\/pt-pt\/wp-json\/wp\/v2\/tags?post=156465"}],"curies":[{"name":"wp","href":"https:\/\/api.w.org\/{rel}","templated":true}]}}