{"id":163398,"date":"2025-05-16T19:30:41","date_gmt":"2025-05-16T17:30:41","guid":{"rendered":"https:\/\/efecomunica.efe.com\/?p=163398"},"modified":"2025-05-16T19:36:01","modified_gmt":"2025-05-16T17:36:01","slug":"america-latina-reciclagem-justa","status":"publish","type":"post","link":"https:\/\/efecomunica.efe.com\/pt-pt\/america-latina-reciclagem-justa\/","title":{"rendered":"Am\u00e9rica Latina busca avan\u00e7ar em processos justos e inclusivos de reciclagem"},"content":{"rendered":"<p>Diante da crise ambiental global, a economia circular oferece solu\u00e7\u00f5es, mas nem toda reciclagem \u00e9 justa ou sustent\u00e1vel. Na Am\u00e9rica Latina, est\u00e3o surgindo modelos e abordagens que reconhecem e remuneram os catadores, como o conceito de &#8220;Tonelada Justa&#8221;, que orienta a transi\u00e7\u00e3o para uma reciclagem mais inclusiva, com equidade social, ambiental e econ\u00f4mica.<\/p>\n<p>A &#8220;Tonelada Justa&#8221; surge como uma abordagem da reciclagem inclusiva que busca medir e promover seu impacto ambiental, econ\u00f4mico e social, garantindo que esse processo n\u00e3o seja apenas sustent\u00e1vel, mas tamb\u00e9m justo para as pessoas que o tornam poss\u00edvel, especialmente os catadores.<\/p>\n<p>Essa metodologia foi constru\u00edda com indicadores internacionais, impulsionada na Am\u00e9rica Latina pela plataforma regional Latitud R, e aplicada por organiza\u00e7\u00f5es de catadores em pa\u00edses como Col\u00f4mbia, Argentina, Peru, Bol\u00edvia, Chile e Equador.<\/p>\n<blockquote><p>&#8220;A reciclagem tradicional \u00e9 um modelo que n\u00e3o queremos replicar. \u00c9 uma reciclagem marginalizada, invisibilizada e muitas vezes criminalizada. A &#8216;Tonelada Justa&#8217; muda isso: reconhece o valor p\u00fablico da reciclagem, compensa aqueles que a tornam poss\u00edvel e coloca as pessoas no centro&#8221;, explicou \u00e0 EFE Luis Miguel Artieda, respons\u00e1vel pela Estrat\u00e9gia Nacional da Funda\u00e7\u00e3o Avina no Peru e diretor da Plataforma Latitud R.<\/p><\/blockquote>\n<h2>Metodologia de triplo impacto<\/h2>\n<p>Desenhada com base em padr\u00f5es internacionais, como os Objetivos de Desenvolvimento Sustent\u00e1vel (ODS) e os princ\u00edpios da Taskforce on Nature-related Financial Disclosures (TNFD), a &#8220;Tonelada Justa&#8221; permite rastrear o impacto ambiental, econ\u00f4mico e social da reciclagem.<\/p>\n<p>No aspecto ambiental, promove a redu\u00e7\u00e3o de emiss\u00f5es de gases de efeito estufa e a regenera\u00e7\u00e3o de ecossistemas degradados. No econ\u00f4mico, incentiva empregos verdes e a inclus\u00e3o financeira dos catadores.<\/p>\n<p>No aspecto social, prioriza a equidade, a participa\u00e7\u00e3o comunit\u00e1ria e a elimina\u00e7\u00e3o do trabalho infantil ou da explora\u00e7\u00e3o.<\/p>\n<p>Romina Malagamba, antrop\u00f3loga e respons\u00e1vel pela Unidade de Ci\u00eancia de Dados da Funda\u00e7\u00e3o Avina, destacou a base cient\u00edfica s\u00f3lida do modelo: \u201cOs resultados geram uma oportunidade hist\u00f3rica. A &#8216;Tonelada Justa&#8217; permite demonstrar que a reciclagem inclusiva n\u00e3o apenas protege o planeta, mas tamb\u00e9m combate a pobreza e responde a crit\u00e9rios de justi\u00e7a clim\u00e1tica\u201d.<\/p>\n<p>Em 2023, gra\u00e7as ao uso dessa metodologia por organiza\u00e7\u00f5es de catadores em seis pa\u00edses latino-americanos, evitou-se a emiss\u00e3o de 150 mil toneladas de di\u00f3xido de carbono (CO\u2082), quantidade equivalente \u00e0 emiss\u00e3o de mais de 33 mil carros em um ano, segundo a Ag\u00eancia de Prote\u00e7\u00e3o Ambiental dos EUA.<\/p>\n<p>Na Argentina, participaram tr\u00eas cooperativas. Os Recuperadores Urbanos do Oeste (RUO), por exemplo, conseguiram recuperar, em 2022, 4.333 toneladas de res\u00edduos, principalmente papel\u00e3o, vidro e papel. Para isso, geraram 195,03 toneladas de CO\u2082 ao longo do ano, sobretudo pelo consumo de energia el\u00e9trica, mas evitaram a emiss\u00e3o de 9.713,45 toneladas de CO\u2082.<\/p>\n<h2>Mais do que reciclagem: inclus\u00e3o, formaliza\u00e7\u00e3o e dignidade<\/h2>\n<p>Segundo dados da plataforma regional Latitud R, apenas 10% dos catadores da Am\u00e9rica Latina est\u00e3o formalmente organizados, enquanto o restante continua trabalhando em condi\u00e7\u00f5es prec\u00e1rias e sem reconhecimento legal.<\/p>\n<p>A implementa\u00e7\u00e3o da abordagem &#8220;Tonelada Justa&#8221; busca reverter essa situa\u00e7\u00e3o por meio de indicadores verific\u00e1veis que medem o impacto real da reciclagem inclusiva na regi\u00e3o.<\/p>\n<blockquote><p>&#8220;Estamos construindo indicadores concretos para medir esse impacto. Que haja separa\u00e7\u00e3o na origem, rotas formais, pagamentos justos pelo material recuperado e uma compensa\u00e7\u00e3o por parte do Estado&#8221;, detalhou Artieda, e acrescentou: &#8220;A reciclagem n\u00e3o pode continuar dependendo da precariedade&#8221;.<\/p><\/blockquote>\n<h2>Urg\u00eancia regional<\/h2>\n<p>A Am\u00e9rica Latina gera milh\u00f5es de toneladas de res\u00edduos por ano. Segundo Artieda, at\u00e9 60% dos materiais recicl\u00e1veis recuperados v\u00eam do trabalho dos catadores. &#8220;Eles s\u00e3o os verdadeiros super-her\u00f3is urbanos, invisibilizados por d\u00e9cadas. Reconhec\u00ea-los n\u00e3o \u00e9 apenas justo, \u00e9 tamb\u00e9m eficaz&#8221;.<\/p>\n<blockquote><p>&#8220;A reciclagem, sozinha, n\u00e3o \u00e9 suficiente. S\u00f3 ser\u00e1 uma ferramenta real contra a mudan\u00e7a clim\u00e1tica quando incluir direitos, sal\u00e1rios dignos e condi\u00e7\u00f5es de trabalho seguras para quem a torna poss\u00edvel&#8221;, concluiu Malagamba, que enfatizou o papel do Estado e a necessidade de implementa\u00e7\u00e3o de pol\u00edticas p\u00fablicas que apoiem esse modelo de reciclagem inclusiva e sustent\u00e1vel. EFE<\/p><\/blockquote>\n","protected":false},"excerpt":{"rendered":"<p>Diante da crise ambiental global, a economia circular oferece solu\u00e7\u00f5es, mas nem toda reciclagem \u00e9 justa ou sustent\u00e1vel. Na Am\u00e9rica Latina, est\u00e3o surgindo modelos e abordagens que reconhecem e remuneram [&hellip;]<\/p>\n","protected":false},"author":198164093,"featured_media":163400,"comment_status":"closed","ping_status":"closed","sticky":false,"template":"","format":"standard","meta":{"_acf_changed":false,"_jetpack_newsletter_access":"","_jetpack_dont_email_post_to_subs":false,"_jetpack_newsletter_tier_id":0,"_jetpack_memberships_contains_paywalled_content":false,"_jetpack_memberships_contains_paid_content":false,"footnotes":"","jetpack_post_was_ever_published":false},"categories":[123875,125402],"tags":[126058,128507,128369,126416],"class_list":["post-163398","post","type-post","status-publish","format-standard","has-post-thumbnail","hentry","category-economia-pt-pt","category-sustentabilidade","tag-america-latina-pt-pt","tag-economia-circular-pt-pt","tag-reciclagem","tag-sustentabilidade"],"acf":[],"yoast_head":"<!-- This site is optimized with the Yoast SEO plugin v27.5 - https:\/\/yoast.com\/product\/yoast-seo-wordpress\/ -->\n<title>Am\u00e9rica Latina busca avan\u00e7ar em processos justos e inclusivos de reciclagem<\/title>\n<meta name=\"description\" content=\"Na Am\u00e9rica Latina est\u00e3o surgindo modelos como o conceito de &quot;Tonelada Justa&quot;, que busca uma reciclagem com equidade social e ambiental.\" \/>\n<meta name=\"robots\" content=\"index, follow, max-snippet:-1, max-image-preview:large, max-video-preview:-1\" \/>\n<link rel=\"canonical\" href=\"https:\/\/efecomunica.efe.com\/pt-pt\/america-latina-reciclagem-justa\/\" \/>\n<!-- \/ Yoast SEO plugin. -->","yoast_head_json":{"title":"Am\u00e9rica Latina busca avan\u00e7ar em processos justos e inclusivos de reciclagem","description":"Na Am\u00e9rica Latina est\u00e3o surgindo modelos como o conceito de \"Tonelada Justa\", que busca uma reciclagem com equidade social e ambiental.","robots":{"index":"index","follow":"follow","max-snippet":"max-snippet:-1","max-image-preview":"max-image-preview:large","max-video-preview":"max-video-preview:-1"},"canonical":"https:\/\/efecomunica.efe.com\/pt-pt\/america-latina-reciclagem-justa\/","schema":{"@context":"https:\/\/schema.org","@graph":[{"@type":"Article","@id":"https:\/\/efecomunica.efe.com\/pt-pt\/america-latina-reciclagem-justa\/#article","isPartOf":{"@id":"https:\/\/efecomunica.efe.com\/pt-pt\/america-latina-reciclagem-justa\/"},"author":{"name":"Ana Paula Raposo Chain","@id":"https:\/\/efecomunica.efe.com\/#\/schema\/person\/c909104001020699b704e3df33fef431"},"headline":"Am\u00e9rica Latina busca avan\u00e7ar em processos justos e inclusivos de reciclagem","datePublished":"2025-05-16T17:30:41+00:00","dateModified":"2025-05-16T17:36:01+00:00","mainEntityOfPage":{"@id":"https:\/\/efecomunica.efe.com\/pt-pt\/america-latina-reciclagem-justa\/"},"wordCount":723,"publisher":{"@id":"https:\/\/efecomunica.efe.com\/#organization"},"image":{"@id":"https:\/\/efecomunica.efe.com\/pt-pt\/america-latina-reciclagem-justa\/#primaryimage"},"thumbnailUrl":"https:\/\/efecomunica.efe.com\/wp-content\/uploads\/2025\/05\/rss-efe1ab183237f07f7b88530be21e2a0528b78be4883w-1120x747-1.webp","keywords":["Am\u00e9rica Latina","econom\u00eda circular","reciclagem","sustentabilidade"],"articleSection":["Economia","Sustentabilidade"],"inLanguage":"pt-PT"},{"@type":"WebPage","@id":"https:\/\/efecomunica.efe.com\/pt-pt\/america-latina-reciclagem-justa\/","url":"https:\/\/efecomunica.efe.com\/pt-pt\/america-latina-reciclagem-justa\/","name":"Am\u00e9rica Latina busca avan\u00e7ar em processos justos e inclusivos de reciclagem","isPartOf":{"@id":"https:\/\/efecomunica.efe.com\/#website"},"primaryImageOfPage":{"@id":"https:\/\/efecomunica.efe.com\/pt-pt\/america-latina-reciclagem-justa\/#primaryimage"},"image":{"@id":"https:\/\/efecomunica.efe.com\/pt-pt\/america-latina-reciclagem-justa\/#primaryimage"},"thumbnailUrl":"https:\/\/efecomunica.efe.com\/wp-content\/uploads\/2025\/05\/rss-efe1ab183237f07f7b88530be21e2a0528b78be4883w-1120x747-1.webp","datePublished":"2025-05-16T17:30:41+00:00","dateModified":"2025-05-16T17:36:01+00:00","description":"Na Am\u00e9rica Latina est\u00e3o surgindo modelos como o conceito de \"Tonelada Justa\", que busca uma reciclagem com equidade social e ambiental.","breadcrumb":{"@id":"https:\/\/efecomunica.efe.com\/pt-pt\/america-latina-reciclagem-justa\/#breadcrumb"},"inLanguage":"pt-PT","potentialAction":[{"@type":"ReadAction","target":["https:\/\/efecomunica.efe.com\/pt-pt\/america-latina-reciclagem-justa\/"]}]},{"@type":"ImageObject","inLanguage":"pt-PT","@id":"https:\/\/efecomunica.efe.com\/pt-pt\/america-latina-reciclagem-justa\/#primaryimage","url":"https:\/\/efecomunica.efe.com\/wp-content\/uploads\/2025\/05\/rss-efe1ab183237f07f7b88530be21e2a0528b78be4883w-1120x747-1.webp","contentUrl":"https:\/\/efecomunica.efe.com\/wp-content\/uploads\/2025\/05\/rss-efe1ab183237f07f7b88530be21e2a0528b78be4883w-1120x747-1.webp","width":1120,"height":747},{"@type":"BreadcrumbList","@id":"https:\/\/efecomunica.efe.com\/pt-pt\/america-latina-reciclagem-justa\/#breadcrumb","itemListElement":[{"@type":"ListItem","position":1,"name":"Portada","item":"https:\/\/efecomunica.efe.com\/pt-pt\/"},{"@type":"ListItem","position":2,"name":"Am\u00e9rica Latina busca avan\u00e7ar em processos justos e inclusivos de reciclagem"}]},{"@type":"WebSite","@id":"https:\/\/efecomunica.efe.com\/#website","url":"https:\/\/efecomunica.efe.com\/","name":"EFE Comunica","description":"Contenidos para empresas","publisher":{"@id":"https:\/\/efecomunica.efe.com\/#organization"},"potentialAction":[{"@type":"SearchAction","target":{"@type":"EntryPoint","urlTemplate":"https:\/\/efecomunica.efe.com\/?s={search_term_string}"},"query-input":{"@type":"PropertyValueSpecification","valueRequired":true,"valueName":"search_term_string"}}],"inLanguage":"pt-PT"},{"@type":"Organization","@id":"https:\/\/efecomunica.efe.com\/#organization","name":"EFE Comunica","url":"https:\/\/efecomunica.efe.com\/","logo":{"@type":"ImageObject","inLanguage":"pt-PT","@id":"https:\/\/efecomunica.efe.com\/#\/schema\/logo\/image\/","url":"https:\/\/efecomunica.efe.com\/wp-content\/uploads\/2020\/12\/Logo-EFE-Comunica_png.png","contentUrl":"https:\/\/efecomunica.efe.com\/wp-content\/uploads\/2020\/12\/Logo-EFE-Comunica_png.png","width":1080,"height":486,"caption":"EFE Comunica"},"image":{"@id":"https:\/\/efecomunica.efe.com\/#\/schema\/logo\/image\/"},"sameAs":["https:\/\/www.facebook.com\/EFEComunicaAgenciaEFE","https:\/\/x.com\/EFEcomunica","https:\/\/www.linkedin.com\/showcase\/efecomunica"]},{"@type":"Person","@id":"https:\/\/efecomunica.efe.com\/#\/schema\/person\/c909104001020699b704e3df33fef431","name":"Ana Paula Raposo Chain","image":{"@type":"ImageObject","inLanguage":"pt-PT","@id":"https:\/\/secure.gravatar.com\/avatar\/fdb673c87ee0b2e7929d64a955445cfbf4bfc5af80baee97082d08a440db678f?s=96&d=identicon&r=g","url":"https:\/\/secure.gravatar.com\/avatar\/fdb673c87ee0b2e7929d64a955445cfbf4bfc5af80baee97082d08a440db678f?s=96&d=identicon&r=g","contentUrl":"https:\/\/secure.gravatar.com\/avatar\/fdb673c87ee0b2e7929d64a955445cfbf4bfc5af80baee97082d08a440db678f?s=96&d=identicon&r=g","caption":"Ana Paula Raposo Chain"},"url":"https:\/\/efecomunica.efe.com\/pt-pt\/author\/achain\/"}]}},"jetpack_featured_media_url":"https:\/\/efecomunica.efe.com\/wp-content\/uploads\/2025\/05\/rss-efe1ab183237f07f7b88530be21e2a0528b78be4883w-1120x747-1.webp","jetpack_likes_enabled":true,"jetpack_shortlink":"https:\/\/wp.me\/pcEg1r-Gvs","jetpack_sharing_enabled":true,"_links":{"self":[{"href":"https:\/\/efecomunica.efe.com\/pt-pt\/wp-json\/wp\/v2\/posts\/163398","targetHints":{"allow":["GET"]}}],"collection":[{"href":"https:\/\/efecomunica.efe.com\/pt-pt\/wp-json\/wp\/v2\/posts"}],"about":[{"href":"https:\/\/efecomunica.efe.com\/pt-pt\/wp-json\/wp\/v2\/types\/post"}],"author":[{"embeddable":true,"href":"https:\/\/efecomunica.efe.com\/pt-pt\/wp-json\/wp\/v2\/users\/198164093"}],"replies":[{"embeddable":true,"href":"https:\/\/efecomunica.efe.com\/pt-pt\/wp-json\/wp\/v2\/comments?post=163398"}],"version-history":[{"count":5,"href":"https:\/\/efecomunica.efe.com\/pt-pt\/wp-json\/wp\/v2\/posts\/163398\/revisions"}],"predecessor-version":[{"id":163404,"href":"https:\/\/efecomunica.efe.com\/pt-pt\/wp-json\/wp\/v2\/posts\/163398\/revisions\/163404"}],"wp:featuredmedia":[{"embeddable":true,"href":"https:\/\/efecomunica.efe.com\/pt-pt\/wp-json\/wp\/v2\/media\/163400"}],"wp:attachment":[{"href":"https:\/\/efecomunica.efe.com\/pt-pt\/wp-json\/wp\/v2\/media?parent=163398"}],"wp:term":[{"taxonomy":"category","embeddable":true,"href":"https:\/\/efecomunica.efe.com\/pt-pt\/wp-json\/wp\/v2\/categories?post=163398"},{"taxonomy":"post_tag","embeddable":true,"href":"https:\/\/efecomunica.efe.com\/pt-pt\/wp-json\/wp\/v2\/tags?post=163398"}],"curies":[{"name":"wp","href":"https:\/\/api.w.org\/{rel}","templated":true}]}}