{"id":166983,"date":"2025-06-04T21:25:55","date_gmt":"2025-06-04T19:25:55","guid":{"rendered":"https:\/\/efecomunica.efe.com\/?p=166983"},"modified":"2025-06-05T02:12:04","modified_gmt":"2025-06-05T00:12:04","slug":"das-ruas-a-onu-catadores-atuam-para-modelar-politica-global-sobre-plasticos","status":"publish","type":"post","link":"https:\/\/efecomunica.efe.com\/pt-pt\/das-ruas-a-onu-catadores-atuam-para-modelar-politica-global-sobre-plasticos\/","title":{"rendered":"Das ruas \u00e0 ONU: catadores buscam modelar pol\u00edtica global sobre pl\u00e1sticos"},"content":{"rendered":"<p data-start=\"150\" data-end=\"511\">De recolher res\u00edduos em Santiago do Chile, Soledad Mella passou a representar a Am\u00e9rica Latina nas negocia\u00e7\u00f5es globais para redigir um tratado internacional que limite a polui\u00e7\u00e3o por pl\u00e1sticos. Como ela, cada vez mais catadores est\u00e3o passando das ruas para as mesas de discuss\u00e3o onde se tomam decis\u00f5es sobre o futuro do planeta.<\/p>\n<blockquote>\n<p data-start=\"513\" data-end=\"909\">\u201cHoje fazemos parte da negocia\u00e7\u00e3o. J\u00e1 n\u00e3o olhamos mais para a ind\u00fastria do pl\u00e1stico de baixo para cima. Olhamos de frente e dizemos: \u2018Vamos negociar. Quanto voc\u00ea vai me pagar pelas toneladas de material que posso lhe fornecer?\u2019\u201d, afirma Mella, presidenta da Associa\u00e7\u00e3o Nacional de Catadores do Chile e integrante da Rede Latino-Americana e do Caribe de Catadores (Red LACRE), em entrevista \u00e0 EFE.<\/p>\n<\/blockquote>\n<p data-start=\"911\" data-end=\"1019\">A conversa aconteceu por ocasi\u00e3o do Dia Mundial do Meio Ambiente, comemorado nesta quinta-feira, 5 de junho.<\/p>\n<p data-start=\"1021\" data-end=\"1237\">De Panam\u00e1, onde participa do encontro regional do Grulac, preparat\u00f3rio para a fase final das negocia\u00e7\u00f5es que ocorrer\u00e3o em Genebra em agosto, Mella destacou o papel social, econ\u00f4mico e ambiental dos catadores de base.<\/p>\n<h2 data-start=\"1239\" data-end=\"1277\">Em busca de acordos internacionais<\/h2>\n<p data-start=\"1279\" data-end=\"1495\">A executiva ser\u00e1 a \u00fanica representante do continente na quinta sess\u00e3o do Comit\u00ea Intergovernamental de Negocia\u00e7\u00e3o (INC 5.2), onde se buscar\u00e1 um instrumento jur\u00eddico vinculante para conter a polui\u00e7\u00e3o pl\u00e1stica no mundo.<\/p>\n<p data-start=\"1497\" data-end=\"1676\">Seu papel \u00e9 levar \u00e0 mesa da ONU as reivindica\u00e7\u00f5es daqueles que coletam, classificam e comercializam materiais recicl\u00e1veis em condi\u00e7\u00f5es prec\u00e1rias, mas com grande impacto ambiental.<\/p>\n<p data-start=\"1678\" data-end=\"1945\">Segundo estimativas da Avina, funda\u00e7\u00e3o que promove a reciclagem inclusiva, esses trabalhadores \u2014 muitas vezes invis\u00edveis aos olhos dos governos \u2014 s\u00e3o respons\u00e1veis por mais de 50% das mat\u00e9rias-primas secund\u00e1rias utilizadas pela ind\u00fastria na Am\u00e9rica Latina e no Caribe.<\/p>\n<blockquote>\n<p data-start=\"1947\" data-end=\"2134\">\u201cO reconhecimento precisa se traduzir em financiamento que fortale\u00e7a os processos\u201d, afirma Romina Malagamba, respons\u00e1vel pela Unidade de Ci\u00eancia de Dados em Reciclagem Inclusiva da Avina.<\/p>\n<\/blockquote>\n<p data-start=\"2136\" data-end=\"2396\">A funda\u00e7\u00e3o atua h\u00e1 duas d\u00e9cadas para integrar o conhecimento t\u00e9cnico e a experi\u00eancia dos catadores, por meio de ferramentas como a Latitud R \u2014 uma m\u00e9trica que calcula que cada tonelada de pl\u00e1stico recuperada evita a emiss\u00e3o de 1,27 tonelada de CO\u2082 equivalente.<\/p>\n<p data-start=\"2398\" data-end=\"2515\">Nesse contexto, as organiza\u00e7\u00f5es de catadores defendem que o tratado sobre pl\u00e1sticos contemple tr\u00eas demandas centrais:<\/p>\n<blockquote>\n<p data-start=\"2517\" data-end=\"2861\">\u201cPrimeiro, o reconhecimento dos catadores de base como o elo inicial da cadeia ambiental. Segundo, que haja uma transi\u00e7\u00e3o justa, permitindo que os catadores sejam inclu\u00eddos nos modelos a serem financiados em n\u00edvel nacional. E terceiro, que o financiamento chegue diretamente aos principais atores \u2014 n\u00f3s, que mitigamos a polui\u00e7\u00e3o\u201d, resume Mella.<\/p>\n<\/blockquote>\n<p data-start=\"2863\" data-end=\"3107\">No Brasil, onde a articula\u00e7\u00e3o entre catadores e o Estado j\u00e1 apresenta avan\u00e7os significativos, o governo busca consolidar um sistema que inclua cerca de um milh\u00e3o de coletores de materiais recicl\u00e1veis, respons\u00e1veis por 90% da reciclagem no pa\u00eds.<\/p>\n<blockquote>\n<p data-start=\"3109\" data-end=\"3311\">\u201cCriamos o programa Procatador e fomos a primeira delega\u00e7\u00e3o a incluir um catador como membro oficial nas negocia\u00e7\u00f5es do INC\u201d, explica \u00e0 EFE Adalberto Maluf, ministro do Meio Ambiente e Mudan\u00e7a do Clima.<\/p>\n<\/blockquote>\n<h2 data-start=\"3313\" data-end=\"3335\">Outras iniciativas<\/h2>\n<p data-start=\"3337\" data-end=\"3516\">O Brasil tamb\u00e9m est\u00e1 promovendo a cria\u00e7\u00e3o de mecanismos como o pagamento por servi\u00e7os ambientais e decretos que reconhecem as cooperativas como atores-chave na gest\u00e3o de res\u00edduos.<\/p>\n<p data-start=\"3518\" data-end=\"3686\">Nesse contexto, propostas como certificados de reciclagem ou planos de investimento de cinco anos podem representar uma fonte estruturada de financiamento para o setor.<\/p>\n<p data-start=\"3688\" data-end=\"3862\">Mas a realidade ainda \u00e9 desigual. Enquanto pa\u00edses como Chile, Col\u00f4mbia e Brasil avan\u00e7am com pol\u00edticas de Estado, em outras na\u00e7\u00f5es os catadores continuam sendo criminalizados.<\/p>\n<p data-start=\"3864\" data-end=\"4215\">Diante disso, a presen\u00e7a de catadores nos f\u00f3runs globais \u2014 vindos das margens sociais \u2014 simboliza n\u00e3o apenas uma conquista, mas uma urg\u00eancia. \u201cEsse trabalho surgiu da pobreza, da necessidade, mas hoje entendemos que \u00e9 um modelo de neg\u00f3cio\u201d, diz Mella.<\/p>\n<blockquote>\n<p data-start=\"3864\" data-end=\"4215\">\u201cFomos vision\u00e1rios. Aquilo que muitos chutavam nas ruas, n\u00f3s transformamos em valor\u201d, acrescenta.<\/p>\n<\/blockquote>\n<p data-start=\"4217\" data-end=\"4490\">Segundo a catadora chilena, a maioria dos movimentos nacionais \u00e9 liderada por mulheres.<\/p>\n<p data-start=\"4217\" data-end=\"4490\">\u201cCerca de 60% a 70% dos processos s\u00e3o conduzidos por catadoras de base\u201d, afirma, e lembra que um \u00fanico trabalhador pode coletar entre duas e tr\u00eas toneladas de res\u00edduos por dia.<\/p>\n<p data-start=\"4492\" data-end=\"4601\">\u201cMultiplique isso pelos mais de 40 milh\u00f5es de catadores no mundo e voc\u00ea entende o impacto real\u201d, conclui. EFE<\/p>\n","protected":false},"excerpt":{"rendered":"<p>De recolher res\u00edduos em Santiago do Chile, Soledad Mella passou a representar a Am\u00e9rica Latina nas negocia\u00e7\u00f5es globais para redigir um tratado internacional que limite a polui\u00e7\u00e3o por pl\u00e1sticos. Como [&hellip;]<\/p>\n","protected":false},"author":198164093,"featured_media":166985,"comment_status":"closed","ping_status":"closed","sticky":false,"template":"","format":"standard","meta":{"_acf_changed":false,"_jetpack_newsletter_access":"","_jetpack_dont_email_post_to_subs":false,"_jetpack_newsletter_tier_id":0,"_jetpack_memberships_contains_paywalled_content":false,"_jetpack_memberships_contains_paid_content":false,"footnotes":"","jetpack_post_was_ever_published":false},"categories":[125407,125402],"tags":[126058,126797,128369,126416],"class_list":["post-166983","post","type-post","status-publish","format-standard","has-post-thumbnail","hentry","category-sociedade","category-sustentabilidade","tag-america-latina-pt-pt","tag-meio-ambiente","tag-reciclagem","tag-sustentabilidade"],"acf":[],"yoast_head":"<!-- This site is optimized with the Yoast SEO plugin v27.5 - https:\/\/yoast.com\/product\/yoast-seo-wordpress\/ -->\n<title>Das ruas \u00e0 ONU: catadores buscam modelar pol\u00edtica global sobre pl\u00e1sticos - EFE Comunica<\/title>\n<meta name=\"description\" content=\"De recolher res\u00edduos em Santiago do Chile, Soledad Mella passou a representar a Am\u00e9rica Latina nas negocia\u00e7\u00f5es globais para redigir um tratado\" \/>\n<meta name=\"robots\" content=\"index, follow, max-snippet:-1, max-image-preview:large, max-video-preview:-1\" \/>\n<link rel=\"canonical\" href=\"https:\/\/efecomunica.efe.com\/pt-pt\/das-ruas-a-onu-catadores-atuam-para-modelar-politica-global-sobre-plasticos\/\" \/>\n<!-- \/ Yoast SEO plugin. -->","yoast_head_json":{"title":"Das ruas \u00e0 ONU: catadores buscam modelar pol\u00edtica global sobre pl\u00e1sticos - EFE Comunica","description":"De recolher res\u00edduos em Santiago do Chile, Soledad Mella passou a representar a Am\u00e9rica Latina nas negocia\u00e7\u00f5es globais para redigir um tratado","robots":{"index":"index","follow":"follow","max-snippet":"max-snippet:-1","max-image-preview":"max-image-preview:large","max-video-preview":"max-video-preview:-1"},"canonical":"https:\/\/efecomunica.efe.com\/pt-pt\/das-ruas-a-onu-catadores-atuam-para-modelar-politica-global-sobre-plasticos\/","schema":{"@context":"https:\/\/schema.org","@graph":[{"@type":"Article","@id":"https:\/\/efecomunica.efe.com\/pt-pt\/das-ruas-a-onu-catadores-atuam-para-modelar-politica-global-sobre-plasticos\/#article","isPartOf":{"@id":"https:\/\/efecomunica.efe.com\/pt-pt\/das-ruas-a-onu-catadores-atuam-para-modelar-politica-global-sobre-plasticos\/"},"author":{"name":"Ana Paula Raposo Chain","@id":"https:\/\/efecomunica.efe.com\/#\/schema\/person\/c909104001020699b704e3df33fef431"},"headline":"Das ruas \u00e0 ONU: catadores buscam modelar pol\u00edtica global sobre pl\u00e1sticos","datePublished":"2025-06-04T19:25:55+00:00","dateModified":"2025-06-05T00:12:04+00:00","mainEntityOfPage":{"@id":"https:\/\/efecomunica.efe.com\/pt-pt\/das-ruas-a-onu-catadores-atuam-para-modelar-politica-global-sobre-plasticos\/"},"wordCount":749,"publisher":{"@id":"https:\/\/efecomunica.efe.com\/#organization"},"image":{"@id":"https:\/\/efecomunica.efe.com\/pt-pt\/das-ruas-a-onu-catadores-atuam-para-modelar-politica-global-sobre-plasticos\/#primaryimage"},"thumbnailUrl":"https:\/\/efecomunica.efe.com\/wp-content\/uploads\/2025\/06\/rss-efe6d3f0354658dfefa846775037ce087e84d1ff445w-1120x747-1.webp","keywords":["Am\u00e9rica Latina","meio ambiente","reciclagem","sustentabilidade"],"articleSection":["Sociedade","Sustentabilidade"],"inLanguage":"pt-PT"},{"@type":"WebPage","@id":"https:\/\/efecomunica.efe.com\/pt-pt\/das-ruas-a-onu-catadores-atuam-para-modelar-politica-global-sobre-plasticos\/","url":"https:\/\/efecomunica.efe.com\/pt-pt\/das-ruas-a-onu-catadores-atuam-para-modelar-politica-global-sobre-plasticos\/","name":"Das ruas \u00e0 ONU: catadores buscam modelar pol\u00edtica global sobre pl\u00e1sticos - EFE Comunica","isPartOf":{"@id":"https:\/\/efecomunica.efe.com\/#website"},"primaryImageOfPage":{"@id":"https:\/\/efecomunica.efe.com\/pt-pt\/das-ruas-a-onu-catadores-atuam-para-modelar-politica-global-sobre-plasticos\/#primaryimage"},"image":{"@id":"https:\/\/efecomunica.efe.com\/pt-pt\/das-ruas-a-onu-catadores-atuam-para-modelar-politica-global-sobre-plasticos\/#primaryimage"},"thumbnailUrl":"https:\/\/efecomunica.efe.com\/wp-content\/uploads\/2025\/06\/rss-efe6d3f0354658dfefa846775037ce087e84d1ff445w-1120x747-1.webp","datePublished":"2025-06-04T19:25:55+00:00","dateModified":"2025-06-05T00:12:04+00:00","description":"De recolher res\u00edduos em Santiago do Chile, Soledad Mella passou a representar a Am\u00e9rica Latina nas negocia\u00e7\u00f5es globais para redigir um tratado","breadcrumb":{"@id":"https:\/\/efecomunica.efe.com\/pt-pt\/das-ruas-a-onu-catadores-atuam-para-modelar-politica-global-sobre-plasticos\/#breadcrumb"},"inLanguage":"pt-PT","potentialAction":[{"@type":"ReadAction","target":["https:\/\/efecomunica.efe.com\/pt-pt\/das-ruas-a-onu-catadores-atuam-para-modelar-politica-global-sobre-plasticos\/"]}]},{"@type":"ImageObject","inLanguage":"pt-PT","@id":"https:\/\/efecomunica.efe.com\/pt-pt\/das-ruas-a-onu-catadores-atuam-para-modelar-politica-global-sobre-plasticos\/#primaryimage","url":"https:\/\/efecomunica.efe.com\/wp-content\/uploads\/2025\/06\/rss-efe6d3f0354658dfefa846775037ce087e84d1ff445w-1120x747-1.webp","contentUrl":"https:\/\/efecomunica.efe.com\/wp-content\/uploads\/2025\/06\/rss-efe6d3f0354658dfefa846775037ce087e84d1ff445w-1120x747-1.webp","width":1120,"height":747},{"@type":"BreadcrumbList","@id":"https:\/\/efecomunica.efe.com\/pt-pt\/das-ruas-a-onu-catadores-atuam-para-modelar-politica-global-sobre-plasticos\/#breadcrumb","itemListElement":[{"@type":"ListItem","position":1,"name":"Portada","item":"https:\/\/efecomunica.efe.com\/pt-pt\/"},{"@type":"ListItem","position":2,"name":"Das ruas \u00e0 ONU: catadores buscam modelar pol\u00edtica global sobre pl\u00e1sticos"}]},{"@type":"WebSite","@id":"https:\/\/efecomunica.efe.com\/#website","url":"https:\/\/efecomunica.efe.com\/","name":"EFE Comunica","description":"Contenidos para empresas","publisher":{"@id":"https:\/\/efecomunica.efe.com\/#organization"},"potentialAction":[{"@type":"SearchAction","target":{"@type":"EntryPoint","urlTemplate":"https:\/\/efecomunica.efe.com\/?s={search_term_string}"},"query-input":{"@type":"PropertyValueSpecification","valueRequired":true,"valueName":"search_term_string"}}],"inLanguage":"pt-PT"},{"@type":"Organization","@id":"https:\/\/efecomunica.efe.com\/#organization","name":"EFE Comunica","url":"https:\/\/efecomunica.efe.com\/","logo":{"@type":"ImageObject","inLanguage":"pt-PT","@id":"https:\/\/efecomunica.efe.com\/#\/schema\/logo\/image\/","url":"https:\/\/efecomunica.efe.com\/wp-content\/uploads\/2020\/12\/Logo-EFE-Comunica_png.png","contentUrl":"https:\/\/efecomunica.efe.com\/wp-content\/uploads\/2020\/12\/Logo-EFE-Comunica_png.png","width":1080,"height":486,"caption":"EFE Comunica"},"image":{"@id":"https:\/\/efecomunica.efe.com\/#\/schema\/logo\/image\/"},"sameAs":["https:\/\/www.facebook.com\/EFEComunicaAgenciaEFE","https:\/\/x.com\/EFEcomunica","https:\/\/www.linkedin.com\/showcase\/efecomunica"]},{"@type":"Person","@id":"https:\/\/efecomunica.efe.com\/#\/schema\/person\/c909104001020699b704e3df33fef431","name":"Ana Paula Raposo Chain","image":{"@type":"ImageObject","inLanguage":"pt-PT","@id":"https:\/\/secure.gravatar.com\/avatar\/fdb673c87ee0b2e7929d64a955445cfbf4bfc5af80baee97082d08a440db678f?s=96&d=identicon&r=g","url":"https:\/\/secure.gravatar.com\/avatar\/fdb673c87ee0b2e7929d64a955445cfbf4bfc5af80baee97082d08a440db678f?s=96&d=identicon&r=g","contentUrl":"https:\/\/secure.gravatar.com\/avatar\/fdb673c87ee0b2e7929d64a955445cfbf4bfc5af80baee97082d08a440db678f?s=96&d=identicon&r=g","caption":"Ana Paula Raposo Chain"},"url":"https:\/\/efecomunica.efe.com\/pt-pt\/author\/achain\/"}]}},"jetpack_featured_media_url":"https:\/\/efecomunica.efe.com\/wp-content\/uploads\/2025\/06\/rss-efe6d3f0354658dfefa846775037ce087e84d1ff445w-1120x747-1.webp","jetpack_likes_enabled":true,"jetpack_shortlink":"https:\/\/wp.me\/pcEg1r-Hrh","jetpack_sharing_enabled":true,"_links":{"self":[{"href":"https:\/\/efecomunica.efe.com\/pt-pt\/wp-json\/wp\/v2\/posts\/166983","targetHints":{"allow":["GET"]}}],"collection":[{"href":"https:\/\/efecomunica.efe.com\/pt-pt\/wp-json\/wp\/v2\/posts"}],"about":[{"href":"https:\/\/efecomunica.efe.com\/pt-pt\/wp-json\/wp\/v2\/types\/post"}],"author":[{"embeddable":true,"href":"https:\/\/efecomunica.efe.com\/pt-pt\/wp-json\/wp\/v2\/users\/198164093"}],"replies":[{"embeddable":true,"href":"https:\/\/efecomunica.efe.com\/pt-pt\/wp-json\/wp\/v2\/comments?post=166983"}],"version-history":[{"count":4,"href":"https:\/\/efecomunica.efe.com\/pt-pt\/wp-json\/wp\/v2\/posts\/166983\/revisions"}],"predecessor-version":[{"id":166988,"href":"https:\/\/efecomunica.efe.com\/pt-pt\/wp-json\/wp\/v2\/posts\/166983\/revisions\/166988"}],"wp:featuredmedia":[{"embeddable":true,"href":"https:\/\/efecomunica.efe.com\/pt-pt\/wp-json\/wp\/v2\/media\/166985"}],"wp:attachment":[{"href":"https:\/\/efecomunica.efe.com\/pt-pt\/wp-json\/wp\/v2\/media?parent=166983"}],"wp:term":[{"taxonomy":"category","embeddable":true,"href":"https:\/\/efecomunica.efe.com\/pt-pt\/wp-json\/wp\/v2\/categories?post=166983"},{"taxonomy":"post_tag","embeddable":true,"href":"https:\/\/efecomunica.efe.com\/pt-pt\/wp-json\/wp\/v2\/tags?post=166983"}],"curies":[{"name":"wp","href":"https:\/\/api.w.org\/{rel}","templated":true}]}}