{"id":186307,"date":"2025-10-01T19:54:22","date_gmt":"2025-10-01T17:54:22","guid":{"rendered":"https:\/\/efecomunica.efe.com\/?p=186307"},"modified":"2025-10-01T19:54:22","modified_gmt":"2025-10-01T17:54:22","slug":"republica-dominicana-ponto-seguro-comercio-eua-e-regiao-2","status":"publish","type":"post","link":"https:\/\/efecomunica.efe.com\/pt-pt\/republica-dominicana-ponto-seguro-comercio-eua-e-regiao-2\/","title":{"rendered":"Rep\u00fablica Dominicana se consolida como ponto seguro de com\u00e9rcio entre EUA e regi\u00e3o"},"content":{"rendered":"<p data-start=\"176\" data-end=\"500\">A Semana Dominicana, realizada nesta semana nos Estados Unidos, chegou \u00e0 sua 33.\u00aa edi\u00e7\u00e3o, promovida pela C\u00e2mara Americana de Com\u00e9rcio da Rep\u00fablica Dominicana (AMCHAMDR), com o objetivo de consolidar o pa\u00eds caribenho como um centro seguro e estrat\u00e9gico para o com\u00e9rcio e a seguran\u00e7a regional.<\/p>\n<p data-start=\"502\" data-end=\"765\">A AMCHAMDR apresentou a Semana Dominicana nas cidades de Washington D.C. e Nova York, de 29 de setembro a 2 de outubro, com uma agenda repleta de encontros multilaterais com l\u00edderes econ\u00f4micos e pol\u00edticos para destacar as vantagens comerciais do pa\u00eds caribenho.<\/p>\n<blockquote>\n<p data-start=\"767\" data-end=\"1009\">\u201cBuscamos fortalecer o com\u00e9rcio e o investimento entre os Estados Unidos e a Rep\u00fablica Dominicana em setores como a gera\u00e7\u00e3o de energia, o turismo e o fluxo de com\u00e9rcio e investimento\u201d, afirmou \u00e0 EFE Steven Puig, vice-presidente da AMCHAMDR.<\/p>\n<\/blockquote>\n<p data-start=\"1011\" data-end=\"1247\">Segundo dados oficiais, h\u00e1 1,2 milh\u00e3o de dominicanos residentes nos EUA. Puig acrescentou que a particularidade dos migrantes dominicanos \u00e9 que eles buscam retornar e investir no pa\u00eds, o que \u201cfortalece os la\u00e7os entre ambas as na\u00e7\u00f5es\u201d.<\/p>\n<h2 data-start=\"1249\" data-end=\"1304\"><strong data-start=\"1249\" data-end=\"1302\">Rep\u00fablica Dominicana como centro log\u00edstico seguro<\/strong><\/h2>\n<p data-start=\"1306\" data-end=\"1492\">Por sua vez, o vice-presidente executivo da AMCHAMDR, William Malamud, destacou que a inten\u00e7\u00e3o da Semana Dominicana \u00e9 posicionar o pa\u00eds como \u201cum parceiro confi\u00e1vel e seguro na regi\u00e3o\u201d.<\/p>\n<blockquote>\n<p data-start=\"1494\" data-end=\"1763\">\u201cTemos cadeias de suprimentos muito seguras, provavelmente as mais seguras de toda a regi\u00e3o, com todas as inspe\u00e7\u00f5es e certifica\u00e7\u00f5es de seguran\u00e7a nos portos. Esta \u00e9 uma boa oportunidade para comunicar nossos avan\u00e7os ao novo governo em Washington\u201d, acrescentou Malamud.<\/p>\n<\/blockquote>\n<p data-start=\"1765\" data-end=\"2025\">Al\u00e9m disso, a economia dominicana manteve um crescimento constante nos \u00faltimos anos; em 2024 registrou um aumento de 5%, um dos mais altos da Am\u00e9rica Latina, o que consolida o pa\u00eds como uma das seis economias l\u00edderes da regi\u00e3o, de acordo com o Banco Mundial.<\/p>\n<blockquote>\n<p data-start=\"2027\" data-end=\"2297\">\u201c\u00c9 a economia que mais cresceu nos \u00faltimos anos e n\u00e3o pretendemos parar por a\u00ed. Estamos nos Estados Unidos para trabalhar com os setores necess\u00e1rios para garantir o investimento estrangeiro no pa\u00eds\u201d, acrescentou Francesca Rainieri, presidente do conselho de diretores.<\/p>\n<\/blockquote>\n<p data-start=\"2299\" data-end=\"2655\">A AMCHAMDR destacou que, nos \u00faltimos anos, a Rep\u00fablica Dominicana realizou um investimento significativo em infraestrutura de zonas francas e centros log\u00edsticos, buscando permitir que empresas norte-americanas n\u00e3o apenas exportem para o pa\u00eds caribenho, mas tamb\u00e9m \u201cse tornem um hub log\u00edstico para despachar produtos e servi\u00e7os a outras na\u00e7\u00f5es da regi\u00e3o\u201d.<\/p>\n<p data-start=\"2657\" data-end=\"2913\">Malamud ressaltou que grandes empresas do setor log\u00edstico, como FedEx, UPS e DHL, \u201cest\u00e3o expandindo suas opera\u00e7\u00f5es na Rep\u00fablica Dominicana\u201d, e acrescentou que a Amazon est\u00e1 preparando uma opera\u00e7\u00e3o com avi\u00f5es e armaz\u00e9ns para distribui\u00e7\u00e3o \u00e0 Am\u00e9rica do Sul.<\/p>\n<h2 data-start=\"2915\" data-end=\"2949\"><strong data-start=\"2915\" data-end=\"2947\">Um reconhecimento \u00e0 di\u00e1spora<\/strong><\/h2>\n<p data-start=\"2951\" data-end=\"3137\">No marco da Semana Dominicana, tr\u00eas conterr\u00e2neos residentes nos EUA foram homenageados em uma premia\u00e7\u00e3o da Revista Mercado que reconhece \u201cO melhor da Rep\u00fablica Dominicana no exterior\u201d.<\/p>\n<p data-start=\"3139\" data-end=\"3442\">Os tr\u00eas dominicanos foram premiados por suas contribui\u00e7\u00f5es em diferentes \u00e1reas: Esperanza Ceballos, por sua trajet\u00f3ria jornal\u00edstica e representa\u00e7\u00e3o latina na m\u00eddia; Alec Subero, por sua lideran\u00e7a na ind\u00fastria aeroespacial; e Cristina Contreras, por sua gest\u00e3o no sistema p\u00fablico de sa\u00fade em Nova York.<\/p>\n<p data-start=\"3444\" data-end=\"3573\">Francesca Rainieri destacou que \u201cesses tr\u00eas dominicanos s\u00e3o exemplo de que o talento e a perseveran\u00e7a n\u00e3o conhecem fronteiras\u201d.<\/p>\n<p data-start=\"3575\" data-end=\"3804\">Por fim, a presidente lembrou que o reconhecimento acontece em um momento hist\u00f3rico, j\u00e1 que neste ano Punta Cana ser\u00e1 sede da C\u00fapula das Am\u00e9ricas 2025, com a presen\u00e7a de chefes de Estado e l\u00edderes empresariais de toda a regi\u00e3o. <strong data-start=\"3806\" data-end=\"3813\">EFE<\/strong><\/p>\n","protected":false},"excerpt":{"rendered":"<p>A Semana Dominicana, realizada nesta semana nos Estados Unidos, chegou \u00e0 sua 33.\u00aa edi\u00e7\u00e3o, promovida pela C\u00e2mara Americana de Com\u00e9rcio da Rep\u00fablica Dominicana (AMCHAMDR), com o objetivo de consolidar o [&hellip;]<\/p>\n","protected":false},"author":198164093,"featured_media":186309,"comment_status":"closed","ping_status":"closed","sticky":false,"template":"","format":"standard","meta":{"_acf_changed":false,"_jetpack_newsletter_access":"","_jetpack_dont_email_post_to_subs":false,"_jetpack_newsletter_tier_id":0,"_jetpack_memberships_contains_paywalled_content":false,"_jetpack_memberships_contains_paid_content":false,"footnotes":"","jetpack_post_was_ever_published":false},"categories":[123875],"tags":[128474,126417,127512,128562],"class_list":["post-186307","post","type-post","status-publish","format-standard","has-post-thumbnail","hentry","category-economia-pt-pt","tag-comercio-exterior","tag-economia-pt-pt","tag-eua","tag-republica-dominicana-pt-pt"],"acf":[],"yoast_head":"<!-- This site is optimized with the Yoast SEO plugin v27.5 - https:\/\/yoast.com\/product\/yoast-seo-wordpress\/ -->\n<title>Rep\u00fablica Dominicana se consolida como ponto seguro de com\u00e9rcio entre EUA e regi\u00e3o<\/title>\n<meta name=\"description\" content=\"A Semana Dominicana, realizada nesta semana nos Estados Unidos, chegou \u00e0 sua 33.\u00aa edi\u00e7\u00e3o, promovida pela C\u00e2mara Americana de Com\u00e9rcio da Rep\u00fablica\" \/>\n<meta name=\"robots\" content=\"index, follow, max-snippet:-1, max-image-preview:large, max-video-preview:-1\" \/>\n<link rel=\"canonical\" href=\"https:\/\/efecomunica.efe.com\/pt-pt\/republica-dominicana-ponto-seguro-comercio-eua-e-regiao-2\/\" \/>\n<!-- \/ Yoast SEO plugin. -->","yoast_head_json":{"title":"Rep\u00fablica Dominicana se consolida como ponto seguro de com\u00e9rcio entre EUA e regi\u00e3o","description":"A Semana Dominicana, realizada nesta semana nos Estados Unidos, chegou \u00e0 sua 33.\u00aa edi\u00e7\u00e3o, promovida pela C\u00e2mara Americana de Com\u00e9rcio da Rep\u00fablica","robots":{"index":"index","follow":"follow","max-snippet":"max-snippet:-1","max-image-preview":"max-image-preview:large","max-video-preview":"max-video-preview:-1"},"canonical":"https:\/\/efecomunica.efe.com\/pt-pt\/republica-dominicana-ponto-seguro-comercio-eua-e-regiao-2\/","schema":{"@context":"https:\/\/schema.org","@graph":[{"@type":"Article","@id":"https:\/\/efecomunica.efe.com\/pt-pt\/republica-dominicana-ponto-seguro-comercio-eua-e-regiao-2\/#article","isPartOf":{"@id":"https:\/\/efecomunica.efe.com\/pt-pt\/republica-dominicana-ponto-seguro-comercio-eua-e-regiao-2\/"},"author":{"name":"Ana Paula Raposo Chain","@id":"https:\/\/efecomunica.efe.com\/#\/schema\/person\/c909104001020699b704e3df33fef431"},"headline":"Rep\u00fablica Dominicana se consolida como ponto seguro de com\u00e9rcio entre EUA e regi\u00e3o","datePublished":"2025-10-01T17:54:22+00:00","mainEntityOfPage":{"@id":"https:\/\/efecomunica.efe.com\/pt-pt\/republica-dominicana-ponto-seguro-comercio-eua-e-regiao-2\/"},"wordCount":633,"publisher":{"@id":"https:\/\/efecomunica.efe.com\/#organization"},"image":{"@id":"https:\/\/efecomunica.efe.com\/pt-pt\/republica-dominicana-ponto-seguro-comercio-eua-e-regiao-2\/#primaryimage"},"thumbnailUrl":"https:\/\/efecomunica.efe.com\/wp-content\/uploads\/2025\/10\/rss-efe08c6d37216763c5a06e151c6d010232c73e44ecfw-1120x747-1.webp","keywords":["comercio exterior","econom\u00eda","eua","Rep\u00fablica Dominicana"],"articleSection":["Economia"],"inLanguage":"pt-PT"},{"@type":"WebPage","@id":"https:\/\/efecomunica.efe.com\/pt-pt\/republica-dominicana-ponto-seguro-comercio-eua-e-regiao-2\/","url":"https:\/\/efecomunica.efe.com\/pt-pt\/republica-dominicana-ponto-seguro-comercio-eua-e-regiao-2\/","name":"Rep\u00fablica Dominicana se consolida como ponto seguro de com\u00e9rcio entre EUA e regi\u00e3o","isPartOf":{"@id":"https:\/\/efecomunica.efe.com\/#website"},"primaryImageOfPage":{"@id":"https:\/\/efecomunica.efe.com\/pt-pt\/republica-dominicana-ponto-seguro-comercio-eua-e-regiao-2\/#primaryimage"},"image":{"@id":"https:\/\/efecomunica.efe.com\/pt-pt\/republica-dominicana-ponto-seguro-comercio-eua-e-regiao-2\/#primaryimage"},"thumbnailUrl":"https:\/\/efecomunica.efe.com\/wp-content\/uploads\/2025\/10\/rss-efe08c6d37216763c5a06e151c6d010232c73e44ecfw-1120x747-1.webp","datePublished":"2025-10-01T17:54:22+00:00","description":"A Semana Dominicana, realizada nesta semana nos Estados Unidos, chegou \u00e0 sua 33.\u00aa edi\u00e7\u00e3o, promovida pela C\u00e2mara Americana de Com\u00e9rcio da Rep\u00fablica","breadcrumb":{"@id":"https:\/\/efecomunica.efe.com\/pt-pt\/republica-dominicana-ponto-seguro-comercio-eua-e-regiao-2\/#breadcrumb"},"inLanguage":"pt-PT","potentialAction":[{"@type":"ReadAction","target":["https:\/\/efecomunica.efe.com\/pt-pt\/republica-dominicana-ponto-seguro-comercio-eua-e-regiao-2\/"]}]},{"@type":"ImageObject","inLanguage":"pt-PT","@id":"https:\/\/efecomunica.efe.com\/pt-pt\/republica-dominicana-ponto-seguro-comercio-eua-e-regiao-2\/#primaryimage","url":"https:\/\/efecomunica.efe.com\/wp-content\/uploads\/2025\/10\/rss-efe08c6d37216763c5a06e151c6d010232c73e44ecfw-1120x747-1.webp","contentUrl":"https:\/\/efecomunica.efe.com\/wp-content\/uploads\/2025\/10\/rss-efe08c6d37216763c5a06e151c6d010232c73e44ecfw-1120x747-1.webp","width":1120,"height":747},{"@type":"BreadcrumbList","@id":"https:\/\/efecomunica.efe.com\/pt-pt\/republica-dominicana-ponto-seguro-comercio-eua-e-regiao-2\/#breadcrumb","itemListElement":[{"@type":"ListItem","position":1,"name":"Portada","item":"https:\/\/efecomunica.efe.com\/pt-pt\/"},{"@type":"ListItem","position":2,"name":"Rep\u00fablica Dominicana se consolida como ponto seguro de com\u00e9rcio entre EUA e regi\u00e3o"}]},{"@type":"WebSite","@id":"https:\/\/efecomunica.efe.com\/#website","url":"https:\/\/efecomunica.efe.com\/","name":"EFE Comunica","description":"Contenidos para empresas","publisher":{"@id":"https:\/\/efecomunica.efe.com\/#organization"},"potentialAction":[{"@type":"SearchAction","target":{"@type":"EntryPoint","urlTemplate":"https:\/\/efecomunica.efe.com\/?s={search_term_string}"},"query-input":{"@type":"PropertyValueSpecification","valueRequired":true,"valueName":"search_term_string"}}],"inLanguage":"pt-PT"},{"@type":"Organization","@id":"https:\/\/efecomunica.efe.com\/#organization","name":"EFE Comunica","url":"https:\/\/efecomunica.efe.com\/","logo":{"@type":"ImageObject","inLanguage":"pt-PT","@id":"https:\/\/efecomunica.efe.com\/#\/schema\/logo\/image\/","url":"https:\/\/efecomunica.efe.com\/wp-content\/uploads\/2020\/12\/Logo-EFE-Comunica_png.png","contentUrl":"https:\/\/efecomunica.efe.com\/wp-content\/uploads\/2020\/12\/Logo-EFE-Comunica_png.png","width":1080,"height":486,"caption":"EFE Comunica"},"image":{"@id":"https:\/\/efecomunica.efe.com\/#\/schema\/logo\/image\/"},"sameAs":["https:\/\/www.facebook.com\/EFEComunicaAgenciaEFE","https:\/\/x.com\/EFEcomunica","https:\/\/www.linkedin.com\/showcase\/efecomunica"]},{"@type":"Person","@id":"https:\/\/efecomunica.efe.com\/#\/schema\/person\/c909104001020699b704e3df33fef431","name":"Ana Paula Raposo Chain","image":{"@type":"ImageObject","inLanguage":"pt-PT","@id":"https:\/\/secure.gravatar.com\/avatar\/fdb673c87ee0b2e7929d64a955445cfbf4bfc5af80baee97082d08a440db678f?s=96&d=identicon&r=g","url":"https:\/\/secure.gravatar.com\/avatar\/fdb673c87ee0b2e7929d64a955445cfbf4bfc5af80baee97082d08a440db678f?s=96&d=identicon&r=g","contentUrl":"https:\/\/secure.gravatar.com\/avatar\/fdb673c87ee0b2e7929d64a955445cfbf4bfc5af80baee97082d08a440db678f?s=96&d=identicon&r=g","caption":"Ana Paula Raposo Chain"},"url":"https:\/\/efecomunica.efe.com\/pt-pt\/author\/achain\/"}]}},"jetpack_featured_media_url":"https:\/\/efecomunica.efe.com\/wp-content\/uploads\/2025\/10\/rss-efe08c6d37216763c5a06e151c6d010232c73e44ecfw-1120x747-1.webp","jetpack_likes_enabled":true,"jetpack_shortlink":"https:\/\/wp.me\/pcEg1r-MsX","jetpack_sharing_enabled":true,"_links":{"self":[{"href":"https:\/\/efecomunica.efe.com\/pt-pt\/wp-json\/wp\/v2\/posts\/186307","targetHints":{"allow":["GET"]}}],"collection":[{"href":"https:\/\/efecomunica.efe.com\/pt-pt\/wp-json\/wp\/v2\/posts"}],"about":[{"href":"https:\/\/efecomunica.efe.com\/pt-pt\/wp-json\/wp\/v2\/types\/post"}],"author":[{"embeddable":true,"href":"https:\/\/efecomunica.efe.com\/pt-pt\/wp-json\/wp\/v2\/users\/198164093"}],"replies":[{"embeddable":true,"href":"https:\/\/efecomunica.efe.com\/pt-pt\/wp-json\/wp\/v2\/comments?post=186307"}],"version-history":[{"count":2,"href":"https:\/\/efecomunica.efe.com\/pt-pt\/wp-json\/wp\/v2\/posts\/186307\/revisions"}],"predecessor-version":[{"id":186310,"href":"https:\/\/efecomunica.efe.com\/pt-pt\/wp-json\/wp\/v2\/posts\/186307\/revisions\/186310"}],"wp:featuredmedia":[{"embeddable":true,"href":"https:\/\/efecomunica.efe.com\/pt-pt\/wp-json\/wp\/v2\/media\/186309"}],"wp:attachment":[{"href":"https:\/\/efecomunica.efe.com\/pt-pt\/wp-json\/wp\/v2\/media?parent=186307"}],"wp:term":[{"taxonomy":"category","embeddable":true,"href":"https:\/\/efecomunica.efe.com\/pt-pt\/wp-json\/wp\/v2\/categories?post=186307"},{"taxonomy":"post_tag","embeddable":true,"href":"https:\/\/efecomunica.efe.com\/pt-pt\/wp-json\/wp\/v2\/tags?post=186307"}],"curies":[{"name":"wp","href":"https:\/\/api.w.org\/{rel}","templated":true}]}}