{"id":186324,"date":"2025-09-30T20:36:10","date_gmt":"2025-09-30T18:36:10","guid":{"rendered":"https:\/\/efecomunica.efe.com\/?p=186324"},"modified":"2025-10-01T20:40:37","modified_gmt":"2025-10-01T18:40:37","slug":"freixo-no-seculo-xxi-turismo-faz-mais-sentido-que-petroleo","status":"publish","type":"post","link":"https:\/\/efecomunica.efe.com\/pt-pt\/freixo-no-seculo-xxi-turismo-faz-mais-sentido-que-petroleo\/","title":{"rendered":"Freixo: &#8220;No s\u00e9culo XXI, turismo faz mais sentido que o petr\u00f3leo&#8221;"},"content":{"rendered":"<p>O presidente da Embratur, Marcelo Freixo, abordou em entrevista \u00e0 Ag\u00eancia EFE, em Buenos Aires, a estrat\u00e9gia que levou o Brasil a registrar um crescimento recorde no turismo a partir de 2023 e garantiu que, &#8220;no s\u00e9culo XXI, o turismo faz mais sentido que o petr\u00f3leo&#8221;.<\/p>\n<p>A estrat\u00e9gia da Embratur foi \u201cmontar uma equipe t\u00e9cnica especializada em turismo com grande capacidade de gest\u00e3o e planejamento\u201d, afirmou Freixo, que esteve na capital argentina para participar da Feira Internacional de Turismo (FIT) Am\u00e9rica Latina, encerrada na ter\u00e7a-feira.<\/p>\n<p>O Brasil foi o protagonista absoluto da edi\u00e7\u00e3o deste ano do evento, com 26 estandes que exibiram a pluralidade nacional, com especial \u00eanfase no Nordeste, onde h\u00e1 destinos menos conhecidos para os argentinos, que costumam visitar em maior n\u00famero as regi\u00f5es Sul e Sudeste.<\/p>\n<p>Todas as pol\u00edticas aplicadas, segundo Freixo, se apoiam em intelig\u00eancia de dados.<\/p>\n<blockquote><p>\u201cSabemos quais mercados t\u00eam interesse pelo Brasil, qual \u00e9 a m\u00e9dia de gastos, quais s\u00e3o as temporadas de maior fluxo, e isso nos permite planejar a\u00e7\u00f5es de promo\u00e7\u00e3o muito mais eficientes\u201d, declarou.<\/p><\/blockquote>\n<p>Essa abordagem, de acordo com ele, permitiu que em 2023 o turismo internacional gerasse US$ 6,9 bilh\u00f5es, cifra que superou a da Copa do Mundo de 2014. Em 2024, o turismo no Brasil alcan\u00e7ou um novo recorde, com US$ 7,3 bilh\u00f5es e 6,7 milh\u00f5es de visitantes estrangeiros.<\/p>\n<blockquote><p>\u201c\u00c9 muito significativo, porque significa emprego, renda, crescimento e um grande movimento econ\u00f4mico para todo o pa\u00eds\u201d, frisou.<\/p><\/blockquote>\n<p>O turismo representa 8% do Produto Interno Bruto (PIB) do Brasil, um n\u00famero significativo se considerarmos que petr\u00f3leo e g\u00e1s somam 12%.<\/p>\n<blockquote><p>&#8220;Acredito que, no s\u00e9culo XXI, o turismo faz mais sentido que o petr\u00f3leo, especialmente se pensarmos em termos de sustentabilidade e responsabilidade clim\u00e1tica&#8221;, afirmou Freixo.<\/p><\/blockquote>\n<h2>Recordes no turismo com Argentina como protagonista<\/h2>\n<p>Nos primeiros sete meses de 2025, houve aumento de 46% no turismo em rela\u00e7\u00e3o ao mesmo per\u00edodo do ano anterior, com um crescimento de 94% somente de visitantes argentinos.<\/p>\n<blockquote><p>\u201cPara se ter uma ideia, em 2024 tivemos 1,9 milh\u00e3o de argentinos no Brasil, e em agosto deste ano j\u00e1 registr\u00e1vamos 2,6 milh\u00f5es\u201d, explicou Freixo.<\/p><\/blockquote>\n<p>Questionado sobre se a estrat\u00e9gia brasileira pode ser repetida em outros pa\u00edses, o presidente da Embratur disse que, embora cada pa\u00eds tenha \u201csuas particularidades e momentos pol\u00edticos, o caminho do planejamento e da intelig\u00eancia de dados \u00e9 bom para todos\u201d.<\/p>\n<h2>Aposta na diversidade e culturas tradicionais<\/h2>\n<p>Na rec\u00e9m-conclu\u00edda edi\u00e7\u00e3o da FIT, o Brasil buscou se diferenciar de seu principal concorrente, o Caribe, ao apelar para a diversidade cultural e natural.<\/p>\n<blockquote><p>\u201cN\u00e3o somente temos praias, mas seis biomas distintos, com culturas e gastronomias muito diferentes. Cada regi\u00e3o expressa uma identidade\u201d, afirmou Freixo.<\/p><\/blockquote>\n<p>A proposta que o Brasil levou este ano \u00e0 FIT enfatizou o desenvolvimento do turismo na Amaz\u00f4nia e a promo\u00e7\u00e3o da cultura dos quilombos.<\/p>\n<p>Para Freixo, trata-se de \u201cum turismo de base comunit\u00e1ria, reparat\u00f3rio, com forte compromisso com a hist\u00f3ria e as popula\u00e7\u00f5es tradicionais, acompanhado de certa justi\u00e7a social\u201d.<\/p>\n<p>Ele tamb\u00e9m lembrou que, embora existam no pa\u00eds hot\u00e9is de luxo e propostas exclusivas, \u201ctamb\u00e9m h\u00e1 experi\u00eancias comunit\u00e1rias e organizadas\u201d que oferecem alternativas.<\/p>\n<p>O turismo, conforme enfatizou o presidente da Embratur, cumpre uma fun\u00e7\u00e3o-chave na economia local: \u201cAs pessoas precisam de uma atividade econ\u00f4mica legal para combater as atividades ilegais, e o turismo \u00e9 uma possibilidade muito importante para essas popula\u00e7\u00f5es\u201d. EFE<\/p>\n","protected":false},"excerpt":{"rendered":"<p>O presidente da Embratur, Marcelo Freixo, abordou em entrevista \u00e0 Ag\u00eancia EFE, em Buenos Aires, a estrat\u00e9gia que levou o Brasil a registrar um crescimento recorde no turismo a partir [&hellip;]<\/p>\n","protected":false},"author":198164093,"featured_media":186329,"comment_status":"closed","ping_status":"closed","sticky":false,"template":"","format":"standard","meta":{"_acf_changed":false,"_jetpack_newsletter_access":"","_jetpack_dont_email_post_to_subs":false,"_jetpack_newsletter_tier_id":0,"_jetpack_memberships_contains_paywalled_content":false,"_jetpack_memberships_contains_paid_content":false,"footnotes":"","jetpack_post_was_ever_published":false},"categories":[123873,123875,125404],"tags":[126106,126695,126417,128511,126444],"class_list":["post-186324","post","type-post","status-publish","format-standard","has-post-thumbnail","hentry","category-cultura-pt-pt","category-economia-pt-pt","category-turismo-pt-pt","tag-argentina-pt-pt","tag-brasil-pt-pt","tag-economia-pt-pt","tag-embratur","tag-turismo-pt-pt"],"acf":[],"yoast_head":"<!-- This site is optimized with the Yoast SEO plugin v27.5 - https:\/\/yoast.com\/product\/yoast-seo-wordpress\/ -->\n<title>Freixo: &quot;No s\u00e9culo XXI, turismo faz mais sentido que o petr\u00f3leo&quot;<\/title>\n<meta name=\"description\" content=\"O presidente da Embratur, Marcelo Freixo, garantiu \u00e0 EFE que, &quot;no s\u00e9culo XXI, o turismo faz mais sentido que o petr\u00f3leo&quot;.\" \/>\n<meta name=\"robots\" content=\"index, follow, max-snippet:-1, max-image-preview:large, max-video-preview:-1\" \/>\n<link rel=\"canonical\" href=\"https:\/\/efecomunica.efe.com\/pt-pt\/freixo-no-seculo-xxi-turismo-faz-mais-sentido-que-petroleo\/\" \/>\n<!-- \/ Yoast SEO plugin. -->","yoast_head_json":{"title":"Freixo: \"No s\u00e9culo XXI, turismo faz mais sentido que o petr\u00f3leo\"","description":"O presidente da Embratur, Marcelo Freixo, garantiu \u00e0 EFE que, \"no s\u00e9culo XXI, o turismo faz mais sentido que o petr\u00f3leo\".","robots":{"index":"index","follow":"follow","max-snippet":"max-snippet:-1","max-image-preview":"max-image-preview:large","max-video-preview":"max-video-preview:-1"},"canonical":"https:\/\/efecomunica.efe.com\/pt-pt\/freixo-no-seculo-xxi-turismo-faz-mais-sentido-que-petroleo\/","schema":{"@context":"https:\/\/schema.org","@graph":[{"@type":"Article","@id":"https:\/\/efecomunica.efe.com\/pt-pt\/freixo-no-seculo-xxi-turismo-faz-mais-sentido-que-petroleo\/#article","isPartOf":{"@id":"https:\/\/efecomunica.efe.com\/pt-pt\/freixo-no-seculo-xxi-turismo-faz-mais-sentido-que-petroleo\/"},"author":{"name":"Ana Paula Raposo Chain","@id":"https:\/\/efecomunica.efe.com\/#\/schema\/person\/c909104001020699b704e3df33fef431"},"headline":"Freixo: &#8220;No s\u00e9culo XXI, turismo faz mais sentido que o petr\u00f3leo&#8221;","datePublished":"2025-09-30T18:36:10+00:00","dateModified":"2025-10-01T18:40:37+00:00","mainEntityOfPage":{"@id":"https:\/\/efecomunica.efe.com\/pt-pt\/freixo-no-seculo-xxi-turismo-faz-mais-sentido-que-petroleo\/"},"wordCount":601,"publisher":{"@id":"https:\/\/efecomunica.efe.com\/#organization"},"image":{"@id":"https:\/\/efecomunica.efe.com\/pt-pt\/freixo-no-seculo-xxi-turismo-faz-mais-sentido-que-petroleo\/#primaryimage"},"thumbnailUrl":"https:\/\/efecomunica.efe.com\/wp-content\/uploads\/2025\/09\/068c9c090c0cbe7d5f0953161db3d8ad5bb00120.jpg","keywords":["Argentina","brasil","econom\u00eda","embratur","turismo"],"articleSection":["Cultura","Economia","Turismo"],"inLanguage":"pt-PT"},{"@type":"WebPage","@id":"https:\/\/efecomunica.efe.com\/pt-pt\/freixo-no-seculo-xxi-turismo-faz-mais-sentido-que-petroleo\/","url":"https:\/\/efecomunica.efe.com\/pt-pt\/freixo-no-seculo-xxi-turismo-faz-mais-sentido-que-petroleo\/","name":"Freixo: \"No s\u00e9culo XXI, turismo faz mais sentido que o petr\u00f3leo\"","isPartOf":{"@id":"https:\/\/efecomunica.efe.com\/#website"},"primaryImageOfPage":{"@id":"https:\/\/efecomunica.efe.com\/pt-pt\/freixo-no-seculo-xxi-turismo-faz-mais-sentido-que-petroleo\/#primaryimage"},"image":{"@id":"https:\/\/efecomunica.efe.com\/pt-pt\/freixo-no-seculo-xxi-turismo-faz-mais-sentido-que-petroleo\/#primaryimage"},"thumbnailUrl":"https:\/\/efecomunica.efe.com\/wp-content\/uploads\/2025\/09\/068c9c090c0cbe7d5f0953161db3d8ad5bb00120.jpg","datePublished":"2025-09-30T18:36:10+00:00","dateModified":"2025-10-01T18:40:37+00:00","description":"O presidente da Embratur, Marcelo Freixo, garantiu \u00e0 EFE que, \"no s\u00e9culo XXI, o turismo faz mais sentido que o petr\u00f3leo\".","breadcrumb":{"@id":"https:\/\/efecomunica.efe.com\/pt-pt\/freixo-no-seculo-xxi-turismo-faz-mais-sentido-que-petroleo\/#breadcrumb"},"inLanguage":"pt-PT","potentialAction":[{"@type":"ReadAction","target":["https:\/\/efecomunica.efe.com\/pt-pt\/freixo-no-seculo-xxi-turismo-faz-mais-sentido-que-petroleo\/"]}]},{"@type":"ImageObject","inLanguage":"pt-PT","@id":"https:\/\/efecomunica.efe.com\/pt-pt\/freixo-no-seculo-xxi-turismo-faz-mais-sentido-que-petroleo\/#primaryimage","url":"https:\/\/efecomunica.efe.com\/wp-content\/uploads\/2025\/09\/068c9c090c0cbe7d5f0953161db3d8ad5bb00120.jpg","contentUrl":"https:\/\/efecomunica.efe.com\/wp-content\/uploads\/2025\/09\/068c9c090c0cbe7d5f0953161db3d8ad5bb00120.jpg","width":1920,"height":1280},{"@type":"BreadcrumbList","@id":"https:\/\/efecomunica.efe.com\/pt-pt\/freixo-no-seculo-xxi-turismo-faz-mais-sentido-que-petroleo\/#breadcrumb","itemListElement":[{"@type":"ListItem","position":1,"name":"Portada","item":"https:\/\/efecomunica.efe.com\/pt-pt\/"},{"@type":"ListItem","position":2,"name":"Freixo: \u00abNo s\u00e9culo XXI, turismo faz mais sentido que o petr\u00f3leo\u00bb"}]},{"@type":"WebSite","@id":"https:\/\/efecomunica.efe.com\/#website","url":"https:\/\/efecomunica.efe.com\/","name":"EFE Comunica","description":"Contenidos para empresas","publisher":{"@id":"https:\/\/efecomunica.efe.com\/#organization"},"potentialAction":[{"@type":"SearchAction","target":{"@type":"EntryPoint","urlTemplate":"https:\/\/efecomunica.efe.com\/?s={search_term_string}"},"query-input":{"@type":"PropertyValueSpecification","valueRequired":true,"valueName":"search_term_string"}}],"inLanguage":"pt-PT"},{"@type":"Organization","@id":"https:\/\/efecomunica.efe.com\/#organization","name":"EFE Comunica","url":"https:\/\/efecomunica.efe.com\/","logo":{"@type":"ImageObject","inLanguage":"pt-PT","@id":"https:\/\/efecomunica.efe.com\/#\/schema\/logo\/image\/","url":"https:\/\/efecomunica.efe.com\/wp-content\/uploads\/2020\/12\/Logo-EFE-Comunica_png.png","contentUrl":"https:\/\/efecomunica.efe.com\/wp-content\/uploads\/2020\/12\/Logo-EFE-Comunica_png.png","width":1080,"height":486,"caption":"EFE Comunica"},"image":{"@id":"https:\/\/efecomunica.efe.com\/#\/schema\/logo\/image\/"},"sameAs":["https:\/\/www.facebook.com\/EFEComunicaAgenciaEFE","https:\/\/x.com\/EFEcomunica","https:\/\/www.linkedin.com\/showcase\/efecomunica"]},{"@type":"Person","@id":"https:\/\/efecomunica.efe.com\/#\/schema\/person\/c909104001020699b704e3df33fef431","name":"Ana Paula Raposo Chain","image":{"@type":"ImageObject","inLanguage":"pt-PT","@id":"https:\/\/secure.gravatar.com\/avatar\/fdb673c87ee0b2e7929d64a955445cfbf4bfc5af80baee97082d08a440db678f?s=96&d=identicon&r=g","url":"https:\/\/secure.gravatar.com\/avatar\/fdb673c87ee0b2e7929d64a955445cfbf4bfc5af80baee97082d08a440db678f?s=96&d=identicon&r=g","contentUrl":"https:\/\/secure.gravatar.com\/avatar\/fdb673c87ee0b2e7929d64a955445cfbf4bfc5af80baee97082d08a440db678f?s=96&d=identicon&r=g","caption":"Ana Paula Raposo Chain"},"url":"https:\/\/efecomunica.efe.com\/pt-pt\/author\/achain\/"}]}},"jetpack_featured_media_url":"https:\/\/efecomunica.efe.com\/wp-content\/uploads\/2025\/09\/068c9c090c0cbe7d5f0953161db3d8ad5bb00120.jpg","jetpack_likes_enabled":true,"jetpack_shortlink":"https:\/\/wp.me\/pcEg1r-Mte","jetpack_sharing_enabled":true,"_links":{"self":[{"href":"https:\/\/efecomunica.efe.com\/pt-pt\/wp-json\/wp\/v2\/posts\/186324","targetHints":{"allow":["GET"]}}],"collection":[{"href":"https:\/\/efecomunica.efe.com\/pt-pt\/wp-json\/wp\/v2\/posts"}],"about":[{"href":"https:\/\/efecomunica.efe.com\/pt-pt\/wp-json\/wp\/v2\/types\/post"}],"author":[{"embeddable":true,"href":"https:\/\/efecomunica.efe.com\/pt-pt\/wp-json\/wp\/v2\/users\/198164093"}],"replies":[{"embeddable":true,"href":"https:\/\/efecomunica.efe.com\/pt-pt\/wp-json\/wp\/v2\/comments?post=186324"}],"version-history":[{"count":3,"href":"https:\/\/efecomunica.efe.com\/pt-pt\/wp-json\/wp\/v2\/posts\/186324\/revisions"}],"predecessor-version":[{"id":186328,"href":"https:\/\/efecomunica.efe.com\/pt-pt\/wp-json\/wp\/v2\/posts\/186324\/revisions\/186328"}],"wp:featuredmedia":[{"embeddable":true,"href":"https:\/\/efecomunica.efe.com\/pt-pt\/wp-json\/wp\/v2\/media\/186329"}],"wp:attachment":[{"href":"https:\/\/efecomunica.efe.com\/pt-pt\/wp-json\/wp\/v2\/media?parent=186324"}],"wp:term":[{"taxonomy":"category","embeddable":true,"href":"https:\/\/efecomunica.efe.com\/pt-pt\/wp-json\/wp\/v2\/categories?post=186324"},{"taxonomy":"post_tag","embeddable":true,"href":"https:\/\/efecomunica.efe.com\/pt-pt\/wp-json\/wp\/v2\/tags?post=186324"}],"curies":[{"name":"wp","href":"https:\/\/api.w.org\/{rel}","templated":true}]}}