{"id":186332,"date":"2025-09-26T20:57:30","date_gmt":"2025-09-26T18:57:30","guid":{"rendered":"https:\/\/efecomunica.efe.com\/?p=186332"},"modified":"2025-10-01T21:03:24","modified_gmt":"2025-10-01T19:03:24","slug":"internacionalizacao-das-pmes-brasileiras-gera-us-125-milhoes-desde-2023","status":"publish","type":"post","link":"https:\/\/efecomunica.efe.com\/pt-pt\/internacionalizacao-das-pmes-brasileiras-gera-us-125-milhoes-desde-2023\/","title":{"rendered":"Brasil espera gerar US$ 125 milh\u00f5es com a Internacionaliza\u00e7\u00e3o de PMEs brasileiras"},"content":{"rendered":"<div class=\"px-md-0 px-2\">\n<p>\u00a0A internacionaliza\u00e7\u00e3o de pequenas e m\u00e9dias empresas (PMEs) brasileiras gerou cerca de US$ 125 milh\u00f5es em expectativas de neg\u00f3cios desde 2023, permitindo ao pa\u00eds diversificar mercados, aumentar sua competitividade global e fortalecer a economia.<\/p>\n<p>O n\u00famero, estimado pela Ag\u00eancia Brasileira de Promo\u00e7\u00e3o de Exporta\u00e7\u00f5es e Investimentos (ApexBrasil), corresponde aos resultados de 39 encontros empresariais realizados dentro da iniciativa &#8220;Exporta Mais Brasil&#8221;, que j\u00e1 conectou 1.220 empresas com 392 compradores de 69 pa\u00edses.<\/p>\n<blockquote><p>&#8220;O Exporta Mais Brasil mostra que se internacionalizar n\u00e3o \u00e9 um privil\u00e9gio das grandes empresas. Estamos construindo oportunidades reais de neg\u00f3cios para pequenos e m\u00e9dios empreendedores de todas as regi\u00f5es do pa\u00eds\u201d, destacou o presidente da ApexBrasil, Jorge Viana, em um comunicado.<\/p><\/blockquote>\n<p>Entre janeiro e o in\u00edcio de setembro, o programa promoveu 11 encontros que, espera-se, gerar\u00e3o mais de US$ 21 milh\u00f5es em exporta\u00e7\u00f5es imediatas e para os pr\u00f3ximos meses.<\/p>\n<p>A diretora de Neg\u00f3cios da ApexBrasil, Ana Repezza, afirmou na nota que, al\u00e9m dos n\u00fameros, &#8220;o grande valor&#8221; do Exporta Mais Brasil \u00e9 permitir que as PMEs, muitas lideradas por mulheres, se conectem diretamente com compradores internacionais, \u201csem necessidade de sair do pa\u00eds\u201d.<\/p>\n<blockquote><p>&#8220;Tudo \u00e9 organizado de forma estrat\u00e9gica, com agendas de negocia\u00e7\u00e3o preparadas de acordo com o perfil dos participantes&#8221;, acrescentou.<\/p><\/blockquote>\n<h2>Segmenta\u00e7\u00e3o de mercados<\/h2>\n<p>Com o objetivo de diversificar a oferta e ampliar os resultados da iniciativa, a ApexBrasil tem apostado na realiza\u00e7\u00e3o de edi\u00e7\u00f5es tem\u00e1ticas do Exporta Mais, voltadas a segmentos espec\u00edficos como caf\u00e9s especiais, alimentos e bebidas, m\u00e1quinas e equipamentos agr\u00edcolas, frutas frescas e moda e confec\u00e7\u00e3o.<\/p>\n<p>Organizada na primeira semana de setembro deste ano, a edi\u00e7\u00e3o de alimentos e bebidas industrializadas conectou 60 empresas brasileiras com 12 compradores internacionais de M\u00e9xico, Portugal, Chile, Indon\u00e9sia, Turquia, \u00cdndia, Jord\u00e2nia, Catar, \u00c1frica do Sul e Mo\u00e7ambique.<\/p>\n<p>O encontro gerou US$ 1,5 milh\u00e3o em neg\u00f3cios imediatos e representou uma oportunidade &#8220;\u00fanica&#8221; para ampliar contatos e conquistar novos mercados para empres\u00e1rios como Bruno Silva, presidente da empresa Sabor de Coco, que produz de forma sustent\u00e1vel \u00f3leo ou petiscos com o fruto.<\/p>\n<blockquote><p>&#8220;Conseguimos aproxima\u00e7\u00f5es muito fortes com o mercado chileno e o mercado de Portugal\u201d, ressaltou Silva.<\/p><\/blockquote>\n<p>Por sua vez, a mexicana Viridiana Fern\u00e1ndez, CEO da plataforma QueVaLlevar, enfatizou o potencial de novos sabores no mercado brasileiro, especialmente os produtos amaz\u00f4nicos.<\/p>\n<blockquote><p>&#8220;O a\u00e7a\u00ed e o guaran\u00e1 me chamaram muito a aten\u00e7\u00e3o. Sinto que o a\u00e7a\u00ed pode ser um produto inovador pelo seu sabor no M\u00e9xico, j\u00e1 que n\u00e3o \u00e9 muito conhecido l\u00e1&#8221;, disse ela, segundo o comunicado da ApexBrasil.<\/p><\/blockquote>\n<h2>Produtos amaz\u00f4nicos<\/h2>\n<p>Diante do alto valor agregado e do enorme potencial desses produtos de origem brasileira, que ainda t\u00eam uma participa\u00e7\u00e3o m\u00e9dia em torno de 1% no mercado internacional, a ApexBrasil busca apoiar de maneira mais intensa a internacionaliza\u00e7\u00e3o de empresas do setor, compat\u00edvel com pr\u00e1ticas sustent\u00e1veis.<\/p>\n<p>Por isso, em 2023 foi criado o &#8220;Exporta Mais Amaz\u00f4nia&#8221;, que \u00e9 focado nos estados da regi\u00e3o Norte do pa\u00eds para fomentar as exporta\u00e7\u00f5es de produtos compat\u00edveis com a prote\u00e7\u00e3o da floresta. Este setor j\u00e1 movimenta cerca de US$ 150 bilh\u00f5es por ano em todo o mundo.<\/p>\n<p>Nas duas primeiras edi\u00e7\u00f5es do programa, foram gerados cerca de US$ 16 milh\u00f5es em neg\u00f3cios.<\/p>\n<p>A terceira edi\u00e7\u00e3o, que ser\u00e1 realizada entre 28 de setembro e 2 de outubro em Rio Branco (AC), reunir\u00e1 mais de 60 empresas brasileiras e 20 internacionais, com compradores de China, Reino Unido, R\u00fassia, Col\u00f4mbia, \u00c1frica do Sul, Chile e \u00cdndia, entre outros pa\u00edses, interessados em diversidade de produtos brasileiros.<\/p>\n<p>O presidente da ApexBrasil refor\u00e7ou que o desafio do Brasil n\u00e3o \u00e9 apenas acessar mercados existentes, mas tamb\u00e9m criar outros.<\/p>\n<p>&#8220;Nosso objetivo \u00e9 que o mundo conhe\u00e7a a riqueza cultural e produtiva abrigada em nossas florestas&#8221;, concluiu. EFE<\/p>\n<\/div>\n<div id=\"\" class=\"d-flex flex-column flex-md-row no-gutters\">\n<div class=\"col-xl-8 col-md-8 .col-sm-11 col-xs-12 detalleALL\">\n<div class=\"p-4 m-0 BOX-light \"><\/div>\n<\/div>\n<\/div>\n","protected":false},"excerpt":{"rendered":"<p>\u00a0A internacionaliza\u00e7\u00e3o de pequenas e m\u00e9dias empresas (PMEs) brasileiras gerou cerca de US$ 125 milh\u00f5es em expectativas de neg\u00f3cios desde 2023, permitindo ao pa\u00eds diversificar mercados, aumentar sua competitividade global [&hellip;]<\/p>\n","protected":false},"author":198164093,"featured_media":186336,"comment_status":"closed","ping_status":"closed","sticky":false,"template":"","format":"standard","meta":{"_acf_changed":false,"_jetpack_newsletter_access":"","_jetpack_dont_email_post_to_subs":false,"_jetpack_newsletter_tier_id":0,"_jetpack_memberships_contains_paywalled_content":false,"_jetpack_memberships_contains_paid_content":false,"footnotes":"","jetpack_post_was_ever_published":false},"categories":[123875],"tags":[126695,128474,126417],"class_list":["post-186332","post","type-post","status-publish","format-standard","has-post-thumbnail","hentry","category-economia-pt-pt","tag-brasil-pt-pt","tag-comercio-exterior","tag-economia-pt-pt"],"acf":[],"yoast_head":"<!-- This site is optimized with the Yoast SEO plugin v27.5 - https:\/\/yoast.com\/product\/yoast-seo-wordpress\/ -->\n<title>Brasil espera gerar US$ 125 milh\u00f5es com a Internacionaliza\u00e7\u00e3o de PMEs brasileiras - EFE Comunica<\/title>\n<meta name=\"description\" content=\"\u00a0A internacionaliza\u00e7\u00e3o de pequenas e m\u00e9dias empresas (PMEs) brasileiras gerou cerca de US$ 125 milh\u00f5es em expectativas de neg\u00f3cios desde 2023, permitindo\" \/>\n<meta name=\"robots\" content=\"index, follow, max-snippet:-1, max-image-preview:large, max-video-preview:-1\" \/>\n<link rel=\"canonical\" href=\"https:\/\/efecomunica.efe.com\/pt-pt\/internacionalizacao-das-pmes-brasileiras-gera-us-125-milhoes-desde-2023\/\" \/>\n<!-- \/ Yoast SEO plugin. -->","yoast_head_json":{"title":"Brasil espera gerar US$ 125 milh\u00f5es com a Internacionaliza\u00e7\u00e3o de PMEs brasileiras - EFE Comunica","description":"\u00a0A internacionaliza\u00e7\u00e3o de pequenas e m\u00e9dias empresas (PMEs) brasileiras gerou cerca de US$ 125 milh\u00f5es em expectativas de neg\u00f3cios desde 2023, permitindo","robots":{"index":"index","follow":"follow","max-snippet":"max-snippet:-1","max-image-preview":"max-image-preview:large","max-video-preview":"max-video-preview:-1"},"canonical":"https:\/\/efecomunica.efe.com\/pt-pt\/internacionalizacao-das-pmes-brasileiras-gera-us-125-milhoes-desde-2023\/","schema":{"@context":"https:\/\/schema.org","@graph":[{"@type":"Article","@id":"https:\/\/efecomunica.efe.com\/pt-pt\/internacionalizacao-das-pmes-brasileiras-gera-us-125-milhoes-desde-2023\/#article","isPartOf":{"@id":"https:\/\/efecomunica.efe.com\/pt-pt\/internacionalizacao-das-pmes-brasileiras-gera-us-125-milhoes-desde-2023\/"},"author":{"name":"Ana Paula Raposo Chain","@id":"https:\/\/efecomunica.efe.com\/#\/schema\/person\/c909104001020699b704e3df33fef431"},"headline":"Brasil espera gerar US$ 125 milh\u00f5es com a Internacionaliza\u00e7\u00e3o de PMEs brasileiras","datePublished":"2025-09-26T18:57:30+00:00","dateModified":"2025-10-01T19:03:24+00:00","mainEntityOfPage":{"@id":"https:\/\/efecomunica.efe.com\/pt-pt\/internacionalizacao-das-pmes-brasileiras-gera-us-125-milhoes-desde-2023\/"},"wordCount":672,"publisher":{"@id":"https:\/\/efecomunica.efe.com\/#organization"},"image":{"@id":"https:\/\/efecomunica.efe.com\/pt-pt\/internacionalizacao-das-pmes-brasileiras-gera-us-125-milhoes-desde-2023\/#primaryimage"},"thumbnailUrl":"https:\/\/efecomunica.efe.com\/wp-content\/uploads\/2025\/10\/rss-efeac4db1eea0e731783b86724e2461d6b808b00846w-1536x1022-1.webp","keywords":["brasil","comercio exterior","econom\u00eda"],"articleSection":["Economia"],"inLanguage":"pt-PT"},{"@type":"WebPage","@id":"https:\/\/efecomunica.efe.com\/pt-pt\/internacionalizacao-das-pmes-brasileiras-gera-us-125-milhoes-desde-2023\/","url":"https:\/\/efecomunica.efe.com\/pt-pt\/internacionalizacao-das-pmes-brasileiras-gera-us-125-milhoes-desde-2023\/","name":"Brasil espera gerar US$ 125 milh\u00f5es com a Internacionaliza\u00e7\u00e3o de PMEs brasileiras - EFE Comunica","isPartOf":{"@id":"https:\/\/efecomunica.efe.com\/#website"},"primaryImageOfPage":{"@id":"https:\/\/efecomunica.efe.com\/pt-pt\/internacionalizacao-das-pmes-brasileiras-gera-us-125-milhoes-desde-2023\/#primaryimage"},"image":{"@id":"https:\/\/efecomunica.efe.com\/pt-pt\/internacionalizacao-das-pmes-brasileiras-gera-us-125-milhoes-desde-2023\/#primaryimage"},"thumbnailUrl":"https:\/\/efecomunica.efe.com\/wp-content\/uploads\/2025\/10\/rss-efeac4db1eea0e731783b86724e2461d6b808b00846w-1536x1022-1.webp","datePublished":"2025-09-26T18:57:30+00:00","dateModified":"2025-10-01T19:03:24+00:00","description":"\u00a0A internacionaliza\u00e7\u00e3o de pequenas e m\u00e9dias empresas (PMEs) brasileiras gerou cerca de US$ 125 milh\u00f5es em expectativas de neg\u00f3cios desde 2023, permitindo","breadcrumb":{"@id":"https:\/\/efecomunica.efe.com\/pt-pt\/internacionalizacao-das-pmes-brasileiras-gera-us-125-milhoes-desde-2023\/#breadcrumb"},"inLanguage":"pt-PT","potentialAction":[{"@type":"ReadAction","target":["https:\/\/efecomunica.efe.com\/pt-pt\/internacionalizacao-das-pmes-brasileiras-gera-us-125-milhoes-desde-2023\/"]}]},{"@type":"ImageObject","inLanguage":"pt-PT","@id":"https:\/\/efecomunica.efe.com\/pt-pt\/internacionalizacao-das-pmes-brasileiras-gera-us-125-milhoes-desde-2023\/#primaryimage","url":"https:\/\/efecomunica.efe.com\/wp-content\/uploads\/2025\/10\/rss-efeac4db1eea0e731783b86724e2461d6b808b00846w-1536x1022-1.webp","contentUrl":"https:\/\/efecomunica.efe.com\/wp-content\/uploads\/2025\/10\/rss-efeac4db1eea0e731783b86724e2461d6b808b00846w-1536x1022-1.webp","width":1536,"height":1022},{"@type":"BreadcrumbList","@id":"https:\/\/efecomunica.efe.com\/pt-pt\/internacionalizacao-das-pmes-brasileiras-gera-us-125-milhoes-desde-2023\/#breadcrumb","itemListElement":[{"@type":"ListItem","position":1,"name":"Portada","item":"https:\/\/efecomunica.efe.com\/pt-pt\/"},{"@type":"ListItem","position":2,"name":"Brasil espera gerar US$ 125 milh\u00f5es com a Internacionaliza\u00e7\u00e3o de PMEs brasileiras"}]},{"@type":"WebSite","@id":"https:\/\/efecomunica.efe.com\/#website","url":"https:\/\/efecomunica.efe.com\/","name":"EFE Comunica","description":"Contenidos para empresas","publisher":{"@id":"https:\/\/efecomunica.efe.com\/#organization"},"potentialAction":[{"@type":"SearchAction","target":{"@type":"EntryPoint","urlTemplate":"https:\/\/efecomunica.efe.com\/?s={search_term_string}"},"query-input":{"@type":"PropertyValueSpecification","valueRequired":true,"valueName":"search_term_string"}}],"inLanguage":"pt-PT"},{"@type":"Organization","@id":"https:\/\/efecomunica.efe.com\/#organization","name":"EFE Comunica","url":"https:\/\/efecomunica.efe.com\/","logo":{"@type":"ImageObject","inLanguage":"pt-PT","@id":"https:\/\/efecomunica.efe.com\/#\/schema\/logo\/image\/","url":"https:\/\/efecomunica.efe.com\/wp-content\/uploads\/2020\/12\/Logo-EFE-Comunica_png.png","contentUrl":"https:\/\/efecomunica.efe.com\/wp-content\/uploads\/2020\/12\/Logo-EFE-Comunica_png.png","width":1080,"height":486,"caption":"EFE Comunica"},"image":{"@id":"https:\/\/efecomunica.efe.com\/#\/schema\/logo\/image\/"},"sameAs":["https:\/\/www.facebook.com\/EFEComunicaAgenciaEFE","https:\/\/x.com\/EFEcomunica","https:\/\/www.linkedin.com\/showcase\/efecomunica"]},{"@type":"Person","@id":"https:\/\/efecomunica.efe.com\/#\/schema\/person\/c909104001020699b704e3df33fef431","name":"Ana Paula Raposo Chain","image":{"@type":"ImageObject","inLanguage":"pt-PT","@id":"https:\/\/secure.gravatar.com\/avatar\/fdb673c87ee0b2e7929d64a955445cfbf4bfc5af80baee97082d08a440db678f?s=96&d=identicon&r=g","url":"https:\/\/secure.gravatar.com\/avatar\/fdb673c87ee0b2e7929d64a955445cfbf4bfc5af80baee97082d08a440db678f?s=96&d=identicon&r=g","contentUrl":"https:\/\/secure.gravatar.com\/avatar\/fdb673c87ee0b2e7929d64a955445cfbf4bfc5af80baee97082d08a440db678f?s=96&d=identicon&r=g","caption":"Ana Paula Raposo Chain"},"url":"https:\/\/efecomunica.efe.com\/pt-pt\/author\/achain\/"}]}},"jetpack_featured_media_url":"https:\/\/efecomunica.efe.com\/wp-content\/uploads\/2025\/10\/rss-efeac4db1eea0e731783b86724e2461d6b808b00846w-1536x1022-1.webp","jetpack_likes_enabled":true,"jetpack_shortlink":"https:\/\/wp.me\/pcEg1r-Mtm","jetpack_sharing_enabled":true,"_links":{"self":[{"href":"https:\/\/efecomunica.efe.com\/pt-pt\/wp-json\/wp\/v2\/posts\/186332","targetHints":{"allow":["GET"]}}],"collection":[{"href":"https:\/\/efecomunica.efe.com\/pt-pt\/wp-json\/wp\/v2\/posts"}],"about":[{"href":"https:\/\/efecomunica.efe.com\/pt-pt\/wp-json\/wp\/v2\/types\/post"}],"author":[{"embeddable":true,"href":"https:\/\/efecomunica.efe.com\/pt-pt\/wp-json\/wp\/v2\/users\/198164093"}],"replies":[{"embeddable":true,"href":"https:\/\/efecomunica.efe.com\/pt-pt\/wp-json\/wp\/v2\/comments?post=186332"}],"version-history":[{"count":5,"href":"https:\/\/efecomunica.efe.com\/pt-pt\/wp-json\/wp\/v2\/posts\/186332\/revisions"}],"predecessor-version":[{"id":186339,"href":"https:\/\/efecomunica.efe.com\/pt-pt\/wp-json\/wp\/v2\/posts\/186332\/revisions\/186339"}],"wp:featuredmedia":[{"embeddable":true,"href":"https:\/\/efecomunica.efe.com\/pt-pt\/wp-json\/wp\/v2\/media\/186336"}],"wp:attachment":[{"href":"https:\/\/efecomunica.efe.com\/pt-pt\/wp-json\/wp\/v2\/media?parent=186332"}],"wp:term":[{"taxonomy":"category","embeddable":true,"href":"https:\/\/efecomunica.efe.com\/pt-pt\/wp-json\/wp\/v2\/categories?post=186332"},{"taxonomy":"post_tag","embeddable":true,"href":"https:\/\/efecomunica.efe.com\/pt-pt\/wp-json\/wp\/v2\/tags?post=186332"}],"curies":[{"name":"wp","href":"https:\/\/api.w.org\/{rel}","templated":true}]}}