{"id":186333,"date":"2025-09-27T20:57:33","date_gmt":"2025-09-27T18:57:33","guid":{"rendered":"https:\/\/efecomunica.efe.com\/?p=186333"},"modified":"2026-04-13T23:40:24","modified_gmt":"2026-04-13T21:40:24","slug":"brasil-aposta-em-comercio-internacional-para-reduzir-desigualdades-de-genero-e-sociais","status":"publish","type":"post","link":"https:\/\/efecomunica.efe.com\/pt-pt\/brasil-aposta-em-comercio-internacional-para-reduzir-desigualdades-de-genero-e-sociais\/","title":{"rendered":"Brasil aposta em com\u00e9rcio internacional para reduzir desigualdades de g\u00eanero e sociais"},"content":{"rendered":"<p>O Brasil aposta no com\u00e9rcio internacional e na <strong>atra\u00e7\u00e3o de investimentos estrangeiros<\/strong> n\u00e3o apenas para impulsionar seu crescimento, como para reduzir as desigualdades de g\u00eanero no pa\u00eds, onde 51,5% da popula\u00e7\u00e3o \u00e9 formada por mulheres.<\/p>\n<p>A afirma\u00e7\u00e3o foi feita em entrevista \u00e0 EFE pela diretora de neg\u00f3cios da Ag\u00eancia Brasileira de Promo\u00e7\u00e3o de Exporta\u00e7\u00f5es e Investimentos (ApexBrasil),<strong> Ana Paula Repezza<\/strong>, que destacou o potencial econ\u00f4mico e social de uma maior participa\u00e7\u00e3o feminina.<\/p>\n<p>Repezza explicou que, como as empresas que comercializam com outros pa\u00edses pagam melhores sal\u00e1rios e s\u00e3o mais resilientes a crises, o com\u00e9rcio exterior representa uma <strong>importante oportunidade<\/strong> para as mulheres elevarem seus rendimentos.<\/p>\n<p>Quando t\u00eam uma renda maior, segundo Repezza, elas tendem a investir em alimenta\u00e7\u00e3o ou educa\u00e7\u00e3o para a fam\u00edlia, o que melhora as condi\u00e7\u00f5es para as gera\u00e7\u00f5es futuras e gera um &#8220;ciclo virtuoso&#8221; de impacto em toda a economia.<\/p>\n<blockquote><p>&#8220;\u00c9 muito potente esta equa\u00e7\u00e3o que une as empresas exportadoras ao fato de que as mulheres que t\u00eam mais renda v\u00e3o reinvesti-la nas futuras gera\u00e7\u00f5es. Isso transforma o com\u00e9rcio exterior em uma grande ferramenta de diminui\u00e7\u00e3o da desigualdade social&#8221;, afirmou.<\/p><\/blockquote>\n<h3>Caminho sem volta<\/h3>\n<p>Segundo um relat\u00f3rio do Minist\u00e9rio do Desenvolvimento, Ind\u00fastria, Com\u00e9rcio e Servi\u00e7os, apenas 2% do valor total exportado pelo Brasil em 2024, que atingiu <strong>US$ 337 bilh\u00f5es<\/strong>, correspondeu a empresas com maioria feminina na estrutura societ\u00e1ria.<\/p>\n<p>No entanto, o estudo revela sinais de mudan\u00e7a: a propor\u00e7\u00e3o de companhias exportadoras com maioria de mulheres s\u00f3cias passou de 13,9% em 2022 para 14,5% em 2024, com especial presen\u00e7a em <strong>micro e pequenas empresas<\/strong>.<\/p>\n<p>Para Repezza, \u00e9 evidente que h\u00e1 &#8220;uma consci\u00eancia muito maior sobre a import\u00e2ncia da <strong>participa\u00e7\u00e3o das mulheres<\/strong>&#8221; e do desenvolvimento de pol\u00edticas p\u00fablicas que facilitem essa inclus\u00e3o.<\/p>\n<blockquote><p>&#8220;Nos \u00faltimos anos, a inclus\u00e3o da mulher no mercado de trabalho e na economia brasileira \u00e9 cada vez maior, e esse \u00e9 um caminho sem volta&#8221;, defendeu.<\/p><\/blockquote>\n<h3>Apoio e coopera\u00e7\u00e3o<\/h3>\n<p>Para acelerar essa mudan\u00e7a, a ApexBrasil busca apoiar e<strong> potencializar a lideran\u00e7a feminina<\/strong> com o programa Mulheres e Neg\u00f3cios Internacionais (MNI), que desde 2023 j\u00e1 atendeu mais de 4.000 empresas.<\/p>\n<p>Com mais de 70 aliados estrat\u00e9gicos, a iniciativa oferece desde <strong>capacita\u00e7\u00f5es t\u00e9cnicas e socioemocionais<\/strong> at\u00e9 rodadas de neg\u00f3cios, al\u00e9m de miss\u00f5es internacionais.<\/p>\n<p>A ag\u00eancia brasileira tamb\u00e9m se integrou \u00e0 plataforma <strong>SheTrades Hub<\/strong>, do Centro de Com\u00e9rcio Internacional (ITC), que oferece uma rede de centros de apoio, capacita\u00e7\u00e3o e conex\u00e3o em 18 pa\u00edses.<\/p>\n<blockquote><p>&#8220;O interc\u00e2mbio internacional ajuda muito, porque elas percebem que os problemas muitas vezes s\u00e3o os mesmos, e isso gera uma conex\u00e3o emocional que favorece uma maior compreens\u00e3o e tamb\u00e9m a busca de solu\u00e7\u00f5es, al\u00e9m de poder culminar em acordos comerciais&#8221;, afirmou Repezza.<\/p><\/blockquote>\n<p>Al\u00e9m disso, o Brasil aderiu ao Acordo Global sobre<strong> Com\u00e9rcio e G\u00eanero (GTAGA)<\/strong> e avan\u00e7ou na implementa\u00e7\u00e3o do cap\u00edtulo sobre com\u00e9rcio e g\u00eanero do Acordo de Livre Com\u00e9rcio com o Chile, que entrou em vigor em 2022 e \u00e9 uma refer\u00eancia nas exporta\u00e7\u00f5es de empresas lideradas por mulheres entre os dois pa\u00edses.<\/p>\n<p>Segundo dados oficiais, enquanto as brasileiras registraram <strong>um aumento de 112%<\/strong> no valor total exportado para o Chile entre 2021 e 2024, atingindo US$ 397 milh\u00f5es em 2024, as chilenas tiveram um aumento m\u00e9dio de 4% ao ano, chegando a US$ 1,42 bilh\u00e3o no ano passado.<\/p>\n<h3>Osaka, uma vitrine para a mudan\u00e7a<\/h3>\n<p>Com sua participa\u00e7\u00e3o na <strong>Expo Osaka 2025<\/strong>, que termina no pr\u00f3ximo dia 13 de outubro no Jap\u00e3o, o Brasil busca n\u00e3o apenas fortalecer conex\u00f5es globais, mas tamb\u00e9m se projetar como uma vitrine para o empoderamento feminino.<\/p>\n<p>Por seu pavilh\u00e3o de <strong>373 metros quadrados<\/strong>, dividido em espa\u00e7os imersivos que refletem a preserva\u00e7\u00e3o da natureza e a diversidade, j\u00e1 passaram quase 2 milh\u00f5es de visitantes desde abril.<\/p>\n<p>Paralelamente, em agosto o pa\u00eds promoveu a <strong>Semana da Mulher<\/strong>, com atra\u00e7\u00f5es musicais, um desfile de moda, reuni\u00f5es de neg\u00f3cios e debates.<\/p>\n<p>&#8220;Esta a\u00e7\u00e3o uniu neg\u00f3cios com debates importantes sobre o futuro da mulher. O tema da Expo este ano \u00e9 o futuro que queremos, e n\u00e3o se pode pensar em um futuro que n\u00e3o seja inclusivo, no qual a mulher n\u00e3o possa exercer plenamente todas as suas capacidades (&#8230;) O lugar da mulher \u00e9 onde ela quiser, em todo o mundo&#8221;, concluiu. EFE<\/p>\n","protected":false},"excerpt":{"rendered":"<p>O Brasil aposta no com\u00e9rcio internacional e na atra\u00e7\u00e3o de investimentos estrangeiros n\u00e3o apenas para impulsionar seu crescimento, como para reduzir as desigualdades de g\u00eanero no pa\u00eds, onde 51,5% da [&hellip;]<\/p>\n","protected":false},"author":198164093,"featured_media":186341,"comment_status":"closed","ping_status":"closed","sticky":false,"template":"","format":"standard","meta":{"_acf_changed":false,"_jetpack_newsletter_access":"","_jetpack_dont_email_post_to_subs":false,"_jetpack_newsletter_tier_id":0,"_jetpack_memberships_contains_paywalled_content":false,"_jetpack_memberships_contains_paid_content":false,"footnotes":"","jetpack_post_was_ever_published":false},"categories":[123875,125406],"tags":[126695,128474,126417,128490],"class_list":["post-186333","post","type-post","status-publish","format-standard","has-post-thumbnail","hentry","category-economia-pt-pt","category-tendencias-pt-pt","tag-brasil-pt-pt","tag-comercio-exterior","tag-economia-pt-pt","tag-genero"],"acf":[],"yoast_head":"<!-- This site is optimized with the Yoast SEO plugin v27.5 - https:\/\/yoast.com\/product\/yoast-seo-wordpress\/ -->\n<title>Brasil aposta em com\u00e9rcio internacional para reduzir desigualdades de g\u00eanero e sociais<\/title>\n<meta name=\"description\" content=\"O Brasil aposta no com\u00e9rcio internacional e na atra\u00e7\u00e3o de investimentos estrangeiros para reduzir as desigualdades de g\u00eanero no pa\u00eds.\" \/>\n<meta name=\"robots\" content=\"index, follow, max-snippet:-1, max-image-preview:large, max-video-preview:-1\" \/>\n<link rel=\"canonical\" href=\"https:\/\/efecomunica.efe.com\/pt-pt\/brasil-aposta-em-comercio-internacional-para-reduzir-desigualdades-de-genero-e-sociais\/\" \/>\n<!-- \/ Yoast SEO plugin. -->","yoast_head_json":{"title":"Brasil aposta em com\u00e9rcio internacional para reduzir desigualdades de g\u00eanero e sociais","description":"O Brasil aposta no com\u00e9rcio internacional e na atra\u00e7\u00e3o de investimentos estrangeiros para reduzir as desigualdades de g\u00eanero no pa\u00eds.","robots":{"index":"index","follow":"follow","max-snippet":"max-snippet:-1","max-image-preview":"max-image-preview:large","max-video-preview":"max-video-preview:-1"},"canonical":"https:\/\/efecomunica.efe.com\/pt-pt\/brasil-aposta-em-comercio-internacional-para-reduzir-desigualdades-de-genero-e-sociais\/","schema":{"@context":"https:\/\/schema.org","@graph":[{"@type":"Article","@id":"https:\/\/efecomunica.efe.com\/pt-pt\/brasil-aposta-em-comercio-internacional-para-reduzir-desigualdades-de-genero-e-sociais\/#article","isPartOf":{"@id":"https:\/\/efecomunica.efe.com\/pt-pt\/brasil-aposta-em-comercio-internacional-para-reduzir-desigualdades-de-genero-e-sociais\/"},"author":{"name":"Ana Paula Raposo Chain","@id":"https:\/\/efecomunica.efe.com\/#\/schema\/person\/c909104001020699b704e3df33fef431"},"headline":"Brasil aposta em com\u00e9rcio internacional para reduzir desigualdades de g\u00eanero e sociais","datePublished":"2025-09-27T18:57:33+00:00","dateModified":"2026-04-13T21:40:24+00:00","mainEntityOfPage":{"@id":"https:\/\/efecomunica.efe.com\/pt-pt\/brasil-aposta-em-comercio-internacional-para-reduzir-desigualdades-de-genero-e-sociais\/"},"wordCount":774,"publisher":{"@id":"https:\/\/efecomunica.efe.com\/#organization"},"image":{"@id":"https:\/\/efecomunica.efe.com\/pt-pt\/brasil-aposta-em-comercio-internacional-para-reduzir-desigualdades-de-genero-e-sociais\/#primaryimage"},"thumbnailUrl":"https:\/\/efecomunica.efe.com\/wp-content\/uploads\/2025\/10\/f7461a5d7e27edd32233d7191685eb62779d8153.jpg","keywords":["brasil","comercio exterior","econom\u00eda","genero"],"articleSection":["Economia","Tend\u00eancias"],"inLanguage":"pt-PT"},{"@type":"WebPage","@id":"https:\/\/efecomunica.efe.com\/pt-pt\/brasil-aposta-em-comercio-internacional-para-reduzir-desigualdades-de-genero-e-sociais\/","url":"https:\/\/efecomunica.efe.com\/pt-pt\/brasil-aposta-em-comercio-internacional-para-reduzir-desigualdades-de-genero-e-sociais\/","name":"Brasil aposta em com\u00e9rcio internacional para reduzir desigualdades de g\u00eanero e sociais","isPartOf":{"@id":"https:\/\/efecomunica.efe.com\/#website"},"primaryImageOfPage":{"@id":"https:\/\/efecomunica.efe.com\/pt-pt\/brasil-aposta-em-comercio-internacional-para-reduzir-desigualdades-de-genero-e-sociais\/#primaryimage"},"image":{"@id":"https:\/\/efecomunica.efe.com\/pt-pt\/brasil-aposta-em-comercio-internacional-para-reduzir-desigualdades-de-genero-e-sociais\/#primaryimage"},"thumbnailUrl":"https:\/\/efecomunica.efe.com\/wp-content\/uploads\/2025\/10\/f7461a5d7e27edd32233d7191685eb62779d8153.jpg","datePublished":"2025-09-27T18:57:33+00:00","dateModified":"2026-04-13T21:40:24+00:00","description":"O Brasil aposta no com\u00e9rcio internacional e na atra\u00e7\u00e3o de investimentos estrangeiros para reduzir as desigualdades de g\u00eanero no pa\u00eds.","breadcrumb":{"@id":"https:\/\/efecomunica.efe.com\/pt-pt\/brasil-aposta-em-comercio-internacional-para-reduzir-desigualdades-de-genero-e-sociais\/#breadcrumb"},"inLanguage":"pt-PT","potentialAction":[{"@type":"ReadAction","target":["https:\/\/efecomunica.efe.com\/pt-pt\/brasil-aposta-em-comercio-internacional-para-reduzir-desigualdades-de-genero-e-sociais\/"]}]},{"@type":"ImageObject","inLanguage":"pt-PT","@id":"https:\/\/efecomunica.efe.com\/pt-pt\/brasil-aposta-em-comercio-internacional-para-reduzir-desigualdades-de-genero-e-sociais\/#primaryimage","url":"https:\/\/efecomunica.efe.com\/wp-content\/uploads\/2025\/10\/f7461a5d7e27edd32233d7191685eb62779d8153.jpg","contentUrl":"https:\/\/efecomunica.efe.com\/wp-content\/uploads\/2025\/10\/f7461a5d7e27edd32233d7191685eb62779d8153.jpg","width":1536,"height":1920},{"@type":"BreadcrumbList","@id":"https:\/\/efecomunica.efe.com\/pt-pt\/brasil-aposta-em-comercio-internacional-para-reduzir-desigualdades-de-genero-e-sociais\/#breadcrumb","itemListElement":[{"@type":"ListItem","position":1,"name":"Portada","item":"https:\/\/efecomunica.efe.com\/pt-pt\/"},{"@type":"ListItem","position":2,"name":"Brasil aposta em com\u00e9rcio internacional para reduzir desigualdades de g\u00eanero e sociais"}]},{"@type":"WebSite","@id":"https:\/\/efecomunica.efe.com\/#website","url":"https:\/\/efecomunica.efe.com\/","name":"EFE Comunica","description":"Contenidos para empresas","publisher":{"@id":"https:\/\/efecomunica.efe.com\/#organization"},"potentialAction":[{"@type":"SearchAction","target":{"@type":"EntryPoint","urlTemplate":"https:\/\/efecomunica.efe.com\/?s={search_term_string}"},"query-input":{"@type":"PropertyValueSpecification","valueRequired":true,"valueName":"search_term_string"}}],"inLanguage":"pt-PT"},{"@type":"Organization","@id":"https:\/\/efecomunica.efe.com\/#organization","name":"EFE Comunica","url":"https:\/\/efecomunica.efe.com\/","logo":{"@type":"ImageObject","inLanguage":"pt-PT","@id":"https:\/\/efecomunica.efe.com\/#\/schema\/logo\/image\/","url":"https:\/\/efecomunica.efe.com\/wp-content\/uploads\/2020\/12\/Logo-EFE-Comunica_png.png","contentUrl":"https:\/\/efecomunica.efe.com\/wp-content\/uploads\/2020\/12\/Logo-EFE-Comunica_png.png","width":1080,"height":486,"caption":"EFE Comunica"},"image":{"@id":"https:\/\/efecomunica.efe.com\/#\/schema\/logo\/image\/"},"sameAs":["https:\/\/www.facebook.com\/EFEComunicaAgenciaEFE","https:\/\/x.com\/EFEcomunica","https:\/\/www.linkedin.com\/showcase\/efecomunica"]},{"@type":"Person","@id":"https:\/\/efecomunica.efe.com\/#\/schema\/person\/c909104001020699b704e3df33fef431","name":"Ana Paula Raposo Chain","image":{"@type":"ImageObject","inLanguage":"pt-PT","@id":"https:\/\/secure.gravatar.com\/avatar\/fdb673c87ee0b2e7929d64a955445cfbf4bfc5af80baee97082d08a440db678f?s=96&d=identicon&r=g","url":"https:\/\/secure.gravatar.com\/avatar\/fdb673c87ee0b2e7929d64a955445cfbf4bfc5af80baee97082d08a440db678f?s=96&d=identicon&r=g","contentUrl":"https:\/\/secure.gravatar.com\/avatar\/fdb673c87ee0b2e7929d64a955445cfbf4bfc5af80baee97082d08a440db678f?s=96&d=identicon&r=g","caption":"Ana Paula Raposo Chain"},"url":"https:\/\/efecomunica.efe.com\/pt-pt\/author\/achain\/"}]}},"jetpack_featured_media_url":"https:\/\/efecomunica.efe.com\/wp-content\/uploads\/2025\/10\/f7461a5d7e27edd32233d7191685eb62779d8153.jpg","jetpack_likes_enabled":true,"jetpack_shortlink":"https:\/\/wp.me\/pcEg1r-Mtn","jetpack_sharing_enabled":true,"_links":{"self":[{"href":"https:\/\/efecomunica.efe.com\/pt-pt\/wp-json\/wp\/v2\/posts\/186333","targetHints":{"allow":["GET"]}}],"collection":[{"href":"https:\/\/efecomunica.efe.com\/pt-pt\/wp-json\/wp\/v2\/posts"}],"about":[{"href":"https:\/\/efecomunica.efe.com\/pt-pt\/wp-json\/wp\/v2\/types\/post"}],"author":[{"embeddable":true,"href":"https:\/\/efecomunica.efe.com\/pt-pt\/wp-json\/wp\/v2\/users\/198164093"}],"replies":[{"embeddable":true,"href":"https:\/\/efecomunica.efe.com\/pt-pt\/wp-json\/wp\/v2\/comments?post=186333"}],"version-history":[{"count":4,"href":"https:\/\/efecomunica.efe.com\/pt-pt\/wp-json\/wp\/v2\/posts\/186333\/revisions"}],"predecessor-version":[{"id":218711,"href":"https:\/\/efecomunica.efe.com\/pt-pt\/wp-json\/wp\/v2\/posts\/186333\/revisions\/218711"}],"wp:featuredmedia":[{"embeddable":true,"href":"https:\/\/efecomunica.efe.com\/pt-pt\/wp-json\/wp\/v2\/media\/186341"}],"wp:attachment":[{"href":"https:\/\/efecomunica.efe.com\/pt-pt\/wp-json\/wp\/v2\/media?parent=186333"}],"wp:term":[{"taxonomy":"category","embeddable":true,"href":"https:\/\/efecomunica.efe.com\/pt-pt\/wp-json\/wp\/v2\/categories?post=186333"},{"taxonomy":"post_tag","embeddable":true,"href":"https:\/\/efecomunica.efe.com\/pt-pt\/wp-json\/wp\/v2\/tags?post=186333"}],"curies":[{"name":"wp","href":"https:\/\/api.w.org\/{rel}","templated":true}]}}