{"id":186544,"date":"2025-09-04T13:20:15","date_gmt":"2025-09-04T11:20:15","guid":{"rendered":"https:\/\/efecomunica.efe.com\/?p=186544"},"modified":"2025-10-02T20:57:26","modified_gmt":"2025-10-02T18:57:26","slug":"presidente-da-efe-pede-que-discursos-climaticos-se-conectem-com-sentimento-dos-cidadaos","status":"publish","type":"post","link":"https:\/\/efecomunica.efe.com\/pt-pt\/presidente-da-efe-pede-que-discursos-climaticos-se-conectem-com-sentimento-dos-cidadaos\/","title":{"rendered":"Presidente da EFE pede que discursos clim\u00e1ticos se conectem com &#8220;sentimento dos cidad\u00e3os&#8221;"},"content":{"rendered":"<p>O presidente da Ag\u00eancia EFE, Miguel \u00c1ngel Oliver, ressaltou nesta quinta-feira a import\u00e2ncia de que os discursos clim\u00e1ticos se conectem e compreendam as emo\u00e7\u00f5es da sociedade, durante a abertura do III F\u00f3rum Latino-Americano de Economia Verde (FLEV), organizado pela Ag\u00eancia EFE em S\u00e3o Paulo.<\/p>\n<p>Segundo Oliver, o pulso emocional da popula\u00e7\u00e3o \u00e9 uma &#8220;vari\u00e1vel ausente nas mesas de negocia\u00e7\u00e3o&#8221;, assim como nos discursos entoados pela classe pol\u00edtica e pela imprensa, e essa quest\u00e3o pode atuar como um &#8220;interruptor silencioso&#8221; que poderia ativar ou paralisar a a\u00e7\u00e3o clim\u00e1tica.<\/p>\n<p>Para sustentar a ideia, ele citou um estudo recente das consultoras Latam Intersect PR e Delta Analytics, que descobriram que as emo\u00e7\u00f5es coletivas em torno da crise clim\u00e1tica est\u00e3o geograficamente fragmentadas, ap\u00f3s analisarem mais de 1 bilh\u00e3o de intera\u00e7\u00f5es digitais na Am\u00e9rica Latina.<\/p>\n<p>Por exemplo, o Brasil, que em novembro sediar\u00e1 a Confer\u00eancia das Na\u00e7\u00f5es Unidas sobre Mudan\u00e7as Clim\u00e1ticas (COP30), abriga esperan\u00e7a, enquanto no M\u00e9xico predomina o medo sobre essa crise.<\/p>\n<p>&#8220;Esses padr\u00f5es exp\u00f5em uma verdade inc\u00f4moda: os discursos oficiais sobre o clima est\u00e3o, em muitas ocasi\u00f5es, desconectados do sentimento dos cidad\u00e3os, e isso cria uma desafei\u00e7\u00e3o perigosa&#8221;, declarou o presidente da ag\u00eancia de not\u00edcias durante seu discurso no FLEV.<\/p>\n<p>Oliver destacou que a dissemina\u00e7\u00e3o de informa\u00e7\u00f5es falsas &#8220;continua a todo vapor&#8221; tamb\u00e9m na quest\u00e3o clim\u00e1tica, e por isso encorajou os participantes do f\u00f3rum a continuar trabalhando para garantir um espa\u00e7o p\u00fablico digital seguro e informativo para a popula\u00e7\u00e3o.<\/p>\n<p>Da mesma forma, o presidente da ag\u00eancia comemorou que o FLEV, organizado pela EFE, seja realizado na antessala da COP30, o que permitir\u00e1 que se transforme em um espa\u00e7o de encontro que propicie &#8220;passar para a a\u00e7\u00e3o&#8221;, &#8220;colocando em pr\u00e1tica as estrat\u00e9gias e compromissos para acelerar a transi\u00e7\u00e3o em dire\u00e7\u00e3o \u00e0s energias limpas e renov\u00e1veis&#8221;.<\/p>\n<p>&#8220;As pol\u00edticas clim\u00e1ticas bem elaboradas n\u00e3o apenas mitigar\u00e3o os impactos do clima, mas tamb\u00e9m gerar\u00e3o crescimento econ\u00f4mico, emprego e reduzir\u00e3o a pobreza&#8221;, previu.<\/p>\n<p>O FLEV \u00e9 um espa\u00e7o de debate sobre transi\u00e7\u00e3o energ\u00e9tica e desenvolvimento sustent\u00e1vel que, nesta terceira edi\u00e7\u00e3o, conta com o patroc\u00ednio de ApexBrasil, Norte Energia e Lots Group, al\u00e9m do apoio de Imaflora, Observat\u00f3rio do Clima e IBMEC, em cujo audit\u00f3rio o evento \u00e9 realizado. EFE<\/p>\n","protected":false},"excerpt":{"rendered":"<p>O presidente da Ag\u00eancia EFE, Miguel \u00c1ngel Oliver, ressaltou nesta quinta-feira a import\u00e2ncia de que os discursos clim\u00e1ticos se conectem e compreendam as emo\u00e7\u00f5es da sociedade, durante a abertura do [&hellip;]<\/p>\n","protected":false},"author":198164093,"featured_media":186554,"comment_status":"closed","ping_status":"closed","sticky":false,"template":"","format":"standard","meta":{"_acf_changed":false,"_jetpack_newsletter_access":"","_jetpack_dont_email_post_to_subs":false,"_jetpack_newsletter_tier_id":0,"_jetpack_memberships_contains_paywalled_content":false,"_jetpack_memberships_contains_paid_content":false,"footnotes":"","jetpack_post_was_ever_published":false},"categories":[125402],"tags":[127453,126417,128549,126059],"class_list":["post-186544","post","type-post","status-publish","format-standard","has-post-thumbnail","hentry","category-sustentabilidade","tag-crise-climatica","tag-economia-pt-pt","tag-economia-verde","tag-efe-pt-pt"],"acf":[],"yoast_head":"<!-- This site is optimized with the Yoast SEO plugin v27.5 - https:\/\/yoast.com\/product\/yoast-seo-wordpress\/ -->\n<title>Presidente da EFE pede que discursos clim\u00e1ticos se conectem com &quot;sentimento dos cidad\u00e3os&quot;<\/title>\n<meta name=\"description\" content=\"O presidente da Ag\u00eancia EFE, Miguel \u00c1ngel Oliver, ressaltou nesta quinta-feira a import\u00e2ncia de que os discursos clim\u00e1ticos se conectem e compreendam as\" \/>\n<meta name=\"robots\" content=\"index, follow, max-snippet:-1, max-image-preview:large, max-video-preview:-1\" \/>\n<link rel=\"canonical\" href=\"https:\/\/efecomunica.efe.com\/pt-pt\/presidente-da-efe-pede-que-discursos-climaticos-se-conectem-com-sentimento-dos-cidadaos\/\" \/>\n<!-- \/ Yoast SEO plugin. -->","yoast_head_json":{"title":"Presidente da EFE pede que discursos clim\u00e1ticos se conectem com \"sentimento dos cidad\u00e3os\"","description":"O presidente da Ag\u00eancia EFE, Miguel \u00c1ngel Oliver, ressaltou nesta quinta-feira a import\u00e2ncia de que os discursos clim\u00e1ticos se conectem e compreendam as","robots":{"index":"index","follow":"follow","max-snippet":"max-snippet:-1","max-image-preview":"max-image-preview:large","max-video-preview":"max-video-preview:-1"},"canonical":"https:\/\/efecomunica.efe.com\/pt-pt\/presidente-da-efe-pede-que-discursos-climaticos-se-conectem-com-sentimento-dos-cidadaos\/","schema":{"@context":"https:\/\/schema.org","@graph":[{"@type":"Article","@id":"https:\/\/efecomunica.efe.com\/pt-pt\/presidente-da-efe-pede-que-discursos-climaticos-se-conectem-com-sentimento-dos-cidadaos\/#article","isPartOf":{"@id":"https:\/\/efecomunica.efe.com\/pt-pt\/presidente-da-efe-pede-que-discursos-climaticos-se-conectem-com-sentimento-dos-cidadaos\/"},"author":{"name":"Ana Paula Raposo Chain","@id":"https:\/\/efecomunica.efe.com\/#\/schema\/person\/c909104001020699b704e3df33fef431"},"headline":"Presidente da EFE pede que discursos clim\u00e1ticos se conectem com &#8220;sentimento dos cidad\u00e3os&#8221;","datePublished":"2025-09-04T11:20:15+00:00","dateModified":"2025-10-02T18:57:26+00:00","mainEntityOfPage":{"@id":"https:\/\/efecomunica.efe.com\/pt-pt\/presidente-da-efe-pede-que-discursos-climaticos-se-conectem-com-sentimento-dos-cidadaos\/"},"wordCount":441,"publisher":{"@id":"https:\/\/efecomunica.efe.com\/#organization"},"image":{"@id":"https:\/\/efecomunica.efe.com\/pt-pt\/presidente-da-efe-pede-que-discursos-climaticos-se-conectem-com-sentimento-dos-cidadaos\/#primaryimage"},"thumbnailUrl":"https:\/\/efecomunica.efe.com\/wp-content\/uploads\/2025\/10\/dda49b6051b3e831a4838ac58565a3962daa53cd-1536x1024-1.webp","keywords":["crise climatica","econom\u00eda","Economia verde","EFE"],"articleSection":["Sustentabilidade"],"inLanguage":"pt-PT"},{"@type":"WebPage","@id":"https:\/\/efecomunica.efe.com\/pt-pt\/presidente-da-efe-pede-que-discursos-climaticos-se-conectem-com-sentimento-dos-cidadaos\/","url":"https:\/\/efecomunica.efe.com\/pt-pt\/presidente-da-efe-pede-que-discursos-climaticos-se-conectem-com-sentimento-dos-cidadaos\/","name":"Presidente da EFE pede que discursos clim\u00e1ticos se conectem com \"sentimento dos cidad\u00e3os\"","isPartOf":{"@id":"https:\/\/efecomunica.efe.com\/#website"},"primaryImageOfPage":{"@id":"https:\/\/efecomunica.efe.com\/pt-pt\/presidente-da-efe-pede-que-discursos-climaticos-se-conectem-com-sentimento-dos-cidadaos\/#primaryimage"},"image":{"@id":"https:\/\/efecomunica.efe.com\/pt-pt\/presidente-da-efe-pede-que-discursos-climaticos-se-conectem-com-sentimento-dos-cidadaos\/#primaryimage"},"thumbnailUrl":"https:\/\/efecomunica.efe.com\/wp-content\/uploads\/2025\/10\/dda49b6051b3e831a4838ac58565a3962daa53cd-1536x1024-1.webp","datePublished":"2025-09-04T11:20:15+00:00","dateModified":"2025-10-02T18:57:26+00:00","description":"O presidente da Ag\u00eancia EFE, Miguel \u00c1ngel Oliver, ressaltou nesta quinta-feira a import\u00e2ncia de que os discursos clim\u00e1ticos se conectem e compreendam as","breadcrumb":{"@id":"https:\/\/efecomunica.efe.com\/pt-pt\/presidente-da-efe-pede-que-discursos-climaticos-se-conectem-com-sentimento-dos-cidadaos\/#breadcrumb"},"inLanguage":"pt-PT","potentialAction":[{"@type":"ReadAction","target":["https:\/\/efecomunica.efe.com\/pt-pt\/presidente-da-efe-pede-que-discursos-climaticos-se-conectem-com-sentimento-dos-cidadaos\/"]}]},{"@type":"ImageObject","inLanguage":"pt-PT","@id":"https:\/\/efecomunica.efe.com\/pt-pt\/presidente-da-efe-pede-que-discursos-climaticos-se-conectem-com-sentimento-dos-cidadaos\/#primaryimage","url":"https:\/\/efecomunica.efe.com\/wp-content\/uploads\/2025\/10\/dda49b6051b3e831a4838ac58565a3962daa53cd-1536x1024-1.webp","contentUrl":"https:\/\/efecomunica.efe.com\/wp-content\/uploads\/2025\/10\/dda49b6051b3e831a4838ac58565a3962daa53cd-1536x1024-1.webp","width":1536,"height":1024},{"@type":"BreadcrumbList","@id":"https:\/\/efecomunica.efe.com\/pt-pt\/presidente-da-efe-pede-que-discursos-climaticos-se-conectem-com-sentimento-dos-cidadaos\/#breadcrumb","itemListElement":[{"@type":"ListItem","position":1,"name":"Portada","item":"https:\/\/efecomunica.efe.com\/pt-pt\/"},{"@type":"ListItem","position":2,"name":"Presidente da EFE pede que discursos clim\u00e1ticos se conectem com \u00absentimento dos cidad\u00e3os\u00bb"}]},{"@type":"WebSite","@id":"https:\/\/efecomunica.efe.com\/#website","url":"https:\/\/efecomunica.efe.com\/","name":"EFE Comunica","description":"Contenidos para empresas","publisher":{"@id":"https:\/\/efecomunica.efe.com\/#organization"},"potentialAction":[{"@type":"SearchAction","target":{"@type":"EntryPoint","urlTemplate":"https:\/\/efecomunica.efe.com\/?s={search_term_string}"},"query-input":{"@type":"PropertyValueSpecification","valueRequired":true,"valueName":"search_term_string"}}],"inLanguage":"pt-PT"},{"@type":"Organization","@id":"https:\/\/efecomunica.efe.com\/#organization","name":"EFE Comunica","url":"https:\/\/efecomunica.efe.com\/","logo":{"@type":"ImageObject","inLanguage":"pt-PT","@id":"https:\/\/efecomunica.efe.com\/#\/schema\/logo\/image\/","url":"https:\/\/efecomunica.efe.com\/wp-content\/uploads\/2020\/12\/Logo-EFE-Comunica_png.png","contentUrl":"https:\/\/efecomunica.efe.com\/wp-content\/uploads\/2020\/12\/Logo-EFE-Comunica_png.png","width":1080,"height":486,"caption":"EFE Comunica"},"image":{"@id":"https:\/\/efecomunica.efe.com\/#\/schema\/logo\/image\/"},"sameAs":["https:\/\/www.facebook.com\/EFEComunicaAgenciaEFE","https:\/\/x.com\/EFEcomunica","https:\/\/www.linkedin.com\/showcase\/efecomunica"]},{"@type":"Person","@id":"https:\/\/efecomunica.efe.com\/#\/schema\/person\/c909104001020699b704e3df33fef431","name":"Ana Paula Raposo Chain","image":{"@type":"ImageObject","inLanguage":"pt-PT","@id":"https:\/\/secure.gravatar.com\/avatar\/fdb673c87ee0b2e7929d64a955445cfbf4bfc5af80baee97082d08a440db678f?s=96&d=identicon&r=g","url":"https:\/\/secure.gravatar.com\/avatar\/fdb673c87ee0b2e7929d64a955445cfbf4bfc5af80baee97082d08a440db678f?s=96&d=identicon&r=g","contentUrl":"https:\/\/secure.gravatar.com\/avatar\/fdb673c87ee0b2e7929d64a955445cfbf4bfc5af80baee97082d08a440db678f?s=96&d=identicon&r=g","caption":"Ana Paula Raposo Chain"},"url":"https:\/\/efecomunica.efe.com\/pt-pt\/author\/achain\/"}]}},"jetpack_featured_media_url":"https:\/\/efecomunica.efe.com\/wp-content\/uploads\/2025\/10\/dda49b6051b3e831a4838ac58565a3962daa53cd-1536x1024-1.webp","jetpack_likes_enabled":true,"jetpack_shortlink":"https:\/\/wp.me\/pcEg1r-MwM","jetpack_sharing_enabled":true,"_links":{"self":[{"href":"https:\/\/efecomunica.efe.com\/pt-pt\/wp-json\/wp\/v2\/posts\/186544","targetHints":{"allow":["GET"]}}],"collection":[{"href":"https:\/\/efecomunica.efe.com\/pt-pt\/wp-json\/wp\/v2\/posts"}],"about":[{"href":"https:\/\/efecomunica.efe.com\/pt-pt\/wp-json\/wp\/v2\/types\/post"}],"author":[{"embeddable":true,"href":"https:\/\/efecomunica.efe.com\/pt-pt\/wp-json\/wp\/v2\/users\/198164093"}],"replies":[{"embeddable":true,"href":"https:\/\/efecomunica.efe.com\/pt-pt\/wp-json\/wp\/v2\/comments?post=186544"}],"version-history":[{"count":2,"href":"https:\/\/efecomunica.efe.com\/pt-pt\/wp-json\/wp\/v2\/posts\/186544\/revisions"}],"predecessor-version":[{"id":186555,"href":"https:\/\/efecomunica.efe.com\/pt-pt\/wp-json\/wp\/v2\/posts\/186544\/revisions\/186555"}],"wp:featuredmedia":[{"embeddable":true,"href":"https:\/\/efecomunica.efe.com\/pt-pt\/wp-json\/wp\/v2\/media\/186554"}],"wp:attachment":[{"href":"https:\/\/efecomunica.efe.com\/pt-pt\/wp-json\/wp\/v2\/media?parent=186544"}],"wp:term":[{"taxonomy":"category","embeddable":true,"href":"https:\/\/efecomunica.efe.com\/pt-pt\/wp-json\/wp\/v2\/categories?post=186544"},{"taxonomy":"post_tag","embeddable":true,"href":"https:\/\/efecomunica.efe.com\/pt-pt\/wp-json\/wp\/v2\/tags?post=186544"}],"curies":[{"name":"wp","href":"https:\/\/api.w.org\/{rel}","templated":true}]}}