{"id":186800,"date":"2025-09-04T14:58:44","date_gmt":"2025-09-04T12:58:44","guid":{"rendered":"https:\/\/efecomunica.efe.com\/?p=186800"},"modified":"2025-10-03T18:13:18","modified_gmt":"2025-10-03T16:13:18","slug":"lots-diz-que-transporte-de-mercadorias-com-biocombustiveis-ja-e-competitivo","status":"publish","type":"post","link":"https:\/\/efecomunica.efe.com\/pt-pt\/lots-diz-que-transporte-de-mercadorias-com-biocombustiveis-ja-e-competitivo\/","title":{"rendered":"LOTS diz que transporte de mercadorias com biocombust\u00edveis j\u00e1 \u00e9 competitivo"},"content":{"rendered":"<p>CEO da LOTS Group para a Am\u00e9rica Latina, Edson Guimar\u00e3es, afirmou nesta quinta-feira, em S\u00e3o Paulo, que o transporte de mercadorias com biocombust\u00edveis j\u00e1 \u00e9 t\u00e3o barato quanto com diesel, embora tenha apontado o problema da inefici\u00eancia na log\u00edstica do Brasil.<\/p>\n<blockquote><p>\u201cJ\u00e1 \u00e9 poss\u00edvel ter uma log\u00edstica \u2018verde\u2019 com custos semelhantes aos do diesel\u201d, afirmou o executivo dessa empresa de solu\u00e7\u00f5es log\u00edsticas, um dos participantes do III F\u00f3rum Latino-Americano de Economia Verde (FLEV), que \u00e9 organizado pela Ag\u00eancia EFE.<\/p><\/blockquote>\n<p>Ele disse que a &#8220;paridade de custos&#8221; com o diesel \u00e9 &#8220;crucial&#8221; para acelerar a demanda por biocombust\u00edveis no setor de log\u00edstica, que movimenta anualmente R$ 400 bilh\u00f5es no pa\u00eds.<\/p>\n<p>Trata-se de um passo importante para a descarboniza\u00e7\u00e3o do Brasil, j\u00e1 que, como Guimar\u00e3es mencionou, o pa\u00eds \u00e9 o sexto maior emissor mundial de gases poluentes no transporte.<\/p>\n<p>Apesar da redu\u00e7\u00e3o do custo de biocombust\u00edveis como o etanol ou o biometano, Guimar\u00e3es opinou que um dos obst\u00e1culos para promover a transi\u00e7\u00e3o \u00e9 a &#8220;inefici\u00eancia operacional&#8221;.<\/p>\n<blockquote><p>&#8220;Al\u00e9m de escolher o combust\u00edvel ideal para cada tipo de opera\u00e7\u00e3o, acreditamos que a viabilidade econ\u00f4mica da log\u00edstica verde est\u00e1 diretamente relacionada \u00e0 nossa capacidade de otimizar as opera\u00e7\u00f5es&#8221;, disse o representante da LOTS Group.<\/p><\/blockquote>\n<p>Guimar\u00e3es citou o exemplo de empresas de transporte que t\u00eam caminh\u00f5es parados por oito ou nove horas seguidas, quando poderiam estar na estrada.<\/p>\n<p>Por isso, a LOTS Group defendeu a necessidade de que, para al\u00e9m das pol\u00edticas p\u00fablicas do governo, a iniciativa privada assuma a lideran\u00e7a e resolva esses problemas.<\/p>\n<p>O III FLEV conta com o patroc\u00ednio de ApexBrasil, Norte Energia e LOTS Group, al\u00e9m do apoio de Imaflora, Observat\u00f3rio do Clima e IBMEC. EFE<\/p>\n","protected":false},"excerpt":{"rendered":"<p>CEO da LOTS Group para a Am\u00e9rica Latina, Edson Guimar\u00e3es, afirmou nesta quinta-feira, em S\u00e3o Paulo, que o transporte de mercadorias com biocombust\u00edveis j\u00e1 \u00e9 t\u00e3o barato quanto com diesel, [&hellip;]<\/p>\n","protected":false},"author":198164093,"featured_media":186802,"comment_status":"closed","ping_status":"closed","sticky":false,"template":"","format":"standard","meta":{"_acf_changed":false,"_jetpack_newsletter_access":"","_jetpack_dont_email_post_to_subs":false,"_jetpack_newsletter_tier_id":0,"_jetpack_memberships_contains_paywalled_content":false,"_jetpack_memberships_contains_paid_content":false,"footnotes":"","jetpack_post_was_ever_published":false},"categories":[125402],"tags":[127453,126417,126797,126416],"class_list":["post-186800","post","type-post","status-publish","format-standard","has-post-thumbnail","hentry","category-sustentabilidade","tag-crise-climatica","tag-economia-pt-pt","tag-meio-ambiente","tag-sustentabilidade"],"acf":[],"yoast_head":"<!-- This site is optimized with the Yoast SEO plugin v27.4 - https:\/\/yoast.com\/product\/yoast-seo-wordpress\/ -->\n<title>LOTS diz que transporte de mercadorias com biocombust\u00edveis j\u00e1 \u00e9 competitivo - EFE Comunica<\/title>\n<meta name=\"description\" content=\"CEO da LOTS Group para a Am\u00e9rica Latina, Edson Guimar\u00e3es, afirmou nesta quinta-feira, em S\u00e3o Paulo, que o transporte de mercadorias com biocombust\u00edveis j\u00e1\" \/>\n<meta name=\"robots\" content=\"index, follow, max-snippet:-1, max-image-preview:large, max-video-preview:-1\" \/>\n<link rel=\"canonical\" href=\"https:\/\/efecomunica.efe.com\/pt-pt\/lots-diz-que-transporte-de-mercadorias-com-biocombustiveis-ja-e-competitivo\/\" \/>\n<!-- \/ Yoast SEO plugin. -->","yoast_head_json":{"title":"LOTS diz que transporte de mercadorias com biocombust\u00edveis j\u00e1 \u00e9 competitivo - EFE Comunica","description":"CEO da LOTS Group para a Am\u00e9rica Latina, Edson Guimar\u00e3es, afirmou nesta quinta-feira, em S\u00e3o Paulo, que o transporte de mercadorias com biocombust\u00edveis j\u00e1","robots":{"index":"index","follow":"follow","max-snippet":"max-snippet:-1","max-image-preview":"max-image-preview:large","max-video-preview":"max-video-preview:-1"},"canonical":"https:\/\/efecomunica.efe.com\/pt-pt\/lots-diz-que-transporte-de-mercadorias-com-biocombustiveis-ja-e-competitivo\/","schema":{"@context":"https:\/\/schema.org","@graph":[{"@type":"Article","@id":"https:\/\/efecomunica.efe.com\/pt-pt\/lots-diz-que-transporte-de-mercadorias-com-biocombustiveis-ja-e-competitivo\/#article","isPartOf":{"@id":"https:\/\/efecomunica.efe.com\/pt-pt\/lots-diz-que-transporte-de-mercadorias-com-biocombustiveis-ja-e-competitivo\/"},"author":{"name":"Ana Paula Raposo Chain","@id":"https:\/\/efecomunica.efe.com\/#\/schema\/person\/c909104001020699b704e3df33fef431"},"headline":"LOTS diz que transporte de mercadorias com biocombust\u00edveis j\u00e1 \u00e9 competitivo","datePublished":"2025-09-04T12:58:44+00:00","dateModified":"2025-10-03T16:13:18+00:00","mainEntityOfPage":{"@id":"https:\/\/efecomunica.efe.com\/pt-pt\/lots-diz-que-transporte-de-mercadorias-com-biocombustiveis-ja-e-competitivo\/"},"wordCount":319,"publisher":{"@id":"https:\/\/efecomunica.efe.com\/#organization"},"image":{"@id":"https:\/\/efecomunica.efe.com\/pt-pt\/lots-diz-que-transporte-de-mercadorias-com-biocombustiveis-ja-e-competitivo\/#primaryimage"},"thumbnailUrl":"https:\/\/efecomunica.efe.com\/wp-content\/uploads\/2025\/10\/90411d839e0a772192cd63d73ecb3ef7f66ddaa3w.jpg","keywords":["crise climatica","econom\u00eda","meio ambiente","sustentabilidade"],"articleSection":["Sustentabilidade"],"inLanguage":"pt-PT"},{"@type":"WebPage","@id":"https:\/\/efecomunica.efe.com\/pt-pt\/lots-diz-que-transporte-de-mercadorias-com-biocombustiveis-ja-e-competitivo\/","url":"https:\/\/efecomunica.efe.com\/pt-pt\/lots-diz-que-transporte-de-mercadorias-com-biocombustiveis-ja-e-competitivo\/","name":"LOTS diz que transporte de mercadorias com biocombust\u00edveis j\u00e1 \u00e9 competitivo - EFE Comunica","isPartOf":{"@id":"https:\/\/efecomunica.efe.com\/#website"},"primaryImageOfPage":{"@id":"https:\/\/efecomunica.efe.com\/pt-pt\/lots-diz-que-transporte-de-mercadorias-com-biocombustiveis-ja-e-competitivo\/#primaryimage"},"image":{"@id":"https:\/\/efecomunica.efe.com\/pt-pt\/lots-diz-que-transporte-de-mercadorias-com-biocombustiveis-ja-e-competitivo\/#primaryimage"},"thumbnailUrl":"https:\/\/efecomunica.efe.com\/wp-content\/uploads\/2025\/10\/90411d839e0a772192cd63d73ecb3ef7f66ddaa3w.jpg","datePublished":"2025-09-04T12:58:44+00:00","dateModified":"2025-10-03T16:13:18+00:00","description":"CEO da LOTS Group para a Am\u00e9rica Latina, Edson Guimar\u00e3es, afirmou nesta quinta-feira, em S\u00e3o Paulo, que o transporte de mercadorias com biocombust\u00edveis j\u00e1","breadcrumb":{"@id":"https:\/\/efecomunica.efe.com\/pt-pt\/lots-diz-que-transporte-de-mercadorias-com-biocombustiveis-ja-e-competitivo\/#breadcrumb"},"inLanguage":"pt-PT","potentialAction":[{"@type":"ReadAction","target":["https:\/\/efecomunica.efe.com\/pt-pt\/lots-diz-que-transporte-de-mercadorias-com-biocombustiveis-ja-e-competitivo\/"]}]},{"@type":"ImageObject","inLanguage":"pt-PT","@id":"https:\/\/efecomunica.efe.com\/pt-pt\/lots-diz-que-transporte-de-mercadorias-com-biocombustiveis-ja-e-competitivo\/#primaryimage","url":"https:\/\/efecomunica.efe.com\/wp-content\/uploads\/2025\/10\/90411d839e0a772192cd63d73ecb3ef7f66ddaa3w.jpg","contentUrl":"https:\/\/efecomunica.efe.com\/wp-content\/uploads\/2025\/10\/90411d839e0a772192cd63d73ecb3ef7f66ddaa3w.jpg","width":1920,"height":1280},{"@type":"BreadcrumbList","@id":"https:\/\/efecomunica.efe.com\/pt-pt\/lots-diz-que-transporte-de-mercadorias-com-biocombustiveis-ja-e-competitivo\/#breadcrumb","itemListElement":[{"@type":"ListItem","position":1,"name":"Portada","item":"https:\/\/efecomunica.efe.com\/pt-pt\/"},{"@type":"ListItem","position":2,"name":"LOTS diz que transporte de mercadorias com biocombust\u00edveis j\u00e1 \u00e9 competitivo"}]},{"@type":"WebSite","@id":"https:\/\/efecomunica.efe.com\/#website","url":"https:\/\/efecomunica.efe.com\/","name":"EFE Comunica","description":"Contenidos para empresas","publisher":{"@id":"https:\/\/efecomunica.efe.com\/#organization"},"potentialAction":[{"@type":"SearchAction","target":{"@type":"EntryPoint","urlTemplate":"https:\/\/efecomunica.efe.com\/?s={search_term_string}"},"query-input":{"@type":"PropertyValueSpecification","valueRequired":true,"valueName":"search_term_string"}}],"inLanguage":"pt-PT"},{"@type":"Organization","@id":"https:\/\/efecomunica.efe.com\/#organization","name":"EFE Comunica","url":"https:\/\/efecomunica.efe.com\/","logo":{"@type":"ImageObject","inLanguage":"pt-PT","@id":"https:\/\/efecomunica.efe.com\/#\/schema\/logo\/image\/","url":"https:\/\/efecomunica.efe.com\/wp-content\/uploads\/2020\/12\/Logo-EFE-Comunica_png.png","contentUrl":"https:\/\/efecomunica.efe.com\/wp-content\/uploads\/2020\/12\/Logo-EFE-Comunica_png.png","width":1080,"height":486,"caption":"EFE Comunica"},"image":{"@id":"https:\/\/efecomunica.efe.com\/#\/schema\/logo\/image\/"},"sameAs":["https:\/\/www.facebook.com\/EFEComunicaAgenciaEFE","https:\/\/x.com\/EFEcomunica","https:\/\/www.linkedin.com\/showcase\/efecomunica"]},{"@type":"Person","@id":"https:\/\/efecomunica.efe.com\/#\/schema\/person\/c909104001020699b704e3df33fef431","name":"Ana Paula Raposo Chain","image":{"@type":"ImageObject","inLanguage":"pt-PT","@id":"https:\/\/secure.gravatar.com\/avatar\/fdb673c87ee0b2e7929d64a955445cfbf4bfc5af80baee97082d08a440db678f?s=96&d=identicon&r=g","url":"https:\/\/secure.gravatar.com\/avatar\/fdb673c87ee0b2e7929d64a955445cfbf4bfc5af80baee97082d08a440db678f?s=96&d=identicon&r=g","contentUrl":"https:\/\/secure.gravatar.com\/avatar\/fdb673c87ee0b2e7929d64a955445cfbf4bfc5af80baee97082d08a440db678f?s=96&d=identicon&r=g","caption":"Ana Paula Raposo Chain"},"url":"https:\/\/efecomunica.efe.com\/pt-pt\/author\/achain\/"}]}},"jetpack_featured_media_url":"https:\/\/efecomunica.efe.com\/wp-content\/uploads\/2025\/10\/90411d839e0a772192cd63d73ecb3ef7f66ddaa3w.jpg","jetpack_likes_enabled":true,"jetpack_shortlink":"https:\/\/wp.me\/pcEg1r-MAU","jetpack_sharing_enabled":true,"_links":{"self":[{"href":"https:\/\/efecomunica.efe.com\/pt-pt\/wp-json\/wp\/v2\/posts\/186800","targetHints":{"allow":["GET"]}}],"collection":[{"href":"https:\/\/efecomunica.efe.com\/pt-pt\/wp-json\/wp\/v2\/posts"}],"about":[{"href":"https:\/\/efecomunica.efe.com\/pt-pt\/wp-json\/wp\/v2\/types\/post"}],"author":[{"embeddable":true,"href":"https:\/\/efecomunica.efe.com\/pt-pt\/wp-json\/wp\/v2\/users\/198164093"}],"replies":[{"embeddable":true,"href":"https:\/\/efecomunica.efe.com\/pt-pt\/wp-json\/wp\/v2\/comments?post=186800"}],"version-history":[{"count":2,"href":"https:\/\/efecomunica.efe.com\/pt-pt\/wp-json\/wp\/v2\/posts\/186800\/revisions"}],"predecessor-version":[{"id":186803,"href":"https:\/\/efecomunica.efe.com\/pt-pt\/wp-json\/wp\/v2\/posts\/186800\/revisions\/186803"}],"wp:featuredmedia":[{"embeddable":true,"href":"https:\/\/efecomunica.efe.com\/pt-pt\/wp-json\/wp\/v2\/media\/186802"}],"wp:attachment":[{"href":"https:\/\/efecomunica.efe.com\/pt-pt\/wp-json\/wp\/v2\/media?parent=186800"}],"wp:term":[{"taxonomy":"category","embeddable":true,"href":"https:\/\/efecomunica.efe.com\/pt-pt\/wp-json\/wp\/v2\/categories?post=186800"},{"taxonomy":"post_tag","embeddable":true,"href":"https:\/\/efecomunica.efe.com\/pt-pt\/wp-json\/wp\/v2\/tags?post=186800"}],"curies":[{"name":"wp","href":"https:\/\/api.w.org\/{rel}","templated":true}]}}