{"id":186831,"date":"2025-09-04T20:15:03","date_gmt":"2025-09-04T18:15:03","guid":{"rendered":"https:\/\/efecomunica.efe.com\/?p=186831"},"modified":"2025-10-03T19:31:12","modified_gmt":"2025-10-03T17:31:12","slug":"iii-forum-de-economia-verde-convida-a-materializar-acoes-para-transicao-verde","status":"publish","type":"post","link":"https:\/\/efecomunica.efe.com\/pt-pt\/iii-forum-de-economia-verde-convida-a-materializar-acoes-para-transicao-verde\/","title":{"rendered":"III F\u00f3rum de Economia Verde convida a materializar a\u00e7\u00f5es para transi\u00e7\u00e3o verde"},"content":{"rendered":"<p>A necessidade de materializar a\u00e7\u00f5es para acelerar a transi\u00e7\u00e3o para uma economia verde e os desafios da COP30 no complexo contexto geopol\u00edtico atual foram alguns dos aspectos abordados nesta quinta-feira na terceira edi\u00e7\u00e3o do F\u00f3rum Latino-Americano de Economia Verde (FLEV), organizado pela Ag\u00eancia EFE, em S\u00e3o Paulo.<\/p>\n<p>Representantes de ONGs e empresas e especialistas em tomada de decis\u00f5es concordaram que este \u00e9 um momento crucial para o planeta e que \u00e9 imperioso passar das palavras \u00e0s a\u00e7\u00f5es, a dois meses da realiza\u00e7\u00e3o da c\u00fapula clim\u00e1tica mundial, em Bel\u00e9m.<\/p>\n<h2>COP30 como um &#8220;antes&#8221; e um &#8220;depois&#8221;<\/h2>\n<p>Com um tom esperan\u00e7oso, a diretora executiva da COP30, a brasileira Ana Toni, afirmou em um discurso exibido em v\u00eddeo que a c\u00fapula marcar\u00e1 &#8220;um antes e depois&#8221; na forma de abordar o financiamento clim\u00e1tico em n\u00edvel mundial.<\/p>\n<p>Nesse sentido, o ex-ministro peruano Manuel Pulgar-Vidal, l\u00edder global de clima e energia do WWF Internacional, destacou que &#8220;\u00e9 importante saber navegar&#8221; uma COP e que, para isso, \u00e9 preciso reconhecer suas m\u00faltiplas arenas, sendo a primeira delas &#8211; e a &#8220;mais dif\u00edcil&#8221; &#8211; a mesa de negocia\u00e7\u00e3o entre as partes. Nas outras, segundo ele, \u00e9 poss\u00edvel alcan\u00e7ar com maior facilidade pontos em comum.<\/p>\n<p>Apesar de classificar os objetivos do mandato desta COP30 como &#8220;modestos&#8221;, ele afirmou que o Brasil pode compensar isso colocando o foco na implementa\u00e7\u00e3o do que j\u00e1 foi pactuado em confer\u00eancias anteriores e na necessidade de envolver o setor privado.<\/p>\n<p>Miguel \u00c1ngel Oliver, presidente da Ag\u00eancia EFE, que organizou o F\u00f3rum Latino-Americano, advertiu em seu discurso que \u00e9 preciso &#8220;agir j\u00e1&#8221; para p\u00f4r em pr\u00e1tica os acordos e levar aos fatos o conceito de justi\u00e7a clim\u00e1tica.<\/p>\n<p>Ele mostrou-se, ainda, esperan\u00e7oso com o encontro clim\u00e1tico de novembro, que v\u00ea como uma oportunidade &#8220;para que se produza a implementa\u00e7\u00e3o real dos compromissos clim\u00e1ticos&#8221;.<\/p>\n<p>Apesar de a c\u00fapula mundial do clima reunir praticamente todos os pa\u00edses do mundo, M\u00e1rcio Astrini, secret\u00e1rio-executivo do Observat\u00f3rio do Clima, a principal rede de organiza\u00e7\u00f5es da sociedade civil dedicadas ao cuidado do meio ambiente do Brasil, disse que, em termos pol\u00edticos, \u00e9 diferente &#8220;falar de clima&#8221; na Am\u00e9rica Latina e na Europa.<\/p>\n<p>No caso latino-americano, a opini\u00e3o p\u00fablica considera que o clima \u00e9 um problema. Por outro lado, ele nem sempre \u00e9 priorizado na hora de destinar or\u00e7amentos p\u00fablicos, j\u00e1 que existem quest\u00f5es de &#8220;sobreviv\u00eancia&#8221; que captam a aten\u00e7\u00e3o dos governos, como &#8220;o prato de comida&#8221;, o saneamento b\u00e1sico ou garantir o emprego.<\/p>\n<h2>Desafio: Trump<\/h2>\n<p>Entre os desafios que foram apresentados durante toda a jornada do f\u00f3rum, desde a conserva\u00e7\u00e3o das florestas e a mudan\u00e7a do modelo de desenvolvimento para garantir a seguran\u00e7a alimentar, um tem nome e sobrenome. Trata-se do presidente dos Estados Unidos, Donald Trump, que desde a posse adotou uma postura negacionista em rela\u00e7\u00e3o \u00e0s mudan\u00e7as clim\u00e1ticas e desmantelou pol\u00edticas ambientais, al\u00e9m de ter abandonado o Acordo de Paris, como j\u00e1 havia feito em seu primeiro mandato.<\/p>\n<p>Nesse sentido, especialistas fizeram um apelo ao setor financeiro para que exer\u00e7a maior press\u00e3o sobre os governos, j\u00e1 que alguns, como o americano, parecem atender mais \u00e0s quest\u00f5es do mercado do que \u00e0 agenda clim\u00e1tica.<\/p>\n<p>Nesse sentido, o representante residente do Programa das Na\u00e7\u00f5es Unidas para o Desenvolvimento no Brasil, Claudio Providas, citou &#8220;condom\u00ednios de luxo&#8221; de Miami e alegou que &#8220;um aumento de 10 ou 20 cent\u00edmetros no n\u00edvel do mar&#8221; far\u00e1 com que muitos se tornem inabit\u00e1veis.<\/p>\n<p>Providas foi um dos especialistas que participou do espa\u00e7o &#8216;Am\u00e9rica Pergunta&#8217;, uma das novidades desta terceira edi\u00e7\u00e3o do F\u00f3rum e no qual os palestrantes responderam a d\u00favidas de cidad\u00e3os comuns de toda a Am\u00e9rica Latina.<\/p>\n<p>O FLEV \u00e9 um espa\u00e7o de debate sobre transi\u00e7\u00e3o energ\u00e9tica e desenvolvimento sustent\u00e1vel que, nesta terceira edi\u00e7\u00e3o, conta com o patroc\u00ednio de ApexBrasil, Norte Energia e Lots Group, al\u00e9m do apoio de Imaflora, Observat\u00f3rio do Clima e IBMEC, em cujo audit\u00f3rio o evento \u00e9 realizado. EFE<\/p>\n","protected":false},"excerpt":{"rendered":"<p>A necessidade de materializar a\u00e7\u00f5es para acelerar a transi\u00e7\u00e3o para uma economia verde e os desafios da COP30 no complexo contexto geopol\u00edtico atual foram alguns dos aspectos abordados nesta quinta-feira [&hellip;]<\/p>\n","protected":false},"author":198164093,"featured_media":186834,"comment_status":"closed","ping_status":"closed","sticky":false,"template":"","format":"standard","meta":{"_acf_changed":false,"_jetpack_newsletter_access":"","_jetpack_dont_email_post_to_subs":false,"_jetpack_newsletter_tier_id":0,"_jetpack_memberships_contains_paywalled_content":false,"_jetpack_memberships_contains_paid_content":false,"footnotes":"","jetpack_post_was_ever_published":false},"categories":[125402],"tags":[127453,128549,126797,126416],"class_list":["post-186831","post","type-post","status-publish","format-standard","has-post-thumbnail","hentry","category-sustentabilidade","tag-crise-climatica","tag-economia-verde","tag-meio-ambiente","tag-sustentabilidade"],"acf":[],"yoast_head":"<!-- This site is optimized with the Yoast SEO plugin v27.5 - https:\/\/yoast.com\/product\/yoast-seo-wordpress\/ -->\n<title>III F\u00f3rum de Economia Verde convida a materializar a\u00e7\u00f5es para transi\u00e7\u00e3o verde<\/title>\n<meta name=\"description\" content=\"A necessidade de materializar a\u00e7\u00f5es para acelerar a transi\u00e7\u00e3o para uma economia verde e os desafios da COP30 no complexo contexto geopol\u00edtico atual foram\" \/>\n<meta name=\"robots\" content=\"index, follow, max-snippet:-1, max-image-preview:large, max-video-preview:-1\" \/>\n<link rel=\"canonical\" href=\"https:\/\/efecomunica.efe.com\/pt-pt\/iii-forum-de-economia-verde-convida-a-materializar-acoes-para-transicao-verde\/\" \/>\n<!-- \/ Yoast SEO plugin. -->","yoast_head_json":{"title":"III F\u00f3rum de Economia Verde convida a materializar a\u00e7\u00f5es para transi\u00e7\u00e3o verde","description":"A necessidade de materializar a\u00e7\u00f5es para acelerar a transi\u00e7\u00e3o para uma economia verde e os desafios da COP30 no complexo contexto geopol\u00edtico atual foram","robots":{"index":"index","follow":"follow","max-snippet":"max-snippet:-1","max-image-preview":"max-image-preview:large","max-video-preview":"max-video-preview:-1"},"canonical":"https:\/\/efecomunica.efe.com\/pt-pt\/iii-forum-de-economia-verde-convida-a-materializar-acoes-para-transicao-verde\/","schema":{"@context":"https:\/\/schema.org","@graph":[{"@type":"Article","@id":"https:\/\/efecomunica.efe.com\/pt-pt\/iii-forum-de-economia-verde-convida-a-materializar-acoes-para-transicao-verde\/#article","isPartOf":{"@id":"https:\/\/efecomunica.efe.com\/pt-pt\/iii-forum-de-economia-verde-convida-a-materializar-acoes-para-transicao-verde\/"},"author":{"name":"Ana Paula Raposo Chain","@id":"https:\/\/efecomunica.efe.com\/#\/schema\/person\/c909104001020699b704e3df33fef431"},"headline":"III F\u00f3rum de Economia Verde convida a materializar a\u00e7\u00f5es para transi\u00e7\u00e3o verde","datePublished":"2025-09-04T18:15:03+00:00","dateModified":"2025-10-03T17:31:12+00:00","mainEntityOfPage":{"@id":"https:\/\/efecomunica.efe.com\/pt-pt\/iii-forum-de-economia-verde-convida-a-materializar-acoes-para-transicao-verde\/"},"wordCount":726,"publisher":{"@id":"https:\/\/efecomunica.efe.com\/#organization"},"image":{"@id":"https:\/\/efecomunica.efe.com\/pt-pt\/iii-forum-de-economia-verde-convida-a-materializar-acoes-para-transicao-verde\/#primaryimage"},"thumbnailUrl":"https:\/\/efecomunica.efe.com\/wp-content\/uploads\/2025\/09\/788ae9ac9a5ab38d2fcb0d1c71c1a50a4b87d64ew.jpg","keywords":["crise climatica","Economia verde","meio ambiente","sustentabilidade"],"articleSection":["Sustentabilidade"],"inLanguage":"pt-PT"},{"@type":"WebPage","@id":"https:\/\/efecomunica.efe.com\/pt-pt\/iii-forum-de-economia-verde-convida-a-materializar-acoes-para-transicao-verde\/","url":"https:\/\/efecomunica.efe.com\/pt-pt\/iii-forum-de-economia-verde-convida-a-materializar-acoes-para-transicao-verde\/","name":"III F\u00f3rum de Economia Verde convida a materializar a\u00e7\u00f5es para transi\u00e7\u00e3o verde","isPartOf":{"@id":"https:\/\/efecomunica.efe.com\/#website"},"primaryImageOfPage":{"@id":"https:\/\/efecomunica.efe.com\/pt-pt\/iii-forum-de-economia-verde-convida-a-materializar-acoes-para-transicao-verde\/#primaryimage"},"image":{"@id":"https:\/\/efecomunica.efe.com\/pt-pt\/iii-forum-de-economia-verde-convida-a-materializar-acoes-para-transicao-verde\/#primaryimage"},"thumbnailUrl":"https:\/\/efecomunica.efe.com\/wp-content\/uploads\/2025\/09\/788ae9ac9a5ab38d2fcb0d1c71c1a50a4b87d64ew.jpg","datePublished":"2025-09-04T18:15:03+00:00","dateModified":"2025-10-03T17:31:12+00:00","description":"A necessidade de materializar a\u00e7\u00f5es para acelerar a transi\u00e7\u00e3o para uma economia verde e os desafios da COP30 no complexo contexto geopol\u00edtico atual foram","breadcrumb":{"@id":"https:\/\/efecomunica.efe.com\/pt-pt\/iii-forum-de-economia-verde-convida-a-materializar-acoes-para-transicao-verde\/#breadcrumb"},"inLanguage":"pt-PT","potentialAction":[{"@type":"ReadAction","target":["https:\/\/efecomunica.efe.com\/pt-pt\/iii-forum-de-economia-verde-convida-a-materializar-acoes-para-transicao-verde\/"]}]},{"@type":"ImageObject","inLanguage":"pt-PT","@id":"https:\/\/efecomunica.efe.com\/pt-pt\/iii-forum-de-economia-verde-convida-a-materializar-acoes-para-transicao-verde\/#primaryimage","url":"https:\/\/efecomunica.efe.com\/wp-content\/uploads\/2025\/09\/788ae9ac9a5ab38d2fcb0d1c71c1a50a4b87d64ew.jpg","contentUrl":"https:\/\/efecomunica.efe.com\/wp-content\/uploads\/2025\/09\/788ae9ac9a5ab38d2fcb0d1c71c1a50a4b87d64ew.jpg","width":1920,"height":1280},{"@type":"BreadcrumbList","@id":"https:\/\/efecomunica.efe.com\/pt-pt\/iii-forum-de-economia-verde-convida-a-materializar-acoes-para-transicao-verde\/#breadcrumb","itemListElement":[{"@type":"ListItem","position":1,"name":"Portada","item":"https:\/\/efecomunica.efe.com\/pt-pt\/"},{"@type":"ListItem","position":2,"name":"III F\u00f3rum de Economia Verde convida a materializar a\u00e7\u00f5es para transi\u00e7\u00e3o verde"}]},{"@type":"WebSite","@id":"https:\/\/efecomunica.efe.com\/#website","url":"https:\/\/efecomunica.efe.com\/","name":"EFE Comunica","description":"Contenidos para empresas","publisher":{"@id":"https:\/\/efecomunica.efe.com\/#organization"},"potentialAction":[{"@type":"SearchAction","target":{"@type":"EntryPoint","urlTemplate":"https:\/\/efecomunica.efe.com\/?s={search_term_string}"},"query-input":{"@type":"PropertyValueSpecification","valueRequired":true,"valueName":"search_term_string"}}],"inLanguage":"pt-PT"},{"@type":"Organization","@id":"https:\/\/efecomunica.efe.com\/#organization","name":"EFE Comunica","url":"https:\/\/efecomunica.efe.com\/","logo":{"@type":"ImageObject","inLanguage":"pt-PT","@id":"https:\/\/efecomunica.efe.com\/#\/schema\/logo\/image\/","url":"https:\/\/efecomunica.efe.com\/wp-content\/uploads\/2020\/12\/Logo-EFE-Comunica_png.png","contentUrl":"https:\/\/efecomunica.efe.com\/wp-content\/uploads\/2020\/12\/Logo-EFE-Comunica_png.png","width":1080,"height":486,"caption":"EFE Comunica"},"image":{"@id":"https:\/\/efecomunica.efe.com\/#\/schema\/logo\/image\/"},"sameAs":["https:\/\/www.facebook.com\/EFEComunicaAgenciaEFE","https:\/\/x.com\/EFEcomunica","https:\/\/www.linkedin.com\/showcase\/efecomunica"]},{"@type":"Person","@id":"https:\/\/efecomunica.efe.com\/#\/schema\/person\/c909104001020699b704e3df33fef431","name":"Ana Paula Raposo Chain","image":{"@type":"ImageObject","inLanguage":"pt-PT","@id":"https:\/\/secure.gravatar.com\/avatar\/fdb673c87ee0b2e7929d64a955445cfbf4bfc5af80baee97082d08a440db678f?s=96&d=identicon&r=g","url":"https:\/\/secure.gravatar.com\/avatar\/fdb673c87ee0b2e7929d64a955445cfbf4bfc5af80baee97082d08a440db678f?s=96&d=identicon&r=g","contentUrl":"https:\/\/secure.gravatar.com\/avatar\/fdb673c87ee0b2e7929d64a955445cfbf4bfc5af80baee97082d08a440db678f?s=96&d=identicon&r=g","caption":"Ana Paula Raposo Chain"},"url":"https:\/\/efecomunica.efe.com\/pt-pt\/author\/achain\/"}]}},"jetpack_featured_media_url":"https:\/\/efecomunica.efe.com\/wp-content\/uploads\/2025\/09\/788ae9ac9a5ab38d2fcb0d1c71c1a50a4b87d64ew.jpg","jetpack_likes_enabled":true,"jetpack_shortlink":"https:\/\/wp.me\/pcEg1r-MBp","jetpack_sharing_enabled":true,"_links":{"self":[{"href":"https:\/\/efecomunica.efe.com\/pt-pt\/wp-json\/wp\/v2\/posts\/186831","targetHints":{"allow":["GET"]}}],"collection":[{"href":"https:\/\/efecomunica.efe.com\/pt-pt\/wp-json\/wp\/v2\/posts"}],"about":[{"href":"https:\/\/efecomunica.efe.com\/pt-pt\/wp-json\/wp\/v2\/types\/post"}],"author":[{"embeddable":true,"href":"https:\/\/efecomunica.efe.com\/pt-pt\/wp-json\/wp\/v2\/users\/198164093"}],"replies":[{"embeddable":true,"href":"https:\/\/efecomunica.efe.com\/pt-pt\/wp-json\/wp\/v2\/comments?post=186831"}],"version-history":[{"count":2,"href":"https:\/\/efecomunica.efe.com\/pt-pt\/wp-json\/wp\/v2\/posts\/186831\/revisions"}],"predecessor-version":[{"id":186833,"href":"https:\/\/efecomunica.efe.com\/pt-pt\/wp-json\/wp\/v2\/posts\/186831\/revisions\/186833"}],"wp:featuredmedia":[{"embeddable":true,"href":"https:\/\/efecomunica.efe.com\/pt-pt\/wp-json\/wp\/v2\/media\/186834"}],"wp:attachment":[{"href":"https:\/\/efecomunica.efe.com\/pt-pt\/wp-json\/wp\/v2\/media?parent=186831"}],"wp:term":[{"taxonomy":"category","embeddable":true,"href":"https:\/\/efecomunica.efe.com\/pt-pt\/wp-json\/wp\/v2\/categories?post=186831"},{"taxonomy":"post_tag","embeddable":true,"href":"https:\/\/efecomunica.efe.com\/pt-pt\/wp-json\/wp\/v2\/tags?post=186831"}],"curies":[{"name":"wp","href":"https:\/\/api.w.org\/{rel}","templated":true}]}}