{"id":186836,"date":"2025-09-06T15:32:31","date_gmt":"2025-09-06T13:32:31","guid":{"rendered":"https:\/\/efecomunica.efe.com\/?p=186836"},"modified":"2025-10-03T19:48:37","modified_gmt":"2025-10-03T17:48:37","slug":"consorcio-amazonia-legal-espera-cop30-focada-na-geracao-de-riqueza-para-povos-da-floresta","status":"publish","type":"post","link":"https:\/\/efecomunica.efe.com\/pt-pt\/consorcio-amazonia-legal-espera-cop30-focada-na-geracao-de-riqueza-para-povos-da-floresta\/","title":{"rendered":"Cons\u00f3rcio Amaz\u00f4nia Legal espera COP30 focada na gera\u00e7\u00e3o de riqueza para povos da floresta"},"content":{"rendered":"<p><strong>Manuel P\u00e9rez Bella<\/strong> |<\/p>\n<p>A Amaz\u00f4nia &#8220;est\u00e1 cansada de ouvir falar de conserva\u00e7\u00e3o&#8221; e quer que os l\u00edderes mundiais se sentem na Confer\u00eancia das Na\u00e7\u00f5es Unidas sobre Mudan\u00e7a Clim\u00e1tica (COP30) para discutir a gera\u00e7\u00e3o de &#8220;riqueza&#8221; para a popula\u00e7\u00e3o da floresta, segundo destacou Marcello Brito, secret\u00e1rio executivo do Cons\u00f3rcio Amaz\u00f4nia Legal.<\/p>\n<blockquote><p>&#8220;Conservar \u00e9 importante, mas precisamos discutir sobre produ\u00e7\u00e3o&#8221;, pontuou em entrevista \u00e0 Ag\u00eancia EFE o secret\u00e1rio executivo do ente p\u00fablico formado pelos governos dos nove estados que integram a regi\u00e3o amaz\u00f4nica e que est\u00e1 focado na promo\u00e7\u00e3o do desenvolvimento sustent\u00e1vel.<\/p><\/blockquote>\n<p>A conserva\u00e7\u00e3o da floresta amaz\u00f4nica e o desenvolvimento da popula\u00e7\u00e3o desta regi\u00e3o, com 27 milh\u00f5es de habitantes, &#8220;devem caminhar de m\u00e3os dadas&#8221; e, &#8220;se n\u00e3o entendermos isso, continuaremos fracassando&#8221;, afirmou este reconhecido empres\u00e1rio agr\u00edcola com 30 anos de trajet\u00f3ria na Amaz\u00f4nia.<\/p>\n<p>A COP30, que ser\u00e1 realizada em novembro em Bel\u00e9m, pode contribuir para &#8220;mudar a mentalidade&#8221; do setor privado e tamb\u00e9m do ambientalismo em rela\u00e7\u00e3o \u00e0s necessidades de desenvolvimento desta regi\u00e3o de floresta, segundo espera Brito.<\/p>\n<p>A Amaz\u00f4nia \u00e9 a regi\u00e3o mais extensa do Brasil e tamb\u00e9m uma das mais pobres e mais desiguais do pa\u00eds. Apenas 29% dos domic\u00edlios da regi\u00e3o contam com uma rede de saneamento b\u00e1sico adequada.<\/p>\n<p>Mas, por sua vez, \u00e9 o ber\u00e7o de um pujante setor agropecu\u00e1rio, que \u00e9 respons\u00e1vel por uma importante produ\u00e7\u00e3o de gado e de soja, e conta com as maiores reservas de minerais do pa\u00eds. Esses produtos s\u00e3o respons\u00e1veis por 20% das exporta\u00e7\u00f5es do Brasil.<\/p>\n<p>A popula\u00e7\u00e3o da Amaz\u00f4nia &#8220;est\u00e1 em ebuli\u00e7\u00e3o&#8221;, sustenta Brito, e n\u00e3o est\u00e1 mais em condi\u00e7\u00e3o de adiar o debate do desenvolvimento.<\/p>\n<h2>Desmatamento zero<\/h2>\n<p>O representante do Cons\u00f3rcio Amaz\u00f4nia Legal refor\u00e7a que defende o &#8220;desmatamento zero&#8221;, em linha com a promessa do governo do presidente Luiz In\u00e1cio Lula da Silva de erradicar o desmatamento ilegal at\u00e9 2030.<\/p>\n<p>No entanto, com a mesma firmeza, critica pol\u00edticas como o novo regulamento sobre desmatamento da Uni\u00e3o Europeia (EUDR, na sigla em ingl\u00eas), uma normativa que entrar\u00e1 em vigor em dezembro e que vetar\u00e1 a importa\u00e7\u00e3o de produtos que venham de terras desmatadas ou degradadas, o que poderia significar um veto para a carne bovina e os produtos agr\u00edcolas amaz\u00f4nicos.<\/p>\n<blockquote><p>&#8220;Sou a favor do desmatamento zero, mas a forma de implementar o sistema do EUDR me parece horr\u00edvel. Tive a oportunidade de dizer isso diante da Comiss\u00e3o Europeia e de v\u00e1rios pa\u00edses europeus. Infelizmente, \u00e9 um processo muito mais excludente que transformador&#8221;, declarou.<\/p><\/blockquote>\n<p>Brito, no entanto, est\u00e1 otimista \u00e0 luz das consequ\u00eancias que a guerra comercial deflagrada por Donald Trump teve para enfraquecer as resist\u00eancias de alguns pa\u00edses europeus a seus acordos comerciais com os pa\u00edses sul-americanos.<\/p>\n<blockquote><p>&#8220;A realidade e a necessidade sempre se imp\u00f5em nas rela\u00e7\u00f5es internacionais&#8221;, considerou.<\/p><\/blockquote>\n<p>O primeiro passo foi a conclus\u00e3o do acordo comercial entre a Uni\u00e3o Europeia e o Mercosul, que esperou por 25 anos por conta do bloqueio de &#8220;alguns pa\u00edses europeus&#8221;, que se desvaneceu &#8220;de uma hora para outra&#8221;, e &#8220;agora lhes parece interessante&#8221;.<\/p>\n<blockquote><p>&#8220;Quem sabe se agora, com esta grande disrup\u00e7\u00e3o geopol\u00edtica que estamos presenciando, a intelig\u00eancia volte \u00e0 mesa e talvez, em uma associa\u00e7\u00e3o transnacional, consigamos criar regras e modelos que sejam mais inclusivos e mais assertivos em geral&#8221;, concluiu Brito.<\/p><\/blockquote>\n<p>O secret\u00e1rio executivo do Cons\u00f3rcio Amaz\u00f4nia Legal participou na quinta-feira como palestrante na terceira edi\u00e7\u00e3o do F\u00f3rum Latino-Americano de Economia Verde, organizado pela Ag\u00eancia EFE em S\u00e3o Paulo, com o patroc\u00ednio da Agencia Brasileira de Promo\u00e7\u00e3o de Exporta\u00e7\u00f5es e Investimentos (ApexBrasil), da LOTS Group e da Norte Energia, e com o apoio de Imaflora, Observat\u00f3rio do Clima e IBMEC. EFE<\/p>\n","protected":false},"excerpt":{"rendered":"<p>Manuel P\u00e9rez Bella | A Amaz\u00f4nia &#8220;est\u00e1 cansada de ouvir falar de conserva\u00e7\u00e3o&#8221; e quer que os l\u00edderes mundiais se sentem na Confer\u00eancia das Na\u00e7\u00f5es Unidas sobre Mudan\u00e7a Clim\u00e1tica (COP30) [&hellip;]<\/p>\n","protected":false},"author":198164093,"featured_media":186841,"comment_status":"closed","ping_status":"closed","sticky":false,"template":"","format":"standard","meta":{"_acf_changed":false,"_jetpack_newsletter_access":"","_jetpack_dont_email_post_to_subs":false,"_jetpack_newsletter_tier_id":0,"_jetpack_memberships_contains_paywalled_content":false,"_jetpack_memberships_contains_paid_content":false,"footnotes":"","jetpack_post_was_ever_published":false},"categories":[123875,125402],"tags":[126928,128542,126797,126416],"class_list":["post-186836","post","type-post","status-publish","format-standard","has-post-thumbnail","hentry","category-economia-pt-pt","category-sustentabilidade","tag-amazonia","tag-cop30","tag-meio-ambiente","tag-sustentabilidade"],"acf":[],"yoast_head":"<!-- This site is optimized with the Yoast SEO plugin v27.5 - https:\/\/yoast.com\/product\/yoast-seo-wordpress\/ -->\n<title>Cons\u00f3rcio Amaz\u00f4nia Legal espera COP30 focada na gera\u00e7\u00e3o de riqueza para povos da floresta<\/title>\n<meta name=\"description\" content=\"Manuel P\u00e9rez Bella | A Amaz\u00f4nia &quot;est\u00e1 cansada de ouvir falar de conserva\u00e7\u00e3o&quot; e quer que os l\u00edderes mundiais se sentem na Confer\u00eancia das Na\u00e7\u00f5es Unidas\" \/>\n<meta name=\"robots\" content=\"index, follow, max-snippet:-1, max-image-preview:large, max-video-preview:-1\" \/>\n<link rel=\"canonical\" href=\"https:\/\/efecomunica.efe.com\/pt-pt\/consorcio-amazonia-legal-espera-cop30-focada-na-geracao-de-riqueza-para-povos-da-floresta\/\" \/>\n<!-- \/ Yoast SEO plugin. -->","yoast_head_json":{"title":"Cons\u00f3rcio Amaz\u00f4nia Legal espera COP30 focada na gera\u00e7\u00e3o de riqueza para povos da floresta","description":"Manuel P\u00e9rez Bella | A Amaz\u00f4nia \"est\u00e1 cansada de ouvir falar de conserva\u00e7\u00e3o\" e quer que os l\u00edderes mundiais se sentem na Confer\u00eancia das Na\u00e7\u00f5es Unidas","robots":{"index":"index","follow":"follow","max-snippet":"max-snippet:-1","max-image-preview":"max-image-preview:large","max-video-preview":"max-video-preview:-1"},"canonical":"https:\/\/efecomunica.efe.com\/pt-pt\/consorcio-amazonia-legal-espera-cop30-focada-na-geracao-de-riqueza-para-povos-da-floresta\/","schema":{"@context":"https:\/\/schema.org","@graph":[{"@type":"Article","@id":"https:\/\/efecomunica.efe.com\/pt-pt\/consorcio-amazonia-legal-espera-cop30-focada-na-geracao-de-riqueza-para-povos-da-floresta\/#article","isPartOf":{"@id":"https:\/\/efecomunica.efe.com\/pt-pt\/consorcio-amazonia-legal-espera-cop30-focada-na-geracao-de-riqueza-para-povos-da-floresta\/"},"author":{"name":"Ana Paula Raposo Chain","@id":"https:\/\/efecomunica.efe.com\/#\/schema\/person\/c909104001020699b704e3df33fef431"},"headline":"Cons\u00f3rcio Amaz\u00f4nia Legal espera COP30 focada na gera\u00e7\u00e3o de riqueza para povos da floresta","datePublished":"2025-09-06T13:32:31+00:00","dateModified":"2025-10-03T17:48:37+00:00","mainEntityOfPage":{"@id":"https:\/\/efecomunica.efe.com\/pt-pt\/consorcio-amazonia-legal-espera-cop30-focada-na-geracao-de-riqueza-para-povos-da-floresta\/"},"wordCount":686,"publisher":{"@id":"https:\/\/efecomunica.efe.com\/#organization"},"image":{"@id":"https:\/\/efecomunica.efe.com\/pt-pt\/consorcio-amazonia-legal-espera-cop30-focada-na-geracao-de-riqueza-para-povos-da-floresta\/#primaryimage"},"thumbnailUrl":"https:\/\/efecomunica.efe.com\/wp-content\/uploads\/2025\/10\/8023023139001w.jpg","keywords":["amazonia","cop30","meio ambiente","sustentabilidade"],"articleSection":["Economia","Sustentabilidade"],"inLanguage":"pt-PT"},{"@type":"WebPage","@id":"https:\/\/efecomunica.efe.com\/pt-pt\/consorcio-amazonia-legal-espera-cop30-focada-na-geracao-de-riqueza-para-povos-da-floresta\/","url":"https:\/\/efecomunica.efe.com\/pt-pt\/consorcio-amazonia-legal-espera-cop30-focada-na-geracao-de-riqueza-para-povos-da-floresta\/","name":"Cons\u00f3rcio Amaz\u00f4nia Legal espera COP30 focada na gera\u00e7\u00e3o de riqueza para povos da floresta","isPartOf":{"@id":"https:\/\/efecomunica.efe.com\/#website"},"primaryImageOfPage":{"@id":"https:\/\/efecomunica.efe.com\/pt-pt\/consorcio-amazonia-legal-espera-cop30-focada-na-geracao-de-riqueza-para-povos-da-floresta\/#primaryimage"},"image":{"@id":"https:\/\/efecomunica.efe.com\/pt-pt\/consorcio-amazonia-legal-espera-cop30-focada-na-geracao-de-riqueza-para-povos-da-floresta\/#primaryimage"},"thumbnailUrl":"https:\/\/efecomunica.efe.com\/wp-content\/uploads\/2025\/10\/8023023139001w.jpg","datePublished":"2025-09-06T13:32:31+00:00","dateModified":"2025-10-03T17:48:37+00:00","description":"Manuel P\u00e9rez Bella | A Amaz\u00f4nia \"est\u00e1 cansada de ouvir falar de conserva\u00e7\u00e3o\" e quer que os l\u00edderes mundiais se sentem na Confer\u00eancia das Na\u00e7\u00f5es Unidas","breadcrumb":{"@id":"https:\/\/efecomunica.efe.com\/pt-pt\/consorcio-amazonia-legal-espera-cop30-focada-na-geracao-de-riqueza-para-povos-da-floresta\/#breadcrumb"},"inLanguage":"pt-PT","potentialAction":[{"@type":"ReadAction","target":["https:\/\/efecomunica.efe.com\/pt-pt\/consorcio-amazonia-legal-espera-cop30-focada-na-geracao-de-riqueza-para-povos-da-floresta\/"]}]},{"@type":"ImageObject","inLanguage":"pt-PT","@id":"https:\/\/efecomunica.efe.com\/pt-pt\/consorcio-amazonia-legal-espera-cop30-focada-na-geracao-de-riqueza-para-povos-da-floresta\/#primaryimage","url":"https:\/\/efecomunica.efe.com\/wp-content\/uploads\/2025\/10\/8023023139001w.jpg","contentUrl":"https:\/\/efecomunica.efe.com\/wp-content\/uploads\/2025\/10\/8023023139001w.jpg","width":1920,"height":1280},{"@type":"BreadcrumbList","@id":"https:\/\/efecomunica.efe.com\/pt-pt\/consorcio-amazonia-legal-espera-cop30-focada-na-geracao-de-riqueza-para-povos-da-floresta\/#breadcrumb","itemListElement":[{"@type":"ListItem","position":1,"name":"Portada","item":"https:\/\/efecomunica.efe.com\/pt-pt\/"},{"@type":"ListItem","position":2,"name":"Cons\u00f3rcio Amaz\u00f4nia Legal espera COP30 focada na gera\u00e7\u00e3o de riqueza para povos da floresta"}]},{"@type":"WebSite","@id":"https:\/\/efecomunica.efe.com\/#website","url":"https:\/\/efecomunica.efe.com\/","name":"EFE Comunica","description":"Contenidos para empresas","publisher":{"@id":"https:\/\/efecomunica.efe.com\/#organization"},"potentialAction":[{"@type":"SearchAction","target":{"@type":"EntryPoint","urlTemplate":"https:\/\/efecomunica.efe.com\/?s={search_term_string}"},"query-input":{"@type":"PropertyValueSpecification","valueRequired":true,"valueName":"search_term_string"}}],"inLanguage":"pt-PT"},{"@type":"Organization","@id":"https:\/\/efecomunica.efe.com\/#organization","name":"EFE Comunica","url":"https:\/\/efecomunica.efe.com\/","logo":{"@type":"ImageObject","inLanguage":"pt-PT","@id":"https:\/\/efecomunica.efe.com\/#\/schema\/logo\/image\/","url":"https:\/\/efecomunica.efe.com\/wp-content\/uploads\/2020\/12\/Logo-EFE-Comunica_png.png","contentUrl":"https:\/\/efecomunica.efe.com\/wp-content\/uploads\/2020\/12\/Logo-EFE-Comunica_png.png","width":1080,"height":486,"caption":"EFE Comunica"},"image":{"@id":"https:\/\/efecomunica.efe.com\/#\/schema\/logo\/image\/"},"sameAs":["https:\/\/www.facebook.com\/EFEComunicaAgenciaEFE","https:\/\/x.com\/EFEcomunica","https:\/\/www.linkedin.com\/showcase\/efecomunica"]},{"@type":"Person","@id":"https:\/\/efecomunica.efe.com\/#\/schema\/person\/c909104001020699b704e3df33fef431","name":"Ana Paula Raposo Chain","image":{"@type":"ImageObject","inLanguage":"pt-PT","@id":"https:\/\/secure.gravatar.com\/avatar\/fdb673c87ee0b2e7929d64a955445cfbf4bfc5af80baee97082d08a440db678f?s=96&d=identicon&r=g","url":"https:\/\/secure.gravatar.com\/avatar\/fdb673c87ee0b2e7929d64a955445cfbf4bfc5af80baee97082d08a440db678f?s=96&d=identicon&r=g","contentUrl":"https:\/\/secure.gravatar.com\/avatar\/fdb673c87ee0b2e7929d64a955445cfbf4bfc5af80baee97082d08a440db678f?s=96&d=identicon&r=g","caption":"Ana Paula Raposo Chain"},"url":"https:\/\/efecomunica.efe.com\/pt-pt\/author\/achain\/"}]}},"jetpack_featured_media_url":"https:\/\/efecomunica.efe.com\/wp-content\/uploads\/2025\/10\/8023023139001w.jpg","jetpack_likes_enabled":true,"jetpack_shortlink":"https:\/\/wp.me\/pcEg1r-MBu","jetpack_sharing_enabled":true,"_links":{"self":[{"href":"https:\/\/efecomunica.efe.com\/pt-pt\/wp-json\/wp\/v2\/posts\/186836","targetHints":{"allow":["GET"]}}],"collection":[{"href":"https:\/\/efecomunica.efe.com\/pt-pt\/wp-json\/wp\/v2\/posts"}],"about":[{"href":"https:\/\/efecomunica.efe.com\/pt-pt\/wp-json\/wp\/v2\/types\/post"}],"author":[{"embeddable":true,"href":"https:\/\/efecomunica.efe.com\/pt-pt\/wp-json\/wp\/v2\/users\/198164093"}],"replies":[{"embeddable":true,"href":"https:\/\/efecomunica.efe.com\/pt-pt\/wp-json\/wp\/v2\/comments?post=186836"}],"version-history":[{"count":2,"href":"https:\/\/efecomunica.efe.com\/pt-pt\/wp-json\/wp\/v2\/posts\/186836\/revisions"}],"predecessor-version":[{"id":186842,"href":"https:\/\/efecomunica.efe.com\/pt-pt\/wp-json\/wp\/v2\/posts\/186836\/revisions\/186842"}],"wp:featuredmedia":[{"embeddable":true,"href":"https:\/\/efecomunica.efe.com\/pt-pt\/wp-json\/wp\/v2\/media\/186841"}],"wp:attachment":[{"href":"https:\/\/efecomunica.efe.com\/pt-pt\/wp-json\/wp\/v2\/media?parent=186836"}],"wp:term":[{"taxonomy":"category","embeddable":true,"href":"https:\/\/efecomunica.efe.com\/pt-pt\/wp-json\/wp\/v2\/categories?post=186836"},{"taxonomy":"post_tag","embeddable":true,"href":"https:\/\/efecomunica.efe.com\/pt-pt\/wp-json\/wp\/v2\/tags?post=186836"}],"curies":[{"name":"wp","href":"https:\/\/api.w.org\/{rel}","templated":true}]}}