{"id":187239,"date":"2025-10-03T15:14:45","date_gmt":"2025-10-03T13:14:45","guid":{"rendered":"https:\/\/efecomunica.efe.com\/?p=187239"},"modified":"2025-10-06T15:23:07","modified_gmt":"2025-10-06T13:23:07","slug":"brasil-investe-us-5627-bilhoes-para-modernizar-industria","status":"publish","type":"post","link":"https:\/\/efecomunica.efe.com\/pt-pt\/brasil-investe-us-5627-bilhoes-para-modernizar-industria\/","title":{"rendered":"Brasil investe US$ 56,27 bilh\u00f5es para modernizar ind\u00fastria"},"content":{"rendered":"<p>O Brasil refor\u00e7a sua aposta em colocar em marcha uma &#8220;nova ind\u00fastria&#8221; mais verde, produtiva, inovadora e digital, como estrat\u00e9gia para aumentar sua competitividade no mercado internacional.<\/p>\n<p>Para isso, o governo est\u00e1 realizando investimentos de cerca de US$ 56,27 bilh\u00f5es at\u00e9 2026 para o desenvolvimento de um novo plano industrial.<\/p>\n<p>A informa\u00e7\u00e3o foi destacada durante um ato oficial pelo vice-presidente Geraldo Alckmin, que enfatizou a necessidade de fortalecer a ind\u00fastria nacional, sobretudo diante da concorr\u00eancia asi\u00e1tica.<\/p>\n<p>A ambiciosa estrat\u00e9gia est\u00e1 focada em expandir as cadeias agroindustriais sustent\u00e1veis e o setor de sa\u00fade, impulsionar a bioeconomia, a descarboniza\u00e7\u00e3o e a transi\u00e7\u00e3o e seguran\u00e7a energ\u00e9ticas, al\u00e9m de melhorar infraestrutura, saneamento, moradia e mobilidade sustent\u00e1veis.<\/p>\n<p>O plano tamb\u00e9m busca promover a transforma\u00e7\u00e3o digital da ind\u00fastria e implementar tecnologias de interesse para a soberania e a defesa nacionais.<\/p>\n<blockquote><p>&#8220;Isso \u00e9 essencial para disputar mercado com a concorr\u00eancia internacional&#8221;, ressaltou o tamb\u00e9m ministro do Desenvolvimento, Ind\u00fastria e Com\u00e9rcio.<\/p><\/blockquote>\n<h2>Exportar para crescer<\/h2>\n<p>Alckmin lembrou que, para muitos setores, como avia\u00e7\u00e3o ou defesa, exportar \u00e9 uma condi\u00e7\u00e3o inegoci\u00e1vel para a subsist\u00eancia e escalada dos neg\u00f3cios.<\/p>\n<p>Ao mesmo tempo, o com\u00e9rcio exterior permite aumentar a resili\u00eancia e as possibilidades de crescimento de pequenas e m\u00e9dias empresas, que s\u00e3o a base da economia brasileira.<\/p>\n<p>&#8220;O com\u00e9rcio exterior \u00e9 emprego e renda. Muitas empresas n\u00e3o sobrevivem somente com o mercado interno. Por isso, o enfoque no com\u00e9rcio exterior \u00e9 fundamental&#8221;, afirmou Alckmin, tamb\u00e9m ministro do Desenvolvimento, Ind\u00fastria, Com\u00e9rcio e Servi\u00e7os.<\/p>\n<p>Ele destacou a import\u00e2ncia dos programas de qualifica\u00e7\u00e3o e de incentivo \u00e0 internacionaliza\u00e7\u00e3o e exaltou o trabalho desenvolvido pela Ag\u00eancia Brasileira de Promo\u00e7\u00e3o de Exporta\u00e7\u00f5es e Investimentos (ApexBrasil) para que empresas inovadoras tenham mais possibilidades de conquistar espa\u00e7o nas cadeias internacionais de valor.<\/p>\n<h2>Hannover Messe como estrat\u00e9gia central<\/h2>\n<p>Nesse contexto, o Brasil tem entre suas estrat\u00e9gias centrais para impulsionar a internacionaliza\u00e7\u00e3o uma participa\u00e7\u00e3o robusta na maior feira de inova\u00e7\u00e3o e tecnologia industrial do mundo, a Hannover Messe, que ser\u00e1 realizada em abril de 2026, na cidade alem\u00e3.<\/p>\n<p>No evento, que re\u00fane mais de 130 mil visitantes e 4 mil expositores de mais de 60 pa\u00edses, o pa\u00eds buscar\u00e1 reafirmar sua relev\u00e2ncia global no setor.<\/p>\n<p>Como parceiro oficial, o Brasil contar\u00e1 com um pavilh\u00e3o de 2.000 m\u00b2 dividido em \u00e1reas tem\u00e1ticas dedicadas aos setores de automa\u00e7\u00e3o, m\u00e1quinas e equipamentos, ind\u00fastria digital, rob\u00f3tica, energia e sustentabilidade, apresentado por Alckmin nesta semana durante um evento em S\u00e3o Jos\u00e9 dos Campos (SP).<\/p>\n<p>A ApexBrasil, que coordena a participa\u00e7\u00e3o do pa\u00eds na feira, ressaltou em um comunicado que &#8220;esta \u00e9 uma oportunidade \u00fanica de mostrar ao mundo a for\u00e7a da ind\u00fastria brasileira em inova\u00e7\u00e3o, sustentabilidade e tecnologia, junto aos principais atores globais&#8221;.<\/p>\n<p>Com a expectativa de reunir cerca de 450 representantes brasileiros, a ApexBrasil explicou que realizar\u00e1 uma agenda completa de neg\u00f3cios que inclui eventos de alto n\u00edvel, semin\u00e1rios, pain\u00e9is e encontros de relacionamento, ampliando as possibilidades concretas de acesso a novos mercados.<\/p>\n<p>Em rela\u00e7\u00e3o \u00e0 anfitri\u00e3 do evento, a Alemanha importou um total de US$ 5,8 bilh\u00f5es em produtos brasileiros em 2024 e oferece ao pa\u00eds, segundo a ApexBrasil, mais de 390 oportunidades, com destaque para m\u00e1quinas e equipamentos de transporte, produtos aliment\u00edcios, materiais em bruto e artigos manufaturados.<\/p>\n<p>Al\u00e9m disso, a ApexBrasil espera que antes de abril de 2026 o acordo comercial entre o Mercosul e a Uni\u00e3o Europeia j\u00e1 esteja em vigor, com o potencial de ampliar em at\u00e9 US$ 7 bilh\u00f5es as exporta\u00e7\u00f5es ao bloco sul-americano no curto prazo e podendo impactar positivamente os resultados de participa\u00e7\u00e3o do Brasil na Hannover Messe. EFE<\/p>\n","protected":false},"excerpt":{"rendered":"<p>O Brasil refor\u00e7a sua aposta em colocar em marcha uma &#8220;nova ind\u00fastria&#8221; mais verde, produtiva, inovadora e digital, como estrat\u00e9gia para aumentar sua competitividade no mercado internacional. Para isso, o [&hellip;]<\/p>\n","protected":false},"author":198164093,"featured_media":187242,"comment_status":"closed","ping_status":"closed","sticky":false,"template":"","format":"standard","meta":{"_acf_changed":false,"_jetpack_newsletter_access":"","_jetpack_dont_email_post_to_subs":false,"_jetpack_newsletter_tier_id":0,"_jetpack_memberships_contains_paywalled_content":false,"_jetpack_memberships_contains_paid_content":false,"footnotes":"","jetpack_post_was_ever_published":false},"categories":[123875],"tags":[126695,128474,126417,128567,125735],"class_list":["post-187239","post","type-post","status-publish","format-standard","has-post-thumbnail","hentry","category-economia-pt-pt","tag-brasil-pt-pt","tag-comercio-exterior","tag-economia-pt-pt","tag-industria","tag-tecnologia-pt-pt"],"acf":[],"yoast_head":"<!-- This site is optimized with the Yoast SEO plugin v27.5 - https:\/\/yoast.com\/product\/yoast-seo-wordpress\/ -->\n<title>Brasil investe US$ 56,27 bilh\u00f5es para modernizar ind\u00fastria<\/title>\n<meta name=\"description\" content=\"O Brasil refor\u00e7a sua aposta em colocar em marcha uma &quot;nova ind\u00fastria&quot; mais verde, produtiva, inovadora e digital, como estrat\u00e9gia para aumentar sua\" \/>\n<meta name=\"robots\" content=\"index, follow, max-snippet:-1, max-image-preview:large, max-video-preview:-1\" \/>\n<link rel=\"canonical\" href=\"https:\/\/efecomunica.efe.com\/pt-pt\/brasil-investe-us-5627-bilhoes-para-modernizar-industria\/\" \/>\n<!-- \/ Yoast SEO plugin. -->","yoast_head_json":{"title":"Brasil investe US$ 56,27 bilh\u00f5es para modernizar ind\u00fastria","description":"O Brasil refor\u00e7a sua aposta em colocar em marcha uma \"nova ind\u00fastria\" mais verde, produtiva, inovadora e digital, como estrat\u00e9gia para aumentar sua","robots":{"index":"index","follow":"follow","max-snippet":"max-snippet:-1","max-image-preview":"max-image-preview:large","max-video-preview":"max-video-preview:-1"},"canonical":"https:\/\/efecomunica.efe.com\/pt-pt\/brasil-investe-us-5627-bilhoes-para-modernizar-industria\/","schema":{"@context":"https:\/\/schema.org","@graph":[{"@type":"Article","@id":"https:\/\/efecomunica.efe.com\/pt-pt\/brasil-investe-us-5627-bilhoes-para-modernizar-industria\/#article","isPartOf":{"@id":"https:\/\/efecomunica.efe.com\/pt-pt\/brasil-investe-us-5627-bilhoes-para-modernizar-industria\/"},"author":{"name":"Ana Paula Raposo Chain","@id":"https:\/\/efecomunica.efe.com\/#\/schema\/person\/c909104001020699b704e3df33fef431"},"headline":"Brasil investe US$ 56,27 bilh\u00f5es para modernizar ind\u00fastria","datePublished":"2025-10-03T13:14:45+00:00","dateModified":"2025-10-06T13:23:07+00:00","mainEntityOfPage":{"@id":"https:\/\/efecomunica.efe.com\/pt-pt\/brasil-investe-us-5627-bilhoes-para-modernizar-industria\/"},"wordCount":653,"publisher":{"@id":"https:\/\/efecomunica.efe.com\/#organization"},"image":{"@id":"https:\/\/efecomunica.efe.com\/pt-pt\/brasil-investe-us-5627-bilhoes-para-modernizar-industria\/#primaryimage"},"thumbnailUrl":"https:\/\/efecomunica.efe.com\/wp-content\/uploads\/2025\/10\/rss-efed80409ef0a5e2a2d33d0732bfd9a2d4743ee5702w-1.jpg","keywords":["brasil","comercio exterior","econom\u00eda","industria","tecnolog\u00eda"],"articleSection":["Economia"],"inLanguage":"pt-PT"},{"@type":"WebPage","@id":"https:\/\/efecomunica.efe.com\/pt-pt\/brasil-investe-us-5627-bilhoes-para-modernizar-industria\/","url":"https:\/\/efecomunica.efe.com\/pt-pt\/brasil-investe-us-5627-bilhoes-para-modernizar-industria\/","name":"Brasil investe US$ 56,27 bilh\u00f5es para modernizar ind\u00fastria","isPartOf":{"@id":"https:\/\/efecomunica.efe.com\/#website"},"primaryImageOfPage":{"@id":"https:\/\/efecomunica.efe.com\/pt-pt\/brasil-investe-us-5627-bilhoes-para-modernizar-industria\/#primaryimage"},"image":{"@id":"https:\/\/efecomunica.efe.com\/pt-pt\/brasil-investe-us-5627-bilhoes-para-modernizar-industria\/#primaryimage"},"thumbnailUrl":"https:\/\/efecomunica.efe.com\/wp-content\/uploads\/2025\/10\/rss-efed80409ef0a5e2a2d33d0732bfd9a2d4743ee5702w-1.jpg","datePublished":"2025-10-03T13:14:45+00:00","dateModified":"2025-10-06T13:23:07+00:00","description":"O Brasil refor\u00e7a sua aposta em colocar em marcha uma \"nova ind\u00fastria\" mais verde, produtiva, inovadora e digital, como estrat\u00e9gia para aumentar sua","breadcrumb":{"@id":"https:\/\/efecomunica.efe.com\/pt-pt\/brasil-investe-us-5627-bilhoes-para-modernizar-industria\/#breadcrumb"},"inLanguage":"pt-PT","potentialAction":[{"@type":"ReadAction","target":["https:\/\/efecomunica.efe.com\/pt-pt\/brasil-investe-us-5627-bilhoes-para-modernizar-industria\/"]}]},{"@type":"ImageObject","inLanguage":"pt-PT","@id":"https:\/\/efecomunica.efe.com\/pt-pt\/brasil-investe-us-5627-bilhoes-para-modernizar-industria\/#primaryimage","url":"https:\/\/efecomunica.efe.com\/wp-content\/uploads\/2025\/10\/rss-efed80409ef0a5e2a2d33d0732bfd9a2d4743ee5702w-1.jpg","contentUrl":"https:\/\/efecomunica.efe.com\/wp-content\/uploads\/2025\/10\/rss-efed80409ef0a5e2a2d33d0732bfd9a2d4743ee5702w-1.jpg","width":1920,"height":1280,"caption":"Brasil, la mayor econom\u00eda de Latinoam\u00e9rica, ha reforzado su apuesta por poner en marcha una \u0093nueva industria\u0094 m\u00e1s verde. EFE\/ Carlos Meneses"},{"@type":"BreadcrumbList","@id":"https:\/\/efecomunica.efe.com\/pt-pt\/brasil-investe-us-5627-bilhoes-para-modernizar-industria\/#breadcrumb","itemListElement":[{"@type":"ListItem","position":1,"name":"Portada","item":"https:\/\/efecomunica.efe.com\/pt-pt\/"},{"@type":"ListItem","position":2,"name":"Brasil investe US$ 56,27 bilh\u00f5es para modernizar ind\u00fastria"}]},{"@type":"WebSite","@id":"https:\/\/efecomunica.efe.com\/#website","url":"https:\/\/efecomunica.efe.com\/","name":"EFE Comunica","description":"Contenidos para empresas","publisher":{"@id":"https:\/\/efecomunica.efe.com\/#organization"},"potentialAction":[{"@type":"SearchAction","target":{"@type":"EntryPoint","urlTemplate":"https:\/\/efecomunica.efe.com\/?s={search_term_string}"},"query-input":{"@type":"PropertyValueSpecification","valueRequired":true,"valueName":"search_term_string"}}],"inLanguage":"pt-PT"},{"@type":"Organization","@id":"https:\/\/efecomunica.efe.com\/#organization","name":"EFE Comunica","url":"https:\/\/efecomunica.efe.com\/","logo":{"@type":"ImageObject","inLanguage":"pt-PT","@id":"https:\/\/efecomunica.efe.com\/#\/schema\/logo\/image\/","url":"https:\/\/efecomunica.efe.com\/wp-content\/uploads\/2020\/12\/Logo-EFE-Comunica_png.png","contentUrl":"https:\/\/efecomunica.efe.com\/wp-content\/uploads\/2020\/12\/Logo-EFE-Comunica_png.png","width":1080,"height":486,"caption":"EFE Comunica"},"image":{"@id":"https:\/\/efecomunica.efe.com\/#\/schema\/logo\/image\/"},"sameAs":["https:\/\/www.facebook.com\/EFEComunicaAgenciaEFE","https:\/\/x.com\/EFEcomunica","https:\/\/www.linkedin.com\/showcase\/efecomunica"]},{"@type":"Person","@id":"https:\/\/efecomunica.efe.com\/#\/schema\/person\/c909104001020699b704e3df33fef431","name":"Ana Paula Raposo Chain","image":{"@type":"ImageObject","inLanguage":"pt-PT","@id":"https:\/\/secure.gravatar.com\/avatar\/fdb673c87ee0b2e7929d64a955445cfbf4bfc5af80baee97082d08a440db678f?s=96&d=identicon&r=g","url":"https:\/\/secure.gravatar.com\/avatar\/fdb673c87ee0b2e7929d64a955445cfbf4bfc5af80baee97082d08a440db678f?s=96&d=identicon&r=g","contentUrl":"https:\/\/secure.gravatar.com\/avatar\/fdb673c87ee0b2e7929d64a955445cfbf4bfc5af80baee97082d08a440db678f?s=96&d=identicon&r=g","caption":"Ana Paula Raposo Chain"},"url":"https:\/\/efecomunica.efe.com\/pt-pt\/author\/achain\/"}]}},"jetpack_featured_media_url":"https:\/\/efecomunica.efe.com\/wp-content\/uploads\/2025\/10\/rss-efed80409ef0a5e2a2d33d0732bfd9a2d4743ee5702w-1.jpg","jetpack_likes_enabled":true,"jetpack_shortlink":"https:\/\/wp.me\/pcEg1r-MHZ","jetpack_sharing_enabled":true,"_links":{"self":[{"href":"https:\/\/efecomunica.efe.com\/pt-pt\/wp-json\/wp\/v2\/posts\/187239","targetHints":{"allow":["GET"]}}],"collection":[{"href":"https:\/\/efecomunica.efe.com\/pt-pt\/wp-json\/wp\/v2\/posts"}],"about":[{"href":"https:\/\/efecomunica.efe.com\/pt-pt\/wp-json\/wp\/v2\/types\/post"}],"author":[{"embeddable":true,"href":"https:\/\/efecomunica.efe.com\/pt-pt\/wp-json\/wp\/v2\/users\/198164093"}],"replies":[{"embeddable":true,"href":"https:\/\/efecomunica.efe.com\/pt-pt\/wp-json\/wp\/v2\/comments?post=187239"}],"version-history":[{"count":2,"href":"https:\/\/efecomunica.efe.com\/pt-pt\/wp-json\/wp\/v2\/posts\/187239\/revisions"}],"predecessor-version":[{"id":187244,"href":"https:\/\/efecomunica.efe.com\/pt-pt\/wp-json\/wp\/v2\/posts\/187239\/revisions\/187244"}],"wp:featuredmedia":[{"embeddable":true,"href":"https:\/\/efecomunica.efe.com\/pt-pt\/wp-json\/wp\/v2\/media\/187242"}],"wp:attachment":[{"href":"https:\/\/efecomunica.efe.com\/pt-pt\/wp-json\/wp\/v2\/media?parent=187239"}],"wp:term":[{"taxonomy":"category","embeddable":true,"href":"https:\/\/efecomunica.efe.com\/pt-pt\/wp-json\/wp\/v2\/categories?post=187239"},{"taxonomy":"post_tag","embeddable":true,"href":"https:\/\/efecomunica.efe.com\/pt-pt\/wp-json\/wp\/v2\/tags?post=187239"}],"curies":[{"name":"wp","href":"https:\/\/api.w.org\/{rel}","templated":true}]}}