{"id":187282,"date":"2025-10-05T12:45:43","date_gmt":"2025-10-05T10:45:43","guid":{"rendered":"https:\/\/efecomunica.efe.com\/?p=187282"},"modified":"2025-10-06T17:48:43","modified_gmt":"2025-10-06T15:48:43","slug":"cavalos-de-diversas-origens-competem-sob-a-mesma-bandeira-em-barcelona","status":"publish","type":"post","link":"https:\/\/efecomunica.efe.com\/pt-pt\/cavalos-de-diversas-origens-competem-sob-a-mesma-bandeira-em-barcelona\/","title":{"rendered":"Cavalos de diversas origens competem sob a mesma bandeira em Barcelona"},"content":{"rendered":"<p>Hantano \u00e9 um cavalo de 13 anos que nasceu na Holanda, Delta Del&#8217;isle tem 12 anos e nasceu na Fran\u00e7a, Marbella Du Chabli \u00e9 uma \u00e9gua de 13 anos criada na B\u00e9lgica, e Casal Dorato, o cavalo mais jovem da equipe, nasceu na It\u00e1lia h\u00e1 10 anos, mas todos competir\u00e3o neste domingo em Barcelona sob a bandeira italiana na final da Liga das Na\u00e7\u00f5es de salto.<\/p>\n<p>O hipismo \u00e9 um esporte aberto no qual homens e mulheres competem igualmente, onde h\u00e1 cavaleiros com pouco mais de 20 anos de idade ao lado de veteranos que ultrapassam os 50, mas tamb\u00e9m \u00e9 uma disciplina em que os conjuntos, ou seja, a dupla formada pelo humano e o cavalo, n\u00e3o s\u00e3o obrigados a ter a mesma nacionalidade.<\/p>\n<p>A Europa, em geral, \u00e9 um dos epicentros da ind\u00fastria h\u00edpica, cujo impacto econ\u00f4mico anual ultrapassa os 100 bilh\u00f5es de euros e emprega cerca de 400 mil pessoas, segundo dados da European Horse Network, sendo Holanda, Alemanha, B\u00e9lgica e Fran\u00e7a os que dominam a cria\u00e7\u00e3o de cavalos de salto.<\/p>\n<p>De fato, dos 70 exemplares que participaram da 113\u00aa edi\u00e7\u00e3o do CSIO Barcelona, que sedia a final da Longines League of Nations, organizada pela Federa\u00e7\u00e3o Equestre Internacional (FEI), 25% pertencem \u00e0 linhagem KWPN da Holanda, 20% \u00e0 Zangersheide da B\u00e9lgica, outros 15% prov\u00eam da Selle Fran\u00e7ais (Fran\u00e7a), e dos 50% restantes, metade nasceu em criat\u00f3rios na Alemanha.<\/p>\n<p>E esse \u00e9 o caso de United Touch S, cavalo filho do garanh\u00e3o westfaliano Untouched e da \u00e9gua Holsteiner Cantate Touch, que este ano se proclamou campe\u00e3o europeu em La Coru\u00f1a montado pelo alem\u00e3o Richard Vogel, com quem tamb\u00e9m venceu a edi\u00e7\u00e3o passada da Liga das Na\u00e7\u00f5es.<\/p>\n<p>Gra\u00e7as a essas vit\u00f3rias e a uma linhagem de destaque, estima-se um pre\u00e7o que poderia superar 1,5 milh\u00e3o de euros, somado ao fato de que um de seus filhos, Univers Deluxe Z, foi vendido por 100 mil euros em um leil\u00e3o da Zangersheide em fevereiro de 2025, enquanto seus embri\u00f5es congelados t\u00eam uma faixa de pre\u00e7o entre 5 mil e 7,5 mil euros.<\/p>\n<p>Outra das &#8220;fam\u00edlias reais&#8221; atuais do hipismo \u00e9 a de Chacco Blue, garanh\u00e3o que faleceu aos 14 anos, mas cujos filhos &#8211; calculam-se mais de 3 mil &#8211; conquistaram medalhas de ouro ol\u00edmpicas, como \u00e9 o caso do famoso cavalo holand\u00eas Explosion W, vencedor nos Jogos Ol\u00edmpicos de T\u00f3quio 2020 com o cavaleiro brit\u00e2nico Ben Maher.<\/p>\n<p>A exig\u00eancia do salto a cavalo faz com que cada detalhe seja relevante, j\u00e1 que, com dados da FEI, nesta temporada da Liga das Na\u00e7\u00f5es, nas quatro provas antes da final, foram realizados 3.725 saltos em toda a s\u00e9rie, com um total de 79 percursos limpos e 17 duplos zeros, ou seja, atua\u00e7\u00f5es perfeitas sem derrubadas por parte dos conjuntos.<\/p>\n<p>Em grande forma chega Hantano, um cavalo de linhagem holandesa, mas que saltar\u00e1 com a bandeira da It\u00e1lia de seu cavaleiro Piergiorgio Bucci, de 50 anos, e com quem at\u00e9 o momento completou 87 de 90 saltos limpos, para um total de duas provas completas sem falhas em Abu Dhabi e St. Tropez, mais outro zero em Ocala (Fl\u00f3rida). EFE<\/p>\n","protected":false},"excerpt":{"rendered":"<p>Hantano \u00e9 um cavalo de 13 anos que nasceu na Holanda, Delta Del&#8217;isle tem 12 anos e nasceu na Fran\u00e7a, Marbella Du Chabli \u00e9 uma \u00e9gua de 13 anos criada [&hellip;]<\/p>\n","protected":false},"author":198164093,"featured_media":187284,"comment_status":"closed","ping_status":"closed","sticky":false,"template":"","format":"standard","meta":{"_acf_changed":false,"_jetpack_newsletter_access":"","_jetpack_dont_email_post_to_subs":false,"_jetpack_newsletter_tier_id":0,"_jetpack_memberships_contains_paywalled_content":false,"_wpcom_ai_launchpad_first_post":false,"_jetpack_feature_clip_id":0,"_jetpack_memberships_contains_paid_content":false,"footnotes":"","jetpack_post_was_ever_published":false},"categories":[125403],"tags":[128568,128423,126105,127616],"class_list":["post-187282","post","type-post","status-publish","format-standard","has-post-thumbnail","hentry","category-esporte","tag-barcelona","tag-cavalos","tag-esporte","tag-hipismo"],"acf":[],"yoast_head":"<!-- This site is optimized with the Yoast SEO plugin v28.4 - https:\/\/yoast.com\/product\/yoast-seo-wordpress\/ -->\n<title>Cavalos de diversas origens competem sob a mesma bandeira em Barcelona<\/title>\n<meta name=\"description\" content=\"Hantano \u00e9 um cavalo de 13 anos que nasceu na Holanda, Delta Del&#039;isle tem 12 anos e nasceu na Fran\u00e7a, Marbella Du Chabli \u00e9 uma \u00e9gua de 13 anos criada na\" \/>\n<meta name=\"robots\" content=\"index, follow, max-snippet:-1, max-image-preview:large, max-video-preview:-1\" \/>\n<link rel=\"canonical\" href=\"https:\/\/efecomunica.efe.com\/pt-pt\/cavalos-de-diversas-origens-competem-sob-a-mesma-bandeira-em-barcelona\/\" \/>\n<!-- \/ Yoast SEO plugin. -->","yoast_head_json":{"title":"Cavalos de diversas origens competem sob a mesma bandeira em Barcelona","description":"Hantano \u00e9 um cavalo de 13 anos que nasceu na Holanda, Delta Del'isle tem 12 anos e nasceu na Fran\u00e7a, Marbella Du Chabli \u00e9 uma \u00e9gua de 13 anos criada na","robots":{"index":"index","follow":"follow","max-snippet":"max-snippet:-1","max-image-preview":"max-image-preview:large","max-video-preview":"max-video-preview:-1"},"canonical":"https:\/\/efecomunica.efe.com\/pt-pt\/cavalos-de-diversas-origens-competem-sob-a-mesma-bandeira-em-barcelona\/","schema":{"@context":"https:\/\/schema.org","@graph":[{"@type":"Article","@id":"https:\/\/efecomunica.efe.com\/pt-pt\/cavalos-de-diversas-origens-competem-sob-a-mesma-bandeira-em-barcelona\/#article","isPartOf":{"@id":"https:\/\/efecomunica.efe.com\/pt-pt\/cavalos-de-diversas-origens-competem-sob-a-mesma-bandeira-em-barcelona\/"},"author":{"name":"Ana Paula Raposo Chain","@id":"https:\/\/efecomunica.efe.com\/#\/schema\/person\/c909104001020699b704e3df33fef431"},"headline":"Cavalos de diversas origens competem sob a mesma bandeira em Barcelona","datePublished":"2025-10-05T10:45:43+00:00","dateModified":"2025-10-06T15:48:43+00:00","mainEntityOfPage":{"@id":"https:\/\/efecomunica.efe.com\/pt-pt\/cavalos-de-diversas-origens-competem-sob-a-mesma-bandeira-em-barcelona\/"},"wordCount":541,"publisher":{"@id":"https:\/\/efecomunica.efe.com\/#organization"},"image":{"@id":"https:\/\/efecomunica.efe.com\/pt-pt\/cavalos-de-diversas-origens-competem-sob-a-mesma-bandeira-em-barcelona\/#primaryimage"},"thumbnailUrl":"https:\/\/efecomunica.efe.com\/wp-content\/uploads\/2025\/10\/rss-efec1d669bde3d97997997609cf3f39dd3783c21832w-1536x1024-1.webp","keywords":["barcelona","cavalos","esporte","hipismo"],"articleSection":["Esporte"],"inLanguage":"pt-PT"},{"@type":"WebPage","@id":"https:\/\/efecomunica.efe.com\/pt-pt\/cavalos-de-diversas-origens-competem-sob-a-mesma-bandeira-em-barcelona\/","url":"https:\/\/efecomunica.efe.com\/pt-pt\/cavalos-de-diversas-origens-competem-sob-a-mesma-bandeira-em-barcelona\/","name":"Cavalos de diversas origens competem sob a mesma bandeira em Barcelona","isPartOf":{"@id":"https:\/\/efecomunica.efe.com\/#website"},"primaryImageOfPage":{"@id":"https:\/\/efecomunica.efe.com\/pt-pt\/cavalos-de-diversas-origens-competem-sob-a-mesma-bandeira-em-barcelona\/#primaryimage"},"image":{"@id":"https:\/\/efecomunica.efe.com\/pt-pt\/cavalos-de-diversas-origens-competem-sob-a-mesma-bandeira-em-barcelona\/#primaryimage"},"thumbnailUrl":"https:\/\/efecomunica.efe.com\/wp-content\/uploads\/2025\/10\/rss-efec1d669bde3d97997997609cf3f39dd3783c21832w-1536x1024-1.webp","datePublished":"2025-10-05T10:45:43+00:00","dateModified":"2025-10-06T15:48:43+00:00","description":"Hantano \u00e9 um cavalo de 13 anos que nasceu na Holanda, Delta Del'isle tem 12 anos e nasceu na Fran\u00e7a, Marbella Du Chabli \u00e9 uma \u00e9gua de 13 anos criada na","breadcrumb":{"@id":"https:\/\/efecomunica.efe.com\/pt-pt\/cavalos-de-diversas-origens-competem-sob-a-mesma-bandeira-em-barcelona\/#breadcrumb"},"inLanguage":"pt-PT","potentialAction":[{"@type":"ReadAction","target":["https:\/\/efecomunica.efe.com\/pt-pt\/cavalos-de-diversas-origens-competem-sob-a-mesma-bandeira-em-barcelona\/"]}]},{"@type":"ImageObject","inLanguage":"pt-PT","@id":"https:\/\/efecomunica.efe.com\/pt-pt\/cavalos-de-diversas-origens-competem-sob-a-mesma-bandeira-em-barcelona\/#primaryimage","url":"https:\/\/efecomunica.efe.com\/wp-content\/uploads\/2025\/10\/rss-efec1d669bde3d97997997609cf3f39dd3783c21832w-1536x1024-1.webp","contentUrl":"https:\/\/efecomunica.efe.com\/wp-content\/uploads\/2025\/10\/rss-efec1d669bde3d97997997609cf3f39dd3783c21832w-1536x1024-1.webp","width":1536,"height":1024},{"@type":"BreadcrumbList","@id":"https:\/\/efecomunica.efe.com\/pt-pt\/cavalos-de-diversas-origens-competem-sob-a-mesma-bandeira-em-barcelona\/#breadcrumb","itemListElement":[{"@type":"ListItem","position":1,"name":"Portada","item":"https:\/\/efecomunica.efe.com\/pt-pt\/"},{"@type":"ListItem","position":2,"name":"Cavalos de diversas origens competem sob a mesma bandeira em Barcelona"}]},{"@type":"WebSite","@id":"https:\/\/efecomunica.efe.com\/#website","url":"https:\/\/efecomunica.efe.com\/","name":"EFE Comunica","description":"Contenidos para empresas","publisher":{"@id":"https:\/\/efecomunica.efe.com\/#organization"},"potentialAction":[{"@type":"SearchAction","target":{"@type":"EntryPoint","urlTemplate":"https:\/\/efecomunica.efe.com\/?s={search_term_string}"},"query-input":{"@type":"PropertyValueSpecification","valueRequired":true,"valueName":"search_term_string"}}],"inLanguage":"pt-PT"},{"@type":"Organization","@id":"https:\/\/efecomunica.efe.com\/#organization","name":"EFE Comunica","url":"https:\/\/efecomunica.efe.com\/","logo":{"@type":"ImageObject","inLanguage":"pt-PT","@id":"https:\/\/efecomunica.efe.com\/#\/schema\/logo\/image\/","url":"https:\/\/efecomunica.efe.com\/wp-content\/uploads\/2020\/12\/Logo-EFE-Comunica_png.png","contentUrl":"https:\/\/efecomunica.efe.com\/wp-content\/uploads\/2020\/12\/Logo-EFE-Comunica_png.png","width":1080,"height":486,"caption":"EFE Comunica"},"image":{"@id":"https:\/\/efecomunica.efe.com\/#\/schema\/logo\/image\/"},"sameAs":["https:\/\/www.facebook.com\/EFEComunicaAgenciaEFE","https:\/\/x.com\/EFEcomunica","https:\/\/www.linkedin.com\/showcase\/efecomunica"]},{"@type":"Person","@id":"https:\/\/efecomunica.efe.com\/#\/schema\/person\/c909104001020699b704e3df33fef431","name":"Ana Paula Raposo Chain","image":{"@type":"ImageObject","inLanguage":"pt-PT","@id":"https:\/\/secure.gravatar.com\/avatar\/fdb673c87ee0b2e7929d64a955445cfbf4bfc5af80baee97082d08a440db678f?s=96&d=identicon&r=g","url":"https:\/\/secure.gravatar.com\/avatar\/fdb673c87ee0b2e7929d64a955445cfbf4bfc5af80baee97082d08a440db678f?s=96&d=identicon&r=g","contentUrl":"https:\/\/secure.gravatar.com\/avatar\/fdb673c87ee0b2e7929d64a955445cfbf4bfc5af80baee97082d08a440db678f?s=96&d=identicon&r=g","caption":"Ana Paula Raposo Chain"},"url":"https:\/\/efecomunica.efe.com\/pt-pt\/author\/achain\/"}]}},"jetpack_likes_enabled":true,"jetpack_shortlink":"https:\/\/wp.me\/pcEg1r-MIG","jetpack_sharing_enabled":true,"jetpack_featured_media_url":"https:\/\/efecomunica.efe.com\/wp-content\/uploads\/2025\/10\/rss-efec1d669bde3d97997997609cf3f39dd3783c21832w-1536x1024-1.webp","_links":{"self":[{"href":"https:\/\/efecomunica.efe.com\/pt-pt\/wp-json\/wp\/v2\/posts\/187282","targetHints":{"allow":["GET"]}}],"collection":[{"href":"https:\/\/efecomunica.efe.com\/pt-pt\/wp-json\/wp\/v2\/posts"}],"about":[{"href":"https:\/\/efecomunica.efe.com\/pt-pt\/wp-json\/wp\/v2\/types\/post"}],"author":[{"embeddable":true,"href":"https:\/\/efecomunica.efe.com\/pt-pt\/wp-json\/wp\/v2\/users\/198164093"}],"replies":[{"embeddable":true,"href":"https:\/\/efecomunica.efe.com\/pt-pt\/wp-json\/wp\/v2\/comments?post=187282"}],"version-history":[{"count":2,"href":"https:\/\/efecomunica.efe.com\/pt-pt\/wp-json\/wp\/v2\/posts\/187282\/revisions"}],"predecessor-version":[{"id":187285,"href":"https:\/\/efecomunica.efe.com\/pt-pt\/wp-json\/wp\/v2\/posts\/187282\/revisions\/187285"}],"wp:featuredmedia":[{"embeddable":true,"href":"https:\/\/efecomunica.efe.com\/pt-pt\/wp-json\/wp\/v2\/media\/187284"}],"wp:attachment":[{"href":"https:\/\/efecomunica.efe.com\/pt-pt\/wp-json\/wp\/v2\/media?parent=187282"}],"wp:term":[{"taxonomy":"category","embeddable":true,"href":"https:\/\/efecomunica.efe.com\/pt-pt\/wp-json\/wp\/v2\/categories?post=187282"},{"taxonomy":"post_tag","embeddable":true,"href":"https:\/\/efecomunica.efe.com\/pt-pt\/wp-json\/wp\/v2\/tags?post=187282"}],"curies":[{"name":"wp","href":"https:\/\/api.w.org\/{rel}","templated":true}]}}