{"id":187912,"date":"2025-10-08T17:58:42","date_gmt":"2025-10-08T15:58:42","guid":{"rendered":"https:\/\/efecomunica.efe.com\/?p=187912"},"modified":"2025-10-09T18:03:06","modified_gmt":"2025-10-09T16:03:06","slug":"brasileiras-abrem-caminho-para-agro-do-futuro-com-sustentabilidade-e-lideranca-feminina","status":"publish","type":"post","link":"https:\/\/efecomunica.efe.com\/pt-pt\/brasileiras-abrem-caminho-para-agro-do-futuro-com-sustentabilidade-e-lideranca-feminina\/","title":{"rendered":"Brasileiras abrem caminho para agro do futuro com sustentabilidade e lideran\u00e7a feminina"},"content":{"rendered":"<p>As irm\u00e3s brasileiras Aline e Nathalia Vick assumiram, em 2018, as r\u00e9deas da propriedade rural de 1.100 hectares antes comandada pelo pai e a transformaram em um exemplo de como a sustentabilidade e a lideran\u00e7a feminina podem impulsionar a produtividade e abrir caminho para o futuro do agro.<\/p>\n<p>A compreens\u00e3o de que o solo \u00e9 seu maior ativo foi o que motivou as duas a buscar e implementar t\u00e9cnicas como a rota\u00e7\u00e3o de culturas, o plantio direto e a utiliza\u00e7\u00e3o de culturas de cobertura, que favorecem a nutri\u00e7\u00e3o, protegem contra altas temperaturas e evitam a compacta\u00e7\u00e3o e a eros\u00e3o.<\/p>\n<blockquote><p>&#8220;Come\u00e7amos em 2021 com um lote de 70 hectares, para que nossos produtores acreditassem e vissem os resultados. Hoje j\u00e1 s\u00e3o 700 hectares&#8221;, disse a economista Aline, que trocou o mercado de capitais em S\u00e3o Paulo pelo campo, \u00e0 Ag\u00eancia EFE.<\/p><\/blockquote>\n<p>Essas pr\u00e1ticas aumentaram as concentra\u00e7\u00f5es de CO2, f\u00f3sforo e c\u00e1lcio, indicadores de uma melhora da fertilidade e do perfil qu\u00edmico do solo, e tamb\u00e9m impactaram positivamente a sa\u00fade das plantas, reduzindo o uso de insumos.<\/p>\n<p>Assim, a Fazenda Est\u00e2ncia, localizada em Pirassununga (SP), alcan\u00e7ou nos \u00faltimos tr\u00eas anos uma produtividade 25% mais alta do que a m\u00e9dia da regi\u00e3o, apesar das instabilidades clim\u00e1ticas enfrentadas, como seca ou excesso de chuvas.<\/p>\n<h2>Pegada de carbono<\/h2>\n<p>Al\u00e9m disso, na safra 2024-2025 a m\u00e9dia de emiss\u00f5es da propriedade para o cultivo de soja foi de 616,4 kg de CO2 por tonelada, 60% menor do que a m\u00e9dia nacional, segundo a ferramenta Footprint PRO Carbono, desenvolvida pela multinacional Bayer e a Empresa Brasileira de Pesquisa Agropecu\u00e1ria (Embrapa).<\/p>\n<p>Os c\u00e1lculos, que consideram aspectos como a mudan\u00e7a no uso da terra, o plantio, os manejos, a colheita, a secagem e o transporte, tamb\u00e9m indicaram para o cultivo de milho safrinha em 2024 uma m\u00e9dia de emiss\u00f5es de 751,71 kg CO2 por tonelada, 46% abaixo da m\u00e9dia brasileira.<\/p>\n<p>Quanto menor a pegada, maior a produtividade de cada lote. Com isso, al\u00e9m de mostrar os resultados do trabalho feito, esses dados orientam novas a\u00e7\u00f5es para reduzir impactos e aumentar a efici\u00eancia.<\/p>\n<h2>Sustentabilidade e tecnologia<\/h2>\n<p>Para isso, Aline considerou fundamental a implementa\u00e7\u00e3o de novas tecnologias, incluindo a intelig\u00eancia artificial, que facilitam processos de monitoramento e a gest\u00e3o de recursos.<\/p>\n<p>Nesse sentido, as irm\u00e3s contam desde 2021 com o apoio da Bayer, atrav\u00e9s do programa PRO Carbono, que fornece solu\u00e7\u00f5es tecnol\u00f3gicas que permitem o aumento da produtividade e da longevidade dos cultivos, e a redu\u00e7\u00e3o de emiss\u00f5es.<\/p>\n<p>Em 2024, a fazenda, que se dedica tamb\u00e9m ao cultivo de sorgo, mandioca e cana-de-a\u00e7\u00facar, passou a fazer parte do Forward Farming, iniciativa da Bayer que re\u00fane produtores, setores p\u00fablico e privado, pesquisadores e sociedade civil.<\/p>\n<p>Com uma rede de mais de 20 fazendas em 14 pa\u00edses, o projeto mostra, a partir destas experi\u00eancias, que o futuro depende de produzir mais, restaurar a natureza e escalar a agricultura regenerativa.<\/p>\n<h2>Lideran\u00e7a feminina<\/h2>\n<p>Para alcan\u00e7ar este objetivo, a especialista em sustentabilidade da divis\u00e3o agr\u00edcola da Bayer, Priscila Araujo, afirmou em entrevista \u00e0 EFE que &#8220;somar mais mulheres pode acelerar a transi\u00e7\u00e3o para uma agricultura mais sustent\u00e1vel&#8221;.<\/p>\n<p>Para ela, a avidez por conhecimento e por estar \u00e0 frente que as irm\u00e3s Vick mostram s\u00e3o caracter\u00edsticas femininas que tamb\u00e9m motivam outros produtores.<\/p>\n<blockquote><p>&#8220;Em geral, as mulheres t\u00eam um pouco mais de carinho e zelo, e, dentro deste processo, hoje est\u00e3o muito comprometidas com os temas de sustentabilidade e agricultura regenerativa&#8221;, acrescentou.<\/p><\/blockquote>\n<p>Nathalia, que \u00e9 formada em gest\u00e3o de agroneg\u00f3cios, acrescentou que, apesar da presen\u00e7a masculina ainda predominante em sua \u00e1rea, v\u00ea mais mulheres \u00e0 frente de iniciativas sustent\u00e1veis.<\/p>\n<blockquote><p>&#8220;N\u00f3s temos uma vis\u00e3o muito mais ampla tanto no social, com uma melhor gest\u00e3o da fazenda, como na sustentabilidade&#8221;, concluiu. EFE<\/p><\/blockquote>\n","protected":false},"excerpt":{"rendered":"<p>As irm\u00e3s brasileiras Aline e Nathalia Vick assumiram, em 2018, as r\u00e9deas da propriedade rural de 1.100 hectares antes comandada pelo pai e a transformaram em um exemplo de como [&hellip;]<\/p>\n","protected":false},"author":198164093,"featured_media":187914,"comment_status":"closed","ping_status":"closed","sticky":false,"template":"","format":"standard","meta":{"_acf_changed":false,"_jetpack_newsletter_access":"","_jetpack_dont_email_post_to_subs":false,"_jetpack_newsletter_tier_id":0,"_jetpack_memberships_contains_paywalled_content":false,"_jetpack_memberships_contains_paid_content":false,"footnotes":"","jetpack_post_was_ever_published":false},"categories":[123875,125402],"tags":[126945,127221,127453,126417,126797],"class_list":["post-187912","post","type-post","status-publish","format-standard","has-post-thumbnail","hentry","category-economia-pt-pt","category-sustentabilidade","tag-agricultura-pt-pt","tag-agricultura-sustentavel","tag-crise-climatica","tag-economia-pt-pt","tag-meio-ambiente"],"acf":[],"yoast_head":"<!-- This site is optimized with the Yoast SEO plugin v27.5 - https:\/\/yoast.com\/product\/yoast-seo-wordpress\/ -->\n<title>Brasileiras abrem caminho para agro do futuro com sustentabilidade e lideran\u00e7a feminina<\/title>\n<meta name=\"description\" content=\"As irm\u00e3s brasileiras Aline e Nathalia Vick assumiram, em 2018, as r\u00e9deas da propriedade rural de 1.100 hectares antes comandada pelo pai e a transformaram\" \/>\n<meta name=\"robots\" content=\"index, follow, max-snippet:-1, max-image-preview:large, max-video-preview:-1\" \/>\n<link rel=\"canonical\" href=\"https:\/\/efecomunica.efe.com\/pt-pt\/brasileiras-abrem-caminho-para-agro-do-futuro-com-sustentabilidade-e-lideranca-feminina\/\" \/>\n<!-- \/ Yoast SEO plugin. -->","yoast_head_json":{"title":"Brasileiras abrem caminho para agro do futuro com sustentabilidade e lideran\u00e7a feminina","description":"As irm\u00e3s brasileiras Aline e Nathalia Vick assumiram, em 2018, as r\u00e9deas da propriedade rural de 1.100 hectares antes comandada pelo pai e a transformaram","robots":{"index":"index","follow":"follow","max-snippet":"max-snippet:-1","max-image-preview":"max-image-preview:large","max-video-preview":"max-video-preview:-1"},"canonical":"https:\/\/efecomunica.efe.com\/pt-pt\/brasileiras-abrem-caminho-para-agro-do-futuro-com-sustentabilidade-e-lideranca-feminina\/","schema":{"@context":"https:\/\/schema.org","@graph":[{"@type":"Article","@id":"https:\/\/efecomunica.efe.com\/pt-pt\/brasileiras-abrem-caminho-para-agro-do-futuro-com-sustentabilidade-e-lideranca-feminina\/#article","isPartOf":{"@id":"https:\/\/efecomunica.efe.com\/pt-pt\/brasileiras-abrem-caminho-para-agro-do-futuro-com-sustentabilidade-e-lideranca-feminina\/"},"author":{"name":"Ana Paula Raposo Chain","@id":"https:\/\/efecomunica.efe.com\/#\/schema\/person\/c909104001020699b704e3df33fef431"},"headline":"Brasileiras abrem caminho para agro do futuro com sustentabilidade e lideran\u00e7a feminina","datePublished":"2025-10-08T15:58:42+00:00","dateModified":"2025-10-09T16:03:06+00:00","mainEntityOfPage":{"@id":"https:\/\/efecomunica.efe.com\/pt-pt\/brasileiras-abrem-caminho-para-agro-do-futuro-com-sustentabilidade-e-lideranca-feminina\/"},"wordCount":678,"publisher":{"@id":"https:\/\/efecomunica.efe.com\/#organization"},"image":{"@id":"https:\/\/efecomunica.efe.com\/pt-pt\/brasileiras-abrem-caminho-para-agro-do-futuro-com-sustentabilidade-e-lideranca-feminina\/#primaryimage"},"thumbnailUrl":"https:\/\/efecomunica.efe.com\/wp-content\/uploads\/2025\/10\/27f9b7aa728b6f1f77b9063b723280592b970bc2.jpg","keywords":["agricultura","agricultura sustentavel","crise climatica","econom\u00eda","meio ambiente"],"articleSection":["Economia","Sustentabilidade"],"inLanguage":"pt-PT"},{"@type":"WebPage","@id":"https:\/\/efecomunica.efe.com\/pt-pt\/brasileiras-abrem-caminho-para-agro-do-futuro-com-sustentabilidade-e-lideranca-feminina\/","url":"https:\/\/efecomunica.efe.com\/pt-pt\/brasileiras-abrem-caminho-para-agro-do-futuro-com-sustentabilidade-e-lideranca-feminina\/","name":"Brasileiras abrem caminho para agro do futuro com sustentabilidade e lideran\u00e7a feminina","isPartOf":{"@id":"https:\/\/efecomunica.efe.com\/#website"},"primaryImageOfPage":{"@id":"https:\/\/efecomunica.efe.com\/pt-pt\/brasileiras-abrem-caminho-para-agro-do-futuro-com-sustentabilidade-e-lideranca-feminina\/#primaryimage"},"image":{"@id":"https:\/\/efecomunica.efe.com\/pt-pt\/brasileiras-abrem-caminho-para-agro-do-futuro-com-sustentabilidade-e-lideranca-feminina\/#primaryimage"},"thumbnailUrl":"https:\/\/efecomunica.efe.com\/wp-content\/uploads\/2025\/10\/27f9b7aa728b6f1f77b9063b723280592b970bc2.jpg","datePublished":"2025-10-08T15:58:42+00:00","dateModified":"2025-10-09T16:03:06+00:00","description":"As irm\u00e3s brasileiras Aline e Nathalia Vick assumiram, em 2018, as r\u00e9deas da propriedade rural de 1.100 hectares antes comandada pelo pai e a transformaram","breadcrumb":{"@id":"https:\/\/efecomunica.efe.com\/pt-pt\/brasileiras-abrem-caminho-para-agro-do-futuro-com-sustentabilidade-e-lideranca-feminina\/#breadcrumb"},"inLanguage":"pt-PT","potentialAction":[{"@type":"ReadAction","target":["https:\/\/efecomunica.efe.com\/pt-pt\/brasileiras-abrem-caminho-para-agro-do-futuro-com-sustentabilidade-e-lideranca-feminina\/"]}]},{"@type":"ImageObject","inLanguage":"pt-PT","@id":"https:\/\/efecomunica.efe.com\/pt-pt\/brasileiras-abrem-caminho-para-agro-do-futuro-com-sustentabilidade-e-lideranca-feminina\/#primaryimage","url":"https:\/\/efecomunica.efe.com\/wp-content\/uploads\/2025\/10\/27f9b7aa728b6f1f77b9063b723280592b970bc2.jpg","contentUrl":"https:\/\/efecomunica.efe.com\/wp-content\/uploads\/2025\/10\/27f9b7aa728b6f1f77b9063b723280592b970bc2.jpg","width":1920,"height":1280},{"@type":"BreadcrumbList","@id":"https:\/\/efecomunica.efe.com\/pt-pt\/brasileiras-abrem-caminho-para-agro-do-futuro-com-sustentabilidade-e-lideranca-feminina\/#breadcrumb","itemListElement":[{"@type":"ListItem","position":1,"name":"Portada","item":"https:\/\/efecomunica.efe.com\/pt-pt\/"},{"@type":"ListItem","position":2,"name":"Brasileiras abrem caminho para agro do futuro com sustentabilidade e lideran\u00e7a feminina"}]},{"@type":"WebSite","@id":"https:\/\/efecomunica.efe.com\/#website","url":"https:\/\/efecomunica.efe.com\/","name":"EFE Comunica","description":"Contenidos para empresas","publisher":{"@id":"https:\/\/efecomunica.efe.com\/#organization"},"potentialAction":[{"@type":"SearchAction","target":{"@type":"EntryPoint","urlTemplate":"https:\/\/efecomunica.efe.com\/?s={search_term_string}"},"query-input":{"@type":"PropertyValueSpecification","valueRequired":true,"valueName":"search_term_string"}}],"inLanguage":"pt-PT"},{"@type":"Organization","@id":"https:\/\/efecomunica.efe.com\/#organization","name":"EFE Comunica","url":"https:\/\/efecomunica.efe.com\/","logo":{"@type":"ImageObject","inLanguage":"pt-PT","@id":"https:\/\/efecomunica.efe.com\/#\/schema\/logo\/image\/","url":"https:\/\/efecomunica.efe.com\/wp-content\/uploads\/2020\/12\/Logo-EFE-Comunica_png.png","contentUrl":"https:\/\/efecomunica.efe.com\/wp-content\/uploads\/2020\/12\/Logo-EFE-Comunica_png.png","width":1080,"height":486,"caption":"EFE Comunica"},"image":{"@id":"https:\/\/efecomunica.efe.com\/#\/schema\/logo\/image\/"},"sameAs":["https:\/\/www.facebook.com\/EFEComunicaAgenciaEFE","https:\/\/x.com\/EFEcomunica","https:\/\/www.linkedin.com\/showcase\/efecomunica"]},{"@type":"Person","@id":"https:\/\/efecomunica.efe.com\/#\/schema\/person\/c909104001020699b704e3df33fef431","name":"Ana Paula Raposo Chain","image":{"@type":"ImageObject","inLanguage":"pt-PT","@id":"https:\/\/secure.gravatar.com\/avatar\/fdb673c87ee0b2e7929d64a955445cfbf4bfc5af80baee97082d08a440db678f?s=96&d=identicon&r=g","url":"https:\/\/secure.gravatar.com\/avatar\/fdb673c87ee0b2e7929d64a955445cfbf4bfc5af80baee97082d08a440db678f?s=96&d=identicon&r=g","contentUrl":"https:\/\/secure.gravatar.com\/avatar\/fdb673c87ee0b2e7929d64a955445cfbf4bfc5af80baee97082d08a440db678f?s=96&d=identicon&r=g","caption":"Ana Paula Raposo Chain"},"url":"https:\/\/efecomunica.efe.com\/pt-pt\/author\/achain\/"}]}},"jetpack_featured_media_url":"https:\/\/efecomunica.efe.com\/wp-content\/uploads\/2025\/10\/27f9b7aa728b6f1f77b9063b723280592b970bc2.jpg","jetpack_likes_enabled":true,"jetpack_shortlink":"https:\/\/wp.me\/pcEg1r-MSQ","jetpack_sharing_enabled":true,"_links":{"self":[{"href":"https:\/\/efecomunica.efe.com\/pt-pt\/wp-json\/wp\/v2\/posts\/187912","targetHints":{"allow":["GET"]}}],"collection":[{"href":"https:\/\/efecomunica.efe.com\/pt-pt\/wp-json\/wp\/v2\/posts"}],"about":[{"href":"https:\/\/efecomunica.efe.com\/pt-pt\/wp-json\/wp\/v2\/types\/post"}],"author":[{"embeddable":true,"href":"https:\/\/efecomunica.efe.com\/pt-pt\/wp-json\/wp\/v2\/users\/198164093"}],"replies":[{"embeddable":true,"href":"https:\/\/efecomunica.efe.com\/pt-pt\/wp-json\/wp\/v2\/comments?post=187912"}],"version-history":[{"count":3,"href":"https:\/\/efecomunica.efe.com\/pt-pt\/wp-json\/wp\/v2\/posts\/187912\/revisions"}],"predecessor-version":[{"id":187916,"href":"https:\/\/efecomunica.efe.com\/pt-pt\/wp-json\/wp\/v2\/posts\/187912\/revisions\/187916"}],"wp:featuredmedia":[{"embeddable":true,"href":"https:\/\/efecomunica.efe.com\/pt-pt\/wp-json\/wp\/v2\/media\/187914"}],"wp:attachment":[{"href":"https:\/\/efecomunica.efe.com\/pt-pt\/wp-json\/wp\/v2\/media?parent=187912"}],"wp:term":[{"taxonomy":"category","embeddable":true,"href":"https:\/\/efecomunica.efe.com\/pt-pt\/wp-json\/wp\/v2\/categories?post=187912"},{"taxonomy":"post_tag","embeddable":true,"href":"https:\/\/efecomunica.efe.com\/pt-pt\/wp-json\/wp\/v2\/tags?post=187912"}],"curies":[{"name":"wp","href":"https:\/\/api.w.org\/{rel}","templated":true}]}}