{"id":191129,"date":"2025-10-22T23:55:56","date_gmt":"2025-10-22T21:55:56","guid":{"rendered":"https:\/\/efecomunica.efe.com\/?p=191129"},"modified":"2025-10-27T20:10:58","modified_gmt":"2025-10-27T19:10:58","slug":"expansao-capital-de-risco-ia-projetam-brasil-polo-de-inovacao","status":"publish","type":"post","link":"https:\/\/efecomunica.efe.com\/pt-pt\/expansao-capital-de-risco-ia-projetam-brasil-polo-de-inovacao\/","title":{"rendered":"Expans\u00e3o do capital de risco e da IA projetam Brasil como polo de inova\u00e7\u00e3o"},"content":{"rendered":"<p>As novas tecnologias, sobretudo a intelig\u00eancia artificial (IA), est\u00e3o transformando a economia global e acelerando a expans\u00e3o do mercado de capital de risco corporativo (CVC na sigla em ingl\u00eas), e o Brasil se projeta nesse cen\u00e1rio como l\u00edder latino-americano e polo regional de inova\u00e7\u00e3o.<\/p>\n<p>Esse panorama foi defendido por especialistas que participaram ontem e nesta quarta-feira, em S\u00e3o Paulo, do segundo maior encontro do setor no mundo, onde concordaram que a IA \u00e9 a tese transversal mais relevante para os CVCs de todo o planeta e projetaram para o Brasil um crescimento moderado no volume de investimentos nos pr\u00f3ximos anos.<\/p>\n<blockquote><p>&#8220;O tamanho e a for\u00e7a da economia do Brasil, especialmente em n\u00edvel regional, juntamente com uma popula\u00e7\u00e3o que est\u00e1 entre as mais sofisticadas do mundo no uso da internet e da tecnologia, criam condi\u00e7\u00f5es f\u00e9rteis para os empreendedores&#8221;, destacou em entrevista \u00e0 EFE James Mawson, o diretor executivo da publica\u00e7\u00e3o Global Corporate Venturing (GCV), que organiza o encontro desde 2015 em conjunto com a Ag\u00eancia Brasileira de Promo\u00e7\u00e3o de Exporta\u00e7\u00f5es e Investimentos (ApexBrasil).<\/p><\/blockquote>\n<p>Para o brit\u00e2nico, a IA demonstrou ser transformadora &#8220;ao ajudar os investidores a criar mapas de mercado ou identificar oportunidades&#8221;. Ele indicou que os pr\u00f3ximos passos devem consistir em &#8220;auxiliar as corpora\u00e7\u00f5es a transformar seus pontos fracos em empresas emergentes com as quais possam colaborar e que, por sua vez, sejam invest\u00edveis, gerando assim um c\u00edrculo virtuoso de feedback positivo&#8221;.<\/p>\n<h2>BRASIL COMO DESTINO DE INVESTIMENTOS<\/h2>\n<p>Por sua vez, o diretor de gest\u00e3o corporativa da ApexBrasil, Floriano Pesaro, ressaltou que o Brasil aposta no CVC entre suas estrat\u00e9gias centrais para atrair capital e continuar impulsionando a inova\u00e7\u00e3o em um mercado cada vez mais maduro.<\/p>\n<p>Ele explicou que esses fundos contam com um amplo menu de investimentos e mecanismos de avalia\u00e7\u00e3o de risco que contribuem para aumentar a confiabilidade dos projetos nos quais investem, o que considerou &#8220;positivo&#8221; para o Brasil.<\/p>\n<blockquote><p>&#8220;Quando se percebe um movimento de Corporate Ventures para determinadas \u00e1reas ou setores da economia, nota-se que n\u00e3o chega apenas um. Logo v\u00eam outros, porque tamb\u00e9m competem entre si&#8221;, observou.<\/p><\/blockquote>\n<p>Al\u00e9m disso, Pesaro lembrou que n\u00e3o se trata apenas de capital financeiro, &#8220;mas tamb\u00e9m de gera\u00e7\u00e3o de emprego, de conhecimento, de tecnologia, de redes globais e de novas oportunidades para o desenvolvimento sustent\u00e1vel do Brasil&#8221;.<\/p>\n<p>Ele considera fundamental que o pa\u00eds aprenda a se comunicar de forma mais assertiva com os atores globais do setor e ressaltou a import\u00e2ncia do Corporate Venture Brasil, que em 10 anos reuniu mais de 140 corpora\u00e7\u00f5es internacionais e gerou mais de US$ 750 bilh\u00f5es em investimentos.<\/p>\n<h2>POTENCIAL LATINO-AMERICANO<\/h2>\n<p>Liderada pelo Brasil, a Am\u00e9rica Latina representa apenas 18% das 2.344 unidades de Corporate Venture Capital (CVC) ativas em 2024, mas tem um grande potencial para se desenvolver neste setor, que movimentou em 2024 cerca de US$ 132,9 bilh\u00f5es em investimentos em todo o mundo, um aumento de 25,6% em rela\u00e7\u00e3o a 2023.<\/p>\n<p>Essa alta foi impulsionada, sobretudo, por segmentos de alta intensidade tecnol\u00f3gica, como biotecnologia, empresas financeiras (fintechs) e empresas emergentes de IA, que no segundo trimestre de 2025 alcan\u00e7aram globalmente US$ 47,3 bilh\u00f5es em investimentos.<\/p>\n<p>Nesse sentido, a diretora de investimentos do Softbank, Maria Tereza Azevedo, afirmou durante sua participa\u00e7\u00e3o no evento que na Am\u00e9rica Latina existem grandes oportunidades para investir em empresas tecnol\u00f3gicas e solu\u00e7\u00f5es importantes.<\/p>\n<blockquote><p>&#8220;Na regi\u00e3o existem desafios reais, uma enorme popula\u00e7\u00e3o e um grande talento local. Poder aproveitar a tecnologia juntamente com todos esses aspectos positivos foi precisamente o que atraiu nosso fundo&#8221;, disse ela durante sua participa\u00e7\u00e3o no Corporate Venture Brasil nesta quarta-feira.<\/p><\/blockquote>\n<p>Azevedo destacou, ainda, o protagonismo do Brasil, onde est\u00e3o alocados dois ter\u00e7os dos US$ 7,5 bilh\u00f5es investidos pelo fundo do Softbank em toda a regi\u00e3o desde 2019.<\/p>\n<p>Durante a nona edi\u00e7\u00e3o do Corporate Venture Brasil, que foi realizada nos dias 21 e 22 de outubro, executivos de CVC de toda a regi\u00e3o participaram de pain\u00e9is tem\u00e1ticos que discutiram as tend\u00eancias de mercado, desafios e solu\u00e7\u00f5es, e tamb\u00e9m tiveram a oportunidade de participar de workshops e rodadas de neg\u00f3cios. EFE<\/p>\n","protected":false},"excerpt":{"rendered":"<p>As novas tecnologias, sobretudo a intelig\u00eancia artificial (IA), est\u00e3o transformando a economia global e acelerando a expans\u00e3o do mercado de capital de risco corporativo (CVC na sigla em ingl\u00eas), e [&hellip;]<\/p>\n","protected":false},"author":198164093,"featured_media":191131,"comment_status":"closed","ping_status":"closed","sticky":false,"template":"","format":"standard","meta":{"_acf_changed":false,"_jetpack_newsletter_access":"","_jetpack_dont_email_post_to_subs":false,"_jetpack_newsletter_tier_id":0,"_jetpack_memberships_contains_paywalled_content":false,"_jetpack_memberships_contains_paid_content":false,"footnotes":"","jetpack_post_was_ever_published":false},"categories":[123875,125405,125406],"tags":[128578,126417,128476,125735,128577],"class_list":["post-191129","post","type-post","status-publish","format-standard","has-post-thumbnail","hentry","category-economia-pt-pt","category-empresas-pt-pt","category-tendencias-pt-pt","tag-capital-de-risco-corporativo","tag-economia-pt-pt","tag-ia-pt-pt","tag-tecnologia-pt-pt","tag-venture-capital"],"acf":[],"yoast_head":"<!-- This site is optimized with the Yoast SEO plugin v27.5 - https:\/\/yoast.com\/product\/yoast-seo-wordpress\/ -->\n<title>Expans\u00e3o do capital de risco e da IA projetam Brasil como polo de inova\u00e7\u00e3o<\/title>\n<meta name=\"description\" content=\"As novas tecnologias, sobretudo a intelig\u00eancia artificial (IA), est\u00e3o transformando a economia global e acelerando a expans\u00e3o do mercado de capital de\" \/>\n<meta name=\"robots\" content=\"index, follow, max-snippet:-1, max-image-preview:large, max-video-preview:-1\" \/>\n<link rel=\"canonical\" href=\"https:\/\/efecomunica.efe.com\/pt-pt\/expansao-capital-de-risco-ia-projetam-brasil-polo-de-inovacao\/\" \/>\n<!-- \/ Yoast SEO plugin. -->","yoast_head_json":{"title":"Expans\u00e3o do capital de risco e da IA projetam Brasil como polo de inova\u00e7\u00e3o","description":"As novas tecnologias, sobretudo a intelig\u00eancia artificial (IA), est\u00e3o transformando a economia global e acelerando a expans\u00e3o do mercado de capital de","robots":{"index":"index","follow":"follow","max-snippet":"max-snippet:-1","max-image-preview":"max-image-preview:large","max-video-preview":"max-video-preview:-1"},"canonical":"https:\/\/efecomunica.efe.com\/pt-pt\/expansao-capital-de-risco-ia-projetam-brasil-polo-de-inovacao\/","schema":{"@context":"https:\/\/schema.org","@graph":[{"@type":"Article","@id":"https:\/\/efecomunica.efe.com\/pt-pt\/expansao-capital-de-risco-ia-projetam-brasil-polo-de-inovacao\/#article","isPartOf":{"@id":"https:\/\/efecomunica.efe.com\/pt-pt\/expansao-capital-de-risco-ia-projetam-brasil-polo-de-inovacao\/"},"author":{"name":"Ana Paula Raposo Chain","@id":"https:\/\/efecomunica.efe.com\/#\/schema\/person\/c909104001020699b704e3df33fef431"},"headline":"Expans\u00e3o do capital de risco e da IA projetam Brasil como polo de inova\u00e7\u00e3o","datePublished":"2025-10-22T21:55:56+00:00","dateModified":"2025-10-27T19:10:58+00:00","mainEntityOfPage":{"@id":"https:\/\/efecomunica.efe.com\/pt-pt\/expansao-capital-de-risco-ia-projetam-brasil-polo-de-inovacao\/"},"wordCount":726,"publisher":{"@id":"https:\/\/efecomunica.efe.com\/#organization"},"image":{"@id":"https:\/\/efecomunica.efe.com\/pt-pt\/expansao-capital-de-risco-ia-projetam-brasil-polo-de-inovacao\/#primaryimage"},"thumbnailUrl":"https:\/\/efecomunica.efe.com\/wp-content\/uploads\/2025\/10\/rss-efea454de3f82ec48d6538436d7d4abf0150601b1f4w-1.jpg","keywords":["capital de risco corporativo","econom\u00eda","IA","tecnolog\u00eda","venture capital"],"articleSection":["Economia","Empresas","Tend\u00eancias"],"inLanguage":"pt-PT"},{"@type":"WebPage","@id":"https:\/\/efecomunica.efe.com\/pt-pt\/expansao-capital-de-risco-ia-projetam-brasil-polo-de-inovacao\/","url":"https:\/\/efecomunica.efe.com\/pt-pt\/expansao-capital-de-risco-ia-projetam-brasil-polo-de-inovacao\/","name":"Expans\u00e3o do capital de risco e da IA projetam Brasil como polo de inova\u00e7\u00e3o","isPartOf":{"@id":"https:\/\/efecomunica.efe.com\/#website"},"primaryImageOfPage":{"@id":"https:\/\/efecomunica.efe.com\/pt-pt\/expansao-capital-de-risco-ia-projetam-brasil-polo-de-inovacao\/#primaryimage"},"image":{"@id":"https:\/\/efecomunica.efe.com\/pt-pt\/expansao-capital-de-risco-ia-projetam-brasil-polo-de-inovacao\/#primaryimage"},"thumbnailUrl":"https:\/\/efecomunica.efe.com\/wp-content\/uploads\/2025\/10\/rss-efea454de3f82ec48d6538436d7d4abf0150601b1f4w-1.jpg","datePublished":"2025-10-22T21:55:56+00:00","dateModified":"2025-10-27T19:10:58+00:00","description":"As novas tecnologias, sobretudo a intelig\u00eancia artificial (IA), est\u00e3o transformando a economia global e acelerando a expans\u00e3o do mercado de capital de","breadcrumb":{"@id":"https:\/\/efecomunica.efe.com\/pt-pt\/expansao-capital-de-risco-ia-projetam-brasil-polo-de-inovacao\/#breadcrumb"},"inLanguage":"pt-PT","potentialAction":[{"@type":"ReadAction","target":["https:\/\/efecomunica.efe.com\/pt-pt\/expansao-capital-de-risco-ia-projetam-brasil-polo-de-inovacao\/"]}]},{"@type":"ImageObject","inLanguage":"pt-PT","@id":"https:\/\/efecomunica.efe.com\/pt-pt\/expansao-capital-de-risco-ia-projetam-brasil-polo-de-inovacao\/#primaryimage","url":"https:\/\/efecomunica.efe.com\/wp-content\/uploads\/2025\/10\/rss-efea454de3f82ec48d6538436d7d4abf0150601b1f4w-1.jpg","contentUrl":"https:\/\/efecomunica.efe.com\/wp-content\/uploads\/2025\/10\/rss-efea454de3f82ec48d6538436d7d4abf0150601b1f4w-1.jpg","width":1920,"height":1280},{"@type":"BreadcrumbList","@id":"https:\/\/efecomunica.efe.com\/pt-pt\/expansao-capital-de-risco-ia-projetam-brasil-polo-de-inovacao\/#breadcrumb","itemListElement":[{"@type":"ListItem","position":1,"name":"Portada","item":"https:\/\/efecomunica.efe.com\/pt-pt\/"},{"@type":"ListItem","position":2,"name":"Expans\u00e3o do capital de risco e da IA projetam Brasil como polo de inova\u00e7\u00e3o"}]},{"@type":"WebSite","@id":"https:\/\/efecomunica.efe.com\/#website","url":"https:\/\/efecomunica.efe.com\/","name":"EFE Comunica","description":"Contenidos para empresas","publisher":{"@id":"https:\/\/efecomunica.efe.com\/#organization"},"potentialAction":[{"@type":"SearchAction","target":{"@type":"EntryPoint","urlTemplate":"https:\/\/efecomunica.efe.com\/?s={search_term_string}"},"query-input":{"@type":"PropertyValueSpecification","valueRequired":true,"valueName":"search_term_string"}}],"inLanguage":"pt-PT"},{"@type":"Organization","@id":"https:\/\/efecomunica.efe.com\/#organization","name":"EFE Comunica","url":"https:\/\/efecomunica.efe.com\/","logo":{"@type":"ImageObject","inLanguage":"pt-PT","@id":"https:\/\/efecomunica.efe.com\/#\/schema\/logo\/image\/","url":"https:\/\/efecomunica.efe.com\/wp-content\/uploads\/2020\/12\/Logo-EFE-Comunica_png.png","contentUrl":"https:\/\/efecomunica.efe.com\/wp-content\/uploads\/2020\/12\/Logo-EFE-Comunica_png.png","width":1080,"height":486,"caption":"EFE Comunica"},"image":{"@id":"https:\/\/efecomunica.efe.com\/#\/schema\/logo\/image\/"},"sameAs":["https:\/\/www.facebook.com\/EFEComunicaAgenciaEFE","https:\/\/x.com\/EFEcomunica","https:\/\/www.linkedin.com\/showcase\/efecomunica"]},{"@type":"Person","@id":"https:\/\/efecomunica.efe.com\/#\/schema\/person\/c909104001020699b704e3df33fef431","name":"Ana Paula Raposo Chain","image":{"@type":"ImageObject","inLanguage":"pt-PT","@id":"https:\/\/secure.gravatar.com\/avatar\/fdb673c87ee0b2e7929d64a955445cfbf4bfc5af80baee97082d08a440db678f?s=96&d=identicon&r=g","url":"https:\/\/secure.gravatar.com\/avatar\/fdb673c87ee0b2e7929d64a955445cfbf4bfc5af80baee97082d08a440db678f?s=96&d=identicon&r=g","contentUrl":"https:\/\/secure.gravatar.com\/avatar\/fdb673c87ee0b2e7929d64a955445cfbf4bfc5af80baee97082d08a440db678f?s=96&d=identicon&r=g","caption":"Ana Paula Raposo Chain"},"url":"https:\/\/efecomunica.efe.com\/pt-pt\/author\/achain\/"}]}},"jetpack_featured_media_url":"https:\/\/efecomunica.efe.com\/wp-content\/uploads\/2025\/10\/rss-efea454de3f82ec48d6538436d7d4abf0150601b1f4w-1.jpg","jetpack_likes_enabled":true,"jetpack_shortlink":"https:\/\/wp.me\/pcEg1r-NIJ","jetpack_sharing_enabled":true,"_links":{"self":[{"href":"https:\/\/efecomunica.efe.com\/pt-pt\/wp-json\/wp\/v2\/posts\/191129","targetHints":{"allow":["GET"]}}],"collection":[{"href":"https:\/\/efecomunica.efe.com\/pt-pt\/wp-json\/wp\/v2\/posts"}],"about":[{"href":"https:\/\/efecomunica.efe.com\/pt-pt\/wp-json\/wp\/v2\/types\/post"}],"author":[{"embeddable":true,"href":"https:\/\/efecomunica.efe.com\/pt-pt\/wp-json\/wp\/v2\/users\/198164093"}],"replies":[{"embeddable":true,"href":"https:\/\/efecomunica.efe.com\/pt-pt\/wp-json\/wp\/v2\/comments?post=191129"}],"version-history":[{"count":3,"href":"https:\/\/efecomunica.efe.com\/pt-pt\/wp-json\/wp\/v2\/posts\/191129\/revisions"}],"predecessor-version":[{"id":191133,"href":"https:\/\/efecomunica.efe.com\/pt-pt\/wp-json\/wp\/v2\/posts\/191129\/revisions\/191133"}],"wp:featuredmedia":[{"embeddable":true,"href":"https:\/\/efecomunica.efe.com\/pt-pt\/wp-json\/wp\/v2\/media\/191131"}],"wp:attachment":[{"href":"https:\/\/efecomunica.efe.com\/pt-pt\/wp-json\/wp\/v2\/media?parent=191129"}],"wp:term":[{"taxonomy":"category","embeddable":true,"href":"https:\/\/efecomunica.efe.com\/pt-pt\/wp-json\/wp\/v2\/categories?post=191129"},{"taxonomy":"post_tag","embeddable":true,"href":"https:\/\/efecomunica.efe.com\/pt-pt\/wp-json\/wp\/v2\/tags?post=191129"}],"curies":[{"name":"wp","href":"https:\/\/api.w.org\/{rel}","templated":true}]}}