{"id":195563,"date":"2025-11-04T21:17:37","date_gmt":"2025-11-04T20:17:37","guid":{"rendered":"https:\/\/efecomunica.efe.com\/?p=195563"},"modified":"2025-11-14T21:22:37","modified_gmt":"2025-11-14T20:22:37","slug":"inclusao-digital-de-idosos-nova-onda-tecnologica-e-educacao-protagonizam-finnlac","status":"publish","type":"post","link":"https:\/\/efecomunica.efe.com\/pt-pt\/inclusao-digital-de-idosos-nova-onda-tecnologica-e-educacao-protagonizam-finnlac\/","title":{"rendered":"Inclus\u00e3o digital de idosos, nova onda tecnol\u00f3gica e educa\u00e7\u00e3o protagonizam FinnLAC"},"content":{"rendered":"<p data-start=\"86\" data-end=\"499\">Os participantes do f\u00f3rum FinnLAC 2025 concentraram nesta ter\u00e7a-feira a aten\u00e7\u00e3o no segmento de mercado que oferece as maiores oportunidades de neg\u00f3cio para as fintechs e para o setor financeiro na Am\u00e9rica Latina: idosos, grupo que \u00e9 indispens\u00e1vel incorporar \u00e0 nova onda tecnol\u00f3gica e dotar de conhecimentos digitais para que possam aproveitar todo o seu potencial.<\/p>\n<p data-start=\"501\" data-end=\"956\">James Scriven, diretor executivo do IDB Invest, abriu a jornada inaugural do FinnLAC 2025 \u2014 encontro sobre os desafios tecnol\u00f3gicos e financeiros da regi\u00e3o, organizado pelo Grupo do Banco Interamericano de Desenvolvimento (BID) \u2014 com uma conversa ao lado de Michael Schlein, presidente da Accion, na qual destacou como \u201co panorama das finan\u00e7as mudou radicalmente\u201d e a inclus\u00e3o financeira evoluiu em seus 35 anos de carreira no setor.<\/p>\n<blockquote>\n<p data-start=\"958\" data-end=\"1245\">\u201cQuando comecei, tudo girava em torno de quem tinha acesso a um banco f\u00edsico ou n\u00e3o. Era tudo muito bancoc\u00eantrico. Agora j\u00e1 n\u00e3o \u00e9 assim\u201d, explicou, ressaltando que cerca de 70% da regi\u00e3o, gra\u00e7as aos avan\u00e7os tecnol\u00f3gicos da \u00faltima d\u00e9cada, hoje tem acesso a servi\u00e7os financeiros.<\/p>\n<\/blockquote>\n<p data-start=\"1247\" data-end=\"1535\">O FinnLAC 2025, que re\u00fane durante dois dias mais de 500 participantes e cerca de 70 palestrantes no Hotel Intercontinental de Miami, decidiu concentrar parte das discuss\u00f5es nos 140 milh\u00f5es de latino-americanos e caribenhos que permanecem desconectados do ecossistema financeiro.<\/p>\n<h2 data-start=\"1537\" data-end=\"1557\">\u201cO 30 para 2030\u201d<\/h2>\n<p data-start=\"1558\" data-end=\"1880\">A inaugura\u00e7\u00e3o do f\u00f3rum coincidiu com o lan\u00e7amento oficial do BID Pagos, uma nova iniciativa para acelerar a implementa\u00e7\u00e3o de sistemas de pagamento digital r\u00e1pido e de baixo custo na regi\u00e3o, com o objetivo de oferecer servi\u00e7os financeiros a esse 30% da popula\u00e7\u00e3o latino-americana sem acesso banc\u00e1rio at\u00e9 2030.<\/p>\n<p data-start=\"1882\" data-end=\"2052\">O chefe da divis\u00e3o de Conectividade, Mercados e Finan\u00e7as do BID, Anderson Caputo, destacou repetidamente o lema dessa nova e ambiciosa miss\u00e3o: \u201co 30 para 2030\u201d.<\/p>\n<p data-start=\"2054\" data-end=\"2403\">Caputo afirmou, em entrevista \u00e0 EFE, que para ter sucesso nessa empreitada \u00e9 preciso adotar a abordagem integral proposta pelo FinnLAC, que re\u00fane o BID Invest (focado no setor privado), o BID (voltado \u00e0 regula\u00e7\u00e3o) e tamb\u00e9m \u201ctoda a inova\u00e7\u00e3o trazida pelo BID Lab\u201d, o bra\u00e7o de tecnologia, empreendedorismo e capital de risco do grupo.<\/p>\n<p data-start=\"2405\" data-end=\"2582\">Ele esclareceu que a maioria desses 140 milh\u00f5es de latino-americanos sem acesso banc\u00e1rio \u00e9 formada, em grande parte, por pessoas idosas da Am\u00e9rica Central e do Caribe.<\/p>\n<p data-start=\"2584\" data-end=\"2730\">Por isso, falou-se da chamada \u201csilver wave\u201d (\u201conda prateada\u201d), que faz refer\u00eancia \u00e0 crescente import\u00e2ncia econ\u00f4mica da popula\u00e7\u00e3o mais velha.<\/p>\n<p data-start=\"2732\" data-end=\"2863\">C\u00e9sar Buenadicha, diretor da Unidade de Constru\u00e7\u00e3o e Acelera\u00e7\u00e3o de Ecossistemas do BID, foi direto em uma das mesas-redondas:<\/p>\n<blockquote data-start=\"2864\" data-end=\"2941\">\n<p data-start=\"2866\" data-end=\"2941\">\u201cApostem no envelhecimento. N\u00e3o h\u00e1 nenhum outro mercado que cres\u00e7a mais.\u201d<\/p>\n<\/blockquote>\n<h2 data-start=\"2943\" data-end=\"2990\">Envelhecimento na Am\u00e9rica Latina<\/h2>\n<p data-start=\"2991\" data-end=\"3236\">O convite de Buenadicha se sustenta em dados s\u00f3lidos: a Am\u00e9rica Latina \u00e9 uma das regi\u00f5es que mais rapidamente envelhece no planeta, com a maioria dos pa\u00edses j\u00e1 apresentando taxas de natalidade abaixo do n\u00edvel de reposi\u00e7\u00e3o populacional.<\/p>\n<blockquote>\n<p data-start=\"3238\" data-end=\"3415\">\u201cS\u00e3o nossos av\u00f3s, nossos pais \u2014 seremos n\u00f3s em 10 ou 20 anos. Isso j\u00e1 est\u00e1 acontecendo\u201d, afirmou Angelo Ciuffardi, da Caja Los H\u00e9roes do Chile, durante o mesmo painel.<\/p>\n<\/blockquote>\n<p data-start=\"3417\" data-end=\"3677\">Ciuffardi contou que a maioria dos afiliados da institui\u00e7\u00e3o s\u00e3o aposentados ou pessoas pr\u00f3ximas da aposentadoria, e que os estudos mostram que, apesar da penetra\u00e7\u00e3o quase total da internet, muitos idosos ainda n\u00e3o a utilizam para suas transa\u00e7\u00f5es.<\/p>\n<p data-start=\"3679\" data-end=\"3819\">Com base nos workshops de educa\u00e7\u00e3o digital que a Caja Los H\u00e9roes vem promovendo, ele destacou a import\u00e2ncia da empatia e da paci\u00eancia:<\/p>\n<blockquote data-start=\"3820\" data-end=\"3933\">\n<p data-start=\"3822\" data-end=\"3933\">\u201c\u00c9 preciso sentar-se com eles para criar n\u00e3o apenas produtos para eles, mas tamb\u00e9m produtos com eles\u201d, disse.<\/p>\n<\/blockquote>\n<p data-start=\"3935\" data-end=\"4117\">O pr\u00f3prio Caputo lembrou que a abordagem tecnol\u00f3gica para ampliar a inclus\u00e3o financeira traz muitas solu\u00e7\u00f5es, mas tamb\u00e9m riscos, especialmente para o segmento \u201csilver\u201d.<\/p>\n<blockquote data-start=\"4119\" data-end=\"4252\" data-is-last-node=\"\" data-is-only-node=\"\">\n<p data-start=\"4121\" data-end=\"4252\" data-is-last-node=\"\">\u201cPor isso precisamos de mecanismos de educa\u00e7\u00e3o financeira. E isso vai al\u00e9m \u2014 envolve tamb\u00e9m linguagem e comunica\u00e7\u00e3o\u201d, concluiu. EFE<\/p>\n<\/blockquote>\n","protected":false},"excerpt":{"rendered":"<p>Os participantes do f\u00f3rum FinnLAC 2025 concentraram nesta ter\u00e7a-feira a aten\u00e7\u00e3o no segmento de mercado que oferece as maiores oportunidades de neg\u00f3cio para as fintechs e para o setor financeiro [&hellip;]<\/p>\n","protected":false},"author":198164093,"featured_media":195566,"comment_status":"closed","ping_status":"closed","sticky":false,"template":"","format":"standard","meta":{"_acf_changed":false,"_jetpack_newsletter_access":"","_jetpack_dont_email_post_to_subs":false,"_jetpack_newsletter_tier_id":0,"_jetpack_memberships_contains_paywalled_content":false,"_jetpack_memberships_contains_paid_content":false,"footnotes":"","jetpack_post_was_ever_published":false},"categories":[125406],"tags":[128453,126417,126934,125735],"class_list":["post-195563","post","type-post","status-publish","format-standard","has-post-thumbnail","hentry","category-tendencias-pt-pt","tag-ciencia-pt-pt","tag-economia-pt-pt","tag-educacao","tag-tecnologia-pt-pt"],"acf":[],"yoast_head":"<!-- This site is optimized with the Yoast SEO plugin v27.5 - https:\/\/yoast.com\/product\/yoast-seo-wordpress\/ -->\n<title>Inclus\u00e3o digital de idosos, nova onda tecnol\u00f3gica e educa\u00e7\u00e3o protagonizam FinnLAC<\/title>\n<meta name=\"description\" content=\"Os participantes do f\u00f3rum FinnLAC 2025 concentraram nesta ter\u00e7a-feira a aten\u00e7\u00e3o no segmento de mercado que oferece as maiores oportunidades de neg\u00f3cio\" \/>\n<meta name=\"robots\" content=\"index, follow, max-snippet:-1, max-image-preview:large, max-video-preview:-1\" \/>\n<link rel=\"canonical\" href=\"https:\/\/efecomunica.efe.com\/pt-pt\/inclusao-digital-de-idosos-nova-onda-tecnologica-e-educacao-protagonizam-finnlac\/\" \/>\n<!-- \/ Yoast SEO plugin. -->","yoast_head_json":{"title":"Inclus\u00e3o digital de idosos, nova onda tecnol\u00f3gica e educa\u00e7\u00e3o protagonizam FinnLAC","description":"Os participantes do f\u00f3rum FinnLAC 2025 concentraram nesta ter\u00e7a-feira a aten\u00e7\u00e3o no segmento de mercado que oferece as maiores oportunidades de neg\u00f3cio","robots":{"index":"index","follow":"follow","max-snippet":"max-snippet:-1","max-image-preview":"max-image-preview:large","max-video-preview":"max-video-preview:-1"},"canonical":"https:\/\/efecomunica.efe.com\/pt-pt\/inclusao-digital-de-idosos-nova-onda-tecnologica-e-educacao-protagonizam-finnlac\/","schema":{"@context":"https:\/\/schema.org","@graph":[{"@type":"Article","@id":"https:\/\/efecomunica.efe.com\/pt-pt\/inclusao-digital-de-idosos-nova-onda-tecnologica-e-educacao-protagonizam-finnlac\/#article","isPartOf":{"@id":"https:\/\/efecomunica.efe.com\/pt-pt\/inclusao-digital-de-idosos-nova-onda-tecnologica-e-educacao-protagonizam-finnlac\/"},"author":{"name":"Ana Paula Raposo Chain","@id":"https:\/\/efecomunica.efe.com\/#\/schema\/person\/c909104001020699b704e3df33fef431"},"headline":"Inclus\u00e3o digital de idosos, nova onda tecnol\u00f3gica e educa\u00e7\u00e3o protagonizam FinnLAC","datePublished":"2025-11-04T20:17:37+00:00","dateModified":"2025-11-14T20:22:37+00:00","mainEntityOfPage":{"@id":"https:\/\/efecomunica.efe.com\/pt-pt\/inclusao-digital-de-idosos-nova-onda-tecnologica-e-educacao-protagonizam-finnlac\/"},"wordCount":684,"publisher":{"@id":"https:\/\/efecomunica.efe.com\/#organization"},"image":{"@id":"https:\/\/efecomunica.efe.com\/pt-pt\/inclusao-digital-de-idosos-nova-onda-tecnologica-e-educacao-protagonizam-finnlac\/#primaryimage"},"thumbnailUrl":"https:\/\/efecomunica.efe.com\/wp-content\/uploads\/2025\/11\/rss-efe1b5ef7e8bf9e521ca44adb5cc7ba95feede8e1a8w-1120x840-1.webp","keywords":["ciencia","econom\u00eda","educa\u00e7\u00e3o","tecnolog\u00eda"],"articleSection":["Tend\u00eancias"],"inLanguage":"pt-PT"},{"@type":"WebPage","@id":"https:\/\/efecomunica.efe.com\/pt-pt\/inclusao-digital-de-idosos-nova-onda-tecnologica-e-educacao-protagonizam-finnlac\/","url":"https:\/\/efecomunica.efe.com\/pt-pt\/inclusao-digital-de-idosos-nova-onda-tecnologica-e-educacao-protagonizam-finnlac\/","name":"Inclus\u00e3o digital de idosos, nova onda tecnol\u00f3gica e educa\u00e7\u00e3o protagonizam FinnLAC","isPartOf":{"@id":"https:\/\/efecomunica.efe.com\/#website"},"primaryImageOfPage":{"@id":"https:\/\/efecomunica.efe.com\/pt-pt\/inclusao-digital-de-idosos-nova-onda-tecnologica-e-educacao-protagonizam-finnlac\/#primaryimage"},"image":{"@id":"https:\/\/efecomunica.efe.com\/pt-pt\/inclusao-digital-de-idosos-nova-onda-tecnologica-e-educacao-protagonizam-finnlac\/#primaryimage"},"thumbnailUrl":"https:\/\/efecomunica.efe.com\/wp-content\/uploads\/2025\/11\/rss-efe1b5ef7e8bf9e521ca44adb5cc7ba95feede8e1a8w-1120x840-1.webp","datePublished":"2025-11-04T20:17:37+00:00","dateModified":"2025-11-14T20:22:37+00:00","description":"Os participantes do f\u00f3rum FinnLAC 2025 concentraram nesta ter\u00e7a-feira a aten\u00e7\u00e3o no segmento de mercado que oferece as maiores oportunidades de neg\u00f3cio","breadcrumb":{"@id":"https:\/\/efecomunica.efe.com\/pt-pt\/inclusao-digital-de-idosos-nova-onda-tecnologica-e-educacao-protagonizam-finnlac\/#breadcrumb"},"inLanguage":"pt-PT","potentialAction":[{"@type":"ReadAction","target":["https:\/\/efecomunica.efe.com\/pt-pt\/inclusao-digital-de-idosos-nova-onda-tecnologica-e-educacao-protagonizam-finnlac\/"]}]},{"@type":"ImageObject","inLanguage":"pt-PT","@id":"https:\/\/efecomunica.efe.com\/pt-pt\/inclusao-digital-de-idosos-nova-onda-tecnologica-e-educacao-protagonizam-finnlac\/#primaryimage","url":"https:\/\/efecomunica.efe.com\/wp-content\/uploads\/2025\/11\/rss-efe1b5ef7e8bf9e521ca44adb5cc7ba95feede8e1a8w-1120x840-1.webp","contentUrl":"https:\/\/efecomunica.efe.com\/wp-content\/uploads\/2025\/11\/rss-efe1b5ef7e8bf9e521ca44adb5cc7ba95feede8e1a8w-1120x840-1.webp","width":1120,"height":840},{"@type":"BreadcrumbList","@id":"https:\/\/efecomunica.efe.com\/pt-pt\/inclusao-digital-de-idosos-nova-onda-tecnologica-e-educacao-protagonizam-finnlac\/#breadcrumb","itemListElement":[{"@type":"ListItem","position":1,"name":"Portada","item":"https:\/\/efecomunica.efe.com\/pt-pt\/"},{"@type":"ListItem","position":2,"name":"Inclus\u00e3o digital de idosos, nova onda tecnol\u00f3gica e educa\u00e7\u00e3o protagonizam FinnLAC"}]},{"@type":"WebSite","@id":"https:\/\/efecomunica.efe.com\/#website","url":"https:\/\/efecomunica.efe.com\/","name":"EFE Comunica","description":"Contenidos para empresas","publisher":{"@id":"https:\/\/efecomunica.efe.com\/#organization"},"potentialAction":[{"@type":"SearchAction","target":{"@type":"EntryPoint","urlTemplate":"https:\/\/efecomunica.efe.com\/?s={search_term_string}"},"query-input":{"@type":"PropertyValueSpecification","valueRequired":true,"valueName":"search_term_string"}}],"inLanguage":"pt-PT"},{"@type":"Organization","@id":"https:\/\/efecomunica.efe.com\/#organization","name":"EFE Comunica","url":"https:\/\/efecomunica.efe.com\/","logo":{"@type":"ImageObject","inLanguage":"pt-PT","@id":"https:\/\/efecomunica.efe.com\/#\/schema\/logo\/image\/","url":"https:\/\/efecomunica.efe.com\/wp-content\/uploads\/2020\/12\/Logo-EFE-Comunica_png.png","contentUrl":"https:\/\/efecomunica.efe.com\/wp-content\/uploads\/2020\/12\/Logo-EFE-Comunica_png.png","width":1080,"height":486,"caption":"EFE Comunica"},"image":{"@id":"https:\/\/efecomunica.efe.com\/#\/schema\/logo\/image\/"},"sameAs":["https:\/\/www.facebook.com\/EFEComunicaAgenciaEFE","https:\/\/x.com\/EFEcomunica","https:\/\/www.linkedin.com\/showcase\/efecomunica"]},{"@type":"Person","@id":"https:\/\/efecomunica.efe.com\/#\/schema\/person\/c909104001020699b704e3df33fef431","name":"Ana Paula Raposo Chain","image":{"@type":"ImageObject","inLanguage":"pt-PT","@id":"https:\/\/secure.gravatar.com\/avatar\/fdb673c87ee0b2e7929d64a955445cfbf4bfc5af80baee97082d08a440db678f?s=96&d=identicon&r=g","url":"https:\/\/secure.gravatar.com\/avatar\/fdb673c87ee0b2e7929d64a955445cfbf4bfc5af80baee97082d08a440db678f?s=96&d=identicon&r=g","contentUrl":"https:\/\/secure.gravatar.com\/avatar\/fdb673c87ee0b2e7929d64a955445cfbf4bfc5af80baee97082d08a440db678f?s=96&d=identicon&r=g","caption":"Ana Paula Raposo Chain"},"url":"https:\/\/efecomunica.efe.com\/pt-pt\/author\/achain\/"}]}},"jetpack_featured_media_url":"https:\/\/efecomunica.efe.com\/wp-content\/uploads\/2025\/11\/rss-efe1b5ef7e8bf9e521ca44adb5cc7ba95feede8e1a8w-1120x840-1.webp","jetpack_likes_enabled":true,"jetpack_shortlink":"https:\/\/wp.me\/pcEg1r-OSf","jetpack_sharing_enabled":true,"_links":{"self":[{"href":"https:\/\/efecomunica.efe.com\/pt-pt\/wp-json\/wp\/v2\/posts\/195563","targetHints":{"allow":["GET"]}}],"collection":[{"href":"https:\/\/efecomunica.efe.com\/pt-pt\/wp-json\/wp\/v2\/posts"}],"about":[{"href":"https:\/\/efecomunica.efe.com\/pt-pt\/wp-json\/wp\/v2\/types\/post"}],"author":[{"embeddable":true,"href":"https:\/\/efecomunica.efe.com\/pt-pt\/wp-json\/wp\/v2\/users\/198164093"}],"replies":[{"embeddable":true,"href":"https:\/\/efecomunica.efe.com\/pt-pt\/wp-json\/wp\/v2\/comments?post=195563"}],"version-history":[{"count":3,"href":"https:\/\/efecomunica.efe.com\/pt-pt\/wp-json\/wp\/v2\/posts\/195563\/revisions"}],"predecessor-version":[{"id":195567,"href":"https:\/\/efecomunica.efe.com\/pt-pt\/wp-json\/wp\/v2\/posts\/195563\/revisions\/195567"}],"wp:featuredmedia":[{"embeddable":true,"href":"https:\/\/efecomunica.efe.com\/pt-pt\/wp-json\/wp\/v2\/media\/195566"}],"wp:attachment":[{"href":"https:\/\/efecomunica.efe.com\/pt-pt\/wp-json\/wp\/v2\/media?parent=195563"}],"wp:term":[{"taxonomy":"category","embeddable":true,"href":"https:\/\/efecomunica.efe.com\/pt-pt\/wp-json\/wp\/v2\/categories?post=195563"},{"taxonomy":"post_tag","embeddable":true,"href":"https:\/\/efecomunica.efe.com\/pt-pt\/wp-json\/wp\/v2\/tags?post=195563"}],"curies":[{"name":"wp","href":"https:\/\/api.w.org\/{rel}","templated":true}]}}