{"id":195592,"date":"2025-11-05T22:12:35","date_gmt":"2025-11-05T21:12:35","guid":{"rendered":"https:\/\/efecomunica.efe.com\/?p=195592"},"modified":"2025-11-14T23:03:51","modified_gmt":"2025-11-14T22:03:51","slug":"finnlac-destaca-importancia-de-dialogo-publico-privado-para-garantir-ecossistema-fintech-eficiente","status":"publish","type":"post","link":"https:\/\/efecomunica.efe.com\/pt-pt\/finnlac-destaca-importancia-de-dialogo-publico-privado-para-garantir-ecossistema-fintech-eficiente\/","title":{"rendered":"FinnLAC destaca import\u00e2ncia de di\u00e1logo p\u00fablico-privado para garantir ecossistema fintech eficiente"},"content":{"rendered":"<p data-start=\"89\" data-end=\"385\">O di\u00e1logo p\u00fablico-privado \u00e9 absolutamente indispens\u00e1vel para criar infraestruturas e ecossistemas funcionais que permitam o crescimento e a concorr\u00eancia saud\u00e1vel do setor fintech na Am\u00e9rica Latina, de acordo com especialistas e autoridades que participaram do segundo dia do FinnLAC 2025.<\/p>\n<p data-start=\"387\" data-end=\"630\">O n\u00famero de fintechs na regi\u00e3o disparou nos \u00faltimos anos, com mais de 3.000 j\u00e1 contabilizadas em toda a Am\u00e9rica Latina, segundo dados apresentados durante o evento organizado pelo Grupo do Banco Interamericano de Desenvolvimento (BID).<\/p>\n<blockquote>\n<p data-start=\"632\" data-end=\"892\">\u201cParte desse crescimento vem sendo impulsionada pelo desenvolvimento de pol\u00edticas p\u00fablicas que t\u00eam permitido o funcionamento do ecossistema fintech\u201d, disse \u00e0 EFE Diego Herrera, especialista principal da Divis\u00e3o de Conectividade, Mercados e Finan\u00e7as do BID.<\/p>\n<\/blockquote>\n<p data-start=\"894\" data-end=\"1199\">Herrera e outros palestrantes citaram hoje, no encerramento do FinnLAC no Hotel Intercontinental de Miami, casos de sucesso como o Bre-B, sistema de pagamentos imediatos do Banco Central da Col\u00f4mbia que permite transfer\u00eancias instant\u00e2neas e gratuitas entre diferentes institui\u00e7\u00f5es financeiras do pa\u00eds.<\/p>\n<p data-start=\"1201\" data-end=\"1279\">Para Herrera, no caso do Bre-B houve \u201cum di\u00e1logo p\u00fablico-privado muito forte\u201d.<\/p>\n<blockquote>\n<p data-start=\"1281\" data-end=\"1485\">\u201cInd\u00fastria e reguladores se reuniram e conseguiram estruturar um sistema com mesas de di\u00e1logo sobre temas espec\u00edficos, o que permite uma din\u00e2mica que faz com que a regulamenta\u00e7\u00e3o possa evoluir\u201d, explicou.<\/p>\n<p data-start=\"1487\" data-end=\"1770\">\u201cEsse \u00e9 o tipo de sucesso que vamos apoiar por meio da nossa iniciativa BID Pagos\u201d, acrescentou,\u00a0 em refer\u00eancia ao projeto apresentada no FinnLAC que busca acelerar a implementa\u00e7\u00e3o de sistemas de pagamento digital em tempo real e de baixo custo em toda a Am\u00e9rica Latina e Caribe.<\/p>\n<\/blockquote>\n<p data-start=\"1772\" data-end=\"2102\">Por sua vez, Ana Mar\u00eda Ib\u00e1\u00f1ez, vice-presidente de Setores e Conhecimento do BID, afirmou que os v\u00e1rios debates realizados entre atores p\u00fablicos e privados no FinnLAC demonstram \u201ccomo os marcos regulat\u00f3rios podem se adaptar \u00e0 velocidade da inova\u00e7\u00e3o, garantindo a prote\u00e7\u00e3o do consumidor, a estabilidade financeira e a inclus\u00e3o\u201d.<\/p>\n<p data-start=\"2104\" data-end=\"2367\">Ela conversou em um painel com Javier Su\u00e1rez, presidente do banco colombiano Davivienda, que implementou o Bre-B em suas plataformas digitais e tamb\u00e9m no DaviPlata, seu banco digital nativo, que no in\u00edcio de 2025 superava 18,7 milh\u00f5es de usu\u00e1rios.<\/p>\n<blockquote>\n<p data-start=\"2369\" data-end=\"2630\">\u201c\u00c9 preciso assumir riscos, porque quem n\u00e3o inova, na verdade, enfrenta os mesmos riscos \u2014 s\u00f3 que sem controlar seu pr\u00f3prio destino\u201d, afirmou Su\u00e1rez, destacando a necessidade de o setor privado mostrar iniciativa para estabelecer esse di\u00e1logo com os reguladores.<\/p>\n<\/blockquote>\n<p data-start=\"2632\" data-end=\"3135\">Outro debate do dia se concentrou na infraestrutura para sistemas de pagamento instant\u00e2neo. Ali, Diego Vera-Cossio, economista do Departamento de Pesquisa do BID, enumerou os quatro principais desafios nessa \u00e1rea: reduzir brechas persistentes nos meios de pagamento digitais; passar dos pagamentos para um maior acesso ao cr\u00e9dito; permitir o compartilhamento de dados financeiros protegendo o usu\u00e1rio; e \u201cconsiderar a tensa rela\u00e7\u00e3o entre informalidade e ado\u00e7\u00e3o de m\u00e9todos de pagamento digitais\u201d.<\/p>\n<p data-start=\"3137\" data-end=\"3350\">No mesmo simp\u00f3sio participou tamb\u00e9m Diego Caicedo, diretor executivo da Revolut Col\u00f4mbia, que destacou a import\u00e2ncia de uma infraestrutura robusta, est\u00e1vel e eficiente para permitir um mercado competitivo.<\/p>\n<blockquote>\n<p data-start=\"3352\" data-end=\"3592\" data-is-last-node=\"\" data-is-only-node=\"\">\u201cA concorr\u00eancia beneficia o cliente, e o cliente \u00e9 a nossa raz\u00e3o de ser. Queremos trazer mais e mais op\u00e7\u00f5es para os consumidores. E, para isso, a infraestrutura b\u00e1sica precisa funcionar \u2014 o ecossistema tem que existir\u201d, afirmou Caicedo. EFE<\/p>\n<\/blockquote>\n","protected":false},"excerpt":{"rendered":"<p>O di\u00e1logo p\u00fablico-privado \u00e9 absolutamente indispens\u00e1vel para criar infraestruturas e ecossistemas funcionais que permitam o crescimento e a concorr\u00eancia saud\u00e1vel do setor fintech na Am\u00e9rica Latina, de acordo com especialistas [&hellip;]<\/p>\n","protected":false},"author":198164093,"featured_media":195617,"comment_status":"closed","ping_status":"closed","sticky":false,"template":"","format":"standard","meta":{"_acf_changed":false,"_jetpack_newsletter_access":"","_jetpack_dont_email_post_to_subs":false,"_jetpack_newsletter_tier_id":0,"_jetpack_memberships_contains_paywalled_content":false,"_jetpack_memberships_contains_paid_content":false,"footnotes":"","jetpack_post_was_ever_published":false},"categories":[123875,125406],"tags":[126058,126417,125735],"class_list":["post-195592","post","type-post","status-publish","format-standard","has-post-thumbnail","hentry","category-economia-pt-pt","category-tendencias-pt-pt","tag-america-latina-pt-pt","tag-economia-pt-pt","tag-tecnologia-pt-pt"],"acf":[],"yoast_head":"<!-- This site is optimized with the Yoast SEO plugin v27.5 - https:\/\/yoast.com\/product\/yoast-seo-wordpress\/ -->\n<title>FinnLAC destaca import\u00e2ncia de di\u00e1logo p\u00fablico-privado para garantir ecossistema fintech eficiente<\/title>\n<meta name=\"description\" content=\"O di\u00e1logo p\u00fablico-privado \u00e9 absolutamente indispens\u00e1vel para criar infraestruturas e ecossistemas funcionais que permitam o crescimento e a concorr\u00eancia\" \/>\n<meta name=\"robots\" content=\"index, follow, max-snippet:-1, max-image-preview:large, max-video-preview:-1\" \/>\n<link rel=\"canonical\" href=\"https:\/\/efecomunica.efe.com\/pt-pt\/finnlac-destaca-importancia-de-dialogo-publico-privado-para-garantir-ecossistema-fintech-eficiente\/\" \/>\n<!-- \/ Yoast SEO plugin. -->","yoast_head_json":{"title":"FinnLAC destaca import\u00e2ncia de di\u00e1logo p\u00fablico-privado para garantir ecossistema fintech eficiente","description":"O di\u00e1logo p\u00fablico-privado \u00e9 absolutamente indispens\u00e1vel para criar infraestruturas e ecossistemas funcionais que permitam o crescimento e a concorr\u00eancia","robots":{"index":"index","follow":"follow","max-snippet":"max-snippet:-1","max-image-preview":"max-image-preview:large","max-video-preview":"max-video-preview:-1"},"canonical":"https:\/\/efecomunica.efe.com\/pt-pt\/finnlac-destaca-importancia-de-dialogo-publico-privado-para-garantir-ecossistema-fintech-eficiente\/","schema":{"@context":"https:\/\/schema.org","@graph":[{"@type":"Article","@id":"https:\/\/efecomunica.efe.com\/pt-pt\/finnlac-destaca-importancia-de-dialogo-publico-privado-para-garantir-ecossistema-fintech-eficiente\/#article","isPartOf":{"@id":"https:\/\/efecomunica.efe.com\/pt-pt\/finnlac-destaca-importancia-de-dialogo-publico-privado-para-garantir-ecossistema-fintech-eficiente\/"},"author":{"name":"Ana Paula Raposo Chain","@id":"https:\/\/efecomunica.efe.com\/#\/schema\/person\/c909104001020699b704e3df33fef431"},"headline":"FinnLAC destaca import\u00e2ncia de di\u00e1logo p\u00fablico-privado para garantir ecossistema fintech eficiente","datePublished":"2025-11-05T21:12:35+00:00","dateModified":"2025-11-14T22:03:51+00:00","mainEntityOfPage":{"@id":"https:\/\/efecomunica.efe.com\/pt-pt\/finnlac-destaca-importancia-de-dialogo-publico-privado-para-garantir-ecossistema-fintech-eficiente\/"},"wordCount":573,"publisher":{"@id":"https:\/\/efecomunica.efe.com\/#organization"},"image":{"@id":"https:\/\/efecomunica.efe.com\/pt-pt\/finnlac-destaca-importancia-de-dialogo-publico-privado-para-garantir-ecossistema-fintech-eficiente\/#primaryimage"},"thumbnailUrl":"https:\/\/efecomunica.efe.com\/wp-content\/uploads\/2025\/11\/rss-efe1d97edc3f70e8a1e5af297fb100a5cc971d82fb2w-1120x747-1.webp","keywords":["Am\u00e9rica Latina","econom\u00eda","tecnolog\u00eda"],"articleSection":["Economia","Tend\u00eancias"],"inLanguage":"pt-PT"},{"@type":"WebPage","@id":"https:\/\/efecomunica.efe.com\/pt-pt\/finnlac-destaca-importancia-de-dialogo-publico-privado-para-garantir-ecossistema-fintech-eficiente\/","url":"https:\/\/efecomunica.efe.com\/pt-pt\/finnlac-destaca-importancia-de-dialogo-publico-privado-para-garantir-ecossistema-fintech-eficiente\/","name":"FinnLAC destaca import\u00e2ncia de di\u00e1logo p\u00fablico-privado para garantir ecossistema fintech eficiente","isPartOf":{"@id":"https:\/\/efecomunica.efe.com\/#website"},"primaryImageOfPage":{"@id":"https:\/\/efecomunica.efe.com\/pt-pt\/finnlac-destaca-importancia-de-dialogo-publico-privado-para-garantir-ecossistema-fintech-eficiente\/#primaryimage"},"image":{"@id":"https:\/\/efecomunica.efe.com\/pt-pt\/finnlac-destaca-importancia-de-dialogo-publico-privado-para-garantir-ecossistema-fintech-eficiente\/#primaryimage"},"thumbnailUrl":"https:\/\/efecomunica.efe.com\/wp-content\/uploads\/2025\/11\/rss-efe1d97edc3f70e8a1e5af297fb100a5cc971d82fb2w-1120x747-1.webp","datePublished":"2025-11-05T21:12:35+00:00","dateModified":"2025-11-14T22:03:51+00:00","description":"O di\u00e1logo p\u00fablico-privado \u00e9 absolutamente indispens\u00e1vel para criar infraestruturas e ecossistemas funcionais que permitam o crescimento e a concorr\u00eancia","breadcrumb":{"@id":"https:\/\/efecomunica.efe.com\/pt-pt\/finnlac-destaca-importancia-de-dialogo-publico-privado-para-garantir-ecossistema-fintech-eficiente\/#breadcrumb"},"inLanguage":"pt-PT","potentialAction":[{"@type":"ReadAction","target":["https:\/\/efecomunica.efe.com\/pt-pt\/finnlac-destaca-importancia-de-dialogo-publico-privado-para-garantir-ecossistema-fintech-eficiente\/"]}]},{"@type":"ImageObject","inLanguage":"pt-PT","@id":"https:\/\/efecomunica.efe.com\/pt-pt\/finnlac-destaca-importancia-de-dialogo-publico-privado-para-garantir-ecossistema-fintech-eficiente\/#primaryimage","url":"https:\/\/efecomunica.efe.com\/wp-content\/uploads\/2025\/11\/rss-efe1d97edc3f70e8a1e5af297fb100a5cc971d82fb2w-1120x747-1.webp","contentUrl":"https:\/\/efecomunica.efe.com\/wp-content\/uploads\/2025\/11\/rss-efe1d97edc3f70e8a1e5af297fb100a5cc971d82fb2w-1120x747-1.webp","width":1120,"height":747},{"@type":"BreadcrumbList","@id":"https:\/\/efecomunica.efe.com\/pt-pt\/finnlac-destaca-importancia-de-dialogo-publico-privado-para-garantir-ecossistema-fintech-eficiente\/#breadcrumb","itemListElement":[{"@type":"ListItem","position":1,"name":"Portada","item":"https:\/\/efecomunica.efe.com\/pt-pt\/"},{"@type":"ListItem","position":2,"name":"FinnLAC destaca import\u00e2ncia de di\u00e1logo p\u00fablico-privado para garantir ecossistema fintech eficiente"}]},{"@type":"WebSite","@id":"https:\/\/efecomunica.efe.com\/#website","url":"https:\/\/efecomunica.efe.com\/","name":"EFE Comunica","description":"Contenidos para empresas","publisher":{"@id":"https:\/\/efecomunica.efe.com\/#organization"},"potentialAction":[{"@type":"SearchAction","target":{"@type":"EntryPoint","urlTemplate":"https:\/\/efecomunica.efe.com\/?s={search_term_string}"},"query-input":{"@type":"PropertyValueSpecification","valueRequired":true,"valueName":"search_term_string"}}],"inLanguage":"pt-PT"},{"@type":"Organization","@id":"https:\/\/efecomunica.efe.com\/#organization","name":"EFE Comunica","url":"https:\/\/efecomunica.efe.com\/","logo":{"@type":"ImageObject","inLanguage":"pt-PT","@id":"https:\/\/efecomunica.efe.com\/#\/schema\/logo\/image\/","url":"https:\/\/efecomunica.efe.com\/wp-content\/uploads\/2020\/12\/Logo-EFE-Comunica_png.png","contentUrl":"https:\/\/efecomunica.efe.com\/wp-content\/uploads\/2020\/12\/Logo-EFE-Comunica_png.png","width":1080,"height":486,"caption":"EFE Comunica"},"image":{"@id":"https:\/\/efecomunica.efe.com\/#\/schema\/logo\/image\/"},"sameAs":["https:\/\/www.facebook.com\/EFEComunicaAgenciaEFE","https:\/\/x.com\/EFEcomunica","https:\/\/www.linkedin.com\/showcase\/efecomunica"]},{"@type":"Person","@id":"https:\/\/efecomunica.efe.com\/#\/schema\/person\/c909104001020699b704e3df33fef431","name":"Ana Paula Raposo Chain","image":{"@type":"ImageObject","inLanguage":"pt-PT","@id":"https:\/\/secure.gravatar.com\/avatar\/fdb673c87ee0b2e7929d64a955445cfbf4bfc5af80baee97082d08a440db678f?s=96&d=identicon&r=g","url":"https:\/\/secure.gravatar.com\/avatar\/fdb673c87ee0b2e7929d64a955445cfbf4bfc5af80baee97082d08a440db678f?s=96&d=identicon&r=g","contentUrl":"https:\/\/secure.gravatar.com\/avatar\/fdb673c87ee0b2e7929d64a955445cfbf4bfc5af80baee97082d08a440db678f?s=96&d=identicon&r=g","caption":"Ana Paula Raposo Chain"},"url":"https:\/\/efecomunica.efe.com\/pt-pt\/author\/achain\/"}]}},"jetpack_featured_media_url":"https:\/\/efecomunica.efe.com\/wp-content\/uploads\/2025\/11\/rss-efe1d97edc3f70e8a1e5af297fb100a5cc971d82fb2w-1120x747-1.webp","jetpack_likes_enabled":true,"jetpack_shortlink":"https:\/\/wp.me\/pcEg1r-OSI","jetpack_sharing_enabled":true,"_links":{"self":[{"href":"https:\/\/efecomunica.efe.com\/pt-pt\/wp-json\/wp\/v2\/posts\/195592","targetHints":{"allow":["GET"]}}],"collection":[{"href":"https:\/\/efecomunica.efe.com\/pt-pt\/wp-json\/wp\/v2\/posts"}],"about":[{"href":"https:\/\/efecomunica.efe.com\/pt-pt\/wp-json\/wp\/v2\/types\/post"}],"author":[{"embeddable":true,"href":"https:\/\/efecomunica.efe.com\/pt-pt\/wp-json\/wp\/v2\/users\/198164093"}],"replies":[{"embeddable":true,"href":"https:\/\/efecomunica.efe.com\/pt-pt\/wp-json\/wp\/v2\/comments?post=195592"}],"version-history":[{"count":3,"href":"https:\/\/efecomunica.efe.com\/pt-pt\/wp-json\/wp\/v2\/posts\/195592\/revisions"}],"predecessor-version":[{"id":195618,"href":"https:\/\/efecomunica.efe.com\/pt-pt\/wp-json\/wp\/v2\/posts\/195592\/revisions\/195618"}],"wp:featuredmedia":[{"embeddable":true,"href":"https:\/\/efecomunica.efe.com\/pt-pt\/wp-json\/wp\/v2\/media\/195617"}],"wp:attachment":[{"href":"https:\/\/efecomunica.efe.com\/pt-pt\/wp-json\/wp\/v2\/media?parent=195592"}],"wp:term":[{"taxonomy":"category","embeddable":true,"href":"https:\/\/efecomunica.efe.com\/pt-pt\/wp-json\/wp\/v2\/categories?post=195592"},{"taxonomy":"post_tag","embeddable":true,"href":"https:\/\/efecomunica.efe.com\/pt-pt\/wp-json\/wp\/v2\/tags?post=195592"}],"curies":[{"name":"wp","href":"https:\/\/api.w.org\/{rel}","templated":true}]}}