{"id":197747,"date":"2025-11-14T18:55:50","date_gmt":"2025-11-14T17:55:50","guid":{"rendered":"https:\/\/efecomunica.efe.com\/?p=197747"},"modified":"2025-11-25T19:03:38","modified_gmt":"2025-11-25T18:03:38","slug":"grito-sul-global-natureza-infraestrutura-efetiva-resiliente","status":"publish","type":"post","link":"https:\/\/efecomunica.efe.com\/pt-pt\/grito-sul-global-natureza-infraestrutura-efetiva-resiliente\/","title":{"rendered":"Grito do Sul Global: natureza \u00e9 uma infraestrutura mais efetiva e resiliente"},"content":{"rendered":"<p>A natureza oferece uma infraestrutura mais efetiva e resiliente: esse foi o grito de membros da sociedade civil e representantes pol\u00edticos do Sul Global, que esperam liderar o debate sobre adapta\u00e7\u00e3o clim\u00e1tica na COP30, com um enfoque crucial na seguran\u00e7a h\u00eddrica.<\/p>\n<p>Esse foi um dos pontos centrais do evento \u201cImplementa\u00e7\u00e3o dos indicadores do Objetivo Global de Adapta\u00e7\u00e3o (GGA)\u201d, desenvolvido durante a c\u00fapula clim\u00e1tica em Bel\u00e9m e organizado pelo FONPLATA \u2013 Banco de Desenvolvimento, formado por Brasil, Argentina, Bol\u00edvia, Paraguai e Uruguai.<\/p>\n<p>O debate, que reuniu l\u00edderes de alto n\u00edvel e representantes governamentais, especialistas t\u00e9cnicos e organiza\u00e7\u00f5es da sociedade civil, levantou como as solu\u00e7\u00f5es de adapta\u00e7\u00e3o no setor h\u00eddrico que atualmente est\u00e3o em curso no Sul Global podem ser replicadas a n\u00edvel mundial.<\/p>\n<p>A adapta\u00e7\u00e3o, que entrou oficialmente no documento final da COP28, tomou grande parte da agenda da trig\u00e9sima c\u00fapula clim\u00e1tica da ONU, j\u00e1 que os negociadores esperam deixar a cidade amaz\u00f4nica com indicadores claros e comuns para medir o progresso neste ponto.<\/p>\n<p>No entanto, este tema se transformou em um dos principais obst\u00e1culos das reuni\u00f5es, sobretudo no que diz respeito ao prazo da implementa\u00e7\u00e3o e \u00e0 extensa lista de indicadores a levar em conta.<\/p>\n<p>A \u00e1gua e o saneamento b\u00e1sico s\u00e3o uma das sete \u00e1reas-chave de a\u00e7\u00e3o levantadas dentro do marco das metas globais de adapta\u00e7\u00e3o.<\/p>\n<p>Contudo, a quest\u00e3o da \u00e1gua \u201cpermeia todas as outras metas\u201d, explicou a presidente do FONPLATA, Luciana Botafogo, respons\u00e1vel por moderar um dos pain\u00e9is no evento.<\/p>\n<p>Sem \u00e1gua e saneamento \u201cn\u00e3o podemos falar de sa\u00fade nem alimenta\u00e7\u00e3o\u201d, acrescentou a ex-presidente do Chile, Michelle Bachelet, uma das participantes da conversa.<\/p>\n<p>A resili\u00eancia clim\u00e1tica da \u00e1gua, o saneamento e a higiene s\u00e3o o pilar fundamental que possibilita a consecu\u00e7\u00e3o de todos os demais objetivos.<\/p>\n<p>Apesar disso, Bachelet, que atuou como alta comiss\u00e1ria das Na\u00e7\u00f5es Unidas para os Direitos Humanos entre 2018 e 2022, recordou que 2,2 bilh\u00f5es de pessoas ainda n\u00e3o disp\u00f5em de fornecimentos seguros de \u00e1gua pot\u00e1vel, e 3,5 bilh\u00f5es de pessoas n\u00e3o t\u00eam acesso a servi\u00e7os adequados de saneamento.<\/p>\n<blockquote><p>\u201cIsso \u00e9 um problema enorme\u201d, comentou a ex-mandat\u00e1ria chilena, j\u00e1 que obriga fam\u00edlias, agricultores e comunidades inteiras a se \u201cadaptarem quase diariamente\u201d.<\/p><\/blockquote>\n<p>Por sua vez, o vice-presidente de Estrat\u00e9gia do Fundo OPEC para o Desenvolvimento Internacional, Musab Alomar, afirmou que a ideia principal deveria ser \u201ctratar a natureza como uma infraestrutura essencial\u201d em todos os projetos, j\u00e1 que \u00e9 mais \u201cresiliente e economicamente acess\u00edvel\u201d.<\/p>\n<h2>SOLU\u00c7\u00d5ES NAS M\u00c3OS DAS COMUNIDADES<\/h2>\n<p>A ideia de trabalhar com a natureza em vez de substitu\u00ed-la por outro tipo de infraestrutura tomou forma na COP15, em 2009.<\/p>\n<p>Mas, ao longo dos anos, foi detalhada e refinada, e desde o acordo de Paris \u201cat\u00e9 hoje, houve uma acelera\u00e7\u00e3o exponencial de iniciativas de a\u00e7\u00e3o clim\u00e1tica\u201d, segundo Ramiro Fern\u00e1ndez, diretor de campanhas do Climate Champion Team.<\/p>\n<p>Ele afirmou que o governo brasileiro rastreou cerca de 700 iniciativas que abrangem desde solu\u00e7\u00f5es baseadas na natureza, transi\u00e7\u00e3o a energias mais sustent\u00e1veis, transporte, entre outras quest\u00f5es.<\/p>\n<p>Nesse sentido, a diretora executiva da ONG \u00c1gua Sustent\u00e1vel, Paula Pacheco, expressou no evento que \u00e9 importante misturar a ci\u00eancia com os saberes ancestrais.<\/p>\n<blockquote><p>\u201cOs sat\u00e9lites e os sensores observam a mudan\u00e7a clim\u00e1tica mas os povos a interpretam\u201d, por isso as metas globais de adapta\u00e7\u00e3o devem refletir \u201ca uni\u00e3o\u201d entre os dados e os significados, afirmou ela.<\/p>\n<p>\u201cO di\u00e1logo entre evid\u00eancia cient\u00edfica e conhecimento local \u00e9 a chave para pensar indicadores\u201d, acrescentou.<\/p><\/blockquote>\n<p>Segundo um recente informe de Na\u00e7\u00f5es Unidas, a adapta\u00e7\u00e3o \u00e9 um dos debates mais urgentes, j\u00e1 que superar o limite de 1,5 grau de aquecimento global ser\u00e1 quase inevit\u00e1vel nos pr\u00f3ximos dez anos, devido ao insuficiente progresso dos pa\u00edses e ao contexto geopol\u00edtico desafiador.<\/p>\n<p>\u201cA adapta\u00e7\u00e3o n\u00e3o \u00e9 um conceito abstrato, \u00e9 sobre garantir que todas as pessoas e as comunidades tenham a capacidade de viver com dignidade e seguran\u00e7a neste contexto (de mudan\u00e7a clim\u00e1tica)&#8221;, declarou Bachelet. EFE<\/p>\n<p><span class=\"embed-youtube\" style=\"text-align:center; display: block;\"><iframe class=\"youtube-player\" width=\"800\" height=\"450\" src=\"https:\/\/www.youtube.com\/embed\/RGeYI6eru-Y?version=3&#038;rel=1&#038;showsearch=0&#038;showinfo=1&#038;iv_load_policy=1&#038;fs=1&#038;hl=pt-PT&#038;autohide=2&#038;wmode=transparent\" allowfullscreen=\"true\" style=\"border:0;\" sandbox=\"allow-scripts allow-same-origin allow-popups allow-presentation allow-popups-to-escape-sandbox\"><\/iframe><\/span><\/p>\n","protected":false},"excerpt":{"rendered":"<p>A natureza oferece uma infraestrutura mais efetiva e resiliente: esse foi o grito de membros da sociedade civil e representantes pol\u00edticos do Sul Global, que esperam liderar o debate sobre [&hellip;]<\/p>\n","protected":false},"author":198164093,"featured_media":197750,"comment_status":"closed","ping_status":"closed","sticky":false,"template":"","format":"standard","meta":{"_acf_changed":false,"_jetpack_newsletter_access":"","_jetpack_dont_email_post_to_subs":false,"_jetpack_newsletter_tier_id":0,"_jetpack_memberships_contains_paywalled_content":false,"_jetpack_memberships_contains_paid_content":false,"footnotes":"","jetpack_post_was_ever_published":false},"categories":[123875,125402],"tags":[127515,128542,126417,128605],"class_list":["post-197747","post","type-post","status-publish","format-standard","has-post-thumbnail","hentry","category-economia-pt-pt","category-sustentabilidade","tag-cooperacao","tag-cop30","tag-economia-pt-pt","tag-fonplata"],"acf":[],"yoast_head":"<!-- This site is optimized with the Yoast SEO plugin v27.5 - https:\/\/yoast.com\/product\/yoast-seo-wordpress\/ -->\n<title>Grito do Sul Global: natureza \u00e9 uma infraestrutura mais efetiva e resiliente<\/title>\n<meta name=\"description\" content=\"A natureza oferece uma infraestrutura mais efetiva e resiliente: esse foi o grito de membros da sociedade civil e representantes pol\u00edticos do Sul Global,\" \/>\n<meta name=\"robots\" content=\"index, follow, max-snippet:-1, max-image-preview:large, max-video-preview:-1\" \/>\n<link rel=\"canonical\" href=\"https:\/\/efecomunica.efe.com\/pt-pt\/grito-sul-global-natureza-infraestrutura-efetiva-resiliente\/\" \/>\n<!-- \/ Yoast SEO plugin. -->","yoast_head_json":{"title":"Grito do Sul Global: natureza \u00e9 uma infraestrutura mais efetiva e resiliente","description":"A natureza oferece uma infraestrutura mais efetiva e resiliente: esse foi o grito de membros da sociedade civil e representantes pol\u00edticos do Sul Global,","robots":{"index":"index","follow":"follow","max-snippet":"max-snippet:-1","max-image-preview":"max-image-preview:large","max-video-preview":"max-video-preview:-1"},"canonical":"https:\/\/efecomunica.efe.com\/pt-pt\/grito-sul-global-natureza-infraestrutura-efetiva-resiliente\/","schema":{"@context":"https:\/\/schema.org","@graph":[{"@type":"Article","@id":"https:\/\/efecomunica.efe.com\/pt-pt\/grito-sul-global-natureza-infraestrutura-efetiva-resiliente\/#article","isPartOf":{"@id":"https:\/\/efecomunica.efe.com\/pt-pt\/grito-sul-global-natureza-infraestrutura-efetiva-resiliente\/"},"author":{"name":"Ana Paula Raposo Chain","@id":"https:\/\/efecomunica.efe.com\/#\/schema\/person\/c909104001020699b704e3df33fef431"},"headline":"Grito do Sul Global: natureza \u00e9 uma infraestrutura mais efetiva e resiliente","datePublished":"2025-11-14T17:55:50+00:00","dateModified":"2025-11-25T18:03:38+00:00","mainEntityOfPage":{"@id":"https:\/\/efecomunica.efe.com\/pt-pt\/grito-sul-global-natureza-infraestrutura-efetiva-resiliente\/"},"wordCount":730,"publisher":{"@id":"https:\/\/efecomunica.efe.com\/#organization"},"image":{"@id":"https:\/\/efecomunica.efe.com\/pt-pt\/grito-sul-global-natureza-infraestrutura-efetiva-resiliente\/#primaryimage"},"thumbnailUrl":"https:\/\/efecomunica.efe.com\/wp-content\/uploads\/2025\/11\/8023168227001w.jpg","keywords":["coopera\u00e7\u00e3o","cop30","econom\u00eda","fonplata"],"articleSection":["Economia","Sustentabilidade"],"inLanguage":"pt-PT"},{"@type":"WebPage","@id":"https:\/\/efecomunica.efe.com\/pt-pt\/grito-sul-global-natureza-infraestrutura-efetiva-resiliente\/","url":"https:\/\/efecomunica.efe.com\/pt-pt\/grito-sul-global-natureza-infraestrutura-efetiva-resiliente\/","name":"Grito do Sul Global: natureza \u00e9 uma infraestrutura mais efetiva e resiliente","isPartOf":{"@id":"https:\/\/efecomunica.efe.com\/#website"},"primaryImageOfPage":{"@id":"https:\/\/efecomunica.efe.com\/pt-pt\/grito-sul-global-natureza-infraestrutura-efetiva-resiliente\/#primaryimage"},"image":{"@id":"https:\/\/efecomunica.efe.com\/pt-pt\/grito-sul-global-natureza-infraestrutura-efetiva-resiliente\/#primaryimage"},"thumbnailUrl":"https:\/\/efecomunica.efe.com\/wp-content\/uploads\/2025\/11\/8023168227001w.jpg","datePublished":"2025-11-14T17:55:50+00:00","dateModified":"2025-11-25T18:03:38+00:00","description":"A natureza oferece uma infraestrutura mais efetiva e resiliente: esse foi o grito de membros da sociedade civil e representantes pol\u00edticos do Sul Global,","breadcrumb":{"@id":"https:\/\/efecomunica.efe.com\/pt-pt\/grito-sul-global-natureza-infraestrutura-efetiva-resiliente\/#breadcrumb"},"inLanguage":"pt-PT","potentialAction":[{"@type":"ReadAction","target":["https:\/\/efecomunica.efe.com\/pt-pt\/grito-sul-global-natureza-infraestrutura-efetiva-resiliente\/"]}]},{"@type":"ImageObject","inLanguage":"pt-PT","@id":"https:\/\/efecomunica.efe.com\/pt-pt\/grito-sul-global-natureza-infraestrutura-efetiva-resiliente\/#primaryimage","url":"https:\/\/efecomunica.efe.com\/wp-content\/uploads\/2025\/11\/8023168227001w.jpg","contentUrl":"https:\/\/efecomunica.efe.com\/wp-content\/uploads\/2025\/11\/8023168227001w.jpg","width":1920,"height":1280,"caption":"EFE\/ Fraga Alves."},{"@type":"BreadcrumbList","@id":"https:\/\/efecomunica.efe.com\/pt-pt\/grito-sul-global-natureza-infraestrutura-efetiva-resiliente\/#breadcrumb","itemListElement":[{"@type":"ListItem","position":1,"name":"Portada","item":"https:\/\/efecomunica.efe.com\/pt-pt\/"},{"@type":"ListItem","position":2,"name":"Grito do Sul Global: natureza \u00e9 uma infraestrutura mais efetiva e resiliente"}]},{"@type":"WebSite","@id":"https:\/\/efecomunica.efe.com\/#website","url":"https:\/\/efecomunica.efe.com\/","name":"EFE Comunica","description":"Contenidos para empresas","publisher":{"@id":"https:\/\/efecomunica.efe.com\/#organization"},"potentialAction":[{"@type":"SearchAction","target":{"@type":"EntryPoint","urlTemplate":"https:\/\/efecomunica.efe.com\/?s={search_term_string}"},"query-input":{"@type":"PropertyValueSpecification","valueRequired":true,"valueName":"search_term_string"}}],"inLanguage":"pt-PT"},{"@type":"Organization","@id":"https:\/\/efecomunica.efe.com\/#organization","name":"EFE Comunica","url":"https:\/\/efecomunica.efe.com\/","logo":{"@type":"ImageObject","inLanguage":"pt-PT","@id":"https:\/\/efecomunica.efe.com\/#\/schema\/logo\/image\/","url":"https:\/\/efecomunica.efe.com\/wp-content\/uploads\/2020\/12\/Logo-EFE-Comunica_png.png","contentUrl":"https:\/\/efecomunica.efe.com\/wp-content\/uploads\/2020\/12\/Logo-EFE-Comunica_png.png","width":1080,"height":486,"caption":"EFE Comunica"},"image":{"@id":"https:\/\/efecomunica.efe.com\/#\/schema\/logo\/image\/"},"sameAs":["https:\/\/www.facebook.com\/EFEComunicaAgenciaEFE","https:\/\/x.com\/EFEcomunica","https:\/\/www.linkedin.com\/showcase\/efecomunica"]},{"@type":"Person","@id":"https:\/\/efecomunica.efe.com\/#\/schema\/person\/c909104001020699b704e3df33fef431","name":"Ana Paula Raposo Chain","image":{"@type":"ImageObject","inLanguage":"pt-PT","@id":"https:\/\/secure.gravatar.com\/avatar\/fdb673c87ee0b2e7929d64a955445cfbf4bfc5af80baee97082d08a440db678f?s=96&d=identicon&r=g","url":"https:\/\/secure.gravatar.com\/avatar\/fdb673c87ee0b2e7929d64a955445cfbf4bfc5af80baee97082d08a440db678f?s=96&d=identicon&r=g","contentUrl":"https:\/\/secure.gravatar.com\/avatar\/fdb673c87ee0b2e7929d64a955445cfbf4bfc5af80baee97082d08a440db678f?s=96&d=identicon&r=g","caption":"Ana Paula Raposo Chain"},"url":"https:\/\/efecomunica.efe.com\/pt-pt\/author\/achain\/"}]}},"jetpack_featured_media_url":"https:\/\/efecomunica.efe.com\/wp-content\/uploads\/2025\/11\/8023168227001w.jpg","jetpack_likes_enabled":true,"jetpack_shortlink":"https:\/\/wp.me\/pcEg1r-Prt","jetpack_sharing_enabled":true,"_links":{"self":[{"href":"https:\/\/efecomunica.efe.com\/pt-pt\/wp-json\/wp\/v2\/posts\/197747","targetHints":{"allow":["GET"]}}],"collection":[{"href":"https:\/\/efecomunica.efe.com\/pt-pt\/wp-json\/wp\/v2\/posts"}],"about":[{"href":"https:\/\/efecomunica.efe.com\/pt-pt\/wp-json\/wp\/v2\/types\/post"}],"author":[{"embeddable":true,"href":"https:\/\/efecomunica.efe.com\/pt-pt\/wp-json\/wp\/v2\/users\/198164093"}],"replies":[{"embeddable":true,"href":"https:\/\/efecomunica.efe.com\/pt-pt\/wp-json\/wp\/v2\/comments?post=197747"}],"version-history":[{"count":2,"href":"https:\/\/efecomunica.efe.com\/pt-pt\/wp-json\/wp\/v2\/posts\/197747\/revisions"}],"predecessor-version":[{"id":197752,"href":"https:\/\/efecomunica.efe.com\/pt-pt\/wp-json\/wp\/v2\/posts\/197747\/revisions\/197752"}],"wp:featuredmedia":[{"embeddable":true,"href":"https:\/\/efecomunica.efe.com\/pt-pt\/wp-json\/wp\/v2\/media\/197750"}],"wp:attachment":[{"href":"https:\/\/efecomunica.efe.com\/pt-pt\/wp-json\/wp\/v2\/media?parent=197747"}],"wp:term":[{"taxonomy":"category","embeddable":true,"href":"https:\/\/efecomunica.efe.com\/pt-pt\/wp-json\/wp\/v2\/categories?post=197747"},{"taxonomy":"post_tag","embeddable":true,"href":"https:\/\/efecomunica.efe.com\/pt-pt\/wp-json\/wp\/v2\/tags?post=197747"}],"curies":[{"name":"wp","href":"https:\/\/api.w.org\/{rel}","templated":true}]}}