{"id":197756,"date":"2025-11-17T18:10:30","date_gmt":"2025-11-17T17:10:30","guid":{"rendered":"https:\/\/efecomunica.efe.com\/?p=197756"},"modified":"2025-11-25T21:30:29","modified_gmt":"2025-11-25T20:30:29","slug":"bancos-e-prefeitos-ressaltam-que-solucoes-de-saneamento-devem-ser-adaptadas-a-amazonia","status":"publish","type":"post","link":"https:\/\/efecomunica.efe.com\/pt-pt\/bancos-e-prefeitos-ressaltam-que-solucoes-de-saneamento-devem-ser-adaptadas-a-amazonia\/","title":{"rendered":"Bancos e prefeitos ressaltam que solu\u00e7\u00f5es de saneamento devem ser adaptadas \u00e0 Amaz\u00f4nia"},"content":{"rendered":"<p>Empresas, autoridades locais e institui\u00e7\u00f5es financeiras defenderam nesta segunda-feira, durante um evento organizado pelo banco de desenvolvimento Fonplata, em Bel\u00e9m, um \u201colhar particular\u201d para levar a avan\u00e7os na expans\u00e3o do saneamento b\u00e1sico na Amaz\u00f4nia.<\/p>\n<p>O prefeito de Bel\u00e9m, Igor Normando (MDB), disse que, t\u00e3o logo a c\u00fapula clim\u00e1tica da ONU (COP30) termine, o \u201cgrande farol\u201d da cidade ser\u00e1 se transformar em um \u201cexemplo\u201d de resili\u00eancia diante da mudan\u00e7a clim\u00e1tica.<\/p>\n<p>Nesse sentido, ele destacou a necessidade de \u201csolu\u00e7\u00f5es escal\u00e1veis, de grande impacto e baixo custo\u201d, que n\u00e3o fiquem \u201cpresas\u201d somente aos grandes projetos.<\/p>\n<p>Isso \u00e9 essencial para proteger a maior floresta tropical do planeta porque, segundo Normando, \u201cn\u00e3o se preserva a floresta se n\u00e3o se leva em conta as pessoas que nela vivem\u201d.<\/p>\n<p>No caso da Amaz\u00f4nia, avan\u00e7ar na resili\u00eancia exige, muitas vezes, se adaptar \u00e0 sua geografia, atravessada por grandes rios em cujas margens vive parte da popula\u00e7\u00e3o.<\/p>\n<p>Andr\u00e9 Fac\u00f3, presidente da empresa \u00c1guas de Par\u00e1, citou o exemplo de Vila da Barca, comunidade de Bel\u00e9m onde h\u00e1 um grande n\u00famero de palafitas.<\/p>\n<p>Para levar \u00e1gua pot\u00e1vel e saneamento b\u00e1sico a essas casas, a empresa teve que inovar e instalar tubula\u00e7\u00f5es debaixo das passarelas de madeira que percorrem a comunidade.<\/p>\n<p>O diretor executivo da Associa\u00e7\u00e3o Brasileira das Empresas Estaduais de Saneamento (Aesbe), S\u00e9rgio Gon\u00e7alves, enfatizou que \u00e9 preciso estar \u201caberto\u201d a diferentes tecnologias para superar os desafios geogr\u00e1ficos.<\/p>\n<blockquote><p>\u201cQuanto maior o \u00edndice de atendimento do servi\u00e7o de saneamento, melhor \u00e9 a qualidade de vida na cidade\u201d, declarou.<\/p><\/blockquote>\n<p>Por outro lado, mesmo com as solu\u00e7\u00f5es tecnol\u00f3gicas em m\u00e3os, \u00e9 necess\u00e1rio financiamento adequado para alcan\u00e7ar o objetivo de universalizar o acesso.<\/p>\n<p>Sobre este desafio, a especialista do Banco Interamericano de Desenvolvimento (BID) Juliana Almeida informou sobre o aumento dos recursos que essa institui\u00e7\u00e3o destina a projetos de infraestrutura para aumentar a resili\u00eancia urbana.<\/p>\n<p>De fato, o banco acaba de lan\u00e7ar um fundo espec\u00edfico, raz\u00e3o pela qual projetos desse tipo ter\u00e3o \u201cmais probabilidades\u201d de serem aceitos, de acordo com ela.<\/p>\n<blockquote><p>\u201cRecursos sempre h\u00e1, basta procur\u00e1-los\u201d, acrescentou.<\/p><\/blockquote>\n<p>A vice-presidente de Opera\u00e7\u00f5es e Pa\u00edses do Fonplata, Eliana Dam, tamb\u00e9m destacou o papel dos bancos de desenvolvimento como \u201ccatalisadores\u201d destes avan\u00e7os, embora tenha admitido que isso s\u00f3 ocorrer\u00e1 se houver uma \u201cassocia\u00e7\u00e3o real\u201d com a popula\u00e7\u00e3o.<\/p>\n<blockquote><p>\u201cOs bancos como Fonplata e como o BID podemos aportar financiamento, marcos e seguran\u00e7a para o investimento, mas a magia acontece quando se cruza com operadores locais, que conhecem o rio, a chuva, o bairro\u201d, afirmou.<\/p><\/blockquote>\n<p>Dam, al\u00e9m disso, expressou confian\u00e7a que projetos como os que est\u00e3o sendo realizados em Bel\u00e9m s\u00e3o \u201cescal\u00e1veis\u201d para o resto da Am\u00e9rica Latina, com cidades que \u201cavan\u00e7am mais r\u00e1pido que a infraestrutura\u201d e que enfrentam desafios similares aos da Amaz\u00f4nia brasileira.<\/p>\n<blockquote><p>\u201cA resili\u00eancia deve ser tecida no DNA de nossas comunidades desde o princ\u00edpio, e n\u00e3o como uma solu\u00e7\u00e3o que vem depois\u201d, afirmou. EFE<\/p><\/blockquote>\n<p><span class=\"embed-youtube\" style=\"text-align:center; display: block;\"><iframe class=\"youtube-player\" width=\"800\" height=\"450\" src=\"https:\/\/www.youtube.com\/embed\/UNakNfdhI44?version=3&#038;rel=1&#038;showsearch=0&#038;showinfo=1&#038;iv_load_policy=1&#038;fs=1&#038;hl=pt-PT&#038;autohide=2&#038;wmode=transparent\" allowfullscreen=\"true\" style=\"border:0;\" sandbox=\"allow-scripts allow-same-origin allow-popups allow-presentation allow-popups-to-escape-sandbox\"><\/iframe><\/span><\/p>\n","protected":false},"excerpt":{"rendered":"<p>Empresas, autoridades locais e institui\u00e7\u00f5es financeiras defenderam nesta segunda-feira, durante um evento organizado pelo banco de desenvolvimento Fonplata, em Bel\u00e9m, um \u201colhar particular\u201d para levar a avan\u00e7os na expans\u00e3o do [&hellip;]<\/p>\n","protected":false},"author":198164093,"featured_media":197763,"comment_status":"closed","ping_status":"closed","sticky":false,"template":"","format":"standard","meta":{"_acf_changed":false,"_jetpack_newsletter_access":"","_jetpack_dont_email_post_to_subs":false,"_jetpack_newsletter_tier_id":0,"_jetpack_memberships_contains_paywalled_content":false,"_jetpack_memberships_contains_paid_content":false,"footnotes":"","jetpack_post_was_ever_published":false},"categories":[123875,125402],"tags":[128607,128606,126417,128605,127450,126416],"class_list":["post-197756","post","type-post","status-publish","format-standard","has-post-thumbnail","hentry","category-economia-pt-pt","category-sustentabilidade","tag-bancos","tag-crise-climatia","tag-economia-pt-pt","tag-fonplata","tag-governo","tag-sustentabilidade"],"acf":[],"yoast_head":"<!-- This site is optimized with the Yoast SEO plugin v27.5 - https:\/\/yoast.com\/product\/yoast-seo-wordpress\/ -->\n<title>Bancos e prefeitos ressaltam que solu\u00e7\u00f5es de saneamento devem ser adaptadas \u00e0 Amaz\u00f4nia<\/title>\n<meta name=\"description\" content=\"Empresas, autoridades locais e institui\u00e7\u00f5es financeiras defenderam nesta segunda-feira, durante um evento organizado pelo banco de desenvolvimento\" \/>\n<meta name=\"robots\" content=\"index, follow, max-snippet:-1, max-image-preview:large, max-video-preview:-1\" \/>\n<link rel=\"canonical\" href=\"https:\/\/efecomunica.efe.com\/pt-pt\/bancos-e-prefeitos-ressaltam-que-solucoes-de-saneamento-devem-ser-adaptadas-a-amazonia\/\" \/>\n<!-- \/ Yoast SEO plugin. -->","yoast_head_json":{"title":"Bancos e prefeitos ressaltam que solu\u00e7\u00f5es de saneamento devem ser adaptadas \u00e0 Amaz\u00f4nia","description":"Empresas, autoridades locais e institui\u00e7\u00f5es financeiras defenderam nesta segunda-feira, durante um evento organizado pelo banco de desenvolvimento","robots":{"index":"index","follow":"follow","max-snippet":"max-snippet:-1","max-image-preview":"max-image-preview:large","max-video-preview":"max-video-preview:-1"},"canonical":"https:\/\/efecomunica.efe.com\/pt-pt\/bancos-e-prefeitos-ressaltam-que-solucoes-de-saneamento-devem-ser-adaptadas-a-amazonia\/","schema":{"@context":"https:\/\/schema.org","@graph":[{"@type":"Article","@id":"https:\/\/efecomunica.efe.com\/pt-pt\/bancos-e-prefeitos-ressaltam-que-solucoes-de-saneamento-devem-ser-adaptadas-a-amazonia\/#article","isPartOf":{"@id":"https:\/\/efecomunica.efe.com\/pt-pt\/bancos-e-prefeitos-ressaltam-que-solucoes-de-saneamento-devem-ser-adaptadas-a-amazonia\/"},"author":{"name":"Ana Paula Raposo Chain","@id":"https:\/\/efecomunica.efe.com\/#\/schema\/person\/c909104001020699b704e3df33fef431"},"headline":"Bancos e prefeitos ressaltam que solu\u00e7\u00f5es de saneamento devem ser adaptadas \u00e0 Amaz\u00f4nia","datePublished":"2025-11-17T17:10:30+00:00","dateModified":"2025-11-25T20:30:29+00:00","mainEntityOfPage":{"@id":"https:\/\/efecomunica.efe.com\/pt-pt\/bancos-e-prefeitos-ressaltam-que-solucoes-de-saneamento-devem-ser-adaptadas-a-amazonia\/"},"wordCount":551,"publisher":{"@id":"https:\/\/efecomunica.efe.com\/#organization"},"image":{"@id":"https:\/\/efecomunica.efe.com\/pt-pt\/bancos-e-prefeitos-ressaltam-que-solucoes-de-saneamento-devem-ser-adaptadas-a-amazonia\/#primaryimage"},"thumbnailUrl":"https:\/\/efecomunica.efe.com\/wp-content\/uploads\/2025\/11\/deff78a47d8b30c0b5cfa06d2152fdd1c64703e8w.jpg","keywords":["bancos","crise clim\u00e1tia","econom\u00eda","fonplata","governo","sustentabilidade"],"articleSection":["Economia","Sustentabilidade"],"inLanguage":"pt-PT"},{"@type":"WebPage","@id":"https:\/\/efecomunica.efe.com\/pt-pt\/bancos-e-prefeitos-ressaltam-que-solucoes-de-saneamento-devem-ser-adaptadas-a-amazonia\/","url":"https:\/\/efecomunica.efe.com\/pt-pt\/bancos-e-prefeitos-ressaltam-que-solucoes-de-saneamento-devem-ser-adaptadas-a-amazonia\/","name":"Bancos e prefeitos ressaltam que solu\u00e7\u00f5es de saneamento devem ser adaptadas \u00e0 Amaz\u00f4nia","isPartOf":{"@id":"https:\/\/efecomunica.efe.com\/#website"},"primaryImageOfPage":{"@id":"https:\/\/efecomunica.efe.com\/pt-pt\/bancos-e-prefeitos-ressaltam-que-solucoes-de-saneamento-devem-ser-adaptadas-a-amazonia\/#primaryimage"},"image":{"@id":"https:\/\/efecomunica.efe.com\/pt-pt\/bancos-e-prefeitos-ressaltam-que-solucoes-de-saneamento-devem-ser-adaptadas-a-amazonia\/#primaryimage"},"thumbnailUrl":"https:\/\/efecomunica.efe.com\/wp-content\/uploads\/2025\/11\/deff78a47d8b30c0b5cfa06d2152fdd1c64703e8w.jpg","datePublished":"2025-11-17T17:10:30+00:00","dateModified":"2025-11-25T20:30:29+00:00","description":"Empresas, autoridades locais e institui\u00e7\u00f5es financeiras defenderam nesta segunda-feira, durante um evento organizado pelo banco de desenvolvimento","breadcrumb":{"@id":"https:\/\/efecomunica.efe.com\/pt-pt\/bancos-e-prefeitos-ressaltam-que-solucoes-de-saneamento-devem-ser-adaptadas-a-amazonia\/#breadcrumb"},"inLanguage":"pt-PT","potentialAction":[{"@type":"ReadAction","target":["https:\/\/efecomunica.efe.com\/pt-pt\/bancos-e-prefeitos-ressaltam-que-solucoes-de-saneamento-devem-ser-adaptadas-a-amazonia\/"]}]},{"@type":"ImageObject","inLanguage":"pt-PT","@id":"https:\/\/efecomunica.efe.com\/pt-pt\/bancos-e-prefeitos-ressaltam-que-solucoes-de-saneamento-devem-ser-adaptadas-a-amazonia\/#primaryimage","url":"https:\/\/efecomunica.efe.com\/wp-content\/uploads\/2025\/11\/deff78a47d8b30c0b5cfa06d2152fdd1c64703e8w.jpg","contentUrl":"https:\/\/efecomunica.efe.com\/wp-content\/uploads\/2025\/11\/deff78a47d8b30c0b5cfa06d2152fdd1c64703e8w.jpg","width":1920,"height":1280,"caption":"EFE\/ Fraga Alves"},{"@type":"BreadcrumbList","@id":"https:\/\/efecomunica.efe.com\/pt-pt\/bancos-e-prefeitos-ressaltam-que-solucoes-de-saneamento-devem-ser-adaptadas-a-amazonia\/#breadcrumb","itemListElement":[{"@type":"ListItem","position":1,"name":"Portada","item":"https:\/\/efecomunica.efe.com\/pt-pt\/"},{"@type":"ListItem","position":2,"name":"Bancos e prefeitos ressaltam que solu\u00e7\u00f5es de saneamento devem ser adaptadas \u00e0 Amaz\u00f4nia"}]},{"@type":"WebSite","@id":"https:\/\/efecomunica.efe.com\/#website","url":"https:\/\/efecomunica.efe.com\/","name":"EFE Comunica","description":"Contenidos para empresas","publisher":{"@id":"https:\/\/efecomunica.efe.com\/#organization"},"potentialAction":[{"@type":"SearchAction","target":{"@type":"EntryPoint","urlTemplate":"https:\/\/efecomunica.efe.com\/?s={search_term_string}"},"query-input":{"@type":"PropertyValueSpecification","valueRequired":true,"valueName":"search_term_string"}}],"inLanguage":"pt-PT"},{"@type":"Organization","@id":"https:\/\/efecomunica.efe.com\/#organization","name":"EFE Comunica","url":"https:\/\/efecomunica.efe.com\/","logo":{"@type":"ImageObject","inLanguage":"pt-PT","@id":"https:\/\/efecomunica.efe.com\/#\/schema\/logo\/image\/","url":"https:\/\/efecomunica.efe.com\/wp-content\/uploads\/2020\/12\/Logo-EFE-Comunica_png.png","contentUrl":"https:\/\/efecomunica.efe.com\/wp-content\/uploads\/2020\/12\/Logo-EFE-Comunica_png.png","width":1080,"height":486,"caption":"EFE Comunica"},"image":{"@id":"https:\/\/efecomunica.efe.com\/#\/schema\/logo\/image\/"},"sameAs":["https:\/\/www.facebook.com\/EFEComunicaAgenciaEFE","https:\/\/x.com\/EFEcomunica","https:\/\/www.linkedin.com\/showcase\/efecomunica"]},{"@type":"Person","@id":"https:\/\/efecomunica.efe.com\/#\/schema\/person\/c909104001020699b704e3df33fef431","name":"Ana Paula Raposo Chain","image":{"@type":"ImageObject","inLanguage":"pt-PT","@id":"https:\/\/secure.gravatar.com\/avatar\/fdb673c87ee0b2e7929d64a955445cfbf4bfc5af80baee97082d08a440db678f?s=96&d=identicon&r=g","url":"https:\/\/secure.gravatar.com\/avatar\/fdb673c87ee0b2e7929d64a955445cfbf4bfc5af80baee97082d08a440db678f?s=96&d=identicon&r=g","contentUrl":"https:\/\/secure.gravatar.com\/avatar\/fdb673c87ee0b2e7929d64a955445cfbf4bfc5af80baee97082d08a440db678f?s=96&d=identicon&r=g","caption":"Ana Paula Raposo Chain"},"url":"https:\/\/efecomunica.efe.com\/pt-pt\/author\/achain\/"}]}},"jetpack_featured_media_url":"https:\/\/efecomunica.efe.com\/wp-content\/uploads\/2025\/11\/deff78a47d8b30c0b5cfa06d2152fdd1c64703e8w.jpg","jetpack_likes_enabled":true,"jetpack_shortlink":"https:\/\/wp.me\/pcEg1r-PrC","jetpack_sharing_enabled":true,"_links":{"self":[{"href":"https:\/\/efecomunica.efe.com\/pt-pt\/wp-json\/wp\/v2\/posts\/197756","targetHints":{"allow":["GET"]}}],"collection":[{"href":"https:\/\/efecomunica.efe.com\/pt-pt\/wp-json\/wp\/v2\/posts"}],"about":[{"href":"https:\/\/efecomunica.efe.com\/pt-pt\/wp-json\/wp\/v2\/types\/post"}],"author":[{"embeddable":true,"href":"https:\/\/efecomunica.efe.com\/pt-pt\/wp-json\/wp\/v2\/users\/198164093"}],"replies":[{"embeddable":true,"href":"https:\/\/efecomunica.efe.com\/pt-pt\/wp-json\/wp\/v2\/comments?post=197756"}],"version-history":[{"count":2,"href":"https:\/\/efecomunica.efe.com\/pt-pt\/wp-json\/wp\/v2\/posts\/197756\/revisions"}],"predecessor-version":[{"id":197759,"href":"https:\/\/efecomunica.efe.com\/pt-pt\/wp-json\/wp\/v2\/posts\/197756\/revisions\/197759"}],"wp:featuredmedia":[{"embeddable":true,"href":"https:\/\/efecomunica.efe.com\/pt-pt\/wp-json\/wp\/v2\/media\/197763"}],"wp:attachment":[{"href":"https:\/\/efecomunica.efe.com\/pt-pt\/wp-json\/wp\/v2\/media?parent=197756"}],"wp:term":[{"taxonomy":"category","embeddable":true,"href":"https:\/\/efecomunica.efe.com\/pt-pt\/wp-json\/wp\/v2\/categories?post=197756"},{"taxonomy":"post_tag","embeddable":true,"href":"https:\/\/efecomunica.efe.com\/pt-pt\/wp-json\/wp\/v2\/tags?post=197756"}],"curies":[{"name":"wp","href":"https:\/\/api.w.org\/{rel}","templated":true}]}}