{"id":198717,"date":"2025-11-28T23:34:26","date_gmt":"2025-11-28T22:34:26","guid":{"rendered":"https:\/\/efecomunica.efe.com\/?p=198717"},"modified":"2025-12-01T23:38:59","modified_gmt":"2025-12-01T22:38:59","slug":"comunidades-na-linha-de-frente-e-sem-recursos-sao-paradoxo-do-financiamento-climatico","status":"publish","type":"post","link":"https:\/\/efecomunica.efe.com\/pt-pt\/comunidades-na-linha-de-frente-e-sem-recursos-sao-paradoxo-do-financiamento-climatico\/","title":{"rendered":"Comunidades na linha de frente e sem recursos s\u00e3o paradoxo do financiamento clim\u00e1tico"},"content":{"rendered":"<p data-start=\"589\" data-end=\"916\">Enquanto a comunidade internacional discute como fortalecer a a\u00e7\u00e3o clim\u00e1tica global, um dos grandes desafios est\u00e1 em transformar um sistema de financiamento que, embora cres\u00e7a em compromissos, n\u00e3o consegue responder \u00e0s necessidades de quem est\u00e1 na linha de frente da batalha: as comunidades locais.<\/p>\n<p data-start=\"918\" data-end=\"1166\">A necessidade de implementar um financiamento em grande escala foi um dos acordos firmados pelos pa\u00edses na recente Confer\u00eancia das Na\u00e7\u00f5es Unidas sobre Mudan\u00e7a Clim\u00e1tica de 2025 (COP30), realizada em Bel\u00e9m, Brasil, entre os dias 10 e 21 de novembro.<\/p>\n<p data-start=\"1168\" data-end=\"1467\">Especialistas consultados pela EFE enfatizaram, no entanto, que o desenho dos fundos das Na\u00e7\u00f5es Unidas e dos mecanismos nacionais foi criado para interagir principalmente com governos \u2014 e n\u00e3o contempla o apoio econ\u00f4mico necess\u00e1rio \u00e0s comunidades que implementam solu\u00e7\u00f5es diretamente nos territ\u00f3rios.<\/p>\n<p data-start=\"1469\" data-end=\"1804\">\u201cOs fundos multilaterais s\u00e3o criados por governos nacionais e pensados para serem utilizados por eles. N\u00e3o s\u00e3o desenhados para chegar \u00e0 realidade de uma comunidade local\u201d, disse \u00e0 EFE Andr\u00e9s Mogro, gerente program\u00e1tico da Funda\u00e7\u00e3o Avina, organiza\u00e7\u00e3o sem fins lucrativos que busca apoiar o desenvolvimento sustent\u00e1vel na Am\u00e9rica Latina.<\/p>\n<p data-start=\"1806\" data-end=\"2029\">Essas comunidades \u2014 que s\u00e3o as que colocam o corpo na luta cotidiana contra a mudan\u00e7a clim\u00e1tica e sofrem de forma mais direta seus impactos \u2014 tamb\u00e9m s\u00e3o as que encontram mais obst\u00e1culos para acessar fontes de financiamento.<\/p>\n<blockquote>\n<p data-start=\"2031\" data-end=\"2403\">&#8220;Os recursos raramente chegam \u00e0s comunidades e territ\u00f3rios que realmente protegem e regeneram ecossistemas e biomas. Isso tem se manifestado de diversas maneiras, especialmente nos territ\u00f3rios amaz\u00f4nicos e em outras regi\u00f5es do sul global&#8221;, afirmou \u00e0 EFE Raimundo Alves, coordenador executivo da Associa\u00e7\u00e3o Comunit\u00e1ria de Educa\u00e7\u00e3o em Sa\u00fade e Agricultura (ACESA), do Brasil.<\/p>\n<\/blockquote>\n<h2 data-start=\"2405\" data-end=\"2437\"><strong data-start=\"2408\" data-end=\"2437\">Experi\u00eancias comunit\u00e1rias<\/strong><\/h2>\n<p data-start=\"2439\" data-end=\"2616\">Alves citou o projeto \u201cBarraginhas\u201d, implementado na Amaz\u00f4nia brasileira e coordenado por ele, como um exemplo bem-sucedido de como as comunidades enfrentam a mudan\u00e7a clim\u00e1tica.<\/p>\n<p data-start=\"2618\" data-end=\"2854\">Trata-se de uma iniciativa comunit\u00e1ria que envolve 240 fam\u00edlias de agricultores no Maranh\u00e3o, respons\u00e1veis por pequenas barragens de terra que filtram a \u00e1gua da chuva, regeneram o solo, recarregam nascentes e fortalecem a biodiversidade.<\/p>\n<p data-start=\"2856\" data-end=\"3094\">A implementa\u00e7\u00e3o das \u201cbarraginhas\u201d foi poss\u00edvel gra\u00e7as ao apoio da Iniciativa BASE, impulsionada por diversas organiza\u00e7\u00f5es e coordenada pela Avina, com o objetivo de promover maior acesso ao financiamento clim\u00e1tico para comunidades locais.<\/p>\n<p data-start=\"3096\" data-end=\"3286\">Com o projeto, a vegeta\u00e7\u00e3o foi fortalecida, as nascentes antes soterradas se regeneraram, as fam\u00edlias adotaram sistemas agroflorestais e houve uma redu\u00e7\u00e3o significativa no uso de pesticidas.<\/p>\n<blockquote>\n<p data-start=\"3288\" data-end=\"3463\">&#8220;Essas pequenas represas demonstram que a\u00e7\u00f5es simples e de baixo custo, baseadas no conhecimento local, podem gerar impactos profundos na adapta\u00e7\u00e3o clim\u00e1tica&#8221;, explicou Alves.<\/p>\n<\/blockquote>\n<p data-start=\"3465\" data-end=\"3735\">Ele tamb\u00e9m ressaltou que o sistema internacional precisa \u201creconhecer que a inova\u00e7\u00e3o n\u00e3o est\u00e1 apenas em laborat\u00f3rios ou grandes centros urbanos, mas tamb\u00e9m em pr\u00e1ticas ancestrais e tecnologias sociais desenvolvidas e aplicadas por comunidades e territ\u00f3rios tradicionais\u201d.<\/p>\n<h2 data-start=\"3737\" data-end=\"3765\"><strong data-start=\"3740\" data-end=\"3765\">Entraves burocr\u00e1ticos<\/strong><\/h2>\n<p data-start=\"3767\" data-end=\"4028\">Um dos fatores que desencadeiam esse problema, segundo os especialistas, \u00e9 a dificuldade que pequenos atores locais t\u00eam para medir o impacto de seu trabalho e fornecer o que se conhece como evid\u00eancia clim\u00e1tica \u2014 elementos necess\u00e1rios para acessar financiamento.<\/p>\n<blockquote>\n<p data-start=\"4030\" data-end=\"4271\">\u201cAinda que hoje exista evid\u00eancia robusta sobre a efic\u00e1cia das solu\u00e7\u00f5es locais, os fundos continuam exigindo comprova\u00e7\u00f5es t\u00e9cnicas\u201d, resumiu Sandra Guzm\u00e1n, coordenadora do Grupo de Financiamento Clim\u00e1tico para Am\u00e9rica Latina e Caribe (GFLAC).<\/p>\n<p data-start=\"4273\" data-end=\"4527\">\u201cMuitos ficam fora do financiamento porque n\u00e3o se encaixam nos marcos metodol\u00f3gicos\u201d, explicou Guzm\u00e1n, acrescentando: \u201cEles precisam de provas, evid\u00eancias, contatos e muitos documentos que s\u00e3o parte fundamental da estrutura burocr\u00e1tica das institui\u00e7\u00f5es\u201d.<\/p>\n<\/blockquote>\n<p data-start=\"4529\" data-end=\"4715\">O projeto \u201cTonelada Justa\u201d, da Funda\u00e7\u00e3o Avina, busca mitigar esse problema ao medir o impacto do trabalho dos recicladores de base na Am\u00e9rica Latina a partir de indicadores verific\u00e1veis.<\/p>\n<p data-start=\"4717\" data-end=\"4917\">Os recicladores, explicou Mogro \u00e0 EFE, \u201cn\u00e3o falam o idioma dos cientistas clim\u00e1ticos\u201d, mas, mesmo assim, est\u00e3o \u201cna linha de frente da a\u00e7\u00e3o diante da crise\u201d \u2014 e sua contribui\u00e7\u00e3o precisa ser valorizada.<\/p>\n","protected":false},"excerpt":{"rendered":"<p>Enquanto a comunidade internacional discute como fortalecer a a\u00e7\u00e3o clim\u00e1tica global, um dos grandes desafios est\u00e1 em transformar um sistema de financiamento que, embora cres\u00e7a em compromissos, n\u00e3o consegue responder [&hellip;]<\/p>\n","protected":false},"author":198164093,"featured_media":0,"comment_status":"closed","ping_status":"closed","sticky":false,"template":"","format":"standard","meta":{"_acf_changed":false,"_jetpack_newsletter_access":"","_jetpack_dont_email_post_to_subs":false,"_jetpack_newsletter_tier_id":0,"_jetpack_memberships_contains_paywalled_content":false,"_jetpack_memberships_contains_paid_content":false,"footnotes":"","jetpack_post_was_ever_published":false},"categories":[123875,125402],"tags":[127453,126417,128608,126416],"class_list":["post-198717","post","type-post","status-publish","format-standard","hentry","category-economia-pt-pt","category-sustentabilidade","tag-crise-climatica","tag-economia-pt-pt","tag-financiamento","tag-sustentabilidade"],"acf":[],"yoast_head":"<!-- This site is optimized with the Yoast SEO plugin v27.4 - https:\/\/yoast.com\/product\/yoast-seo-wordpress\/ -->\n<title>Comunidades na linha de frente e sem recursos s\u00e3o paradoxo do financiamento clim\u00e1tico<\/title>\n<meta name=\"description\" content=\"Enquanto a comunidade internacional discute como fortalecer a a\u00e7\u00e3o clim\u00e1tica global, um dos grandes desafios est\u00e1 em transformar um sistema de\" \/>\n<meta name=\"robots\" content=\"index, follow, max-snippet:-1, max-image-preview:large, max-video-preview:-1\" \/>\n<link rel=\"canonical\" href=\"https:\/\/efecomunica.efe.com\/pt-pt\/comunidades-na-linha-de-frente-e-sem-recursos-sao-paradoxo-do-financiamento-climatico\/\" \/>\n<!-- \/ Yoast SEO plugin. -->","yoast_head_json":{"title":"Comunidades na linha de frente e sem recursos s\u00e3o paradoxo do financiamento clim\u00e1tico","description":"Enquanto a comunidade internacional discute como fortalecer a a\u00e7\u00e3o clim\u00e1tica global, um dos grandes desafios est\u00e1 em transformar um sistema de","robots":{"index":"index","follow":"follow","max-snippet":"max-snippet:-1","max-image-preview":"max-image-preview:large","max-video-preview":"max-video-preview:-1"},"canonical":"https:\/\/efecomunica.efe.com\/pt-pt\/comunidades-na-linha-de-frente-e-sem-recursos-sao-paradoxo-do-financiamento-climatico\/","schema":{"@context":"https:\/\/schema.org","@graph":[{"@type":"Article","@id":"https:\/\/efecomunica.efe.com\/pt-pt\/comunidades-na-linha-de-frente-e-sem-recursos-sao-paradoxo-do-financiamento-climatico\/#article","isPartOf":{"@id":"https:\/\/efecomunica.efe.com\/pt-pt\/comunidades-na-linha-de-frente-e-sem-recursos-sao-paradoxo-do-financiamento-climatico\/"},"author":{"name":"Ana Paula Raposo Chain","@id":"https:\/\/efecomunica.efe.com\/#\/schema\/person\/c909104001020699b704e3df33fef431"},"headline":"Comunidades na linha de frente e sem recursos s\u00e3o paradoxo do financiamento clim\u00e1tico","datePublished":"2025-11-28T22:34:26+00:00","dateModified":"2025-12-01T22:38:59+00:00","mainEntityOfPage":{"@id":"https:\/\/efecomunica.efe.com\/pt-pt\/comunidades-na-linha-de-frente-e-sem-recursos-sao-paradoxo-do-financiamento-climatico\/"},"wordCount":713,"publisher":{"@id":"https:\/\/efecomunica.efe.com\/#organization"},"keywords":["crise climatica","econom\u00eda","financiamento","sustentabilidade"],"articleSection":["Economia","Sustentabilidade"],"inLanguage":"pt-PT"},{"@type":"WebPage","@id":"https:\/\/efecomunica.efe.com\/pt-pt\/comunidades-na-linha-de-frente-e-sem-recursos-sao-paradoxo-do-financiamento-climatico\/","url":"https:\/\/efecomunica.efe.com\/pt-pt\/comunidades-na-linha-de-frente-e-sem-recursos-sao-paradoxo-do-financiamento-climatico\/","name":"Comunidades na linha de frente e sem recursos s\u00e3o paradoxo do financiamento clim\u00e1tico","isPartOf":{"@id":"https:\/\/efecomunica.efe.com\/#website"},"datePublished":"2025-11-28T22:34:26+00:00","dateModified":"2025-12-01T22:38:59+00:00","description":"Enquanto a comunidade internacional discute como fortalecer a a\u00e7\u00e3o clim\u00e1tica global, um dos grandes desafios est\u00e1 em transformar um sistema de","breadcrumb":{"@id":"https:\/\/efecomunica.efe.com\/pt-pt\/comunidades-na-linha-de-frente-e-sem-recursos-sao-paradoxo-do-financiamento-climatico\/#breadcrumb"},"inLanguage":"pt-PT","potentialAction":[{"@type":"ReadAction","target":["https:\/\/efecomunica.efe.com\/pt-pt\/comunidades-na-linha-de-frente-e-sem-recursos-sao-paradoxo-do-financiamento-climatico\/"]}]},{"@type":"BreadcrumbList","@id":"https:\/\/efecomunica.efe.com\/pt-pt\/comunidades-na-linha-de-frente-e-sem-recursos-sao-paradoxo-do-financiamento-climatico\/#breadcrumb","itemListElement":[{"@type":"ListItem","position":1,"name":"Portada","item":"https:\/\/efecomunica.efe.com\/pt-pt\/"},{"@type":"ListItem","position":2,"name":"Comunidades na linha de frente e sem recursos s\u00e3o paradoxo do financiamento clim\u00e1tico"}]},{"@type":"WebSite","@id":"https:\/\/efecomunica.efe.com\/#website","url":"https:\/\/efecomunica.efe.com\/","name":"EFE Comunica","description":"Contenidos para empresas","publisher":{"@id":"https:\/\/efecomunica.efe.com\/#organization"},"potentialAction":[{"@type":"SearchAction","target":{"@type":"EntryPoint","urlTemplate":"https:\/\/efecomunica.efe.com\/?s={search_term_string}"},"query-input":{"@type":"PropertyValueSpecification","valueRequired":true,"valueName":"search_term_string"}}],"inLanguage":"pt-PT"},{"@type":"Organization","@id":"https:\/\/efecomunica.efe.com\/#organization","name":"EFE Comunica","url":"https:\/\/efecomunica.efe.com\/","logo":{"@type":"ImageObject","inLanguage":"pt-PT","@id":"https:\/\/efecomunica.efe.com\/#\/schema\/logo\/image\/","url":"https:\/\/efecomunica.efe.com\/wp-content\/uploads\/2020\/12\/Logo-EFE-Comunica_png.png","contentUrl":"https:\/\/efecomunica.efe.com\/wp-content\/uploads\/2020\/12\/Logo-EFE-Comunica_png.png","width":1080,"height":486,"caption":"EFE Comunica"},"image":{"@id":"https:\/\/efecomunica.efe.com\/#\/schema\/logo\/image\/"},"sameAs":["https:\/\/www.facebook.com\/EFEComunicaAgenciaEFE","https:\/\/x.com\/EFEcomunica","https:\/\/www.linkedin.com\/showcase\/efecomunica"]},{"@type":"Person","@id":"https:\/\/efecomunica.efe.com\/#\/schema\/person\/c909104001020699b704e3df33fef431","name":"Ana Paula Raposo Chain","image":{"@type":"ImageObject","inLanguage":"pt-PT","@id":"https:\/\/secure.gravatar.com\/avatar\/fdb673c87ee0b2e7929d64a955445cfbf4bfc5af80baee97082d08a440db678f?s=96&d=identicon&r=g","url":"https:\/\/secure.gravatar.com\/avatar\/fdb673c87ee0b2e7929d64a955445cfbf4bfc5af80baee97082d08a440db678f?s=96&d=identicon&r=g","contentUrl":"https:\/\/secure.gravatar.com\/avatar\/fdb673c87ee0b2e7929d64a955445cfbf4bfc5af80baee97082d08a440db678f?s=96&d=identicon&r=g","caption":"Ana Paula Raposo Chain"},"url":"https:\/\/efecomunica.efe.com\/pt-pt\/author\/achain\/"}]}},"jetpack_featured_media_url":"","jetpack_likes_enabled":true,"jetpack_shortlink":"https:\/\/wp.me\/pcEg1r-PH7","jetpack_sharing_enabled":true,"_links":{"self":[{"href":"https:\/\/efecomunica.efe.com\/pt-pt\/wp-json\/wp\/v2\/posts\/198717","targetHints":{"allow":["GET"]}}],"collection":[{"href":"https:\/\/efecomunica.efe.com\/pt-pt\/wp-json\/wp\/v2\/posts"}],"about":[{"href":"https:\/\/efecomunica.efe.com\/pt-pt\/wp-json\/wp\/v2\/types\/post"}],"author":[{"embeddable":true,"href":"https:\/\/efecomunica.efe.com\/pt-pt\/wp-json\/wp\/v2\/users\/198164093"}],"replies":[{"embeddable":true,"href":"https:\/\/efecomunica.efe.com\/pt-pt\/wp-json\/wp\/v2\/comments?post=198717"}],"version-history":[{"count":2,"href":"https:\/\/efecomunica.efe.com\/pt-pt\/wp-json\/wp\/v2\/posts\/198717\/revisions"}],"predecessor-version":[{"id":198725,"href":"https:\/\/efecomunica.efe.com\/pt-pt\/wp-json\/wp\/v2\/posts\/198717\/revisions\/198725"}],"wp:attachment":[{"href":"https:\/\/efecomunica.efe.com\/pt-pt\/wp-json\/wp\/v2\/media?parent=198717"}],"wp:term":[{"taxonomy":"category","embeddable":true,"href":"https:\/\/efecomunica.efe.com\/pt-pt\/wp-json\/wp\/v2\/categories?post=198717"},{"taxonomy":"post_tag","embeddable":true,"href":"https:\/\/efecomunica.efe.com\/pt-pt\/wp-json\/wp\/v2\/tags?post=198717"}],"curies":[{"name":"wp","href":"https:\/\/api.w.org\/{rel}","templated":true}]}}