{"id":211640,"date":"2026-03-03T16:27:22","date_gmt":"2026-03-03T15:27:22","guid":{"rendered":"https:\/\/efecomunica.efe.com\/?p=211640"},"modified":"2026-03-04T18:33:01","modified_gmt":"2026-03-04T17:33:01","slug":"o-boticario-maior-varejista-de-beleza-do-mundo-diz-euromonitor","status":"publish","type":"post","link":"https:\/\/efecomunica.efe.com\/pt-pt\/o-boticario-maior-varejista-de-beleza-do-mundo-diz-euromonitor\/","title":{"rendered":"O Botic\u00e1rio \u00e9 maior varejista de beleza do mundo, diz estudo da Euromonitor"},"content":{"rendered":"<p>O Botic\u00e1rio conquistou em 2025 a posi\u00e7\u00e3o de maior varejista do setor de beleza do mundo, com quase 4 mil lojas f\u00edsicas no Brasil e em outros 16 pa\u00edses, segundo um estudo internacional realizado pela Euromonitor.<\/p>\n<p>Essa posi\u00e7\u00e3o de lideran\u00e7a \u00e9 resultado de uma estrat\u00e9gia de expans\u00e3o baseada em concess\u00e3o de franquias, efici\u00eancia log\u00edstica, leitura cultural e constru\u00e7\u00e3o de relev\u00e2ncia local, conforme disse a empresa em um comunicado divulgado nesta ter\u00e7a-feira.<\/p>\n<blockquote><p>\u201cA carta da Euromonitor confirma nossa capacidade de traduzir v\u00ednculos emocionais em resultados de neg\u00f3cio com dimens\u00f5es globais\u201d, afirmou Artur Grynbaum, vice-presidente do Conselho do Grupo Botic\u00e1rio, que tamb\u00e9m inclui outras 15 companhias.<\/p><\/blockquote>\n<p>Fundado em 1977 em Curitiba, O Botic\u00e1rio aposta na amplia\u00e7\u00e3o de seu portf\u00f3lio de perfumaria, maquiagem e cuidados pessoais por meio da cria\u00e7\u00e3o de produtos exclusivos para diferentes mercados e de colabora\u00e7\u00f5es com personalidades e artistas locais.<\/p>\n<blockquote><p>\u201cAo mesmo tempo em que buscamos manter a ess\u00eancia da marca que conquistou os brasileiros, tamb\u00e9m nos dedicamos a ser uma love brand em cada mercado onde atuamos, respeitando as especificidades culturais e criando v\u00ednculos emocionais duradouros com nossos consumidores\u201d, afirmou Grynbaum.<\/p><\/blockquote>\n<p>A empresa tamb\u00e9m destacou a implementa\u00e7\u00e3o de diversos formatos de neg\u00f3cios, que refletem a capacidade da marca de adaptar sua opera\u00e7\u00e3o \u00e0s particularidades de cada localidade.<\/p>\n<p>Respons\u00e1vel pela maior rede de franquias de beleza e bem-estar do Brasil, O Botic\u00e1rio conta com lojas f\u00edsicas em 1.655 cidades do pa\u00eds.<br \/>\nEm Portugal, possui 61 lojas pr\u00f3prias e, em 2025, registrou 1 milh\u00e3o de vendas no pa\u00eds europeu.<\/p>\n<p>J\u00e1 na Col\u00f4mbia, soma quase 50 lojas, que receberam mais de 1,7 milh\u00e3o de clientes no ano passado. Em outros pa\u00edses da Am\u00e9rica Latina e da \u00c1frica, como Bol\u00edvia, Paraguai, Venezuela, Uruguai, Angola, Mo\u00e7ambique, Guiana e Suriname, atua por meio de lojas parceiras e quiosques, buscando manter a proximidade da marca com seus consumidores.<\/p>\n<blockquote><p>\u201cSe hoje somos a n\u00famero 1 em lojas de beleza no mundo todo \u00e9 porque soubemos trabalhar a excel\u00eancia na execu\u00e7\u00e3o do atendimento ao consumidor em nossas lojas\u201d, acrescentou Grynbaum.<\/p><\/blockquote>\n<p>A companhia ressaltou que sua capilaridade global \u00e9 respaldada por uma estrutura produtiva e log\u00edstica robusta, composta por tr\u00eas f\u00e1bricas e oito centros de distribui\u00e7\u00e3o, localizados em cinco estados brasileiros e em Portugal. Al\u00e9m disso, opera unidades administrativas nas cidades de Curitiba e S\u00e3o Paulo, al\u00e9m de escrit\u00f3rios em Estados Unidos, Hong Kong, Col\u00f4mbia e Portugal. EFE<\/p>\n","protected":false},"excerpt":{"rendered":"<p>O Botic\u00e1rio conquistou em 2025 a posi\u00e7\u00e3o de maior varejista do setor de beleza do mundo, com quase 4 mil lojas f\u00edsicas no Brasil e em outros 16 pa\u00edses, segundo [&hellip;]<\/p>\n","protected":false},"author":198164093,"featured_media":211642,"comment_status":"closed","ping_status":"closed","sticky":false,"template":"","format":"standard","meta":{"_acf_changed":false,"_jetpack_newsletter_access":"","_jetpack_dont_email_post_to_subs":false,"_jetpack_newsletter_tier_id":0,"_jetpack_memberships_contains_paywalled_content":false,"_jetpack_memberships_contains_paid_content":false,"footnotes":"","jetpack_post_was_ever_published":false},"categories":[123875,125405],"tags":[126695,126417,127434],"class_list":["post-211640","post","type-post","status-publish","format-standard","has-post-thumbnail","hentry","category-economia-pt-pt","category-empresas-pt-pt","tag-brasil-pt-pt","tag-economia-pt-pt","tag-empresas-pt-pt"],"acf":[],"yoast_head":"<!-- This site is optimized with the Yoast SEO plugin v27.5 - https:\/\/yoast.com\/product\/yoast-seo-wordpress\/ -->\n<title>O Botic\u00e1rio \u00e9 maior varejista de beleza do mundo, diz estudo da Euromonitor<\/title>\n<meta name=\"description\" content=\"O Botic\u00e1rio conquistou em 2025 a posi\u00e7\u00e3o de maior varejista do setor de beleza do mundo, com quase 4 mil lojas f\u00edsicas.\" \/>\n<meta name=\"robots\" content=\"index, follow, max-snippet:-1, max-image-preview:large, max-video-preview:-1\" \/>\n<link rel=\"canonical\" href=\"https:\/\/efecomunica.efe.com\/pt-pt\/o-boticario-maior-varejista-de-beleza-do-mundo-diz-euromonitor\/\" \/>\n<!-- \/ Yoast SEO plugin. -->","yoast_head_json":{"title":"O Botic\u00e1rio \u00e9 maior varejista de beleza do mundo, diz estudo da Euromonitor","description":"O Botic\u00e1rio conquistou em 2025 a posi\u00e7\u00e3o de maior varejista do setor de beleza do mundo, com quase 4 mil lojas f\u00edsicas.","robots":{"index":"index","follow":"follow","max-snippet":"max-snippet:-1","max-image-preview":"max-image-preview:large","max-video-preview":"max-video-preview:-1"},"canonical":"https:\/\/efecomunica.efe.com\/pt-pt\/o-boticario-maior-varejista-de-beleza-do-mundo-diz-euromonitor\/","schema":{"@context":"https:\/\/schema.org","@graph":[{"@type":"Article","@id":"https:\/\/efecomunica.efe.com\/pt-pt\/o-boticario-maior-varejista-de-beleza-do-mundo-diz-euromonitor\/#article","isPartOf":{"@id":"https:\/\/efecomunica.efe.com\/pt-pt\/o-boticario-maior-varejista-de-beleza-do-mundo-diz-euromonitor\/"},"author":{"name":"Ana Paula Raposo Chain","@id":"https:\/\/efecomunica.efe.com\/#\/schema\/person\/c909104001020699b704e3df33fef431"},"headline":"O Botic\u00e1rio \u00e9 maior varejista de beleza do mundo, diz estudo da Euromonitor","datePublished":"2026-03-03T15:27:22+00:00","dateModified":"2026-03-04T17:33:01+00:00","mainEntityOfPage":{"@id":"https:\/\/efecomunica.efe.com\/pt-pt\/o-boticario-maior-varejista-de-beleza-do-mundo-diz-euromonitor\/"},"wordCount":444,"publisher":{"@id":"https:\/\/efecomunica.efe.com\/#organization"},"image":{"@id":"https:\/\/efecomunica.efe.com\/pt-pt\/o-boticario-maior-varejista-de-beleza-do-mundo-diz-euromonitor\/#primaryimage"},"thumbnailUrl":"https:\/\/efecomunica.efe.com\/wp-content\/uploads\/2026\/03\/Loja-O-BOTICARIO-Forum-de-Sintra-TWL-Rui-Leal-004-1.jpg","keywords":["brasil","econom\u00eda","empresas"],"articleSection":["Economia","Empresas"],"inLanguage":"pt-PT"},{"@type":"WebPage","@id":"https:\/\/efecomunica.efe.com\/pt-pt\/o-boticario-maior-varejista-de-beleza-do-mundo-diz-euromonitor\/","url":"https:\/\/efecomunica.efe.com\/pt-pt\/o-boticario-maior-varejista-de-beleza-do-mundo-diz-euromonitor\/","name":"O Botic\u00e1rio \u00e9 maior varejista de beleza do mundo, diz estudo da Euromonitor","isPartOf":{"@id":"https:\/\/efecomunica.efe.com\/#website"},"primaryImageOfPage":{"@id":"https:\/\/efecomunica.efe.com\/pt-pt\/o-boticario-maior-varejista-de-beleza-do-mundo-diz-euromonitor\/#primaryimage"},"image":{"@id":"https:\/\/efecomunica.efe.com\/pt-pt\/o-boticario-maior-varejista-de-beleza-do-mundo-diz-euromonitor\/#primaryimage"},"thumbnailUrl":"https:\/\/efecomunica.efe.com\/wp-content\/uploads\/2026\/03\/Loja-O-BOTICARIO-Forum-de-Sintra-TWL-Rui-Leal-004-1.jpg","datePublished":"2026-03-03T15:27:22+00:00","dateModified":"2026-03-04T17:33:01+00:00","description":"O Botic\u00e1rio conquistou em 2025 a posi\u00e7\u00e3o de maior varejista do setor de beleza do mundo, com quase 4 mil lojas f\u00edsicas.","breadcrumb":{"@id":"https:\/\/efecomunica.efe.com\/pt-pt\/o-boticario-maior-varejista-de-beleza-do-mundo-diz-euromonitor\/#breadcrumb"},"inLanguage":"pt-PT","potentialAction":[{"@type":"ReadAction","target":["https:\/\/efecomunica.efe.com\/pt-pt\/o-boticario-maior-varejista-de-beleza-do-mundo-diz-euromonitor\/"]}]},{"@type":"ImageObject","inLanguage":"pt-PT","@id":"https:\/\/efecomunica.efe.com\/pt-pt\/o-boticario-maior-varejista-de-beleza-do-mundo-diz-euromonitor\/#primaryimage","url":"https:\/\/efecomunica.efe.com\/wp-content\/uploads\/2026\/03\/Loja-O-BOTICARIO-Forum-de-Sintra-TWL-Rui-Leal-004-1.jpg","contentUrl":"https:\/\/efecomunica.efe.com\/wp-content\/uploads\/2026\/03\/Loja-O-BOTICARIO-Forum-de-Sintra-TWL-Rui-Leal-004-1.jpg","width":1600,"height":1067},{"@type":"BreadcrumbList","@id":"https:\/\/efecomunica.efe.com\/pt-pt\/o-boticario-maior-varejista-de-beleza-do-mundo-diz-euromonitor\/#breadcrumb","itemListElement":[{"@type":"ListItem","position":1,"name":"Portada","item":"https:\/\/efecomunica.efe.com\/pt-pt\/"},{"@type":"ListItem","position":2,"name":"O Botic\u00e1rio \u00e9 maior varejista de beleza do mundo, diz estudo da Euromonitor"}]},{"@type":"WebSite","@id":"https:\/\/efecomunica.efe.com\/#website","url":"https:\/\/efecomunica.efe.com\/","name":"EFE Comunica","description":"Contenidos para empresas","publisher":{"@id":"https:\/\/efecomunica.efe.com\/#organization"},"potentialAction":[{"@type":"SearchAction","target":{"@type":"EntryPoint","urlTemplate":"https:\/\/efecomunica.efe.com\/?s={search_term_string}"},"query-input":{"@type":"PropertyValueSpecification","valueRequired":true,"valueName":"search_term_string"}}],"inLanguage":"pt-PT"},{"@type":"Organization","@id":"https:\/\/efecomunica.efe.com\/#organization","name":"EFE Comunica","url":"https:\/\/efecomunica.efe.com\/","logo":{"@type":"ImageObject","inLanguage":"pt-PT","@id":"https:\/\/efecomunica.efe.com\/#\/schema\/logo\/image\/","url":"https:\/\/efecomunica.efe.com\/wp-content\/uploads\/2020\/12\/Logo-EFE-Comunica_png.png","contentUrl":"https:\/\/efecomunica.efe.com\/wp-content\/uploads\/2020\/12\/Logo-EFE-Comunica_png.png","width":1080,"height":486,"caption":"EFE Comunica"},"image":{"@id":"https:\/\/efecomunica.efe.com\/#\/schema\/logo\/image\/"},"sameAs":["https:\/\/www.facebook.com\/EFEComunicaAgenciaEFE","https:\/\/x.com\/EFEcomunica","https:\/\/www.linkedin.com\/showcase\/efecomunica"]},{"@type":"Person","@id":"https:\/\/efecomunica.efe.com\/#\/schema\/person\/c909104001020699b704e3df33fef431","name":"Ana Paula Raposo Chain","image":{"@type":"ImageObject","inLanguage":"pt-PT","@id":"https:\/\/secure.gravatar.com\/avatar\/fdb673c87ee0b2e7929d64a955445cfbf4bfc5af80baee97082d08a440db678f?s=96&d=identicon&r=g","url":"https:\/\/secure.gravatar.com\/avatar\/fdb673c87ee0b2e7929d64a955445cfbf4bfc5af80baee97082d08a440db678f?s=96&d=identicon&r=g","contentUrl":"https:\/\/secure.gravatar.com\/avatar\/fdb673c87ee0b2e7929d64a955445cfbf4bfc5af80baee97082d08a440db678f?s=96&d=identicon&r=g","caption":"Ana Paula Raposo Chain"},"url":"https:\/\/efecomunica.efe.com\/pt-pt\/author\/achain\/"}]}},"jetpack_featured_media_url":"https:\/\/efecomunica.efe.com\/wp-content\/uploads\/2026\/03\/Loja-O-BOTICARIO-Forum-de-Sintra-TWL-Rui-Leal-004-1.jpg","jetpack_likes_enabled":true,"jetpack_shortlink":"https:\/\/wp.me\/pcEg1r-T3y","jetpack_sharing_enabled":true,"_links":{"self":[{"href":"https:\/\/efecomunica.efe.com\/pt-pt\/wp-json\/wp\/v2\/posts\/211640","targetHints":{"allow":["GET"]}}],"collection":[{"href":"https:\/\/efecomunica.efe.com\/pt-pt\/wp-json\/wp\/v2\/posts"}],"about":[{"href":"https:\/\/efecomunica.efe.com\/pt-pt\/wp-json\/wp\/v2\/types\/post"}],"author":[{"embeddable":true,"href":"https:\/\/efecomunica.efe.com\/pt-pt\/wp-json\/wp\/v2\/users\/198164093"}],"replies":[{"embeddable":true,"href":"https:\/\/efecomunica.efe.com\/pt-pt\/wp-json\/wp\/v2\/comments?post=211640"}],"version-history":[{"count":2,"href":"https:\/\/efecomunica.efe.com\/pt-pt\/wp-json\/wp\/v2\/posts\/211640\/revisions"}],"predecessor-version":[{"id":211643,"href":"https:\/\/efecomunica.efe.com\/pt-pt\/wp-json\/wp\/v2\/posts\/211640\/revisions\/211643"}],"wp:featuredmedia":[{"embeddable":true,"href":"https:\/\/efecomunica.efe.com\/pt-pt\/wp-json\/wp\/v2\/media\/211642"}],"wp:attachment":[{"href":"https:\/\/efecomunica.efe.com\/pt-pt\/wp-json\/wp\/v2\/media?parent=211640"}],"wp:term":[{"taxonomy":"category","embeddable":true,"href":"https:\/\/efecomunica.efe.com\/pt-pt\/wp-json\/wp\/v2\/categories?post=211640"},{"taxonomy":"post_tag","embeddable":true,"href":"https:\/\/efecomunica.efe.com\/pt-pt\/wp-json\/wp\/v2\/tags?post=211640"}],"curies":[{"name":"wp","href":"https:\/\/api.w.org\/{rel}","templated":true}]}}