{"id":213081,"date":"2026-03-10T23:58:29","date_gmt":"2026-03-10T22:58:29","guid":{"rendered":"https:\/\/efecomunica.efe.com\/?p=213081"},"modified":"2026-03-12T01:31:20","modified_gmt":"2026-03-12T00:31:20","slug":"bid-expande-presenca-no-paraguai-e-anuncia-investimentos-de-us-27-bilhoes","status":"publish","type":"post","link":"https:\/\/efecomunica.efe.com\/pt-pt\/bid-expande-presenca-no-paraguai-e-anuncia-investimentos-de-us-27-bilhoes\/","title":{"rendered":"BID expande presen\u00e7a no Paraguai e anuncia investimentos de US$ 2,7 bilh\u00f5es"},"content":{"rendered":"<p>O Grupo do Banco Interamericano de Desenvolvimento (BID) expandir\u00e1 sua presen\u00e7a no Paraguai e investir\u00e1 no pa\u00eds sul-americano nos pr\u00f3ximos anos cerca de US$ 2,7 bilh\u00f5es por meio de seu bra\u00e7o de financiamento ao setor privado, o BID Invest, informou nesta ter\u00e7a-feira o presidente da institui\u00e7\u00e3o, Ilan Goldfajn.<\/p>\n<blockquote><p>&#8220;Queremos anunciar a expans\u00e3o do BID no Paraguai, hoje assinamos a compra de um terreno para ampliar a presen\u00e7a do BID fisicamente no Paraguai&#8221;, disse o executivo durante uma entrevista coletiva junto com o ministro da Economia e Finan\u00e7as paraguaio, Carlos Fern\u00e1ndez, no Pal\u00e1cio de L\u00f3pez, sede do governo do pa\u00eds sul-americano.<\/p><\/blockquote>\n<p>Goldfajn acrescentou que essa expans\u00e3o ocorrer\u00e1 em meio ao &#8220;momento muito importante&#8221; atravessado pela na\u00e7\u00e3o, que em 2025 reportou um crescimento econ\u00f4mico de 6%.<\/p>\n<blockquote><p>&#8220;Precisamos de gente aqui, que esteja olhando, que entenda o que \u00e9 necess\u00e1rio&#8221;, acrescentou o ex-presidente do Banco Central brasileiro sobre a amplia\u00e7\u00e3o das opera\u00e7\u00f5es do grupo, que desta quarta-feira at\u00e9 s\u00e1bado vai realizar suas reuni\u00f5es anuais no Paraguai, um encontro que segundo ele colocar\u00e1 &#8220;os olhos&#8221; do mundo sobre o pa\u00eds.<\/p><\/blockquote>\n<p>&#8220;S\u00e3o 48 pa\u00edses que v\u00eam aqui, n\u00e3o somente os membros do BID, mas tamb\u00e9m do setor privado de 48 pa\u00edses que v\u00eam aqui&#8221;, disse.<\/p>\n<p>Goldfajn explicou que o BID Invest investir\u00e1 US$ 2,7 bilh\u00f5es &#8220;nos pr\u00f3ximos anos&#8221; no Paraguai, embora a &#8220;ambi\u00e7\u00e3o&#8221; deste bra\u00e7o do grupo seja elevar o financiamento a cerca de US$ 1 bilh\u00e3o anuais.<\/p>\n<p>Como exemplo desses financiamentos, ele citou o investimento de US$ 200 milh\u00f5es junto \u00e0 empresa Paracel no desenvolvimento de um hub industrial e florestal que projeta cerca de 7 mil empregos entre diretos e indiretos &#8220;apenas em sua constru\u00e7\u00e3o&#8221;.<\/p>\n<blockquote><p>&#8220;Podem ser feitos (esses investimentos) porque as condi\u00e7\u00f5es habilitadoras, a macroeconomia, est\u00e3o permitindo&#8221;, disse.<\/p><\/blockquote>\n<p>O Grupo BID \u00e9 composto pelo BID, que apoia o setor p\u00fablico da regi\u00e3o, o BID Invest, que impulsiona o setor privado, e o BID Lab, que promove a inova\u00e7\u00e3o, segundo a p\u00e1gina da institui\u00e7\u00e3o na internet. EFE<\/p>\n","protected":false},"excerpt":{"rendered":"<p>O Grupo do Banco Interamericano de Desenvolvimento (BID) expandir\u00e1 sua presen\u00e7a no Paraguai e investir\u00e1 no pa\u00eds sul-americano nos pr\u00f3ximos anos cerca de US$ 2,7 bilh\u00f5es por meio de seu [&hellip;]<\/p>\n","protected":false},"author":198164093,"featured_media":213100,"comment_status":"closed","ping_status":"closed","sticky":false,"template":"","format":"standard","meta":{"_acf_changed":false,"_jetpack_newsletter_access":"","_jetpack_dont_email_post_to_subs":false,"_jetpack_newsletter_tier_id":0,"_jetpack_memberships_contains_paywalled_content":false,"_jetpack_memberships_contains_paid_content":false,"footnotes":"","jetpack_post_was_ever_published":false},"categories":[123875],"tags":[128320,126417,128500],"class_list":["post-213081","post","type-post","status-publish","format-standard","has-post-thumbnail","hentry","category-economia-pt-pt","tag-bid-pt-pt","tag-economia-pt-pt","tag-paraguai"],"acf":[],"yoast_head":"<!-- This site is optimized with the Yoast SEO plugin v27.5 - https:\/\/yoast.com\/product\/yoast-seo-wordpress\/ -->\n<title>BID expande presen\u00e7a no Paraguai e anuncia investimentos de US$ 2,7 bilh\u00f5es<\/title>\n<meta name=\"description\" content=\"O Grupo do Banco Interamericano de Desenvolvimento (BID) expandir\u00e1 sua presen\u00e7a no Paraguai e investir\u00e1 no pa\u00eds sul-americano nos pr\u00f3ximos anos cerca de\" \/>\n<meta name=\"robots\" content=\"index, follow, max-snippet:-1, max-image-preview:large, max-video-preview:-1\" \/>\n<link rel=\"canonical\" href=\"https:\/\/efecomunica.efe.com\/pt-pt\/bid-expande-presenca-no-paraguai-e-anuncia-investimentos-de-us-27-bilhoes\/\" \/>\n<!-- \/ Yoast SEO plugin. -->","yoast_head_json":{"title":"BID expande presen\u00e7a no Paraguai e anuncia investimentos de US$ 2,7 bilh\u00f5es","description":"O Grupo do Banco Interamericano de Desenvolvimento (BID) expandir\u00e1 sua presen\u00e7a no Paraguai e investir\u00e1 no pa\u00eds sul-americano nos pr\u00f3ximos anos cerca de","robots":{"index":"index","follow":"follow","max-snippet":"max-snippet:-1","max-image-preview":"max-image-preview:large","max-video-preview":"max-video-preview:-1"},"canonical":"https:\/\/efecomunica.efe.com\/pt-pt\/bid-expande-presenca-no-paraguai-e-anuncia-investimentos-de-us-27-bilhoes\/","schema":{"@context":"https:\/\/schema.org","@graph":[{"@type":"Article","@id":"https:\/\/efecomunica.efe.com\/pt-pt\/bid-expande-presenca-no-paraguai-e-anuncia-investimentos-de-us-27-bilhoes\/#article","isPartOf":{"@id":"https:\/\/efecomunica.efe.com\/pt-pt\/bid-expande-presenca-no-paraguai-e-anuncia-investimentos-de-us-27-bilhoes\/"},"author":{"name":"Ana Paula Raposo Chain","@id":"https:\/\/efecomunica.efe.com\/#\/schema\/person\/c909104001020699b704e3df33fef431"},"headline":"BID expande presen\u00e7a no Paraguai e anuncia investimentos de US$ 2,7 bilh\u00f5es","datePublished":"2026-03-10T22:58:29+00:00","dateModified":"2026-03-12T00:31:20+00:00","mainEntityOfPage":{"@id":"https:\/\/efecomunica.efe.com\/pt-pt\/bid-expande-presenca-no-paraguai-e-anuncia-investimentos-de-us-27-bilhoes\/"},"wordCount":369,"publisher":{"@id":"https:\/\/efecomunica.efe.com\/#organization"},"image":{"@id":"https:\/\/efecomunica.efe.com\/pt-pt\/bid-expande-presenca-no-paraguai-e-anuncia-investimentos-de-us-27-bilhoes\/#primaryimage"},"thumbnailUrl":"https:\/\/efecomunica.efe.com\/wp-content\/uploads\/2026\/03\/rss-efe48716b2d87043cde07ac4ec15ff02d54af06e929w-1536x1025-1.webp","keywords":["BID","econom\u00eda","paraguai"],"articleSection":["Economia"],"inLanguage":"pt-PT"},{"@type":"WebPage","@id":"https:\/\/efecomunica.efe.com\/pt-pt\/bid-expande-presenca-no-paraguai-e-anuncia-investimentos-de-us-27-bilhoes\/","url":"https:\/\/efecomunica.efe.com\/pt-pt\/bid-expande-presenca-no-paraguai-e-anuncia-investimentos-de-us-27-bilhoes\/","name":"BID expande presen\u00e7a no Paraguai e anuncia investimentos de US$ 2,7 bilh\u00f5es","isPartOf":{"@id":"https:\/\/efecomunica.efe.com\/#website"},"primaryImageOfPage":{"@id":"https:\/\/efecomunica.efe.com\/pt-pt\/bid-expande-presenca-no-paraguai-e-anuncia-investimentos-de-us-27-bilhoes\/#primaryimage"},"image":{"@id":"https:\/\/efecomunica.efe.com\/pt-pt\/bid-expande-presenca-no-paraguai-e-anuncia-investimentos-de-us-27-bilhoes\/#primaryimage"},"thumbnailUrl":"https:\/\/efecomunica.efe.com\/wp-content\/uploads\/2026\/03\/rss-efe48716b2d87043cde07ac4ec15ff02d54af06e929w-1536x1025-1.webp","datePublished":"2026-03-10T22:58:29+00:00","dateModified":"2026-03-12T00:31:20+00:00","description":"O Grupo do Banco Interamericano de Desenvolvimento (BID) expandir\u00e1 sua presen\u00e7a no Paraguai e investir\u00e1 no pa\u00eds sul-americano nos pr\u00f3ximos anos cerca de","breadcrumb":{"@id":"https:\/\/efecomunica.efe.com\/pt-pt\/bid-expande-presenca-no-paraguai-e-anuncia-investimentos-de-us-27-bilhoes\/#breadcrumb"},"inLanguage":"pt-PT","potentialAction":[{"@type":"ReadAction","target":["https:\/\/efecomunica.efe.com\/pt-pt\/bid-expande-presenca-no-paraguai-e-anuncia-investimentos-de-us-27-bilhoes\/"]}]},{"@type":"ImageObject","inLanguage":"pt-PT","@id":"https:\/\/efecomunica.efe.com\/pt-pt\/bid-expande-presenca-no-paraguai-e-anuncia-investimentos-de-us-27-bilhoes\/#primaryimage","url":"https:\/\/efecomunica.efe.com\/wp-content\/uploads\/2026\/03\/rss-efe48716b2d87043cde07ac4ec15ff02d54af06e929w-1536x1025-1.webp","contentUrl":"https:\/\/efecomunica.efe.com\/wp-content\/uploads\/2026\/03\/rss-efe48716b2d87043cde07ac4ec15ff02d54af06e929w-1536x1025-1.webp","width":1536,"height":1025},{"@type":"BreadcrumbList","@id":"https:\/\/efecomunica.efe.com\/pt-pt\/bid-expande-presenca-no-paraguai-e-anuncia-investimentos-de-us-27-bilhoes\/#breadcrumb","itemListElement":[{"@type":"ListItem","position":1,"name":"Portada","item":"https:\/\/efecomunica.efe.com\/pt-pt\/"},{"@type":"ListItem","position":2,"name":"BID expande presen\u00e7a no Paraguai e anuncia investimentos de US$ 2,7 bilh\u00f5es"}]},{"@type":"WebSite","@id":"https:\/\/efecomunica.efe.com\/#website","url":"https:\/\/efecomunica.efe.com\/","name":"EFE Comunica","description":"Contenidos para empresas","publisher":{"@id":"https:\/\/efecomunica.efe.com\/#organization"},"potentialAction":[{"@type":"SearchAction","target":{"@type":"EntryPoint","urlTemplate":"https:\/\/efecomunica.efe.com\/?s={search_term_string}"},"query-input":{"@type":"PropertyValueSpecification","valueRequired":true,"valueName":"search_term_string"}}],"inLanguage":"pt-PT"},{"@type":"Organization","@id":"https:\/\/efecomunica.efe.com\/#organization","name":"EFE Comunica","url":"https:\/\/efecomunica.efe.com\/","logo":{"@type":"ImageObject","inLanguage":"pt-PT","@id":"https:\/\/efecomunica.efe.com\/#\/schema\/logo\/image\/","url":"https:\/\/efecomunica.efe.com\/wp-content\/uploads\/2020\/12\/Logo-EFE-Comunica_png.png","contentUrl":"https:\/\/efecomunica.efe.com\/wp-content\/uploads\/2020\/12\/Logo-EFE-Comunica_png.png","width":1080,"height":486,"caption":"EFE Comunica"},"image":{"@id":"https:\/\/efecomunica.efe.com\/#\/schema\/logo\/image\/"},"sameAs":["https:\/\/www.facebook.com\/EFEComunicaAgenciaEFE","https:\/\/x.com\/EFEcomunica","https:\/\/www.linkedin.com\/showcase\/efecomunica"]},{"@type":"Person","@id":"https:\/\/efecomunica.efe.com\/#\/schema\/person\/c909104001020699b704e3df33fef431","name":"Ana Paula Raposo Chain","image":{"@type":"ImageObject","inLanguage":"pt-PT","@id":"https:\/\/secure.gravatar.com\/avatar\/fdb673c87ee0b2e7929d64a955445cfbf4bfc5af80baee97082d08a440db678f?s=96&d=identicon&r=g","url":"https:\/\/secure.gravatar.com\/avatar\/fdb673c87ee0b2e7929d64a955445cfbf4bfc5af80baee97082d08a440db678f?s=96&d=identicon&r=g","contentUrl":"https:\/\/secure.gravatar.com\/avatar\/fdb673c87ee0b2e7929d64a955445cfbf4bfc5af80baee97082d08a440db678f?s=96&d=identicon&r=g","caption":"Ana Paula Raposo Chain"},"url":"https:\/\/efecomunica.efe.com\/pt-pt\/author\/achain\/"}]}},"jetpack_featured_media_url":"https:\/\/efecomunica.efe.com\/wp-content\/uploads\/2026\/03\/rss-efe48716b2d87043cde07ac4ec15ff02d54af06e929w-1536x1025-1.webp","jetpack_likes_enabled":true,"jetpack_shortlink":"https:\/\/wp.me\/pcEg1r-TqN","jetpack_sharing_enabled":true,"_links":{"self":[{"href":"https:\/\/efecomunica.efe.com\/pt-pt\/wp-json\/wp\/v2\/posts\/213081","targetHints":{"allow":["GET"]}}],"collection":[{"href":"https:\/\/efecomunica.efe.com\/pt-pt\/wp-json\/wp\/v2\/posts"}],"about":[{"href":"https:\/\/efecomunica.efe.com\/pt-pt\/wp-json\/wp\/v2\/types\/post"}],"author":[{"embeddable":true,"href":"https:\/\/efecomunica.efe.com\/pt-pt\/wp-json\/wp\/v2\/users\/198164093"}],"replies":[{"embeddable":true,"href":"https:\/\/efecomunica.efe.com\/pt-pt\/wp-json\/wp\/v2\/comments?post=213081"}],"version-history":[{"count":2,"href":"https:\/\/efecomunica.efe.com\/pt-pt\/wp-json\/wp\/v2\/posts\/213081\/revisions"}],"predecessor-version":[{"id":213099,"href":"https:\/\/efecomunica.efe.com\/pt-pt\/wp-json\/wp\/v2\/posts\/213081\/revisions\/213099"}],"wp:featuredmedia":[{"embeddable":true,"href":"https:\/\/efecomunica.efe.com\/pt-pt\/wp-json\/wp\/v2\/media\/213100"}],"wp:attachment":[{"href":"https:\/\/efecomunica.efe.com\/pt-pt\/wp-json\/wp\/v2\/media?parent=213081"}],"wp:term":[{"taxonomy":"category","embeddable":true,"href":"https:\/\/efecomunica.efe.com\/pt-pt\/wp-json\/wp\/v2\/categories?post=213081"},{"taxonomy":"post_tag","embeddable":true,"href":"https:\/\/efecomunica.efe.com\/pt-pt\/wp-json\/wp\/v2\/tags?post=213081"}],"curies":[{"name":"wp","href":"https:\/\/api.w.org\/{rel}","templated":true}]}}