{"id":213767,"date":"2026-03-14T22:16:09","date_gmt":"2026-03-14T21:16:09","guid":{"rendered":"https:\/\/efecomunica.efe.com\/?p=213767"},"modified":"2026-03-14T22:16:09","modified_gmt":"2026-03-14T21:16:09","slug":"bid-conclui-reunioes-anuais-paraguai","status":"publish","type":"post","link":"https:\/\/efecomunica.efe.com\/pt-pt\/bid-conclui-reunioes-anuais-paraguai\/","title":{"rendered":"BID conclui sess\u00f5es plen\u00e1rias de reuni\u00f5es anuais no Paraguai"},"content":{"rendered":"<p data-path-to-node=\"1\">\u00a0O Grupo Banco Interamericano de Desenvolvimento (BID) conclui neste s\u00e1bado as sess\u00f5es plen\u00e1rias de suas assembleias de governadores deste ano no Paraguai com a ideia de consolidar os avan\u00e7os concebidos pela entidade desde 2024, visando implementar uma mudan\u00e7a estrat\u00e9gica que aumente seus impactos e envolva mais o setor privado.<\/p>\n<p data-path-to-node=\"2\">Na sess\u00e3o inaugural das plen\u00e1rias, realizada na sexta-feira, o ministro de Economia e Finan\u00e7as do Paraguai, Carlos Fern\u00e1ndez Valdovinos, foi eleito o novo presidente da Assembleia de Governadores e assumiu o cargo com a ideia de solucionar os grandes desafios econ\u00f4micos da Am\u00e9rica Latina e do Caribe.<\/p>\n<p data-path-to-node=\"3\">Fern\u00e1ndez Valdovinos garantiu que o grande desafio \u00e9 &#8220;traduzir esse potencial que temos hoje em realidades, ou seja, em crescimento sustentado, em investimento produtivo e em bem-estar real para todos os nossos cidad\u00e3os&#8221;.<\/p>\n<p data-path-to-node=\"4\">Em sua interven\u00e7\u00e3o, o presidente do Grupo, Ilan Goldfajn, congratulou-se pela capitaliza\u00e7\u00e3o bem-sucedida do BID Invest anunciada nestas reuni\u00f5es no Paraguai, assim como pelo processo em curso para criar um novo Plano de Relacionamento com a Sociedade Civil para tornar ainda mais eficientes os impactos dos financiamentos da entidade.<\/p>\n<p data-path-to-node=\"5\">O economista brasileiro-israelense ressaltou, al\u00e9m disso, as tr\u00eas \u00e1reas onde a regi\u00e3o pode colher avan\u00e7os.<\/p>\n<p data-path-to-node=\"6\">O primeiro \u00e9 aumentar o papel do setor privado na hora de investir em projetos de desenvolvimento, j\u00e1 que empres\u00e1rios e investidores contam com mais recursos que a administra\u00e7\u00e3o p\u00fablica.<\/p>\n<p data-path-to-node=\"7\">O segundo \u00e9 impulsionar a ind\u00fastria de minerais cr\u00edticos, mas criando por sua vez uma cadeia de valor completa que torne mais equitativo e estrutural o crescimento derivado, e o terceiro, potencializar a integra\u00e7\u00e3o regional.<\/p>\n<p data-path-to-node=\"8\">Em suas reuni\u00f5es anuais deste ano no Paraguai, o Grupo implementou novos e importantes avan\u00e7os dentro do BIDImpact+, a iniciativa concebida em 2024 que consolida os trabalhos dos tr\u00eas ramos &#8211; BID, BID Invest, focado no setor privado, e BID Lab, o bra\u00e7o de inova\u00e7\u00e3o &#8211; da entidade.<\/p>\n<p data-path-to-node=\"9\">Um deles \u00e9 a conclus\u00e3o do processo de capitaliza\u00e7\u00e3o de 3,5 bilh\u00f5es de d\u00f3lares do BID Invest, o que faz com que o Grupo preveja agora ter uma capacidade de financiamento de 500 bilh\u00f5es de d\u00f3lares para a pr\u00f3xima d\u00e9cada, o dobro do que nos 10 anos anteriores.<\/p>\n","protected":false},"excerpt":{"rendered":"<p>\u00a0O Grupo Banco Interamericano de Desenvolvimento (BID) conclui neste s\u00e1bado as sess\u00f5es plen\u00e1rias de suas assembleias de governadores deste ano no Paraguai com a ideia de consolidar os avan\u00e7os concebidos [&hellip;]<\/p>\n","protected":false},"author":198164093,"featured_media":213769,"comment_status":"closed","ping_status":"closed","sticky":false,"template":"","format":"standard","meta":{"_acf_changed":false,"_jetpack_newsletter_access":"","_jetpack_dont_email_post_to_subs":false,"_jetpack_newsletter_tier_id":0,"_jetpack_memberships_contains_paywalled_content":false,"_jetpack_memberships_contains_paid_content":false,"footnotes":"","jetpack_post_was_ever_published":false},"categories":[123875],"tags":[128320,126417,128500],"class_list":["post-213767","post","type-post","status-publish","format-standard","has-post-thumbnail","hentry","category-economia-pt-pt","tag-bid-pt-pt","tag-economia-pt-pt","tag-paraguai"],"acf":[],"yoast_head":"<!-- This site is optimized with the Yoast SEO plugin v27.5 - https:\/\/yoast.com\/product\/yoast-seo-wordpress\/ -->\n<title>BID conclui sess\u00f5es plen\u00e1rias de reuni\u00f5es anuais no Paraguai<\/title>\n<meta name=\"description\" content=\"\u00a0O Grupo Banco Interamericano de Desenvolvimento (BID) conclui neste s\u00e1bado as sess\u00f5es plen\u00e1rias de suas assembleias de governadores deste ano no Paraguai\" \/>\n<meta name=\"robots\" content=\"index, follow, max-snippet:-1, max-image-preview:large, max-video-preview:-1\" \/>\n<link rel=\"canonical\" href=\"https:\/\/efecomunica.efe.com\/pt-pt\/bid-conclui-reunioes-anuais-paraguai\/\" \/>\n<!-- \/ Yoast SEO plugin. -->","yoast_head_json":{"title":"BID conclui sess\u00f5es plen\u00e1rias de reuni\u00f5es anuais no Paraguai","description":"\u00a0O Grupo Banco Interamericano de Desenvolvimento (BID) conclui neste s\u00e1bado as sess\u00f5es plen\u00e1rias de suas assembleias de governadores deste ano no Paraguai","robots":{"index":"index","follow":"follow","max-snippet":"max-snippet:-1","max-image-preview":"max-image-preview:large","max-video-preview":"max-video-preview:-1"},"canonical":"https:\/\/efecomunica.efe.com\/pt-pt\/bid-conclui-reunioes-anuais-paraguai\/","schema":{"@context":"https:\/\/schema.org","@graph":[{"@type":"Article","@id":"https:\/\/efecomunica.efe.com\/pt-pt\/bid-conclui-reunioes-anuais-paraguai\/#article","isPartOf":{"@id":"https:\/\/efecomunica.efe.com\/pt-pt\/bid-conclui-reunioes-anuais-paraguai\/"},"author":{"name":"Ana Paula Raposo Chain","@id":"https:\/\/efecomunica.efe.com\/#\/schema\/person\/c909104001020699b704e3df33fef431"},"headline":"BID conclui sess\u00f5es plen\u00e1rias de reuni\u00f5es anuais no Paraguai","datePublished":"2026-03-14T21:16:09+00:00","mainEntityOfPage":{"@id":"https:\/\/efecomunica.efe.com\/pt-pt\/bid-conclui-reunioes-anuais-paraguai\/"},"wordCount":397,"publisher":{"@id":"https:\/\/efecomunica.efe.com\/#organization"},"image":{"@id":"https:\/\/efecomunica.efe.com\/pt-pt\/bid-conclui-reunioes-anuais-paraguai\/#primaryimage"},"thumbnailUrl":"https:\/\/efecomunica.efe.com\/wp-content\/uploads\/2026\/03\/rss-efe6a8a6a906a665757a5d7203f3673995f4e82213dw-1120x747-1.webp","keywords":["BID","econom\u00eda","paraguai"],"articleSection":["Economia"],"inLanguage":"pt-PT"},{"@type":"WebPage","@id":"https:\/\/efecomunica.efe.com\/pt-pt\/bid-conclui-reunioes-anuais-paraguai\/","url":"https:\/\/efecomunica.efe.com\/pt-pt\/bid-conclui-reunioes-anuais-paraguai\/","name":"BID conclui sess\u00f5es plen\u00e1rias de reuni\u00f5es anuais no Paraguai","isPartOf":{"@id":"https:\/\/efecomunica.efe.com\/#website"},"primaryImageOfPage":{"@id":"https:\/\/efecomunica.efe.com\/pt-pt\/bid-conclui-reunioes-anuais-paraguai\/#primaryimage"},"image":{"@id":"https:\/\/efecomunica.efe.com\/pt-pt\/bid-conclui-reunioes-anuais-paraguai\/#primaryimage"},"thumbnailUrl":"https:\/\/efecomunica.efe.com\/wp-content\/uploads\/2026\/03\/rss-efe6a8a6a906a665757a5d7203f3673995f4e82213dw-1120x747-1.webp","datePublished":"2026-03-14T21:16:09+00:00","description":"\u00a0O Grupo Banco Interamericano de Desenvolvimento (BID) conclui neste s\u00e1bado as sess\u00f5es plen\u00e1rias de suas assembleias de governadores deste ano no Paraguai","breadcrumb":{"@id":"https:\/\/efecomunica.efe.com\/pt-pt\/bid-conclui-reunioes-anuais-paraguai\/#breadcrumb"},"inLanguage":"pt-PT","potentialAction":[{"@type":"ReadAction","target":["https:\/\/efecomunica.efe.com\/pt-pt\/bid-conclui-reunioes-anuais-paraguai\/"]}]},{"@type":"ImageObject","inLanguage":"pt-PT","@id":"https:\/\/efecomunica.efe.com\/pt-pt\/bid-conclui-reunioes-anuais-paraguai\/#primaryimage","url":"https:\/\/efecomunica.efe.com\/wp-content\/uploads\/2026\/03\/rss-efe6a8a6a906a665757a5d7203f3673995f4e82213dw-1120x747-1.webp","contentUrl":"https:\/\/efecomunica.efe.com\/wp-content\/uploads\/2026\/03\/rss-efe6a8a6a906a665757a5d7203f3673995f4e82213dw-1120x747-1.webp","width":1120,"height":747},{"@type":"BreadcrumbList","@id":"https:\/\/efecomunica.efe.com\/pt-pt\/bid-conclui-reunioes-anuais-paraguai\/#breadcrumb","itemListElement":[{"@type":"ListItem","position":1,"name":"Portada","item":"https:\/\/efecomunica.efe.com\/pt-pt\/"},{"@type":"ListItem","position":2,"name":"BID conclui sess\u00f5es plen\u00e1rias de reuni\u00f5es anuais no Paraguai"}]},{"@type":"WebSite","@id":"https:\/\/efecomunica.efe.com\/#website","url":"https:\/\/efecomunica.efe.com\/","name":"EFE Comunica","description":"Contenidos para empresas","publisher":{"@id":"https:\/\/efecomunica.efe.com\/#organization"},"potentialAction":[{"@type":"SearchAction","target":{"@type":"EntryPoint","urlTemplate":"https:\/\/efecomunica.efe.com\/?s={search_term_string}"},"query-input":{"@type":"PropertyValueSpecification","valueRequired":true,"valueName":"search_term_string"}}],"inLanguage":"pt-PT"},{"@type":"Organization","@id":"https:\/\/efecomunica.efe.com\/#organization","name":"EFE Comunica","url":"https:\/\/efecomunica.efe.com\/","logo":{"@type":"ImageObject","inLanguage":"pt-PT","@id":"https:\/\/efecomunica.efe.com\/#\/schema\/logo\/image\/","url":"https:\/\/efecomunica.efe.com\/wp-content\/uploads\/2020\/12\/Logo-EFE-Comunica_png.png","contentUrl":"https:\/\/efecomunica.efe.com\/wp-content\/uploads\/2020\/12\/Logo-EFE-Comunica_png.png","width":1080,"height":486,"caption":"EFE Comunica"},"image":{"@id":"https:\/\/efecomunica.efe.com\/#\/schema\/logo\/image\/"},"sameAs":["https:\/\/www.facebook.com\/EFEComunicaAgenciaEFE","https:\/\/x.com\/EFEcomunica","https:\/\/www.linkedin.com\/showcase\/efecomunica"]},{"@type":"Person","@id":"https:\/\/efecomunica.efe.com\/#\/schema\/person\/c909104001020699b704e3df33fef431","name":"Ana Paula Raposo Chain","image":{"@type":"ImageObject","inLanguage":"pt-PT","@id":"https:\/\/secure.gravatar.com\/avatar\/fdb673c87ee0b2e7929d64a955445cfbf4bfc5af80baee97082d08a440db678f?s=96&d=identicon&r=g","url":"https:\/\/secure.gravatar.com\/avatar\/fdb673c87ee0b2e7929d64a955445cfbf4bfc5af80baee97082d08a440db678f?s=96&d=identicon&r=g","contentUrl":"https:\/\/secure.gravatar.com\/avatar\/fdb673c87ee0b2e7929d64a955445cfbf4bfc5af80baee97082d08a440db678f?s=96&d=identicon&r=g","caption":"Ana Paula Raposo Chain"},"url":"https:\/\/efecomunica.efe.com\/pt-pt\/author\/achain\/"}]}},"jetpack_featured_media_url":"https:\/\/efecomunica.efe.com\/wp-content\/uploads\/2026\/03\/rss-efe6a8a6a906a665757a5d7203f3673995f4e82213dw-1120x747-1.webp","jetpack_likes_enabled":true,"jetpack_shortlink":"https:\/\/wp.me\/pcEg1r-TBR","jetpack_sharing_enabled":true,"_links":{"self":[{"href":"https:\/\/efecomunica.efe.com\/pt-pt\/wp-json\/wp\/v2\/posts\/213767","targetHints":{"allow":["GET"]}}],"collection":[{"href":"https:\/\/efecomunica.efe.com\/pt-pt\/wp-json\/wp\/v2\/posts"}],"about":[{"href":"https:\/\/efecomunica.efe.com\/pt-pt\/wp-json\/wp\/v2\/types\/post"}],"author":[{"embeddable":true,"href":"https:\/\/efecomunica.efe.com\/pt-pt\/wp-json\/wp\/v2\/users\/198164093"}],"replies":[{"embeddable":true,"href":"https:\/\/efecomunica.efe.com\/pt-pt\/wp-json\/wp\/v2\/comments?post=213767"}],"version-history":[{"count":2,"href":"https:\/\/efecomunica.efe.com\/pt-pt\/wp-json\/wp\/v2\/posts\/213767\/revisions"}],"predecessor-version":[{"id":213770,"href":"https:\/\/efecomunica.efe.com\/pt-pt\/wp-json\/wp\/v2\/posts\/213767\/revisions\/213770"}],"wp:featuredmedia":[{"embeddable":true,"href":"https:\/\/efecomunica.efe.com\/pt-pt\/wp-json\/wp\/v2\/media\/213769"}],"wp:attachment":[{"href":"https:\/\/efecomunica.efe.com\/pt-pt\/wp-json\/wp\/v2\/media?parent=213767"}],"wp:term":[{"taxonomy":"category","embeddable":true,"href":"https:\/\/efecomunica.efe.com\/pt-pt\/wp-json\/wp\/v2\/categories?post=213767"},{"taxonomy":"post_tag","embeddable":true,"href":"https:\/\/efecomunica.efe.com\/pt-pt\/wp-json\/wp\/v2\/tags?post=213767"}],"curies":[{"name":"wp","href":"https:\/\/api.w.org\/{rel}","templated":true}]}}