{"id":213771,"date":"2026-03-13T21:17:36","date_gmt":"2026-03-13T20:17:36","guid":{"rendered":"https:\/\/efecomunica.efe.com\/?p=213771"},"modified":"2026-03-14T22:19:52","modified_gmt":"2026-03-14T21:19:52","slug":"bid-apresenta-programa-de-minerais-criticos-e-inicia-sessoes-plenarias-no-paraguai","status":"publish","type":"post","link":"https:\/\/efecomunica.efe.com\/pt-pt\/bid-apresenta-programa-de-minerais-criticos-e-inicia-sessoes-plenarias-no-paraguai\/","title":{"rendered":"BID apresenta programa de minerais cr\u00edticos e inicia sess\u00f5es plen\u00e1rias no Paraguai"},"content":{"rendered":"<p>A primeira sess\u00e3o plen\u00e1ria das reuni\u00f5es anuais do Grupo Banco Interamericano de Desenvolvimento (BID), realizadas nesta semana no Paraguai, ocorreu nesta sexta-feira, quando tamb\u00e9m foi apresentado o LAC Minerals, uma nova iniciativa destinada a desenvolver cadeias de valor que v\u00e3o al\u00e9m da simples extra\u00e7\u00e3o e promovam um crescimento sustent\u00e1vel na Am\u00e9rica Latina e no Caribe.<\/p>\n<p>O novo programa, articulado por meio do BID e do BID Invest, o bra\u00e7o do grupo focado no setor privado, sustenta-se sobre tr\u00eas pilares: impulsionar reformas pol\u00edticas para facilitar o investimento; mobilizar investimento privado e gest\u00e3o de riscos; e desenvolver cadeias de valor e infraestruturas p\u00fablicas e privadas complementares.<\/p>\n<p>Esse \u00faltimo ponto \u00e9 importante, visto que muitas explora\u00e7\u00f5es se encontram em \u00e1reas remotas que exigem conex\u00f5es de transporte e abundante quantidade de \u00e1gua, afirmou \u00e0 EFE o gerente do setor de Infraestrutura e Energia do BID, Tom\u00e1s Serebrisky.<\/p>\n<p>O LAC Minerals busca aproveitar a situa\u00e7\u00e3o privilegiada da regi\u00e3o em mat\u00e9ria de minerais cr\u00edticos. Al\u00e9m de contar com grandes reservas de l\u00edtio, cobre e n\u00edquel, espera-se que, impulsionada pela crescente demanda dos setores tecnol\u00f3gico, automotivo e de energias renov\u00e1veis, em poucos anos a regi\u00e3o se consolide como uma fornecedora ainda mais importante.<\/p>\n<p>A Am\u00e9rica Latina j\u00e1 contribui com cerca de 30% da oferta global destes minerais, e espera-se que a demanda mundial \u2014 impulsionada pelo interesse de EUA, Europa, Jap\u00e3o e Coreia do Sul em diversificar suas cadeias de suprimento \u2014 de materiais como o l\u00edtio aumente entre 470% e 800% at\u00e9 2050.<\/p>\n<p>Trata-se da regi\u00e3o do mundo com a maior quantidade de projetos de minera\u00e7\u00e3o em desenvolvimento, que, segundo estimativas do BID, superam os US$ 150 bilh\u00f5es, explicou Serebrisky.<\/p>\n<p>No entanto, estudos publicados pelo Grupo destacam como fundamental ir al\u00e9m da pura extra\u00e7\u00e3o e apostar tamb\u00e9m no desenvolvimento de capacidades de refino e processamento, com o fim de gerar uma cadeia de valor completa que permita que o setor proporcione um crescimento mais transversal e equitativo.<\/p>\n<blockquote><p>&#8220;O BID, e o BID Invest em particular com o setor privado, pode ser a ponte entre os grandes capitais e as grandes companhias que t\u00eam interesse na regi\u00e3o&#8221;, explicou, por sua vez, Guillermo Foscarini, diretor-chefe da divis\u00e3o de Corporativos do BID Invest.<\/p><\/blockquote>\n<p>Para Foscarini, trata-se de &#8220;gerar mais investimentos com impacto de desenvolvimento e de uma maneira respons\u00e1vel, mantendo os padr\u00f5es ambientais e sociais mais altos&#8221;.<\/p>\n<h2>SESS\u00c3O INAUGURAL DAS PLEN\u00c1RIAS<\/h2>\n<p>Na sess\u00e3o inaugural das plen\u00e1rias realizada nesta sexta-feira, o ministro de Economia e Finan\u00e7as do Paraguai, Carlos Fern\u00e1ndez Valdovinos, foi eleito novo presidente da Assembleia de Governadores do Grupo.<\/p>\n<p>O presidente em fim de mandato, o subsecret\u00e1rio da Fazenda chileno, Juan Pablo Rodr\u00edguez, elogiou as iniciativas implementadas desde as assembleias realizadas h\u00e1 um ano em Santiago, muitas concebidas, por sua vez, nos encontros anuais de 2024 em Punta Cana.<\/p>\n<p>Rodr\u00edguez destacou que a entidade conseguiu avan\u00e7ar &#8220;do que ao como&#8221; na implementa\u00e7\u00e3o do marco BIDImpact+, a iniciativa que integra os trabalhos dos tr\u00eas bra\u00e7os do Grupo.<\/p>\n<p>Por sua vez, Fern\u00e1ndez Valdovinos garantiu que \u00e9 o &#8220;momento de consolidar esses avan\u00e7os&#8221;, que a regi\u00e3o est\u00e1 ganhando &#8220;renovada relev\u00e2ncia global&#8221; e que conta, al\u00e9m disso, com ativos \u2014 desde recursos naturais ou alimentares a uma matriz energ\u00e9tica limpa \u2014 que a colocam em situa\u00e7\u00e3o privilegiada e lhe permitem &#8220;ser parte da solu\u00e7\u00e3o para os desafios globais&#8221;.<\/p>\n<blockquote><p>&#8220;O desafio central da nossa regi\u00e3o \u00e9 um s\u00f3: traduzir esse potencial que temos hoje em realidades, ou seja, em crescimento sustentado, em investimento produtivo e em bem-estar real para todos os nossos cidad\u00e3os&#8221;, afirmou.<\/p><\/blockquote>\n<p>Em seu discurso, o presidente do Grupo, Ilan Goldfajn, congratulou-se pela capitaliza\u00e7\u00e3o bem-sucedida do BID Invest anunciada nestas reuni\u00f5es do Paraguai, assim como pelo processo em curso para criar um novo Plano de Relacionamento com a Sociedade Civil para tornar ainda mais eficientes os impactos dos financiamentos da entidade. EFE<\/p>\n","protected":false},"excerpt":{"rendered":"<p>A primeira sess\u00e3o plen\u00e1ria das reuni\u00f5es anuais do Grupo Banco Interamericano de Desenvolvimento (BID), realizadas nesta semana no Paraguai, ocorreu nesta sexta-feira, quando tamb\u00e9m foi apresentado o LAC Minerals, uma [&hellip;]<\/p>\n","protected":false},"author":198164093,"featured_media":213773,"comment_status":"closed","ping_status":"closed","sticky":false,"template":"","format":"standard","meta":{"_acf_changed":false,"_jetpack_newsletter_access":"","_jetpack_dont_email_post_to_subs":false,"_jetpack_newsletter_tier_id":0,"_jetpack_memberships_contains_paywalled_content":false,"_jetpack_memberships_contains_paid_content":false,"footnotes":"","jetpack_post_was_ever_published":false},"categories":[123875],"tags":[128320,126417,128630,128500],"class_list":["post-213771","post","type-post","status-publish","format-standard","has-post-thumbnail","hentry","category-economia-pt-pt","tag-bid-pt-pt","tag-economia-pt-pt","tag-minerais","tag-paraguai"],"acf":[],"yoast_head":"<!-- This site is optimized with the Yoast SEO plugin v27.5 - https:\/\/yoast.com\/product\/yoast-seo-wordpress\/ -->\n<title>BID apresenta programa de minerais cr\u00edticos e inicia sess\u00f5es plen\u00e1rias no Paraguai<\/title>\n<meta name=\"description\" content=\"A primeira sess\u00e3o plen\u00e1ria das reuni\u00f5es anuais do Grupo Banco Interamericano de Desenvolvimento (BID), realizadas nesta semana no Paraguai, ocorreu nesta\" \/>\n<meta name=\"robots\" content=\"index, follow, max-snippet:-1, max-image-preview:large, max-video-preview:-1\" \/>\n<link rel=\"canonical\" href=\"https:\/\/efecomunica.efe.com\/pt-pt\/bid-apresenta-programa-de-minerais-criticos-e-inicia-sessoes-plenarias-no-paraguai\/\" \/>\n<!-- \/ Yoast SEO plugin. -->","yoast_head_json":{"title":"BID apresenta programa de minerais cr\u00edticos e inicia sess\u00f5es plen\u00e1rias no Paraguai","description":"A primeira sess\u00e3o plen\u00e1ria das reuni\u00f5es anuais do Grupo Banco Interamericano de Desenvolvimento (BID), realizadas nesta semana no Paraguai, ocorreu nesta","robots":{"index":"index","follow":"follow","max-snippet":"max-snippet:-1","max-image-preview":"max-image-preview:large","max-video-preview":"max-video-preview:-1"},"canonical":"https:\/\/efecomunica.efe.com\/pt-pt\/bid-apresenta-programa-de-minerais-criticos-e-inicia-sessoes-plenarias-no-paraguai\/","schema":{"@context":"https:\/\/schema.org","@graph":[{"@type":"Article","@id":"https:\/\/efecomunica.efe.com\/pt-pt\/bid-apresenta-programa-de-minerais-criticos-e-inicia-sessoes-plenarias-no-paraguai\/#article","isPartOf":{"@id":"https:\/\/efecomunica.efe.com\/pt-pt\/bid-apresenta-programa-de-minerais-criticos-e-inicia-sessoes-plenarias-no-paraguai\/"},"author":{"name":"Ana Paula Raposo Chain","@id":"https:\/\/efecomunica.efe.com\/#\/schema\/person\/c909104001020699b704e3df33fef431"},"headline":"BID apresenta programa de minerais cr\u00edticos e inicia sess\u00f5es plen\u00e1rias no Paraguai","datePublished":"2026-03-13T20:17:36+00:00","dateModified":"2026-03-14T21:19:52+00:00","mainEntityOfPage":{"@id":"https:\/\/efecomunica.efe.com\/pt-pt\/bid-apresenta-programa-de-minerais-criticos-e-inicia-sessoes-plenarias-no-paraguai\/"},"wordCount":698,"publisher":{"@id":"https:\/\/efecomunica.efe.com\/#organization"},"image":{"@id":"https:\/\/efecomunica.efe.com\/pt-pt\/bid-apresenta-programa-de-minerais-criticos-e-inicia-sessoes-plenarias-no-paraguai\/#primaryimage"},"thumbnailUrl":"https:\/\/efecomunica.efe.com\/wp-content\/uploads\/2026\/03\/rss-efe541b924a67119f804436e3395c9fab7f50b2d450w-1120x747-1.webp","keywords":["BID","econom\u00eda","minerais","paraguai"],"articleSection":["Economia"],"inLanguage":"pt-PT"},{"@type":"WebPage","@id":"https:\/\/efecomunica.efe.com\/pt-pt\/bid-apresenta-programa-de-minerais-criticos-e-inicia-sessoes-plenarias-no-paraguai\/","url":"https:\/\/efecomunica.efe.com\/pt-pt\/bid-apresenta-programa-de-minerais-criticos-e-inicia-sessoes-plenarias-no-paraguai\/","name":"BID apresenta programa de minerais cr\u00edticos e inicia sess\u00f5es plen\u00e1rias no Paraguai","isPartOf":{"@id":"https:\/\/efecomunica.efe.com\/#website"},"primaryImageOfPage":{"@id":"https:\/\/efecomunica.efe.com\/pt-pt\/bid-apresenta-programa-de-minerais-criticos-e-inicia-sessoes-plenarias-no-paraguai\/#primaryimage"},"image":{"@id":"https:\/\/efecomunica.efe.com\/pt-pt\/bid-apresenta-programa-de-minerais-criticos-e-inicia-sessoes-plenarias-no-paraguai\/#primaryimage"},"thumbnailUrl":"https:\/\/efecomunica.efe.com\/wp-content\/uploads\/2026\/03\/rss-efe541b924a67119f804436e3395c9fab7f50b2d450w-1120x747-1.webp","datePublished":"2026-03-13T20:17:36+00:00","dateModified":"2026-03-14T21:19:52+00:00","description":"A primeira sess\u00e3o plen\u00e1ria das reuni\u00f5es anuais do Grupo Banco Interamericano de Desenvolvimento (BID), realizadas nesta semana no Paraguai, ocorreu nesta","breadcrumb":{"@id":"https:\/\/efecomunica.efe.com\/pt-pt\/bid-apresenta-programa-de-minerais-criticos-e-inicia-sessoes-plenarias-no-paraguai\/#breadcrumb"},"inLanguage":"pt-PT","potentialAction":[{"@type":"ReadAction","target":["https:\/\/efecomunica.efe.com\/pt-pt\/bid-apresenta-programa-de-minerais-criticos-e-inicia-sessoes-plenarias-no-paraguai\/"]}]},{"@type":"ImageObject","inLanguage":"pt-PT","@id":"https:\/\/efecomunica.efe.com\/pt-pt\/bid-apresenta-programa-de-minerais-criticos-e-inicia-sessoes-plenarias-no-paraguai\/#primaryimage","url":"https:\/\/efecomunica.efe.com\/wp-content\/uploads\/2026\/03\/rss-efe541b924a67119f804436e3395c9fab7f50b2d450w-1120x747-1.webp","contentUrl":"https:\/\/efecomunica.efe.com\/wp-content\/uploads\/2026\/03\/rss-efe541b924a67119f804436e3395c9fab7f50b2d450w-1120x747-1.webp","width":1120,"height":747},{"@type":"BreadcrumbList","@id":"https:\/\/efecomunica.efe.com\/pt-pt\/bid-apresenta-programa-de-minerais-criticos-e-inicia-sessoes-plenarias-no-paraguai\/#breadcrumb","itemListElement":[{"@type":"ListItem","position":1,"name":"Portada","item":"https:\/\/efecomunica.efe.com\/pt-pt\/"},{"@type":"ListItem","position":2,"name":"BID apresenta programa de minerais cr\u00edticos e inicia sess\u00f5es plen\u00e1rias no Paraguai"}]},{"@type":"WebSite","@id":"https:\/\/efecomunica.efe.com\/#website","url":"https:\/\/efecomunica.efe.com\/","name":"EFE Comunica","description":"Contenidos para empresas","publisher":{"@id":"https:\/\/efecomunica.efe.com\/#organization"},"potentialAction":[{"@type":"SearchAction","target":{"@type":"EntryPoint","urlTemplate":"https:\/\/efecomunica.efe.com\/?s={search_term_string}"},"query-input":{"@type":"PropertyValueSpecification","valueRequired":true,"valueName":"search_term_string"}}],"inLanguage":"pt-PT"},{"@type":"Organization","@id":"https:\/\/efecomunica.efe.com\/#organization","name":"EFE Comunica","url":"https:\/\/efecomunica.efe.com\/","logo":{"@type":"ImageObject","inLanguage":"pt-PT","@id":"https:\/\/efecomunica.efe.com\/#\/schema\/logo\/image\/","url":"https:\/\/efecomunica.efe.com\/wp-content\/uploads\/2020\/12\/Logo-EFE-Comunica_png.png","contentUrl":"https:\/\/efecomunica.efe.com\/wp-content\/uploads\/2020\/12\/Logo-EFE-Comunica_png.png","width":1080,"height":486,"caption":"EFE Comunica"},"image":{"@id":"https:\/\/efecomunica.efe.com\/#\/schema\/logo\/image\/"},"sameAs":["https:\/\/www.facebook.com\/EFEComunicaAgenciaEFE","https:\/\/x.com\/EFEcomunica","https:\/\/www.linkedin.com\/showcase\/efecomunica"]},{"@type":"Person","@id":"https:\/\/efecomunica.efe.com\/#\/schema\/person\/c909104001020699b704e3df33fef431","name":"Ana Paula Raposo Chain","image":{"@type":"ImageObject","inLanguage":"pt-PT","@id":"https:\/\/secure.gravatar.com\/avatar\/fdb673c87ee0b2e7929d64a955445cfbf4bfc5af80baee97082d08a440db678f?s=96&d=identicon&r=g","url":"https:\/\/secure.gravatar.com\/avatar\/fdb673c87ee0b2e7929d64a955445cfbf4bfc5af80baee97082d08a440db678f?s=96&d=identicon&r=g","contentUrl":"https:\/\/secure.gravatar.com\/avatar\/fdb673c87ee0b2e7929d64a955445cfbf4bfc5af80baee97082d08a440db678f?s=96&d=identicon&r=g","caption":"Ana Paula Raposo Chain"},"url":"https:\/\/efecomunica.efe.com\/pt-pt\/author\/achain\/"}]}},"jetpack_featured_media_url":"https:\/\/efecomunica.efe.com\/wp-content\/uploads\/2026\/03\/rss-efe541b924a67119f804436e3395c9fab7f50b2d450w-1120x747-1.webp","jetpack_likes_enabled":true,"jetpack_shortlink":"https:\/\/wp.me\/pcEg1r-TBV","jetpack_sharing_enabled":true,"_links":{"self":[{"href":"https:\/\/efecomunica.efe.com\/pt-pt\/wp-json\/wp\/v2\/posts\/213771","targetHints":{"allow":["GET"]}}],"collection":[{"href":"https:\/\/efecomunica.efe.com\/pt-pt\/wp-json\/wp\/v2\/posts"}],"about":[{"href":"https:\/\/efecomunica.efe.com\/pt-pt\/wp-json\/wp\/v2\/types\/post"}],"author":[{"embeddable":true,"href":"https:\/\/efecomunica.efe.com\/pt-pt\/wp-json\/wp\/v2\/users\/198164093"}],"replies":[{"embeddable":true,"href":"https:\/\/efecomunica.efe.com\/pt-pt\/wp-json\/wp\/v2\/comments?post=213771"}],"version-history":[{"count":2,"href":"https:\/\/efecomunica.efe.com\/pt-pt\/wp-json\/wp\/v2\/posts\/213771\/revisions"}],"predecessor-version":[{"id":213774,"href":"https:\/\/efecomunica.efe.com\/pt-pt\/wp-json\/wp\/v2\/posts\/213771\/revisions\/213774"}],"wp:featuredmedia":[{"embeddable":true,"href":"https:\/\/efecomunica.efe.com\/pt-pt\/wp-json\/wp\/v2\/media\/213773"}],"wp:attachment":[{"href":"https:\/\/efecomunica.efe.com\/pt-pt\/wp-json\/wp\/v2\/media?parent=213771"}],"wp:term":[{"taxonomy":"category","embeddable":true,"href":"https:\/\/efecomunica.efe.com\/pt-pt\/wp-json\/wp\/v2\/categories?post=213771"},{"taxonomy":"post_tag","embeddable":true,"href":"https:\/\/efecomunica.efe.com\/pt-pt\/wp-json\/wp\/v2\/tags?post=213771"}],"curies":[{"name":"wp","href":"https:\/\/api.w.org\/{rel}","templated":true}]}}