{"id":213791,"date":"2026-03-11T20:17:06","date_gmt":"2026-03-11T19:17:06","guid":{"rendered":"https:\/\/efecomunica.efe.com\/?p=213791"},"modified":"2026-03-14T22:36:59","modified_gmt":"2026-03-14T21:36:59","slug":"bid-inicia-reunioes-anuais-projetando-uma-cooperacao-mais-agil-com-a-sociedade-civil-2","status":"publish","type":"post","link":"https:\/\/efecomunica.efe.com\/pt-pt\/bid-inicia-reunioes-anuais-projetando-uma-cooperacao-mais-agil-com-a-sociedade-civil-2\/","title":{"rendered":"BID inicia reuni\u00f5es anuais projetando uma coopera\u00e7\u00e3o mais \u00e1gil com a sociedade civil"},"content":{"rendered":"<p>O Grupo do Banco Interamericano de Desenvolvimento (BID) iniciou nesta quarta-feira no Paraguai suas reuni\u00f5es anuais de 2026 enfatizando seu trabalho conjunto com organiza\u00e7\u00f5es civis e a import\u00e2ncia de aprofund\u00e1-lo e refin\u00e1-lo ainda mais para alcan\u00e7ar uma melhor compreens\u00e3o das problem\u00e1ticas das comunidades que s\u00e3o o foco de seus projetos de impulso econ\u00f4mico.<\/p>\n<blockquote><p>&#8220;Queremos reservar um tempo para ouvi-los: o que podemos fazer melhor, o que estamos fazendo bem e quais temas os preocupam&#8221;, afirmou, dirigindo-se \u00e0s organiza\u00e7\u00f5es da sociedade civil presentes, o presidente do Grupo BID, Ilan Goldfajn, em seu discurso de abertura do evento.<\/p><\/blockquote>\n<p>Goldfajn lembrou que desde 2025 o Grupo est\u00e1 tra\u00e7ando um novo Plano de Relacionamento com a Sociedade Civil que a entidade e diferentes atores do chamado terceiro setor est\u00e3o desenvolvendo conjuntamente.<\/p>\n<p>O presidente do BID congratulou-se pela participa\u00e7\u00e3o nas reuni\u00f5es anuais de 60 organiza\u00e7\u00f5es de cidad\u00e3os, incluindo v\u00e1rias que representam povos ind\u00edgenas, afrodescendentes e comunidades tradicionais.<\/p>\n<blockquote><p>&#8220;Voc\u00eas fazem parte dos nossos projetos, das nossas estrat\u00e9gias e da maneira como operamos como institui\u00e7\u00e3o. Ajudam-nos a compreender melhor as realidades da Am\u00e9rica Latina e do Caribe e nos estimulam a ser mais eficazes e respons\u00e1veis&#8221;, assegurou.<\/p><\/blockquote>\n<h2>ESTUDO INDEPENDENTE<\/h2>\n<p>Goldfajn explicou que, para criar o novo Plano de Relacionamento, recorreu-se a um estudo aprofundado realizado por um ator independente, neste caso a Escola de Servi\u00e7o Internacional (SIS) da American University, que destaca as \u00e1reas que exigem maior trabalho, principalmente comunica\u00e7\u00e3o e acesso \u00e0 informa\u00e7\u00e3o.<\/p>\n<p>Segundo o presidente do Grupo BID, o estudo refor\u00e7a a ideia de que a &#8220;sociedade civil n\u00e3o deve ser vista apenas como um ator que recebe informa\u00e7\u00f5es, mas como um aliado no design e na implementa\u00e7\u00e3o de projetos e iniciativas&#8221; e que o diagn\u00f3stico compartilhado \u00e9 de que o novo plano cria &#8220;uma oportunidade para construir uma rela\u00e7\u00e3o mais estruturada, cont\u00ednua e eficaz, com expectativas mais claras e um melhor acompanhamento&#8221;.<\/p>\n<p>Nessas reuni\u00f5es anuais, acaba de come\u00e7ar a fase de &#8220;di\u00e1logo e cocria\u00e7\u00e3o&#8221; do novo Plano de Relacionamento, com o objetivo de manter conversas at\u00e9 meados de 2026 para produzir um primeiro rascunho da nova estrat\u00e9gia.<\/p>\n<p>Para o segundo semestre est\u00e1 prevista a convoca\u00e7\u00e3o de outro F\u00f3rum da Sociedade Civil para revisar e aperfei\u00e7oar conjuntamente o referido rascunho, com a ideia de que o novo plano esteja pronto para o final do ano, frisou Goldfajn.<\/p>\n<p>O ex-presidente do Banco Central brasileiro n\u00e3o quis deixar de fora de sua apresenta\u00e7\u00e3o exemplos claros de como o di\u00e1logo direto com as comunidades \u00e9 fundamental para tornar os impactos dos programas da entidade muito mais eficientes, e falou sobre a reabilita\u00e7\u00e3o de uma rodovia em uma \u00e1rea com grandes desafios de acesso na regi\u00e3o ind\u00edgena Ng\u00e4be-Bugl\u00e9, no Panam\u00e1.<\/p>\n<p>Goldfajn explicou que neste projeto foi aplicada a &#8220;etnoengenharia, uma abordagem que incorpora o conhecimento tradicional ind\u00edgena no design t\u00e9cnico&#8221; e que, por meio do di\u00e1logo com representantes da sociedade local, foram introduzidas &#8220;considera\u00e7\u00f5es culturais no design&#8221; em linha com as necessidades dos habitantes da regi\u00e3o.<\/p>\n<blockquote><p>&#8220;O resultado foi um projeto sustent\u00e1vel, com forte apropria\u00e7\u00e3o comunit\u00e1ria e benef\u00edcios de desenvolvimento mais amplos, incluindo um melhor acesso a servi\u00e7os e maior mobilidade&#8221;, concluiu o presidente do Grupo.<\/p><\/blockquote>\n<p>Em pain\u00e9is posteriores, James Scriven, gerente geral do BID Invest, o bra\u00e7o do Grupo dedicado ao setor privado, enfatizou a import\u00e2ncia dos contatos com a sociedade civil na fase inicial de qualquer projeto e lembrou que, embora o Grupo BID tenha escrit\u00f3rios em seus 26 pa\u00edses membros tomadores de empr\u00e9stimos na Am\u00e9rica Latina e no Caribe, &#8220;as organiza\u00e7\u00f5es civis sempre entendem melhor o que acontece no terreno&#8221;.<\/p>\n<p>Por sua vez, a diretora da associa\u00e7\u00e3o mexicana Coes\u00e3o Comunit\u00e1ria e Inova\u00e7\u00e3o Social, Suhayla Bazbaz, destacou a import\u00e2ncia de respeitar a autonomia e a livre determina\u00e7\u00e3o de cada comunidade particular e de &#8220;diversificar o conceito de desenvolvimento&#8221; para cada uma delas, j\u00e1 que algumas podem exigir financiamento direto e outras n\u00e3o, e cada uma requer, al\u00e9m disso, atores muito espec\u00edficos para executar projetos.<\/p>\n<p>Por sua vez, Mariana Franco, secret\u00e1ria-executiva da Redes Chaco, agrupamento de organiza\u00e7\u00f5es civis sediado no Paraguai mas focado em todo o Gran Chaco, sublinhou a m\u00e1xima de que &#8220;as solu\u00e7\u00f5es sempre t\u00eam que estar baseadas no territ\u00f3rio e de que o territ\u00f3rio tamb\u00e9m \u00e9 capaz de inovar&#8221;. EFE<\/p>\n","protected":false},"excerpt":{"rendered":"<p>O Grupo do Banco Interamericano de Desenvolvimento (BID) iniciou nesta quarta-feira no Paraguai suas reuni\u00f5es anuais de 2026 enfatizando seu trabalho conjunto com organiza\u00e7\u00f5es civis e a import\u00e2ncia de aprofund\u00e1-lo [&hellip;]<\/p>\n","protected":false},"author":198164093,"featured_media":213793,"comment_status":"closed","ping_status":"closed","sticky":false,"template":"","format":"standard","meta":{"_acf_changed":false,"_jetpack_newsletter_access":"","_jetpack_dont_email_post_to_subs":false,"_jetpack_newsletter_tier_id":0,"_jetpack_memberships_contains_paywalled_content":false,"_jetpack_memberships_contains_paid_content":false,"footnotes":"","jetpack_post_was_ever_published":false},"categories":[123875],"tags":[128320,126417,128500],"class_list":["post-213791","post","type-post","status-publish","format-standard","has-post-thumbnail","hentry","category-economia-pt-pt","tag-bid-pt-pt","tag-economia-pt-pt","tag-paraguai"],"acf":[],"yoast_head":"<!-- This site is optimized with the Yoast SEO plugin v27.5 - https:\/\/yoast.com\/product\/yoast-seo-wordpress\/ -->\n<title>BID inicia reuni\u00f5es anuais projetando uma coopera\u00e7\u00e3o mais \u00e1gil com a sociedade civil<\/title>\n<meta name=\"description\" content=\"O Grupo do Banco Interamericano de Desenvolvimento (BID) iniciou nesta quarta-feira no Paraguai suas reuni\u00f5es anuais de 2026 enfatizando seu trabalho\" \/>\n<meta name=\"robots\" content=\"index, follow, max-snippet:-1, max-image-preview:large, max-video-preview:-1\" \/>\n<link rel=\"canonical\" href=\"https:\/\/efecomunica.efe.com\/pt-pt\/bid-inicia-reunioes-anuais-projetando-uma-cooperacao-mais-agil-com-a-sociedade-civil-2\/\" \/>\n<!-- \/ Yoast SEO plugin. -->","yoast_head_json":{"title":"BID inicia reuni\u00f5es anuais projetando uma coopera\u00e7\u00e3o mais \u00e1gil com a sociedade civil","description":"O Grupo do Banco Interamericano de Desenvolvimento (BID) iniciou nesta quarta-feira no Paraguai suas reuni\u00f5es anuais de 2026 enfatizando seu trabalho","robots":{"index":"index","follow":"follow","max-snippet":"max-snippet:-1","max-image-preview":"max-image-preview:large","max-video-preview":"max-video-preview:-1"},"canonical":"https:\/\/efecomunica.efe.com\/pt-pt\/bid-inicia-reunioes-anuais-projetando-uma-cooperacao-mais-agil-com-a-sociedade-civil-2\/","schema":{"@context":"https:\/\/schema.org","@graph":[{"@type":"Article","@id":"https:\/\/efecomunica.efe.com\/pt-pt\/bid-inicia-reunioes-anuais-projetando-uma-cooperacao-mais-agil-com-a-sociedade-civil-2\/#article","isPartOf":{"@id":"https:\/\/efecomunica.efe.com\/pt-pt\/bid-inicia-reunioes-anuais-projetando-uma-cooperacao-mais-agil-com-a-sociedade-civil-2\/"},"author":{"name":"Ana Paula Raposo Chain","@id":"https:\/\/efecomunica.efe.com\/#\/schema\/person\/c909104001020699b704e3df33fef431"},"headline":"BID inicia reuni\u00f5es anuais projetando uma coopera\u00e7\u00e3o mais \u00e1gil com a sociedade civil","datePublished":"2026-03-11T19:17:06+00:00","dateModified":"2026-03-14T21:36:59+00:00","mainEntityOfPage":{"@id":"https:\/\/efecomunica.efe.com\/pt-pt\/bid-inicia-reunioes-anuais-projetando-uma-cooperacao-mais-agil-com-a-sociedade-civil-2\/"},"wordCount":785,"publisher":{"@id":"https:\/\/efecomunica.efe.com\/#organization"},"image":{"@id":"https:\/\/efecomunica.efe.com\/pt-pt\/bid-inicia-reunioes-anuais-projetando-uma-cooperacao-mais-agil-com-a-sociedade-civil-2\/#primaryimage"},"thumbnailUrl":"https:\/\/efecomunica.efe.com\/wp-content\/uploads\/2026\/03\/rss-efe76518925a3411d9672c707f379f40763788266afw-1120x747-1.webp","keywords":["BID","econom\u00eda","paraguai"],"articleSection":["Economia"],"inLanguage":"pt-PT"},{"@type":"WebPage","@id":"https:\/\/efecomunica.efe.com\/pt-pt\/bid-inicia-reunioes-anuais-projetando-uma-cooperacao-mais-agil-com-a-sociedade-civil-2\/","url":"https:\/\/efecomunica.efe.com\/pt-pt\/bid-inicia-reunioes-anuais-projetando-uma-cooperacao-mais-agil-com-a-sociedade-civil-2\/","name":"BID inicia reuni\u00f5es anuais projetando uma coopera\u00e7\u00e3o mais \u00e1gil com a sociedade civil","isPartOf":{"@id":"https:\/\/efecomunica.efe.com\/#website"},"primaryImageOfPage":{"@id":"https:\/\/efecomunica.efe.com\/pt-pt\/bid-inicia-reunioes-anuais-projetando-uma-cooperacao-mais-agil-com-a-sociedade-civil-2\/#primaryimage"},"image":{"@id":"https:\/\/efecomunica.efe.com\/pt-pt\/bid-inicia-reunioes-anuais-projetando-uma-cooperacao-mais-agil-com-a-sociedade-civil-2\/#primaryimage"},"thumbnailUrl":"https:\/\/efecomunica.efe.com\/wp-content\/uploads\/2026\/03\/rss-efe76518925a3411d9672c707f379f40763788266afw-1120x747-1.webp","datePublished":"2026-03-11T19:17:06+00:00","dateModified":"2026-03-14T21:36:59+00:00","description":"O Grupo do Banco Interamericano de Desenvolvimento (BID) iniciou nesta quarta-feira no Paraguai suas reuni\u00f5es anuais de 2026 enfatizando seu trabalho","breadcrumb":{"@id":"https:\/\/efecomunica.efe.com\/pt-pt\/bid-inicia-reunioes-anuais-projetando-uma-cooperacao-mais-agil-com-a-sociedade-civil-2\/#breadcrumb"},"inLanguage":"pt-PT","potentialAction":[{"@type":"ReadAction","target":["https:\/\/efecomunica.efe.com\/pt-pt\/bid-inicia-reunioes-anuais-projetando-uma-cooperacao-mais-agil-com-a-sociedade-civil-2\/"]}]},{"@type":"ImageObject","inLanguage":"pt-PT","@id":"https:\/\/efecomunica.efe.com\/pt-pt\/bid-inicia-reunioes-anuais-projetando-uma-cooperacao-mais-agil-com-a-sociedade-civil-2\/#primaryimage","url":"https:\/\/efecomunica.efe.com\/wp-content\/uploads\/2026\/03\/rss-efe76518925a3411d9672c707f379f40763788266afw-1120x747-1.webp","contentUrl":"https:\/\/efecomunica.efe.com\/wp-content\/uploads\/2026\/03\/rss-efe76518925a3411d9672c707f379f40763788266afw-1120x747-1.webp","width":1120,"height":747},{"@type":"BreadcrumbList","@id":"https:\/\/efecomunica.efe.com\/pt-pt\/bid-inicia-reunioes-anuais-projetando-uma-cooperacao-mais-agil-com-a-sociedade-civil-2\/#breadcrumb","itemListElement":[{"@type":"ListItem","position":1,"name":"Portada","item":"https:\/\/efecomunica.efe.com\/pt-pt\/"},{"@type":"ListItem","position":2,"name":"BID inicia reuni\u00f5es anuais projetando uma coopera\u00e7\u00e3o mais \u00e1gil com a sociedade civil"}]},{"@type":"WebSite","@id":"https:\/\/efecomunica.efe.com\/#website","url":"https:\/\/efecomunica.efe.com\/","name":"EFE Comunica","description":"Contenidos para empresas","publisher":{"@id":"https:\/\/efecomunica.efe.com\/#organization"},"potentialAction":[{"@type":"SearchAction","target":{"@type":"EntryPoint","urlTemplate":"https:\/\/efecomunica.efe.com\/?s={search_term_string}"},"query-input":{"@type":"PropertyValueSpecification","valueRequired":true,"valueName":"search_term_string"}}],"inLanguage":"pt-PT"},{"@type":"Organization","@id":"https:\/\/efecomunica.efe.com\/#organization","name":"EFE Comunica","url":"https:\/\/efecomunica.efe.com\/","logo":{"@type":"ImageObject","inLanguage":"pt-PT","@id":"https:\/\/efecomunica.efe.com\/#\/schema\/logo\/image\/","url":"https:\/\/efecomunica.efe.com\/wp-content\/uploads\/2020\/12\/Logo-EFE-Comunica_png.png","contentUrl":"https:\/\/efecomunica.efe.com\/wp-content\/uploads\/2020\/12\/Logo-EFE-Comunica_png.png","width":1080,"height":486,"caption":"EFE Comunica"},"image":{"@id":"https:\/\/efecomunica.efe.com\/#\/schema\/logo\/image\/"},"sameAs":["https:\/\/www.facebook.com\/EFEComunicaAgenciaEFE","https:\/\/x.com\/EFEcomunica","https:\/\/www.linkedin.com\/showcase\/efecomunica"]},{"@type":"Person","@id":"https:\/\/efecomunica.efe.com\/#\/schema\/person\/c909104001020699b704e3df33fef431","name":"Ana Paula Raposo Chain","image":{"@type":"ImageObject","inLanguage":"pt-PT","@id":"https:\/\/secure.gravatar.com\/avatar\/fdb673c87ee0b2e7929d64a955445cfbf4bfc5af80baee97082d08a440db678f?s=96&d=identicon&r=g","url":"https:\/\/secure.gravatar.com\/avatar\/fdb673c87ee0b2e7929d64a955445cfbf4bfc5af80baee97082d08a440db678f?s=96&d=identicon&r=g","contentUrl":"https:\/\/secure.gravatar.com\/avatar\/fdb673c87ee0b2e7929d64a955445cfbf4bfc5af80baee97082d08a440db678f?s=96&d=identicon&r=g","caption":"Ana Paula Raposo Chain"},"url":"https:\/\/efecomunica.efe.com\/pt-pt\/author\/achain\/"}]}},"jetpack_featured_media_url":"https:\/\/efecomunica.efe.com\/wp-content\/uploads\/2026\/03\/rss-efe76518925a3411d9672c707f379f40763788266afw-1120x747-1.webp","jetpack_likes_enabled":true,"jetpack_shortlink":"https:\/\/wp.me\/pcEg1r-TCf","jetpack_sharing_enabled":true,"_links":{"self":[{"href":"https:\/\/efecomunica.efe.com\/pt-pt\/wp-json\/wp\/v2\/posts\/213791","targetHints":{"allow":["GET"]}}],"collection":[{"href":"https:\/\/efecomunica.efe.com\/pt-pt\/wp-json\/wp\/v2\/posts"}],"about":[{"href":"https:\/\/efecomunica.efe.com\/pt-pt\/wp-json\/wp\/v2\/types\/post"}],"author":[{"embeddable":true,"href":"https:\/\/efecomunica.efe.com\/pt-pt\/wp-json\/wp\/v2\/users\/198164093"}],"replies":[{"embeddable":true,"href":"https:\/\/efecomunica.efe.com\/pt-pt\/wp-json\/wp\/v2\/comments?post=213791"}],"version-history":[{"count":2,"href":"https:\/\/efecomunica.efe.com\/pt-pt\/wp-json\/wp\/v2\/posts\/213791\/revisions"}],"predecessor-version":[{"id":213794,"href":"https:\/\/efecomunica.efe.com\/pt-pt\/wp-json\/wp\/v2\/posts\/213791\/revisions\/213794"}],"wp:featuredmedia":[{"embeddable":true,"href":"https:\/\/efecomunica.efe.com\/pt-pt\/wp-json\/wp\/v2\/media\/213793"}],"wp:attachment":[{"href":"https:\/\/efecomunica.efe.com\/pt-pt\/wp-json\/wp\/v2\/media?parent=213791"}],"wp:term":[{"taxonomy":"category","embeddable":true,"href":"https:\/\/efecomunica.efe.com\/pt-pt\/wp-json\/wp\/v2\/categories?post=213791"},{"taxonomy":"post_tag","embeddable":true,"href":"https:\/\/efecomunica.efe.com\/pt-pt\/wp-json\/wp\/v2\/tags?post=213791"}],"curies":[{"name":"wp","href":"https:\/\/api.w.org\/{rel}","templated":true}]}}