{"id":217532,"date":"2026-04-01T17:22:01","date_gmt":"2026-04-01T15:22:01","guid":{"rendered":"https:\/\/efecomunica.efe.com\/?p=217532"},"modified":"2026-04-06T17:29:28","modified_gmt":"2026-04-06T15:29:28","slug":"de-videos-virais-ao-oscar-industria-criativa-brasileira-ima-de-turistas-estrangeiros","status":"publish","type":"post","link":"https:\/\/efecomunica.efe.com\/pt-pt\/de-videos-virais-ao-oscar-industria-criativa-brasileira-ima-de-turistas-estrangeiros\/","title":{"rendered":"De v\u00eddeos virais ao Oscar: ind\u00fastria criativa brasileira \u00e9 \u00edm\u00e3 de turistas estrangeiros"},"content":{"rendered":"\r\n\r\nA ind\u00fastria criativa brasileira nunca esteve t\u00e3o em alta. Desde v\u00eddeos virais nas redes sociais at\u00e9 pr\u00eamios internacionais do calibre do Oscar e do Grammy, a popularidade de conte\u00fados nacionais tem contribu\u00eddo para a cria\u00e7\u00e3o de v\u00ednculos entre estrangeiros e o pa\u00eds, transformando-se em um \u00edm\u00e3 de turistas e f\u00e3s de todo o mundo.\r\n\r\n \r\n\r\nCom o fen\u00f4meno da internet como propulsor, a cultura e as hist\u00f3rias contadas por artistas brasileiros j\u00e1 n\u00e3o t\u00eam fronteiras, e n\u00e3o faltam exemplos dessa realidade. M\u00fasicas brasileiras aparecem com frequ\u00eancia entre as 50 mais tocadas nos rankings globais di\u00e1rios da plataforma Spotify.\r\n\r\n \r\n\r\nApesar da barreira do idioma, a m\u00fasica &#8220;Jetski&#8221;, do DJ brasileiro Pedro Sampaio, apareceu no final de mar\u00e7o entre as 40 virais mais tocadas da plataforma na Espanha.\r\n\r\n \r\n\r\nAl\u00e9m disso, em pa\u00edses vizinhos como Argentina, Paraguai e Uruguai, faixas brasileiras tamb\u00e9m ficaram entre as 30 mais ouvidas no streaming, segundo dados referentes ao m\u00eas de mar\u00e7o.\r\n\r\n \r\n\r\nNo setor audiovisual, esse protagonismo tamb\u00e9m n\u00e3o \u00e9 diferente, e cresceu ainda mais depois do sucesso de \u201cAinda Estou Aqui\u201d.\r\n\r\n \r\n\r\nA produ\u00e7\u00e3o dirigida por Walter Salles e estrelada por Fernanda Torres e Selton Mello catapultou ainda mais o cinema brasileiro ao conquistar uma s\u00e9rie de pr\u00eamios internacionais, incluindo uma estatueta in\u00e9dita na categoria de melhor filme internacional no Oscar 2025.\r\n\r\n \r\n\r\nSeguindo a tend\u00eancia, &#8220;O Agente Secreto&#8221; manteve a imagem da ind\u00fastria cinematogr\u00e1fica brasileira em alta em 2026, com dois Globos de Ouro e quatro indica\u00e7\u00f5es ao Oscar.\r\n\r\n \r\n\r\nAl\u00e9m disso, o filme de Kleber Mendon\u00e7a Filho e protagonizado por Wagner Moura permaneceu durante duas semanas entre os cinco principais filmes de l\u00edngua n\u00e3o inglesa mais assistidos globalmente na Netflix, com quase 4 milh\u00f5es de visualiza\u00e7\u00f5es entre 9 e 22 de mar\u00e7o.\r\n\r\n \r\n<h2 id=\"h-a-estrategia-por-tras-dos-recordes\" class=\"wp-block-heading\">A estrat\u00e9gia por tr\u00e1s dos recordes<\/h2>\r\n \r\n\r\nCom uma ind\u00fastria criativa t\u00e3o potente em capacidade de gerar identifica\u00e7\u00e3o e conex\u00f5es emocionais com o p\u00fablico, o Brasil transformou essa fonte de &#8220;soft power&#8221; em uma de suas principais ferramentas estrat\u00e9gicas de promo\u00e7\u00e3o internacional e um dos pilares fundamentais do Plano Brasilis, lan\u00e7ado pela Ag\u00eancia Brasileira de Promo\u00e7\u00e3o Internacional do Turismo (Embratur) em 2025.\r\n\r\n \r\n<blockquote class=\"is-layout-flow wp-block-quote-is-layout-flow\">&#8220;Quando o Brasil aparece de forma positiva nas telas globais, quando nossa m\u00fasica viraliza, quando nossos festivais conquistam o mundo, desperta-se um desejo real de visitar o pa\u00eds. \u00c9 o que refletem os dados: 2024 e 2025 foram anos hist\u00f3ricos, com recordes de chegada de turistas e de receitas&#8221;, destacou o ent\u00e3o presidente da Embratur, Marcelo Freixo.\r\n\r\n \r\n\r\nEm 2025, o Brasil alcan\u00e7ou a marca hist\u00f3rica de 9.287.196 visitantes estrangeiros, n\u00famero 37,1% maior do que o registrado em 2024.<\/blockquote>\r\n \r\n\r\nAl\u00e9m de superar as metas previstas, esse crescimento expressivo fez com que o pa\u00eds liderasse o crescimento do turismo internacional no mundo em 2025, segundo dados da ONU.\r\n\r\n \r\n\r\nDepois dessas marcas hist\u00f3ricas, o Brasil alcan\u00e7ou, entre janeiro e fevereiro de 2026, o segundo melhor resultado para o bimestre j\u00e1 registrado, com a chegada de mais de 2,6 milh\u00f5es de visitantes internacionais.\r\n\r\n \r\n\r\nHouve tamb\u00e9m um crescimento importante no n\u00famero de turistas vindos da Europa e da Am\u00e9rica do Sul em compara\u00e7\u00e3o com o mesmo per\u00edodo do ano passado, com destaque para pa\u00edses como Col\u00f4mbia (+37%), Portugal (+29,7%), Alemanha (+17%), Reino Unido (+14,5%) e Chile (+11,3%).\r\n\r\n \r\n<h2 id=\"h-momento-e-voz-da-brasilidade\" class=\"wp-block-heading\">Momento e voz da brasilidade<\/h2>\r\n \r\n\r\nPara debater sobre como continuar avan\u00e7ando com resultados t\u00e3o positivos e consistentes, a Embratur organizou na \u00faltima semana de mar\u00e7o, em Bras\u00edlia, a segunda edi\u00e7\u00e3o Visit Brasil Summit.\r\n\r\n \r\n\r\nDurante o evento, que teve como tem\u00e1tica central &#8220;O momento e a voz da brasilidade&#8221;, especialistas e autoridades destacaram o posicionamento do pa\u00eds como refer\u00eancia no turismo internacional e elogiaram a metodologia e a vis\u00e3o hol\u00edstica por tr\u00e1s do Plano Brasilis, assim como sua execu\u00e7\u00e3o.\r\n\r\n \r\n\r\nNesse sentido, Maur\u00edcio Mota, empres\u00e1rio e produtor brasileiro radicado em Los Angeles, destacou que &#8220;o turismo brasileiro \u00e9 hoje a maior pot\u00eancia de gera\u00e7\u00e3o de &#8216;soft power&#8217; do pa\u00eds e a ind\u00fastria que gera o maior produto nacional de exporta\u00e7\u00e3o e viraliza\u00e7\u00e3o global&#8221;.\r\n\r\n \r\n<blockquote class=\"wp-block-quote is-layout-flow wp-block-quote-is-layout-flow\">&#8220;A tecnologia do afeto \u00e9 o nosso maior produto de exporta\u00e7\u00e3o. Tudo o que fazemos no Brasil leva afeto. Tudo de diferente que fazemos \u00e9 pelo afeto, e todas as etapas do turismo brasileiro tamb\u00e9m s\u00e3o enriquecidas por essa tecnologia&#8221;, ressaltou.\r\n\r\n<\/blockquote>\r\n \r\n\r\nPara ele, se o Brasil conseguisse adotar novas maneiras de organizar essa tecnologia, \u201cem 10 anos poderia ser a pr\u00f3xima Coreia do Sul\u201d, um pa\u00eds que, segundo disse, n\u00e3o tem \u201cnem 10% da criatividade\u201d brasileira, mas est\u00e1 contando globalmente hist\u00f3rias que poderiam ser do Brasil.\r\n\r\n \r\n<h2 id=\"h-o-poder-de-boas-historias\" class=\"wp-block-heading\">O poder de boas hist\u00f3rias<\/h2>\r\n \r\n\r\nEssa virada de chave pode estar no Plano Brasilis, que conta com um forte apelo audiovisual e cultural.\r\n\r\n \r\n\r\nAl\u00e9m de utilizar esses formatos para potencializar seus objetivos de comunica\u00e7\u00e3o, o plano prev\u00ea medidas para fomentar o desenvolvimento de um setor que pode ser um dos principais motores do crescimento do turismo nacional.\r\n\r\n \r\n\r\nEntre elas est\u00e3o editais e projetos de financiamento para a produ\u00e7\u00e3o e difus\u00e3o de conte\u00fados audiovisuais nacionais e a cria\u00e7\u00e3o de comiss\u00f5es que facilitam os processos burocr\u00e1ticos e log\u00edsticos para a realiza\u00e7\u00e3o de produ\u00e7\u00f5es no pa\u00eds.\r\n\r\n \r\n\r\nCom uma vis\u00e3o mais ampla do assunto, a empres\u00e1ria e especialista em branding global Ana Couto destacou durante o evento que o Brasil est\u00e1 voltando a ocupar um lugar muito poderoso no cen\u00e1rio internacional com uma autoridade aut\u00eantica, resultado de uma caracter\u00edstica que est\u00e1 no DNA do brasileiro: contar hist\u00f3rias.\r\n\r\n \r\n<blockquote>&#8220;Temos que continuar fazendo isso de forma mais intencional e estrat\u00e9gica. Quando ganhamos um Oscar, \u00e9 porque estamos trabalhando para isso, e porque estamos come\u00e7ando a deixar de importar para exportar quem somos&#8221;, afirmou.<\/blockquote>\r\n<img fetchpriority=\"high\" decoding=\"async\" data-attachment-id=\"217535\" data-permalink=\"https:\/\/efecomunica.efe.com\/pt-pt\/de-videos-virais-ao-oscar-industria-criativa-brasileira-ima-de-turistas-estrangeiros\/93294f9835540efd2b69f220b1e5309b9967da46\/\" data-orig-file=\"https:\/\/efecomunica.efe.com\/wp-content\/uploads\/2026\/04\/93294f9835540efd2b69f220b1e5309b9967da46.jpg\" data-orig-size=\"1920,1280\" data-comments-opened=\"0\" data-image-meta=\"{&quot;aperture&quot;:&quot;0&quot;,&quot;credit&quot;:&quot;&quot;,&quot;camera&quot;:&quot;&quot;,&quot;caption&quot;:&quot;&quot;,&quot;created_timestamp&quot;:&quot;0&quot;,&quot;copyright&quot;:&quot;&quot;,&quot;focal_length&quot;:&quot;0&quot;,&quot;iso&quot;:&quot;0&quot;,&quot;shutter_speed&quot;:&quot;0&quot;,&quot;title&quot;:&quot;&quot;,&quot;orientation&quot;:&quot;0&quot;}\" data-image-title=\"93294f9835540efd2b69f220b1e5309b9967da46\" data-image-description=\"\" data-image-caption=\"\" data-large-file=\"https:\/\/efecomunica.efe.com\/wp-content\/uploads\/2026\/04\/93294f9835540efd2b69f220b1e5309b9967da46-1024x683.jpg\" class=\" wp-image-217535 aligncenter\" src=\"https:\/\/efecomunica.efe.com\/wp-content\/uploads\/2026\/04\/93294f9835540efd2b69f220b1e5309b9967da46-300x200.jpg\" alt=\"\" width=\"1103\" height=\"736\" srcset=\"https:\/\/efecomunica.efe.com\/wp-content\/uploads\/2026\/04\/93294f9835540efd2b69f220b1e5309b9967da46-300x200.jpg 300w, https:\/\/efecomunica.efe.com\/wp-content\/uploads\/2026\/04\/93294f9835540efd2b69f220b1e5309b9967da46-1024x683.jpg 1024w, https:\/\/efecomunica.efe.com\/wp-content\/uploads\/2026\/04\/93294f9835540efd2b69f220b1e5309b9967da46-768x512.jpg 768w, https:\/\/efecomunica.efe.com\/wp-content\/uploads\/2026\/04\/93294f9835540efd2b69f220b1e5309b9967da46-1120x747.jpg 1120w, https:\/\/efecomunica.efe.com\/wp-content\/uploads\/2026\/04\/93294f9835540efd2b69f220b1e5309b9967da46-1536x1024.jpg 1536w, https:\/\/efecomunica.efe.com\/wp-content\/uploads\/2026\/04\/93294f9835540efd2b69f220b1e5309b9967da46-430x286.jpg 430w, https:\/\/efecomunica.efe.com\/wp-content\/uploads\/2026\/04\/93294f9835540efd2b69f220b1e5309b9967da46.jpg 1920w\" sizes=\"(max-width: 1103px) 100vw, 1103px\" \/>\r\n\r\n","protected":false},"excerpt":{"rendered":"<p>A ind\u00fastria criativa brasileira nunca esteve t\u00e3o em alta. Desde v\u00eddeos virais nas redes sociais at\u00e9 pr\u00eamios internacionais do calibre do Oscar e do Grammy, a popularidade de conte\u00fados nacionais [&hellip;]<\/p>\n","protected":false},"author":198164093,"featured_media":217534,"comment_status":"closed","ping_status":"closed","sticky":false,"template":"","format":"standard","meta":{"_acf_changed":false,"_jetpack_newsletter_access":"","_jetpack_dont_email_post_to_subs":false,"_jetpack_newsletter_tier_id":0,"_jetpack_memberships_contains_paywalled_content":false,"_jetpack_memberships_contains_paid_content":false,"footnotes":"","jetpack_post_was_ever_published":false},"categories":[123873,123875,125404],"tags":[126695,127936,128528,126444],"class_list":["post-217532","post","type-post","status-publish","format-standard","has-post-thumbnail","hentry","category-cultura-pt-pt","category-economia-pt-pt","category-turismo-pt-pt","tag-brasil-pt-pt","tag-cultura-pt-pt","tag-estrangeiros","tag-turismo-pt-pt"],"acf":[],"yoast_head":"<!-- This site is optimized with the Yoast SEO plugin v27.4 - https:\/\/yoast.com\/product\/yoast-seo-wordpress\/ -->\n<title>De v\u00eddeos virais ao Oscar: ind\u00fastria criativa brasileira \u00e9 \u00edm\u00e3 de turistas estrangeiros<\/title>\n<meta name=\"description\" content=\"Desde v\u00eddeos virais nas redes sociais at\u00e9 pr\u00eamios internacionais como o Oscar t\u00eam atra\u00eddo turistas estrangeiros para o Brasil.\" \/>\n<meta name=\"robots\" content=\"index, follow, max-snippet:-1, max-image-preview:large, max-video-preview:-1\" \/>\n<link rel=\"canonical\" href=\"https:\/\/efecomunica.efe.com\/pt-pt\/de-videos-virais-ao-oscar-industria-criativa-brasileira-ima-de-turistas-estrangeiros\/\" \/>\n<!-- \/ Yoast SEO plugin. -->","yoast_head_json":{"title":"De v\u00eddeos virais ao Oscar: ind\u00fastria criativa brasileira \u00e9 \u00edm\u00e3 de turistas estrangeiros","description":"Desde v\u00eddeos virais nas redes sociais at\u00e9 pr\u00eamios internacionais como o Oscar t\u00eam atra\u00eddo turistas estrangeiros para o Brasil.","robots":{"index":"index","follow":"follow","max-snippet":"max-snippet:-1","max-image-preview":"max-image-preview:large","max-video-preview":"max-video-preview:-1"},"canonical":"https:\/\/efecomunica.efe.com\/pt-pt\/de-videos-virais-ao-oscar-industria-criativa-brasileira-ima-de-turistas-estrangeiros\/","schema":{"@context":"https:\/\/schema.org","@graph":[{"@type":"Article","@id":"https:\/\/efecomunica.efe.com\/pt-pt\/de-videos-virais-ao-oscar-industria-criativa-brasileira-ima-de-turistas-estrangeiros\/#article","isPartOf":{"@id":"https:\/\/efecomunica.efe.com\/pt-pt\/de-videos-virais-ao-oscar-industria-criativa-brasileira-ima-de-turistas-estrangeiros\/"},"author":{"name":"Ana Paula Raposo Chain","@id":"https:\/\/efecomunica.efe.com\/#\/schema\/person\/c909104001020699b704e3df33fef431"},"headline":"De v\u00eddeos virais ao Oscar: ind\u00fastria criativa brasileira \u00e9 \u00edm\u00e3 de turistas estrangeiros","datePublished":"2026-04-01T15:22:01+00:00","dateModified":"2026-04-06T15:29:28+00:00","mainEntityOfPage":{"@id":"https:\/\/efecomunica.efe.com\/pt-pt\/de-videos-virais-ao-oscar-industria-criativa-brasileira-ima-de-turistas-estrangeiros\/"},"wordCount":1015,"publisher":{"@id":"https:\/\/efecomunica.efe.com\/#organization"},"image":{"@id":"https:\/\/efecomunica.efe.com\/pt-pt\/de-videos-virais-ao-oscar-industria-criativa-brasileira-ima-de-turistas-estrangeiros\/#primaryimage"},"thumbnailUrl":"https:\/\/efecomunica.efe.com\/wp-content\/uploads\/2026\/04\/d9f6b26f65e865410e30c9e9b93846e22e8b08c9.jpg","keywords":["brasil","cultura","estrangeiros","turismo"],"articleSection":["Cultura","Economia","Turismo"],"inLanguage":"pt-PT"},{"@type":"WebPage","@id":"https:\/\/efecomunica.efe.com\/pt-pt\/de-videos-virais-ao-oscar-industria-criativa-brasileira-ima-de-turistas-estrangeiros\/","url":"https:\/\/efecomunica.efe.com\/pt-pt\/de-videos-virais-ao-oscar-industria-criativa-brasileira-ima-de-turistas-estrangeiros\/","name":"De v\u00eddeos virais ao Oscar: ind\u00fastria criativa brasileira \u00e9 \u00edm\u00e3 de turistas estrangeiros","isPartOf":{"@id":"https:\/\/efecomunica.efe.com\/#website"},"primaryImageOfPage":{"@id":"https:\/\/efecomunica.efe.com\/pt-pt\/de-videos-virais-ao-oscar-industria-criativa-brasileira-ima-de-turistas-estrangeiros\/#primaryimage"},"image":{"@id":"https:\/\/efecomunica.efe.com\/pt-pt\/de-videos-virais-ao-oscar-industria-criativa-brasileira-ima-de-turistas-estrangeiros\/#primaryimage"},"thumbnailUrl":"https:\/\/efecomunica.efe.com\/wp-content\/uploads\/2026\/04\/d9f6b26f65e865410e30c9e9b93846e22e8b08c9.jpg","datePublished":"2026-04-01T15:22:01+00:00","dateModified":"2026-04-06T15:29:28+00:00","description":"Desde v\u00eddeos virais nas redes sociais at\u00e9 pr\u00eamios internacionais como o Oscar t\u00eam atra\u00eddo turistas estrangeiros para o Brasil.","breadcrumb":{"@id":"https:\/\/efecomunica.efe.com\/pt-pt\/de-videos-virais-ao-oscar-industria-criativa-brasileira-ima-de-turistas-estrangeiros\/#breadcrumb"},"inLanguage":"pt-PT","potentialAction":[{"@type":"ReadAction","target":["https:\/\/efecomunica.efe.com\/pt-pt\/de-videos-virais-ao-oscar-industria-criativa-brasileira-ima-de-turistas-estrangeiros\/"]}]},{"@type":"ImageObject","inLanguage":"pt-PT","@id":"https:\/\/efecomunica.efe.com\/pt-pt\/de-videos-virais-ao-oscar-industria-criativa-brasileira-ima-de-turistas-estrangeiros\/#primaryimage","url":"https:\/\/efecomunica.efe.com\/wp-content\/uploads\/2026\/04\/d9f6b26f65e865410e30c9e9b93846e22e8b08c9.jpg","contentUrl":"https:\/\/efecomunica.efe.com\/wp-content\/uploads\/2026\/04\/d9f6b26f65e865410e30c9e9b93846e22e8b08c9.jpg","width":1920,"height":1280},{"@type":"BreadcrumbList","@id":"https:\/\/efecomunica.efe.com\/pt-pt\/de-videos-virais-ao-oscar-industria-criativa-brasileira-ima-de-turistas-estrangeiros\/#breadcrumb","itemListElement":[{"@type":"ListItem","position":1,"name":"Portada","item":"https:\/\/efecomunica.efe.com\/pt-pt\/"},{"@type":"ListItem","position":2,"name":"De v\u00eddeos virais ao Oscar: ind\u00fastria criativa brasileira \u00e9 \u00edm\u00e3 de turistas estrangeiros"}]},{"@type":"WebSite","@id":"https:\/\/efecomunica.efe.com\/#website","url":"https:\/\/efecomunica.efe.com\/","name":"EFE Comunica","description":"Contenidos para empresas","publisher":{"@id":"https:\/\/efecomunica.efe.com\/#organization"},"potentialAction":[{"@type":"SearchAction","target":{"@type":"EntryPoint","urlTemplate":"https:\/\/efecomunica.efe.com\/?s={search_term_string}"},"query-input":{"@type":"PropertyValueSpecification","valueRequired":true,"valueName":"search_term_string"}}],"inLanguage":"pt-PT"},{"@type":"Organization","@id":"https:\/\/efecomunica.efe.com\/#organization","name":"EFE Comunica","url":"https:\/\/efecomunica.efe.com\/","logo":{"@type":"ImageObject","inLanguage":"pt-PT","@id":"https:\/\/efecomunica.efe.com\/#\/schema\/logo\/image\/","url":"https:\/\/efecomunica.efe.com\/wp-content\/uploads\/2020\/12\/Logo-EFE-Comunica_png.png","contentUrl":"https:\/\/efecomunica.efe.com\/wp-content\/uploads\/2020\/12\/Logo-EFE-Comunica_png.png","width":1080,"height":486,"caption":"EFE Comunica"},"image":{"@id":"https:\/\/efecomunica.efe.com\/#\/schema\/logo\/image\/"},"sameAs":["https:\/\/www.facebook.com\/EFEComunicaAgenciaEFE","https:\/\/x.com\/EFEcomunica","https:\/\/www.linkedin.com\/showcase\/efecomunica"]},{"@type":"Person","@id":"https:\/\/efecomunica.efe.com\/#\/schema\/person\/c909104001020699b704e3df33fef431","name":"Ana Paula Raposo Chain","image":{"@type":"ImageObject","inLanguage":"pt-PT","@id":"https:\/\/secure.gravatar.com\/avatar\/fdb673c87ee0b2e7929d64a955445cfbf4bfc5af80baee97082d08a440db678f?s=96&d=identicon&r=g","url":"https:\/\/secure.gravatar.com\/avatar\/fdb673c87ee0b2e7929d64a955445cfbf4bfc5af80baee97082d08a440db678f?s=96&d=identicon&r=g","contentUrl":"https:\/\/secure.gravatar.com\/avatar\/fdb673c87ee0b2e7929d64a955445cfbf4bfc5af80baee97082d08a440db678f?s=96&d=identicon&r=g","caption":"Ana Paula Raposo Chain"},"url":"https:\/\/efecomunica.efe.com\/pt-pt\/author\/achain\/"}]}},"jetpack_featured_media_url":"https:\/\/efecomunica.efe.com\/wp-content\/uploads\/2026\/04\/d9f6b26f65e865410e30c9e9b93846e22e8b08c9.jpg","jetpack_likes_enabled":true,"jetpack_shortlink":"https:\/\/wp.me\/pcEg1r-UAA","jetpack_sharing_enabled":true,"_links":{"self":[{"href":"https:\/\/efecomunica.efe.com\/pt-pt\/wp-json\/wp\/v2\/posts\/217532","targetHints":{"allow":["GET"]}}],"collection":[{"href":"https:\/\/efecomunica.efe.com\/pt-pt\/wp-json\/wp\/v2\/posts"}],"about":[{"href":"https:\/\/efecomunica.efe.com\/pt-pt\/wp-json\/wp\/v2\/types\/post"}],"author":[{"embeddable":true,"href":"https:\/\/efecomunica.efe.com\/pt-pt\/wp-json\/wp\/v2\/users\/198164093"}],"replies":[{"embeddable":true,"href":"https:\/\/efecomunica.efe.com\/pt-pt\/wp-json\/wp\/v2\/comments?post=217532"}],"version-history":[{"count":2,"href":"https:\/\/efecomunica.efe.com\/pt-pt\/wp-json\/wp\/v2\/posts\/217532\/revisions"}],"predecessor-version":[{"id":217541,"href":"https:\/\/efecomunica.efe.com\/pt-pt\/wp-json\/wp\/v2\/posts\/217532\/revisions\/217541"}],"wp:featuredmedia":[{"embeddable":true,"href":"https:\/\/efecomunica.efe.com\/pt-pt\/wp-json\/wp\/v2\/media\/217534"}],"wp:attachment":[{"href":"https:\/\/efecomunica.efe.com\/pt-pt\/wp-json\/wp\/v2\/media?parent=217532"}],"wp:term":[{"taxonomy":"category","embeddable":true,"href":"https:\/\/efecomunica.efe.com\/pt-pt\/wp-json\/wp\/v2\/categories?post=217532"},{"taxonomy":"post_tag","embeddable":true,"href":"https:\/\/efecomunica.efe.com\/pt-pt\/wp-json\/wp\/v2\/tags?post=217532"}],"curies":[{"name":"wp","href":"https:\/\/api.w.org\/{rel}","templated":true}]}}