{"id":220074,"date":"2026-04-20T12:36:07","date_gmt":"2026-04-20T10:36:07","guid":{"rendered":"https:\/\/efecomunica.efe.com\/?p=220074"},"modified":"2026-04-20T16:40:28","modified_gmt":"2026-04-20T14:40:28","slug":"maxhub-se-expande-para-a-america-latina-com-o-primeiro-centro-de-experiencia-na-cidade-do-mexico","status":"publish","type":"post","link":"https:\/\/efecomunica.efe.com\/pt-pt\/maxhub-se-expande-para-a-america-latina-com-o-primeiro-centro-de-experiencia-na-cidade-do-mexico\/","title":{"rendered":"MAXHUB se expande para a Am\u00e9rica Latina com o primeiro Centro de Experi\u00eancia na Cidade do M\u00e9xico"},"content":{"rendered":"<p>(Informa\u00e7\u00e3o concedida pela entidade que a assina)<\/p>\n<div class=\"media-content-img\" style=\"margin-bottom: 20px;\"><img fetchpriority=\"high\" decoding=\"async\" class=\"attachment-rss-efe-singlepost-thumb size-rss-efe-singlepost-thumb\" src=\"https:\/\/efecomunica.efe.com\/wp-content\/uploads\/2026\/04\/rss-efe827cb4c76eb39518b5c7db6804b760b3eb04d13bw-1120x162.jpg\" alt=\"\" width=\"1120\" height=\"162\" data-description=\"\" data-image-title=\"Imagen-\" data-attachment-id=\"220076\" data-permalink=\"https:\/\/efecomunica.efe.com\/?attachment_id=220076\" data-orig-file=\"https:\/\/efecomunica.efe.com\/wp-content\/uploads\/2026\/04\/rss-efe827cb4c76eb39518b5c7db6804b760b3eb04d13bw.jpg\" data-orig-size=\"1920,278\" data-comments-opened=\"0\" data-image-meta=\"{&quot;aperture&quot;:&quot;0&quot;,&quot;credit&quot;:&quot;EFE&quot;,&quot;camera&quot;:&quot;&quot;,&quot;caption&quot;:&quot;MAXHUB se expande para a Amu00e9rica Latina com o primeiro Centro de Experiu00eancia na Cidade do Mu00e9xicornPR NewswirernCIDADE DO Mu00c9XICO, 20 de abril de 2026rnLu00edder global em soluu00e7u00f5es de displays colaborativos estabelece presenu00e7a no Mu00e9xico e lanu00e7a programa de parceria para integradores locaisrnCIDADE DO Mu00c9XICO, 20 de abril de 2026 \/PRNewswire\/ -- A MAXHUB, lu00edder mundial em soluu00e7u00f5es integradas de displays comerciais e comunicau00e7u00f5es unificadas, inaugurou seu primeiro Centro de Experiu00eancia Latino-Americana no distrito Polanco, na Cidade do Mu00e9xico, marcando uma expansu00e3o significativa de sua presenu00e7a global para uma das regiu00f5es econu00f4micas de crescimento mais ru00e1pido do mundo.rnA instalau00e7u00e3o, com o tema &quot;Bienvenidos al Hogar de Innovaciu00f3n u0096 Bem-vindos ao Lar da Inovau00e7u00e3o&quot;, representa o compromisso da MAXHUB em estabelecer uma presenu00e7a local genuu00edna, em vez de operau00e7u00f5es de vendas remotas. A empresa, que ocupa a primeira posiu00e7u00e3o global em telas planas interativas, atualmente atende clientes em mais de 140 pau00edses nos setores corporativo, educacional, de sau00fade e governamental.rn&quot;O Mu00e9xico nu00e3o u00e9 apenas um mercado para nu00f3s u0096 u00e9 uma mentalidade&quot;, disse Aaron Xiao, presidente da unidade de negu00f3cios internacionais da MAXHUB, em seu discurso na cerimu00f4nia de abertura em 8 de abril. &quot;Uma mentalidade de construir pontes, nu00e3o muros. Nossa inaugurau00e7u00e3o hoje nu00e3o u00e9 sobre fincar uma bandeira. u00c9 sobre criar rau00edzes.&quot;rnTru00eas pilares da presenu00e7arnA abordagem da MAXHUB ao mercado mexicano se baseia em tru00eas pilares que a diferencia das entradas tu00edpicas de mercados:u00b7 Localizau00e7u00e3o: formau00e7u00e3o de uma equipe de profissionais mexicanos que compreendem a cultura empresarial local, com suporte tu00e9cnico em espanhol como oferta padru00e3ornu00b7 Inovau00e7u00e3o: Proporcionando experiu00eancias imersivas e pru00e1ticas em seis ambientes distintos u0097 de salas de reuniu00e3o a salas de reuniu00e3o executiva u0097 onde as empresas podem testar soluu00e7u00f5es antes de se comprometeremrnu00b7 Parceria: lanu00e7amento do Programa de Parceiros de Colaborau00e7u00e3o para a Amu00e9rica Latina, que compartilha leads internos de vendas com integradores locais certificados, em vez de manter relacionamentos diretos de forma exclusivarn&quot;A maioria dos programas de fornecedores su00e3o unilaterais: nu00f3s fornecemos os produtos, e vocu00eas encontram os clientes&quot;, explicou Linda, diretora regional para a Amu00e9rica Latina. &quot;Estamos transformando isso em uma via de mu00e3o dupla. Quando uma multinacional procura a MAXHUB diretamente, envolvemos nossos parceiros locais certificados como equipe de implementau00e7u00e3o. Eles ficam com a receita. Temos a confianu00e7a de que o cliente seru00e1 atendido adequadamente.&quot;rnUm destino, nu00e3o apenas um showroomrnO Centro de Experiu00eancia no su00e9timo andar, em Polanco, foi projetado como um laboratu00f3rio funcional onde as empresas podem vivenciar soluu00e7u00f5es de colaborau00e7u00e3o em contexto real. Os visitantes podem percorrer ambientes criados especificamente para diferentes usos u0096 reuniu00f5es ru00e1pidas de equipe, apresentau00e7u00f5es formais, aprendizado hu00edbrido e brainstorming criativo u0096 e depois trabalhar com engenheiros locais para personalizar as implementau00e7u00f5es.rn&quot;Esse nu00e3o u00e9 um escritu00f3rio de vendas&quot;, enfatizou Linda. &quot;u00c9 um espau00e7o onde os parceiros podem ver, tocar e experimentar o futuro da colaborau00e7u00e3o. &quot;Depois, ajudamos a implementar, treinar as equipes e oferecer suporte u0096 tudo com engenheiros que falam o idioma deles e entendem seus desafios.&quot;rnMomento estratu00e9gicornA inaugurau00e7u00e3o destaca o Mu00e9xico como uma ponte para os negu00f3cios entre a Amu00e9rica do Norte e do Sul. u00c0 medida que o trabalho hu00edbrido se torna permanente, a demanda por tecnologia de colaborau00e7u00e3o cresce em toda a Amu00e9rica Latina. Aaron observa: &quot;Todo mundo fala sobre nearshoring&quot;, mas uma colaborau00e7u00e3o eficaz entre fronteiras u00e9 essencial, &quot;e u00e9 isso que estamos aqui para preencher.&quot;rnSobre o evento de inaugurau00e7u00e3ornA inaugurau00e7u00e3o oficial em 8 de abril reuniu lu00edderes do setor, parceiros de tecnologia e representantes da mu00eddia para um programa de um dia inteiro, que incluiu uma mesa-redonda com executivos da MAXHUB, Biamp, Kramer e Steelcase; demonstrau00e7u00f5es de produtos em seis u00e1reas de experiu00eancia; e o lanu00e7amento formal do Programa de Parceiros de Colaborau00e7u00e3o para a Amu00e9rica Latina, com a assinatura dos contratos iniciais.rnSobre a MAXHUBrnA MAXHUB u00e9 a lu00edder mundial tanto em quadros colaborativos quanto em displays de LED multifuncionais (segundo a Futuresource e a TrendForce). A empresa atende clientes em mais de 140 pau00edses nos setores corporativo, educacional, de sau00fade e governamental. Fundada em 2017, a MAXHUB foi incluu00edda na lista TOP 30 dos Lu00edderes Globais da Forbes China em 2024-2025.rnPara mais informau00e7u00f5es sobre a MAXHUB e o Programa de Parceiros de Colaborau00e7u00e3o da Amu00e9rica Latina, acesse www.maxhub.com.rnFoto - https:\/\/mma.prnewswire.com\/media\/2954804\/MAXHUB_Mexico_Grand_Opening.jpgLogo - https:\/\/mma.prnewswire.com\/media\/2362520\/MAXHUB_Logo.jpgrn View original content to download multimedia:https:\/\/www.prnewswire.com\/br\/comunicados-para-a-imprensa\/maxhub-se-expande-para-a-america-latina-com-o-primeiro-centro-de-experiencia-na-cidade-do-mexico-302747100.htmlrnFONTE MAXHUB&quot;,&quot;created_timestamp&quot;:&quot;1776666720&quot;,&quot;copyright&quot;:&quot;&quot;,&quot;focal_length&quot;:&quot;0&quot;,&quot;iso&quot;:&quot;0&quot;,&quot;shutter_speed&quot;:&quot;0&quot;,&quot;title&quot;:&quot;MAXHUB se expande para a Amu00e9rica Latina com o primeiro Centro de Experiu00eancia na Cidade do Mu00e9xico&quot;,&quot;orientation&quot;:&quot;0&quot;}\" data-image-description=\"\" data-image-caption=\"\" data-large-file=\"https:\/\/efecomunica.efe.com\/wp-content\/uploads\/2026\/04\/rss-efe827cb4c76eb39518b5c7db6804b760b3eb04d13bw-1024x148.jpg\" \/><\/div>\n<p>L\u00edder global em solu\u00e7\u00f5es de displays colaborativos estabelece presen\u00e7a no M\u00e9xico e lan\u00e7a programa de parceria para integradores locais<\/p>\n<p>A <strong>MAXHUB<\/strong>, l\u00edder mundial em solu\u00e7\u00f5es integradas de displays comerciais e comunica\u00e7\u00f5es unificadas, inaugurou seu primeiro <strong>Centro de Experi\u00eancia Latino-Americana<\/strong> no distrito Polanco, na Cidade do M\u00e9xico, marcando uma expans\u00e3o significativa de sua presen\u00e7a global para uma das regi\u00f5es econ\u00f4micas de crescimento mais r\u00e1pido do mundo.<\/p>\n<p>A instala\u00e7\u00e3o, com o tema <strong>&#8220;Bienvenidos al Hogar de Innovaci\u00f3n \u2013 Bem-vindos ao Lar da Inova\u00e7\u00e3o&#8221;<\/strong>, representa o compromisso da MAXHUB em estabelecer uma presen\u00e7a local genu\u00edna, em vez de opera\u00e7\u00f5es de vendas remotas. A empresa, que ocupa a primeira posi\u00e7\u00e3o global em telas planas interativas, atualmente atende clientes em mais de 140 pa\u00edses nos setores corporativo, educacional, de sa\u00fade e governamental.<\/p>\n<p>&#8220;O M\u00e9xico n\u00e3o \u00e9 apenas um mercado para n\u00f3s \u2013 \u00e9 uma mentalidade&#8221;, disse Aaron Xiao, presidente da unidade de neg\u00f3cios internacionais da MAXHUB, em seu discurso na cerim\u00f4nia de abertura em 8 de abril. &#8220;Uma mentalidade de construir pontes, n\u00e3o muros. Nossa inaugura\u00e7\u00e3o hoje n\u00e3o \u00e9 sobre fincar uma bandeira. \u00c9 sobre criar ra\u00edzes.&#8221;<\/p>\n<h2>Tr\u00eas pilares da presen\u00e7a<\/h2>\n<p>A abordagem da MAXHUB ao mercado mexicano se baseia em tr\u00eas pilares que a diferencia das entradas t\u00edpicas de mercados:\u00b7 Localiza\u00e7\u00e3o: forma\u00e7\u00e3o de uma equipe de profissionais mexicanos que compreendem a cultura empresarial local, com suporte t\u00e9cnico em espanhol como oferta padr\u00e3o<\/p>\n<ul>\n<li><strong>Inova\u00e7\u00e3o:<\/strong> Proporcionando experi\u00eancias imersivas e pr\u00e1ticas em seis ambientes distintos \u2014 de salas de reuni\u00e3o a salas de reuni\u00e3o executiva \u2014 onde as empresas podem testar solu\u00e7\u00f5es antes de se comprometerem<\/li>\n<li><strong>Parceria:<\/strong> lan\u00e7amento do Programa de Parceiros de Colabora\u00e7\u00e3o para a Am\u00e9rica Latina, que compartilha leads internos de vendas com integradores locais certificados, em vez de manter relacionamentos diretos de forma exclusiva<\/li>\n<\/ul>\n<p>&#8220;A maioria dos programas de fornecedores s\u00e3o unilaterais: n\u00f3s fornecemos os produtos, e voc\u00eas encontram os clientes&#8221;, explicou Linda, diretora regional para a Am\u00e9rica Latina. &#8220;Estamos transformando isso em uma via de m\u00e3o dupla. Quando uma multinacional procura a MAXHUB diretamente, envolvemos nossos parceiros locais certificados como equipe de implementa\u00e7\u00e3o. Eles ficam com a receita. Temos a confian\u00e7a de que o cliente ser\u00e1 atendido adequadamente.&#8221;<\/p>\n<h2>Um destino, n\u00e3o apenas um showroom<\/h2>\n<p>O Centro de Experi\u00eancia no s\u00e9timo andar, em Polanco, foi projetado como um laborat\u00f3rio funcional onde as empresas podem vivenciar solu\u00e7\u00f5es de colabora\u00e7\u00e3o em contexto real. Os visitantes podem percorrer ambientes criados especificamente para diferentes usos \u2013 reuni\u00f5es r\u00e1pidas de equipe, apresenta\u00e7\u00f5es formais, aprendizado h\u00edbrido e brainstorming criativo \u2013 e depois trabalhar com engenheiros locais para personalizar as implementa\u00e7\u00f5es.<\/p>\n<p>&#8220;Esse n\u00e3o \u00e9 um escrit\u00f3rio de vendas&#8221;, enfatizou Linda. &#8220;\u00c9 um espa\u00e7o onde os parceiros podem ver, tocar e experimentar o futuro da colabora\u00e7\u00e3o. &#8220;Depois, ajudamos a implementar, treinar as equipes e oferecer suporte \u2013 tudo com engenheiros que falam o idioma deles e entendem seus desafios.&#8221;<\/p>\n<h2>Momento estrat\u00e9gico<\/h2>\n<p>A inaugura\u00e7\u00e3o destaca o M\u00e9xico como uma ponte para os neg\u00f3cios entre a Am\u00e9rica do Norte e do Sul. \u00c0 medida que o trabalho h\u00edbrido se torna permanente, a demanda por tecnologia de colabora\u00e7\u00e3o cresce em toda a Am\u00e9rica Latina. Aaron observa: &#8220;Todo mundo fala sobre nearshoring&#8221;, mas uma colabora\u00e7\u00e3o eficaz entre fronteiras \u00e9 essencial, &#8220;e \u00e9 isso que estamos aqui para preencher.&#8221;<\/p>\n<h2>Sobre o evento de inaugura\u00e7\u00e3o<\/h2>\n<p>A inaugura\u00e7\u00e3o oficial em 8 de abril reuniu l\u00edderes do setor, parceiros de tecnologia e representantes da m\u00eddia para um programa de um dia inteiro, que incluiu uma mesa-redonda com executivos da MAXHUB, Biamp, Kramer e Steelcase; demonstra\u00e7\u00f5es de produtos em seis \u00e1reas de experi\u00eancia; e o lan\u00e7amento formal do Programa de Parceiros de Colabora\u00e7\u00e3o para a Am\u00e9rica Latina, com a assinatura dos contratos iniciais.<\/p>\n<p>Sobre a MAXHUB<\/p>\n<p>A MAXHUB \u00e9 a l\u00edder mundial tanto em quadros colaborativos quanto em displays de LED multifuncionais (segundo a Futuresource e a TrendForce). A empresa atende clientes em mais de 140 pa\u00edses nos setores corporativo, educacional, de sa\u00fade e governamental. Fundada em 2017, a MAXHUB foi inclu\u00edda na lista TOP 30 dos L\u00edderes Globais da Forbes China em 2024-2025.<\/p>\n<p>Para mais informa\u00e7\u00f5es sobre a MAXHUB e o Programa de Parceiros de Colabora\u00e7\u00e3o da Am\u00e9rica Latina, acesse <a href=\"http:\/\/www.maxhub.com\" rel=\"nofollow\">http:\/\/www.maxhub.com<\/a>.<\/p>\n<p>Foto &#8211; <a href=\"https:\/\/mma.prnewswire.com\/media\/2954804\/MAXHUB_Mexico_Grand_Opening.jpgLogo\" rel=\"nofollow\">https:\/\/mma.prnewswire.com\/media\/2954804\/MAXHUB_Mexico_Grand_Opening.jpgLogo<\/a> &#8211; <a href=\"https:\/\/mma.prnewswire.com\/media\/2362520\/MAXHUB_Logo.jpg\" rel=\"nofollow\">https:\/\/mma.prnewswire.com\/media\/2362520\/MAXHUB_Logo.jpg<\/a><\/p>\n<p>View original content to download multimedia:<a href=\"https:\/\/www.prnewswire.com\/br\/comunicados-para-a-imprensa\/maxhub-se-expande-para-a-america-latina-com-o-primeiro-centro-de-experiencia-na-cidade-do-mexico-302747100.html\" rel=\"nofollow\">https:\/\/www.prnewswire.com\/br\/comunicados-para-a-imprensa\/maxhub-se-expande-para-a-america-latina-com-o-primeiro-centro-de-experiencia-na-cidade-do-mexico-302747100.html<\/a><\/p>\n<p>FONTE MAXHUB<\/p>\n<p><em>AGENCIA EFE S.A.U.,S.M.E. n\u00e3o se responsabiliza pela informa\u00e7\u00e3o que cont\u00e9m esta mensagem e n\u00e3o assume nenhuma responsabilidade perante terceiros sobre o seu conte\u00fado total, estando igualmente desresponsabilizada da entidade autora do mesmo. Ag\u00eancia EFE reserva-se o direito de distribuir o comunicado de imprensa na linha de not\u00edcias ou de o publicar no EFE Comunica.<\/em><\/p>\n","protected":false},"excerpt":{"rendered":"<p>(Informa\u00e7\u00e3o concedida pela entidade que a assina) L\u00edder global em solu\u00e7\u00f5es de displays colaborativos estabelece presen\u00e7a no M\u00e9xico e lan\u00e7a programa de parceria para integradores locais A MAXHUB, l\u00edder mundial [&hellip;]<\/p>\n","protected":false},"author":198164071,"featured_media":220075,"comment_status":"closed","ping_status":"closed","sticky":false,"template":"","format":"standard","meta":{"_acf_changed":false,"_jetpack_newsletter_access":"","_jetpack_dont_email_post_to_subs":false,"_jetpack_newsletter_tier_id":0,"_jetpack_memberships_contains_paywalled_content":false,"_jetpack_memberships_contains_paid_content":false,"footnotes":"","jetpack_post_was_ever_published":false},"categories":[128468],"tags":[],"class_list":["post-220074","post","type-post","status-publish","format-standard","has-post-thumbnail","hentry","category-pr-newswire-pt-pt"],"acf":[],"yoast_head":"<!-- This site is optimized with the Yoast SEO plugin v27.4 - https:\/\/yoast.com\/product\/yoast-seo-wordpress\/ -->\n<title>MAXHUB se expande para a Am\u00e9rica Latina<\/title>\n<meta name=\"description\" content=\"A MAXHUB inaugurou seu primeiro Centro de Experi\u00eancia Latino-Americana no distrito Polanco, na Cidade do M\u00e9xico.\" \/>\n<meta name=\"robots\" content=\"index, follow, max-snippet:-1, max-image-preview:large, max-video-preview:-1\" \/>\n<link rel=\"canonical\" href=\"https:\/\/efecomunica.efe.com\/pt-pt\/maxhub-se-expande-para-a-america-latina-com-o-primeiro-centro-de-experiencia-na-cidade-do-mexico\/\" \/>\n<!-- \/ Yoast SEO plugin. -->","yoast_head_json":{"title":"MAXHUB se expande para a Am\u00e9rica Latina","description":"A MAXHUB inaugurou seu primeiro Centro de Experi\u00eancia Latino-Americana no distrito Polanco, na Cidade do M\u00e9xico.","robots":{"index":"index","follow":"follow","max-snippet":"max-snippet:-1","max-image-preview":"max-image-preview:large","max-video-preview":"max-video-preview:-1"},"canonical":"https:\/\/efecomunica.efe.com\/pt-pt\/maxhub-se-expande-para-a-america-latina-com-o-primeiro-centro-de-experiencia-na-cidade-do-mexico\/","schema":{"@context":"https:\/\/schema.org","@graph":[{"@type":"Article","@id":"https:\/\/efecomunica.efe.com\/pt-pt\/maxhub-se-expande-para-a-america-latina-com-o-primeiro-centro-de-experiencia-na-cidade-do-mexico\/#article","isPartOf":{"@id":"https:\/\/efecomunica.efe.com\/pt-pt\/maxhub-se-expande-para-a-america-latina-com-o-primeiro-centro-de-experiencia-na-cidade-do-mexico\/"},"author":{"name":"EFE","@id":"https:\/\/efecomunica.efe.com\/#\/schema\/person\/38c335f1ce4cd42430576ef5499343b8"},"headline":"MAXHUB se expande para a Am\u00e9rica Latina com o primeiro Centro de Experi\u00eancia na Cidade do M\u00e9xico","datePublished":"2026-04-20T10:36:07+00:00","dateModified":"2026-04-20T14:40:28+00:00","mainEntityOfPage":{"@id":"https:\/\/efecomunica.efe.com\/pt-pt\/maxhub-se-expande-para-a-america-latina-com-o-primeiro-centro-de-experiencia-na-cidade-do-mexico\/"},"wordCount":889,"publisher":{"@id":"https:\/\/efecomunica.efe.com\/#organization"},"image":{"@id":"https:\/\/efecomunica.efe.com\/pt-pt\/maxhub-se-expande-para-a-america-latina-com-o-primeiro-centro-de-experiencia-na-cidade-do-mexico\/#primaryimage"},"thumbnailUrl":"https:\/\/efecomunica.efe.com\/wp-content\/uploads\/2026\/04\/rss-efe802d1945266ca80ec6be61ba963fe31b98ed64acw.jpg","articleSection":["PR Newswire"],"inLanguage":"pt-PT"},{"@type":"WebPage","@id":"https:\/\/efecomunica.efe.com\/pt-pt\/maxhub-se-expande-para-a-america-latina-com-o-primeiro-centro-de-experiencia-na-cidade-do-mexico\/","url":"https:\/\/efecomunica.efe.com\/pt-pt\/maxhub-se-expande-para-a-america-latina-com-o-primeiro-centro-de-experiencia-na-cidade-do-mexico\/","name":"MAXHUB se expande para a Am\u00e9rica Latina","isPartOf":{"@id":"https:\/\/efecomunica.efe.com\/#website"},"primaryImageOfPage":{"@id":"https:\/\/efecomunica.efe.com\/pt-pt\/maxhub-se-expande-para-a-america-latina-com-o-primeiro-centro-de-experiencia-na-cidade-do-mexico\/#primaryimage"},"image":{"@id":"https:\/\/efecomunica.efe.com\/pt-pt\/maxhub-se-expande-para-a-america-latina-com-o-primeiro-centro-de-experiencia-na-cidade-do-mexico\/#primaryimage"},"thumbnailUrl":"https:\/\/efecomunica.efe.com\/wp-content\/uploads\/2026\/04\/rss-efe802d1945266ca80ec6be61ba963fe31b98ed64acw.jpg","datePublished":"2026-04-20T10:36:07+00:00","dateModified":"2026-04-20T14:40:28+00:00","description":"A MAXHUB inaugurou seu primeiro Centro de Experi\u00eancia Latino-Americana no distrito Polanco, na Cidade do M\u00e9xico.","breadcrumb":{"@id":"https:\/\/efecomunica.efe.com\/pt-pt\/maxhub-se-expande-para-a-america-latina-com-o-primeiro-centro-de-experiencia-na-cidade-do-mexico\/#breadcrumb"},"inLanguage":"pt-PT","potentialAction":[{"@type":"ReadAction","target":["https:\/\/efecomunica.efe.com\/pt-pt\/maxhub-se-expande-para-a-america-latina-com-o-primeiro-centro-de-experiencia-na-cidade-do-mexico\/"]}]},{"@type":"ImageObject","inLanguage":"pt-PT","@id":"https:\/\/efecomunica.efe.com\/pt-pt\/maxhub-se-expande-para-a-america-latina-com-o-primeiro-centro-de-experiencia-na-cidade-do-mexico\/#primaryimage","url":"https:\/\/efecomunica.efe.com\/wp-content\/uploads\/2026\/04\/rss-efe802d1945266ca80ec6be61ba963fe31b98ed64acw.jpg","contentUrl":"https:\/\/efecomunica.efe.com\/wp-content\/uploads\/2026\/04\/rss-efe802d1945266ca80ec6be61ba963fe31b98ed64acw.jpg","width":1920,"height":1133},{"@type":"BreadcrumbList","@id":"https:\/\/efecomunica.efe.com\/pt-pt\/maxhub-se-expande-para-a-america-latina-com-o-primeiro-centro-de-experiencia-na-cidade-do-mexico\/#breadcrumb","itemListElement":[{"@type":"ListItem","position":1,"name":"Portada","item":"https:\/\/efecomunica.efe.com\/pt-pt\/"},{"@type":"ListItem","position":2,"name":"MAXHUB se expande para a Am\u00e9rica Latina com o primeiro Centro de Experi\u00eancia na Cidade do M\u00e9xico"}]},{"@type":"WebSite","@id":"https:\/\/efecomunica.efe.com\/#website","url":"https:\/\/efecomunica.efe.com\/","name":"EFE Comunica","description":"Contenidos para empresas","publisher":{"@id":"https:\/\/efecomunica.efe.com\/#organization"},"potentialAction":[{"@type":"SearchAction","target":{"@type":"EntryPoint","urlTemplate":"https:\/\/efecomunica.efe.com\/?s={search_term_string}"},"query-input":{"@type":"PropertyValueSpecification","valueRequired":true,"valueName":"search_term_string"}}],"inLanguage":"pt-PT"},{"@type":"Organization","@id":"https:\/\/efecomunica.efe.com\/#organization","name":"EFE Comunica","url":"https:\/\/efecomunica.efe.com\/","logo":{"@type":"ImageObject","inLanguage":"pt-PT","@id":"https:\/\/efecomunica.efe.com\/#\/schema\/logo\/image\/","url":"https:\/\/efecomunica.efe.com\/wp-content\/uploads\/2020\/12\/Logo-EFE-Comunica_png.png","contentUrl":"https:\/\/efecomunica.efe.com\/wp-content\/uploads\/2020\/12\/Logo-EFE-Comunica_png.png","width":1080,"height":486,"caption":"EFE Comunica"},"image":{"@id":"https:\/\/efecomunica.efe.com\/#\/schema\/logo\/image\/"},"sameAs":["https:\/\/www.facebook.com\/EFEComunicaAgenciaEFE","https:\/\/x.com\/EFEcomunica","https:\/\/www.linkedin.com\/showcase\/efecomunica"]},{"@type":"Person","@id":"https:\/\/efecomunica.efe.com\/#\/schema\/person\/38c335f1ce4cd42430576ef5499343b8","name":"EFE","image":{"@type":"ImageObject","inLanguage":"pt-PT","@id":"https:\/\/secure.gravatar.com\/avatar\/e5fcf26bedbd04dc20896c519164a13fe69c6913f5830d7db51543fa04eb30b4?s=96&d=identicon&r=g","url":"https:\/\/secure.gravatar.com\/avatar\/e5fcf26bedbd04dc20896c519164a13fe69c6913f5830d7db51543fa04eb30b4?s=96&d=identicon&r=g","contentUrl":"https:\/\/secure.gravatar.com\/avatar\/e5fcf26bedbd04dc20896c519164a13fe69c6913f5830d7db51543fa04eb30b4?s=96&d=identicon&r=g","caption":"EFE"},"sameAs":["http:\/\/efe.com"],"url":"https:\/\/efecomunica.efe.com\/pt-pt\/author\/efedesarrollo\/"}]}},"jetpack_featured_media_url":"https:\/\/efecomunica.efe.com\/wp-content\/uploads\/2026\/04\/rss-efe802d1945266ca80ec6be61ba963fe31b98ed64acw.jpg","jetpack_likes_enabled":true,"jetpack_shortlink":"https:\/\/wp.me\/pcEg1r-VfA","jetpack_sharing_enabled":true,"_links":{"self":[{"href":"https:\/\/efecomunica.efe.com\/pt-pt\/wp-json\/wp\/v2\/posts\/220074","targetHints":{"allow":["GET"]}}],"collection":[{"href":"https:\/\/efecomunica.efe.com\/pt-pt\/wp-json\/wp\/v2\/posts"}],"about":[{"href":"https:\/\/efecomunica.efe.com\/pt-pt\/wp-json\/wp\/v2\/types\/post"}],"author":[{"embeddable":true,"href":"https:\/\/efecomunica.efe.com\/pt-pt\/wp-json\/wp\/v2\/users\/198164071"}],"replies":[{"embeddable":true,"href":"https:\/\/efecomunica.efe.com\/pt-pt\/wp-json\/wp\/v2\/comments?post=220074"}],"version-history":[{"count":4,"href":"https:\/\/efecomunica.efe.com\/pt-pt\/wp-json\/wp\/v2\/posts\/220074\/revisions"}],"predecessor-version":[{"id":220153,"href":"https:\/\/efecomunica.efe.com\/pt-pt\/wp-json\/wp\/v2\/posts\/220074\/revisions\/220153"}],"wp:featuredmedia":[{"embeddable":true,"href":"https:\/\/efecomunica.efe.com\/pt-pt\/wp-json\/wp\/v2\/media\/220075"}],"wp:attachment":[{"href":"https:\/\/efecomunica.efe.com\/pt-pt\/wp-json\/wp\/v2\/media?parent=220074"}],"wp:term":[{"taxonomy":"category","embeddable":true,"href":"https:\/\/efecomunica.efe.com\/pt-pt\/wp-json\/wp\/v2\/categories?post=220074"},{"taxonomy":"post_tag","embeddable":true,"href":"https:\/\/efecomunica.efe.com\/pt-pt\/wp-json\/wp\/v2\/tags?post=220074"}],"curies":[{"name":"wp","href":"https:\/\/api.w.org\/{rel}","templated":true}]}}