{"id":221659,"date":"2026-04-27T16:14:47","date_gmt":"2026-04-27T14:14:47","guid":{"rendered":"https:\/\/efecomunica.efe.com\/?p=221659"},"modified":"2026-04-27T16:47:43","modified_gmt":"2026-04-27T14:47:43","slug":"bodor-laser-lidera-vendas-globais-por-sete-anos-consecutivos-e-reforca-sua-lideranca-de-marca-2","status":"publish","type":"post","link":"https:\/\/efecomunica.efe.com\/pt-pt\/bodor-laser-lidera-vendas-globais-por-sete-anos-consecutivos-e-reforca-sua-lideranca-de-marca-2\/","title":{"rendered":"Bodor Laser lidera vendas globais por sete anos consecutivos e refor\u00e7a sua lideran\u00e7a de marca"},"content":{"rendered":"<div>\n<p>(Informa\u00e7\u00e3o concedida pela entidade que a assina)<\/p>\n<p>A <strong>Bodor Laser<\/strong> ficou classificada em primeiro lugar no mundo em volume de vendas de <strong>m\u00e1quina de corte a laser<\/strong>(acima de 1.000 W) pelo s\u00e9timo ano consecutivo, de acordo com dados divulgados pelo Qianzhan Industry Research Institute (instituto de pesquisa industrial da China<u>)<\/u> em mar\u00e7o de 2026. Em 2025, a empresa ultrapassou novamente a marca de 10.000 unidades vendidas no ano permanecendo como a \u00fanica fabricante a atingir esse marco durante sete anos consecutivos.<\/p>\n<p><em>Marco para a Bodor Laser<\/em><\/p>\n<p>O reconhecimento foi anunciado na ITES 2026, uma feira industrial realizada em Shenzhen, onde a Bodor Laser tamb\u00e9m destacou os desenvolvimentos na fabrica\u00e7\u00e3o, inova\u00e7\u00e3o de produtos e expans\u00e3o global.<\/p>\n<h2>Sete Anos como N\u00ba 1: Lideran\u00e7a Global Reafirmada<\/h2>\n<p>No evento, a Bodor Laser informou que sua superf\u00e1brica DreamSpace entregou mais de 10.000 m\u00e1quinas no ano passado, enquanto sua sede no sul da China em Shenzhen entrou em opera\u00e7\u00e3o, fortalecendo sua estrutura de base dupla. A empresa observou que isso marca um novo ponto de partida com o seu avan\u00e7o em dire\u00e7\u00e3o a padr\u00f5es mais elevados de qualidade, inova\u00e7\u00e3o e for\u00e7a da marca.<\/p>\n<p>Chen Like, fundador do Qianzhan Industry Research Institute (instituto de pesquisa industrial da China), disse que a conquista \u00e9 um exemplo da capacidade da Bodor Laser em toda a cadeia de inova\u00e7\u00e3o, incluindo fabrica\u00e7\u00e3o, pesquisa e desenvolvimento (P&amp;D), design industrial e opera\u00e7\u00f5es inteligentes.<\/p>\n<h2>Estrat\u00e9gia e Inova\u00e7\u00e3o como Principais Impulsionadores<\/h2>\n<p>A lideran\u00e7a da Bodor Laser \u00e9 apoiada por uma estrat\u00e9gia focada e investimento de longo prazo em tecnologia. Nos \u00faltimos cinco anos, a empresa investiu milh\u00f5es de d\u00f3lares em P&amp;D, desenvolveu capacidades internas nos principais componentes nos principais componentes e desenvolveu um portf\u00f3lio substancial de patentes. Seus produtos receberam v\u00e1rios pr\u00eamios internacionais de design, incluindo Red Dot e iF Design Awards.<\/p>\n<h2>Portf\u00f3lio de Produtos e Fabrica\u00e7\u00e3o Inteligente<\/h2>\n<p>Em 2025, a Bodor Laser expandiu seu portf\u00f3lio de sistemas de alta velocidade e alta precis\u00e3o, e linhas de produ\u00e7\u00e3o inteligentes. Suas solu\u00e7\u00f5es aumentaram a efici\u00eancia e a precis\u00e3o de aplica\u00e7\u00f5es como pe\u00e7as automotivas e processamento de chapas met\u00e1licas, enquanto os sistemas integrados de automa\u00e7\u00e3o permitem a produ\u00e7\u00e3o cont\u00ednua.<\/p>\n<h2>Expans\u00e3o e Opera\u00e7\u00f5es Globais<\/h2>\n<p>A Bodor Laser continua a fortalecer sua presen\u00e7a global com bases de fabrica\u00e7\u00e3o na China e na Tail\u00e2ndia, e mais de 10 subsidi\u00e1rias e centros de servi\u00e7os no exterior. A empresa tem opera\u00e7\u00f5es em mais de 180 pa\u00edses e regi\u00f5es, com mais de 3.500 funcion\u00e1rios em todo o mundo.<\/p>\n<p>\u201cSer n\u00famero 1 durante sete anos consecutivos n\u00e3o \u00e9 a chegada final, e sim um novo ponto de partida\u201d, disse Zhan Zhihao, Vice-Presidente S\u00eanior da Bodor Laser. \u201cContinuaremos a impulsionar a inova\u00e7\u00e3o e a apoiar a fabrica\u00e7\u00e3o global.<\/p>\n<p>Foto deste comunicado dispon\u00edvel em <a href=\"https:\/\/www.globenewswire.com\/Tracker?data=3n0pIQpz5JWn-Q8rWiZxgsH28jw4eGTMwLmITEhqll11_funNh5h5D4Uy-Pb_c2v_IuJgNIILQ3awgCe0_TZj4LH_x5JU7KHkoxezfWyCd0gkLCl54SoAE4OYO4i-uX19omI6fVyEKQhK79L36SXnZqgpqkT8ggkTxDuMtxRLzlgBZTUFvTQT4bvyHQTuehagfTe4-mbvEGRhEW3_CVWCwCPpmSvz5r41k1So5UBiB_3yvL4GOqPgUsinDacdmgHZMFGTnAp2xg6QN3KGur28w==\" target=\"_blank\" rel=\"noopener\">https:\/\/www.globenewswire.com\/NewsRoom\/AttachmentNg\/914d0715-229f-408c-bd1b-fc6347965594<\/a><img \/><\/p>\n<\/div>\n<div>\n<pre><strong>Contato:<\/strong>\r\nwww.bodor.com\r\nJack Thompson\r\ninfo@bodor.com<\/pre>\n<p><em>AGENCIA EFE S.A.U.,S.M.E. n\u00e3o se responsabiliza pela informa\u00e7\u00e3o que cont\u00e9m esta mensagem e n\u00e3o assume nenhuma responsabilidade perante terceiros sobre o seu conte\u00fado total, estando igualmente desresponsabilizada da entidade autora do mesmo. Ag\u00eancia EFE reserva-se o direito de distribuir o comunicado de imprensa na linha de not\u00edcias ou de o publicar no EFE Comunica.<br \/>\n<\/em><\/p>\n<\/div>\n","protected":false},"excerpt":{"rendered":"<p>(Informa\u00e7\u00e3o concedida pela entidade que a assina) A Bodor Laser ficou classificada em primeiro lugar no mundo em volume de vendas de m\u00e1quina de corte a laser(acima de 1.000 W) [&hellip;]<\/p>\n","protected":false},"author":198164071,"featured_media":48434,"comment_status":"closed","ping_status":"closed","sticky":false,"template":"","format":"standard","meta":{"_acf_changed":false,"_jetpack_newsletter_access":"","_jetpack_dont_email_post_to_subs":false,"_jetpack_newsletter_tier_id":0,"_jetpack_memberships_contains_paywalled_content":false,"_jetpack_memberships_contains_paid_content":false,"footnotes":"","jetpack_post_was_ever_published":false},"categories":[125519],"tags":[],"class_list":["post-221659","post","type-post","status-publish","format-standard","has-post-thumbnail","hentry","category-globenewswire-pt-pt"],"acf":[],"yoast_head":"<!-- This site is optimized with the Yoast SEO plugin v27.5 - https:\/\/yoast.com\/product\/yoast-seo-wordpress\/ -->\n<title>Bodor Laser lidera vendas globais<\/title>\n<meta name=\"description\" content=\"A Bodor Laser ficou classificada em primeiro lugar no mundo em volume de vendas de m\u00e1quina de corte a laser.\" \/>\n<meta name=\"robots\" content=\"index, follow, max-snippet:-1, max-image-preview:large, max-video-preview:-1\" \/>\n<link rel=\"canonical\" href=\"https:\/\/efecomunica.efe.com\/pt-pt\/bodor-laser-lidera-vendas-globais-por-sete-anos-consecutivos-e-reforca-sua-lideranca-de-marca-2\/\" \/>\n<!-- \/ Yoast SEO plugin. -->","yoast_head_json":{"title":"Bodor Laser lidera vendas globais","description":"A Bodor Laser ficou classificada em primeiro lugar no mundo em volume de vendas de m\u00e1quina de corte a laser.","robots":{"index":"index","follow":"follow","max-snippet":"max-snippet:-1","max-image-preview":"max-image-preview:large","max-video-preview":"max-video-preview:-1"},"canonical":"https:\/\/efecomunica.efe.com\/pt-pt\/bodor-laser-lidera-vendas-globais-por-sete-anos-consecutivos-e-reforca-sua-lideranca-de-marca-2\/","schema":{"@context":"https:\/\/schema.org","@graph":[{"@type":"Article","@id":"https:\/\/efecomunica.efe.com\/pt-pt\/bodor-laser-lidera-vendas-globais-por-sete-anos-consecutivos-e-reforca-sua-lideranca-de-marca-2\/#article","isPartOf":{"@id":"https:\/\/efecomunica.efe.com\/pt-pt\/bodor-laser-lidera-vendas-globais-por-sete-anos-consecutivos-e-reforca-sua-lideranca-de-marca-2\/"},"author":{"name":"EFE","@id":"https:\/\/efecomunica.efe.com\/#\/schema\/person\/38c335f1ce4cd42430576ef5499343b8"},"headline":"Bodor Laser lidera vendas globais por sete anos consecutivos e refor\u00e7a sua lideran\u00e7a de marca","datePublished":"2026-04-27T14:14:47+00:00","dateModified":"2026-04-27T14:47:43+00:00","mainEntityOfPage":{"@id":"https:\/\/efecomunica.efe.com\/pt-pt\/bodor-laser-lidera-vendas-globais-por-sete-anos-consecutivos-e-reforca-sua-lideranca-de-marca-2\/"},"wordCount":592,"publisher":{"@id":"https:\/\/efecomunica.efe.com\/#organization"},"image":{"@id":"https:\/\/efecomunica.efe.com\/pt-pt\/bodor-laser-lidera-vendas-globais-por-sete-anos-consecutivos-e-reforca-sua-lideranca-de-marca-2\/#primaryimage"},"thumbnailUrl":"https:\/\/efecomunica.efe.com\/wp-content\/uploads\/2022\/10\/Notified-GlobeNewswire-Color-Large-1.jpg","articleSection":["Globenewswire"],"inLanguage":"pt-PT"},{"@type":"WebPage","@id":"https:\/\/efecomunica.efe.com\/pt-pt\/bodor-laser-lidera-vendas-globais-por-sete-anos-consecutivos-e-reforca-sua-lideranca-de-marca-2\/","url":"https:\/\/efecomunica.efe.com\/pt-pt\/bodor-laser-lidera-vendas-globais-por-sete-anos-consecutivos-e-reforca-sua-lideranca-de-marca-2\/","name":"Bodor Laser lidera vendas globais","isPartOf":{"@id":"https:\/\/efecomunica.efe.com\/#website"},"primaryImageOfPage":{"@id":"https:\/\/efecomunica.efe.com\/pt-pt\/bodor-laser-lidera-vendas-globais-por-sete-anos-consecutivos-e-reforca-sua-lideranca-de-marca-2\/#primaryimage"},"image":{"@id":"https:\/\/efecomunica.efe.com\/pt-pt\/bodor-laser-lidera-vendas-globais-por-sete-anos-consecutivos-e-reforca-sua-lideranca-de-marca-2\/#primaryimage"},"thumbnailUrl":"https:\/\/efecomunica.efe.com\/wp-content\/uploads\/2022\/10\/Notified-GlobeNewswire-Color-Large-1.jpg","datePublished":"2026-04-27T14:14:47+00:00","dateModified":"2026-04-27T14:47:43+00:00","description":"A Bodor Laser ficou classificada em primeiro lugar no mundo em volume de vendas de m\u00e1quina de corte a laser.","breadcrumb":{"@id":"https:\/\/efecomunica.efe.com\/pt-pt\/bodor-laser-lidera-vendas-globais-por-sete-anos-consecutivos-e-reforca-sua-lideranca-de-marca-2\/#breadcrumb"},"inLanguage":"pt-PT","potentialAction":[{"@type":"ReadAction","target":["https:\/\/efecomunica.efe.com\/pt-pt\/bodor-laser-lidera-vendas-globais-por-sete-anos-consecutivos-e-reforca-sua-lideranca-de-marca-2\/"]}]},{"@type":"ImageObject","inLanguage":"pt-PT","@id":"https:\/\/efecomunica.efe.com\/pt-pt\/bodor-laser-lidera-vendas-globais-por-sete-anos-consecutivos-e-reforca-sua-lideranca-de-marca-2\/#primaryimage","url":"https:\/\/efecomunica.efe.com\/wp-content\/uploads\/2022\/10\/Notified-GlobeNewswire-Color-Large-1.jpg","contentUrl":"https:\/\/efecomunica.efe.com\/wp-content\/uploads\/2022\/10\/Notified-GlobeNewswire-Color-Large-1.jpg","width":1200,"height":650,"caption":"El \u00edndice Moneyball de Squawka clasifica a los clubes de la Premier League tomando en cuenta las \u00faltimas cinco temporadas (incluida la 2025\/26)."},{"@type":"BreadcrumbList","@id":"https:\/\/efecomunica.efe.com\/pt-pt\/bodor-laser-lidera-vendas-globais-por-sete-anos-consecutivos-e-reforca-sua-lideranca-de-marca-2\/#breadcrumb","itemListElement":[{"@type":"ListItem","position":1,"name":"Portada","item":"https:\/\/efecomunica.efe.com\/pt-pt\/"},{"@type":"ListItem","position":2,"name":"Bodor Laser lidera vendas globais por sete anos consecutivos e refor\u00e7a sua lideran\u00e7a de marca"}]},{"@type":"WebSite","@id":"https:\/\/efecomunica.efe.com\/#website","url":"https:\/\/efecomunica.efe.com\/","name":"EFE Comunica","description":"Contenidos para empresas","publisher":{"@id":"https:\/\/efecomunica.efe.com\/#organization"},"potentialAction":[{"@type":"SearchAction","target":{"@type":"EntryPoint","urlTemplate":"https:\/\/efecomunica.efe.com\/?s={search_term_string}"},"query-input":{"@type":"PropertyValueSpecification","valueRequired":true,"valueName":"search_term_string"}}],"inLanguage":"pt-PT"},{"@type":"Organization","@id":"https:\/\/efecomunica.efe.com\/#organization","name":"EFE Comunica","url":"https:\/\/efecomunica.efe.com\/","logo":{"@type":"ImageObject","inLanguage":"pt-PT","@id":"https:\/\/efecomunica.efe.com\/#\/schema\/logo\/image\/","url":"https:\/\/efecomunica.efe.com\/wp-content\/uploads\/2020\/12\/Logo-EFE-Comunica_png.png","contentUrl":"https:\/\/efecomunica.efe.com\/wp-content\/uploads\/2020\/12\/Logo-EFE-Comunica_png.png","width":1080,"height":486,"caption":"EFE Comunica"},"image":{"@id":"https:\/\/efecomunica.efe.com\/#\/schema\/logo\/image\/"},"sameAs":["https:\/\/www.facebook.com\/EFEComunicaAgenciaEFE","https:\/\/x.com\/EFEcomunica","https:\/\/www.linkedin.com\/showcase\/efecomunica"]},{"@type":"Person","@id":"https:\/\/efecomunica.efe.com\/#\/schema\/person\/38c335f1ce4cd42430576ef5499343b8","name":"EFE","image":{"@type":"ImageObject","inLanguage":"pt-PT","@id":"https:\/\/secure.gravatar.com\/avatar\/e5fcf26bedbd04dc20896c519164a13fe69c6913f5830d7db51543fa04eb30b4?s=96&d=identicon&r=g","url":"https:\/\/secure.gravatar.com\/avatar\/e5fcf26bedbd04dc20896c519164a13fe69c6913f5830d7db51543fa04eb30b4?s=96&d=identicon&r=g","contentUrl":"https:\/\/secure.gravatar.com\/avatar\/e5fcf26bedbd04dc20896c519164a13fe69c6913f5830d7db51543fa04eb30b4?s=96&d=identicon&r=g","caption":"EFE"},"sameAs":["http:\/\/efe.com"],"url":"https:\/\/efecomunica.efe.com\/pt-pt\/author\/efedesarrollo\/"}]}},"jetpack_featured_media_url":"https:\/\/efecomunica.efe.com\/wp-content\/uploads\/2022\/10\/Notified-GlobeNewswire-Color-Large-1.jpg","jetpack_likes_enabled":true,"jetpack_shortlink":"https:\/\/wp.me\/pcEg1r-VF9","jetpack_sharing_enabled":true,"_links":{"self":[{"href":"https:\/\/efecomunica.efe.com\/pt-pt\/wp-json\/wp\/v2\/posts\/221659","targetHints":{"allow":["GET"]}}],"collection":[{"href":"https:\/\/efecomunica.efe.com\/pt-pt\/wp-json\/wp\/v2\/posts"}],"about":[{"href":"https:\/\/efecomunica.efe.com\/pt-pt\/wp-json\/wp\/v2\/types\/post"}],"author":[{"embeddable":true,"href":"https:\/\/efecomunica.efe.com\/pt-pt\/wp-json\/wp\/v2\/users\/198164071"}],"replies":[{"embeddable":true,"href":"https:\/\/efecomunica.efe.com\/pt-pt\/wp-json\/wp\/v2\/comments?post=221659"}],"version-history":[{"count":3,"href":"https:\/\/efecomunica.efe.com\/pt-pt\/wp-json\/wp\/v2\/posts\/221659\/revisions"}],"predecessor-version":[{"id":221676,"href":"https:\/\/efecomunica.efe.com\/pt-pt\/wp-json\/wp\/v2\/posts\/221659\/revisions\/221676"}],"wp:featuredmedia":[{"embeddable":true,"href":"https:\/\/efecomunica.efe.com\/pt-pt\/wp-json\/wp\/v2\/media\/48434"}],"wp:attachment":[{"href":"https:\/\/efecomunica.efe.com\/pt-pt\/wp-json\/wp\/v2\/media?parent=221659"}],"wp:term":[{"taxonomy":"category","embeddable":true,"href":"https:\/\/efecomunica.efe.com\/pt-pt\/wp-json\/wp\/v2\/categories?post=221659"},{"taxonomy":"post_tag","embeddable":true,"href":"https:\/\/efecomunica.efe.com\/pt-pt\/wp-json\/wp\/v2\/tags?post=221659"}],"curies":[{"name":"wp","href":"https:\/\/api.w.org\/{rel}","templated":true}]}}