{"id":222065,"date":"2026-04-28T18:36:46","date_gmt":"2026-04-28T16:36:46","guid":{"rendered":"https:\/\/efecomunica.efe.com\/?p=222065"},"modified":"2026-04-29T13:38:36","modified_gmt":"2026-04-29T11:38:36","slug":"cada-minuto-conta-eaaci-pede-acao-urgente-para-tornar-as-escolas-seguras-para-criancas-em-risco-de-anafilaxia","status":"publish","type":"post","link":"https:\/\/efecomunica.efe.com\/pt-pt\/cada-minuto-conta-eaaci-pede-acao-urgente-para-tornar-as-escolas-seguras-para-criancas-em-risco-de-anafilaxia\/","title":{"rendered":"Cada minuto conta: EAACI pede a\u00e7\u00e3o urgente para tornar as escolas seguras para crian\u00e7as em risco de anafilaxia"},"content":{"rendered":"<p>(Informa\u00e7\u00e3o concedida pela entidade que a assina)<\/p>\n<p>No Congresso dos Deputados da Espanha, a presidente da EAACI, Mar\u00eda Jos\u00e9 Torres, apoiou um manifesto conjunto com a AEPNAA, a SEAIC e a SEICAP, solicitando medidas urgentes em rela\u00e7\u00e3o aos protocolos escolares, \u00e0 capacita\u00e7\u00e3o de profissionais e ao acesso \u00e0 adrenalina \u2014 um recurso vital<\/p>\n<div>\n<p><strong>Crian\u00e7as em risco de anafilaxia ainda n\u00e3o est\u00e3o protegidas de forma consistente nas escolas<\/strong>, apesar de orienta\u00e7\u00f5es m\u00e9dicas claras.<\/p>\n<p>Esse foi o alerta feito no Congresso dos Deputados da Espanha durante o evento <em>\u201cCada minuto conta: escolas seguras contra a anafilaxia\u201d<\/em> onde a Associa\u00e7\u00e3o Espanhola de Pessoas com Alergias Alimentares e a L\u00e1tex (AEPNAA), a Sociedade Espanhola de Alergologia e Imunologia Cl\u00ednica (SEAIC), a Sociedade Espanhola de Imunologia Cl\u00ednica Pedi\u00e1trica, Alergologia e Asma (SEICAP) e a European Academy of Allergy and Clinical Immunology (EAACI) <strong>endossaram um manifesto conjunto pedindo salvaguardas mais fortes em ambientes escolares<\/strong>.<\/p>\n<p>Representando a EAACI, a Presidente Mar\u00eda Jos\u00e9 Torres disse que a resposta \u00e0 anafilaxia permanece inconsistente, <strong>com a seguran\u00e7a das crian\u00e7as dependente do acaso<\/strong> &#8212; de se a equipe reconhece os sintomas, se a medica\u00e7\u00e3o \u00e9 acess\u00edvel e se os protocolos existem.<\/p>\n<p>A anafilaxia \u00e9 uma rea\u00e7\u00e3o al\u00e9rgica grave e r\u00e1pida que pode se tornar fatal em poucos minutos. Para muitas fam\u00edlias, esse risco faz parte da vida cotidiana &#8211; especialmente durante o hor\u00e1rio escolar, quando as crian\u00e7as est\u00e3o fora do alcance imediato dos pais ou cuidadores.<\/p>\n<p>O manifesto estabelece medidas pr\u00e1ticas para preencher essas lacunas: <strong>um protocolo comum para as escolas, treinamento obrigat\u00f3rio da equipe, autoinjetores de adrenalina acess\u00edveis, planos de cuidados individualizados e uma coordena\u00e7\u00e3o mais forte entre os sistemas de sa\u00fade e educa\u00e7\u00e3o<\/strong>.<\/p>\n<p><strong>\u201cPara muitas crian\u00e7as, a anafilaxia n\u00e3o \u00e9 um risco hipot\u00e9tico &#8211; faz parte da vida di\u00e1ria\u201d<\/strong>, disse Mar\u00eda Jos\u00e9 Torres, Presidente da EAACI.\u00a0<strong>\u201cDiante uma rea\u00e7\u00e3o grave a resposta deve ser imediata. N\u00e3o pode haver atrasos ou incertezas sobre quem deve agir.\u201d<\/strong><\/p>\n<p>Ela acrescentou que n\u00edveis desiguais de prote\u00e7\u00e3o nas escolas s\u00e3o inaceit\u00e1veis.\u00a0<strong>\u201cAs crian\u00e7as n\u00e3o devem estar mais seguras em uma escola do que em outra. Precisamos de protocolos claros, equipe treinada e acesso imediato a tratamento de emerg\u00eancia &#8211; antes que o tempo seja perdido.\u201d<\/strong><\/p>\n<p>O evento reuniu organiza\u00e7\u00f5es de pacientes, sociedades cient\u00edficas, profissionais de sa\u00fade, fam\u00edlias e institui\u00e7\u00f5es p\u00fablicas, <strong>destacando a incerteza di\u00e1ria enfrentada pelas fam\u00edlias<\/strong> que n\u00e3o sabem se as escolas est\u00e3o preparadas para responder.<\/p>\n<p>Para a EAACI, isso \u00e9 muito claro.\u00a0<strong>A prioridade agora \u00e9 a implementa\u00e7\u00e3o<\/strong> &#8212; garantir que as crian\u00e7as em risco sejam protegidas na pr\u00e1tica, n\u00e3o apenas no papel.<\/p>\n<p>Ao apoiar esta iniciativa, a EAACI reafirma o seu compromisso de promover medidas baseadas em evid\u00eancias que aumentem a seguran\u00e7a do paciente e protejam as crian\u00e7as e as fam\u00edlias onde mais precisarem.<\/p>\n<h2>Sobre a EAACI<\/h2>\n<p>A European Academy of Allergy and Clinical Immunology (EAACI) \u00e9 a principal organiza\u00e7\u00e3o profissional da Europa no campo da alergia e imunologia cl\u00ednica. A EAACI conta com m\u00e9dicos, pesquisadores e profissionais de sa\u00fade aliados para melhorar a sa\u00fade e o atendimento das pessoas afetadas pelas doen\u00e7as al\u00e9rgicas e imunol\u00f3gicas, por meio da pesquisa, educa\u00e7\u00e3o e advocacia.<\/p>\n<pre><strong>Contato: <\/strong>\r\ncommunications@eaaci.org | +41 44 205 55 33<\/pre>\n<p>Fotos deste comunicado podem ser encontradas em:<\/p>\n<p><a href=\"https:\/\/www.globenewswire.com\/Tracker?data=cHoLsZSCr_Xc2x0MTkTlqzweiSRa92FefkyAWE1qesf-3zl5W9hcuCeMKdVbLnitJaxvibAKAajlj3jiVgHO2C9efkEOOBWAGuwUQIi-ym0aCG3LiFCdQ5IEhK_aVnQW8cXQcop5QXkPqq1wpkyx9_oQn_ynxLJj_fWr_77esKW-rbu_3WKTjxfGLGn41OVf21bOdq5vDL0l_Fgf2c1nT1XSKAmCzh13zwF4aAEn5RVpF9vxD4kzvpReQhcPupBkBaJyhjskCFcYxCpFciEZ-g==\" target=\"_blank\" rel=\"noopener\">http:\/\/www.globenewswire.com\/NewsRoom\/AttachmentNg\/ca605fbb-0ff4-40ba-be81-fbfc0b45538c<\/a><\/p>\n<p><a href=\"https:\/\/www.globenewswire.com\/Tracker?data=cHoLsZSCr_Xc2x0MTkTlqzweiSRa92FefkyAWE1qesf-3zl5W9hcuCeMKdVbLnitJaxvibAKAajlj3jiVgHO2PoMbUyjVnSL2gt9MtxwsYz1-c26Na2yqMT9YmGWEVL0zqgslhH5rqOolyls58nwEI-yt9SVUD2iyKvgTxr_vBKh-Krf2VhsPkm6KjxGR1-vEFakjNvNff7lnPj047iTEaifwIosuAqFuX1nDKTBwM15f_h7g-KOZ_8QnDX8-DmhkXRHkkfcVWMgg0p7q5k-rQ==\" target=\"_blank\" rel=\"noopener\">http:\/\/www.globenewswire.com\/NewsRoom\/AttachmentNg\/e7eba67f-15f6-4f73-85ae-503e18d6036a<\/a><\/p>\n<p><img \/><em>AGENCIA EFE S.A.U.,S.M.E. n\u00e3o se responsabiliza pela informa\u00e7\u00e3o que cont\u00e9m esta mensagem e n\u00e3o assume nenhuma responsabilidade perante terceiros sobre o seu conte\u00fado total, estando igualmente desresponsabilizada da entidade autora do mesmo. Ag\u00eancia EFE reserva-se o direito de distribuir o comunicado de imprensa na linha de not\u00edcias ou de o publicar no EFE Comunica.<\/em><\/p>\n<\/div>\n","protected":false},"excerpt":{"rendered":"<p>(Informa\u00e7\u00e3o concedida pela entidade que a assina) No Congresso dos Deputados da Espanha, a presidente da EAACI, Mar\u00eda Jos\u00e9 Torres, apoiou um manifesto conjunto com a AEPNAA, a SEAIC e [&hellip;]<\/p>\n","protected":false},"author":198164071,"featured_media":48434,"comment_status":"closed","ping_status":"closed","sticky":false,"template":"","format":"standard","meta":{"_acf_changed":false,"_jetpack_newsletter_access":"","_jetpack_dont_email_post_to_subs":false,"_jetpack_newsletter_tier_id":0,"_jetpack_memberships_contains_paywalled_content":false,"_jetpack_memberships_contains_paid_content":false,"footnotes":"","jetpack_post_was_ever_published":false},"categories":[125519],"tags":[],"class_list":["post-222065","post","type-post","status-publish","format-standard","has-post-thumbnail","hentry","category-globenewswire-pt-pt"],"acf":[],"yoast_head":"<!-- This site is optimized with the Yoast SEO plugin v27.5 - https:\/\/yoast.com\/product\/yoast-seo-wordpress\/ -->\n<title>EAACI pede a\u00e7\u00e3o urgente para tornar as escolas seguras<\/title>\n<meta name=\"description\" content=\"Cada minuto conta: EAACI pede a\u00e7\u00e3o urgente para tornar as escolas seguras para crian\u00e7as em risco de anafilaxia.\" \/>\n<meta name=\"robots\" content=\"index, follow, max-snippet:-1, max-image-preview:large, max-video-preview:-1\" \/>\n<link rel=\"canonical\" href=\"https:\/\/efecomunica.efe.com\/pt-pt\/cada-minuto-conta-eaaci-pede-acao-urgente-para-tornar-as-escolas-seguras-para-criancas-em-risco-de-anafilaxia\/\" \/>\n<!-- \/ Yoast SEO plugin. -->","yoast_head_json":{"title":"EAACI pede a\u00e7\u00e3o urgente para tornar as escolas seguras","description":"Cada minuto conta: EAACI pede a\u00e7\u00e3o urgente para tornar as escolas seguras para crian\u00e7as em risco de anafilaxia.","robots":{"index":"index","follow":"follow","max-snippet":"max-snippet:-1","max-image-preview":"max-image-preview:large","max-video-preview":"max-video-preview:-1"},"canonical":"https:\/\/efecomunica.efe.com\/pt-pt\/cada-minuto-conta-eaaci-pede-acao-urgente-para-tornar-as-escolas-seguras-para-criancas-em-risco-de-anafilaxia\/","schema":{"@context":"https:\/\/schema.org","@graph":[{"@type":"Article","@id":"https:\/\/efecomunica.efe.com\/pt-pt\/cada-minuto-conta-eaaci-pede-acao-urgente-para-tornar-as-escolas-seguras-para-criancas-em-risco-de-anafilaxia\/#article","isPartOf":{"@id":"https:\/\/efecomunica.efe.com\/pt-pt\/cada-minuto-conta-eaaci-pede-acao-urgente-para-tornar-as-escolas-seguras-para-criancas-em-risco-de-anafilaxia\/"},"author":{"name":"EFE","@id":"https:\/\/efecomunica.efe.com\/#\/schema\/person\/38c335f1ce4cd42430576ef5499343b8"},"headline":"Cada minuto conta: EAACI pede a\u00e7\u00e3o urgente para tornar as escolas seguras para crian\u00e7as em risco de anafilaxia","datePublished":"2026-04-28T16:36:46+00:00","dateModified":"2026-04-29T11:38:36+00:00","mainEntityOfPage":{"@id":"https:\/\/efecomunica.efe.com\/pt-pt\/cada-minuto-conta-eaaci-pede-acao-urgente-para-tornar-as-escolas-seguras-para-criancas-em-risco-de-anafilaxia\/"},"wordCount":699,"publisher":{"@id":"https:\/\/efecomunica.efe.com\/#organization"},"image":{"@id":"https:\/\/efecomunica.efe.com\/pt-pt\/cada-minuto-conta-eaaci-pede-acao-urgente-para-tornar-as-escolas-seguras-para-criancas-em-risco-de-anafilaxia\/#primaryimage"},"thumbnailUrl":"https:\/\/efecomunica.efe.com\/wp-content\/uploads\/2022\/10\/Notified-GlobeNewswire-Color-Large-1.jpg","articleSection":["Globenewswire"],"inLanguage":"pt-PT"},{"@type":"WebPage","@id":"https:\/\/efecomunica.efe.com\/pt-pt\/cada-minuto-conta-eaaci-pede-acao-urgente-para-tornar-as-escolas-seguras-para-criancas-em-risco-de-anafilaxia\/","url":"https:\/\/efecomunica.efe.com\/pt-pt\/cada-minuto-conta-eaaci-pede-acao-urgente-para-tornar-as-escolas-seguras-para-criancas-em-risco-de-anafilaxia\/","name":"EAACI pede a\u00e7\u00e3o urgente para tornar as escolas seguras","isPartOf":{"@id":"https:\/\/efecomunica.efe.com\/#website"},"primaryImageOfPage":{"@id":"https:\/\/efecomunica.efe.com\/pt-pt\/cada-minuto-conta-eaaci-pede-acao-urgente-para-tornar-as-escolas-seguras-para-criancas-em-risco-de-anafilaxia\/#primaryimage"},"image":{"@id":"https:\/\/efecomunica.efe.com\/pt-pt\/cada-minuto-conta-eaaci-pede-acao-urgente-para-tornar-as-escolas-seguras-para-criancas-em-risco-de-anafilaxia\/#primaryimage"},"thumbnailUrl":"https:\/\/efecomunica.efe.com\/wp-content\/uploads\/2022\/10\/Notified-GlobeNewswire-Color-Large-1.jpg","datePublished":"2026-04-28T16:36:46+00:00","dateModified":"2026-04-29T11:38:36+00:00","description":"Cada minuto conta: EAACI pede a\u00e7\u00e3o urgente para tornar as escolas seguras para crian\u00e7as em risco de anafilaxia.","breadcrumb":{"@id":"https:\/\/efecomunica.efe.com\/pt-pt\/cada-minuto-conta-eaaci-pede-acao-urgente-para-tornar-as-escolas-seguras-para-criancas-em-risco-de-anafilaxia\/#breadcrumb"},"inLanguage":"pt-PT","potentialAction":[{"@type":"ReadAction","target":["https:\/\/efecomunica.efe.com\/pt-pt\/cada-minuto-conta-eaaci-pede-acao-urgente-para-tornar-as-escolas-seguras-para-criancas-em-risco-de-anafilaxia\/"]}]},{"@type":"ImageObject","inLanguage":"pt-PT","@id":"https:\/\/efecomunica.efe.com\/pt-pt\/cada-minuto-conta-eaaci-pede-acao-urgente-para-tornar-as-escolas-seguras-para-criancas-em-risco-de-anafilaxia\/#primaryimage","url":"https:\/\/efecomunica.efe.com\/wp-content\/uploads\/2022\/10\/Notified-GlobeNewswire-Color-Large-1.jpg","contentUrl":"https:\/\/efecomunica.efe.com\/wp-content\/uploads\/2022\/10\/Notified-GlobeNewswire-Color-Large-1.jpg","width":1200,"height":650,"caption":"El \u00edndice Moneyball de Squawka clasifica a los clubes de la Premier League tomando en cuenta las \u00faltimas cinco temporadas (incluida la 2025\/26)."},{"@type":"BreadcrumbList","@id":"https:\/\/efecomunica.efe.com\/pt-pt\/cada-minuto-conta-eaaci-pede-acao-urgente-para-tornar-as-escolas-seguras-para-criancas-em-risco-de-anafilaxia\/#breadcrumb","itemListElement":[{"@type":"ListItem","position":1,"name":"Portada","item":"https:\/\/efecomunica.efe.com\/pt-pt\/"},{"@type":"ListItem","position":2,"name":"Cada minuto conta: EAACI pede a\u00e7\u00e3o urgente para tornar as escolas seguras para crian\u00e7as em risco de anafilaxia"}]},{"@type":"WebSite","@id":"https:\/\/efecomunica.efe.com\/#website","url":"https:\/\/efecomunica.efe.com\/","name":"EFE Comunica","description":"Contenidos para empresas","publisher":{"@id":"https:\/\/efecomunica.efe.com\/#organization"},"potentialAction":[{"@type":"SearchAction","target":{"@type":"EntryPoint","urlTemplate":"https:\/\/efecomunica.efe.com\/?s={search_term_string}"},"query-input":{"@type":"PropertyValueSpecification","valueRequired":true,"valueName":"search_term_string"}}],"inLanguage":"pt-PT"},{"@type":"Organization","@id":"https:\/\/efecomunica.efe.com\/#organization","name":"EFE Comunica","url":"https:\/\/efecomunica.efe.com\/","logo":{"@type":"ImageObject","inLanguage":"pt-PT","@id":"https:\/\/efecomunica.efe.com\/#\/schema\/logo\/image\/","url":"https:\/\/efecomunica.efe.com\/wp-content\/uploads\/2020\/12\/Logo-EFE-Comunica_png.png","contentUrl":"https:\/\/efecomunica.efe.com\/wp-content\/uploads\/2020\/12\/Logo-EFE-Comunica_png.png","width":1080,"height":486,"caption":"EFE Comunica"},"image":{"@id":"https:\/\/efecomunica.efe.com\/#\/schema\/logo\/image\/"},"sameAs":["https:\/\/www.facebook.com\/EFEComunicaAgenciaEFE","https:\/\/x.com\/EFEcomunica","https:\/\/www.linkedin.com\/showcase\/efecomunica"]},{"@type":"Person","@id":"https:\/\/efecomunica.efe.com\/#\/schema\/person\/38c335f1ce4cd42430576ef5499343b8","name":"EFE","image":{"@type":"ImageObject","inLanguage":"pt-PT","@id":"https:\/\/secure.gravatar.com\/avatar\/e5fcf26bedbd04dc20896c519164a13fe69c6913f5830d7db51543fa04eb30b4?s=96&d=identicon&r=g","url":"https:\/\/secure.gravatar.com\/avatar\/e5fcf26bedbd04dc20896c519164a13fe69c6913f5830d7db51543fa04eb30b4?s=96&d=identicon&r=g","contentUrl":"https:\/\/secure.gravatar.com\/avatar\/e5fcf26bedbd04dc20896c519164a13fe69c6913f5830d7db51543fa04eb30b4?s=96&d=identicon&r=g","caption":"EFE"},"sameAs":["http:\/\/efe.com"],"url":"https:\/\/efecomunica.efe.com\/pt-pt\/author\/efedesarrollo\/"}]}},"jetpack_featured_media_url":"https:\/\/efecomunica.efe.com\/wp-content\/uploads\/2022\/10\/Notified-GlobeNewswire-Color-Large-1.jpg","jetpack_likes_enabled":true,"jetpack_shortlink":"https:\/\/wp.me\/pcEg1r-VLH","jetpack_sharing_enabled":true,"_links":{"self":[{"href":"https:\/\/efecomunica.efe.com\/pt-pt\/wp-json\/wp\/v2\/posts\/222065","targetHints":{"allow":["GET"]}}],"collection":[{"href":"https:\/\/efecomunica.efe.com\/pt-pt\/wp-json\/wp\/v2\/posts"}],"about":[{"href":"https:\/\/efecomunica.efe.com\/pt-pt\/wp-json\/wp\/v2\/types\/post"}],"author":[{"embeddable":true,"href":"https:\/\/efecomunica.efe.com\/pt-pt\/wp-json\/wp\/v2\/users\/198164071"}],"replies":[{"embeddable":true,"href":"https:\/\/efecomunica.efe.com\/pt-pt\/wp-json\/wp\/v2\/comments?post=222065"}],"version-history":[{"count":3,"href":"https:\/\/efecomunica.efe.com\/pt-pt\/wp-json\/wp\/v2\/posts\/222065\/revisions"}],"predecessor-version":[{"id":222261,"href":"https:\/\/efecomunica.efe.com\/pt-pt\/wp-json\/wp\/v2\/posts\/222065\/revisions\/222261"}],"wp:featuredmedia":[{"embeddable":true,"href":"https:\/\/efecomunica.efe.com\/pt-pt\/wp-json\/wp\/v2\/media\/48434"}],"wp:attachment":[{"href":"https:\/\/efecomunica.efe.com\/pt-pt\/wp-json\/wp\/v2\/media?parent=222065"}],"wp:term":[{"taxonomy":"category","embeddable":true,"href":"https:\/\/efecomunica.efe.com\/pt-pt\/wp-json\/wp\/v2\/categories?post=222065"},{"taxonomy":"post_tag","embeddable":true,"href":"https:\/\/efecomunica.efe.com\/pt-pt\/wp-json\/wp\/v2\/tags?post=222065"}],"curies":[{"name":"wp","href":"https:\/\/api.w.org\/{rel}","templated":true}]}}