{"id":242203,"date":"2026-08-28T14:49:20","date_gmt":"2026-08-28T12:49:20","guid":{"rendered":"https:\/\/efecomunica.efe.com\/?p=242203"},"modified":"2026-08-28T15:51:02","modified_gmt":"2026-08-28T13:51:02","slug":"litime-estreia-no-the-smarter-e-south-america-2026-com-o-novo-lares-plug-in-home-backup-e-lifepo%e2%82%84-power-solutions","status":"publish","type":"post","link":"https:\/\/efecomunica.efe.com\/pt-pt\/litime-estreia-no-the-smarter-e-south-america-2026-com-o-novo-lares-plug-in-home-backup-e-lifepo%e2%82%84-power-solutions\/","title":{"rendered":"LiTime estreia no The smarter E South America 2026 com o novo Lares plug-in home backup e LiFePO\u2084 power solutions"},"content":{"rendered":"<p>(Informa\u00e7\u00e3o concedida pela entidade que a assina)<\/p>\n<div>\n<p><strong><a href=\"https:\/\/www.globenewswire.com\/Tracker?data=BVzlqLmeWdNPOVxDnMbV8nDe2Mi2iDyZX4TngsBdueG8NsdVawyndx8tSMUosaPn6BtXoWSlCFYe0P2nD-2e0SpwTNEfiY1sDtD8TL1D9R_md8CiM0HCxBusOYzRZXNY3RHbBr_6aU7KmbmxGSKErro_X_1qa6Es81lFOAozjGU0rFqOC_RS9HDge2l9wUyH\" target=\"_blank\" rel=\"noopener\">LiTime<\/a>\u00a0<\/strong>estreou na ees <strong>South America<\/strong>, parte da <strong>The smarter E South America 2026<\/strong>, realizada de 25 a 27 de agosto. A empresa apresentou sua nova solu\u00e7\u00e3o de backup residencial plug-in Lares K1, juntamente com as baterias de l\u00edtio de m\u00faltiplas voltagens e equipamentos de suporte para armazenamento de energia residencial, solar, fora da rede, RV, aplica\u00e7\u00f5es mar\u00edtimas e agr\u00edcolas.<\/p>\n<p>&nbsp;<\/p>\n<p>O evento foi mais um passo na expans\u00e3o da LiTime no Brasil e na Am\u00e9rica Latina. Seu estande recebeu mais de 1.000 visitantes que participaram de discuss\u00f5es focadas principalmente na compatibilidade do sistema, instala\u00e7\u00e3o, escalabilidade e backup de carga essencial.<\/p>\n<h2>Lares Simplifica a Implanta\u00e7\u00e3o de Backup Dom\u00e9stico<\/h2>\n<p>No evento, a LiTime destacou o\u00a0<strong>Lares K1, sua nova solu\u00e7\u00e3o de backup residencial de plug-in<\/strong>\u00a0com lan\u00e7amento previsto para outubro.<\/p>\n<p>O Lares K1 tem um design ultrafino e pode ser montado na parede, no ch\u00e3o ou instalado junto \u00e0 parede. Sua arquitetura modular viabiliza que os usu\u00e1rios expandam a capacidade de backup com base nas necessidades dom\u00e9sticas.<\/p>\n<p>O design de plug-in reduz a necessidade de fia\u00e7\u00e3o extensa ou grandes modifica\u00e7\u00f5es el\u00e9tricas. Durante falta de energia, o Lares K1 pode mudar para o modo de backup de UPS em apenas 10 milissegundos, ajudando a manter os refrigeradores, equipamentos de internet e ilumina\u00e7\u00e3o funcionando.<\/p>\n<p>&nbsp;<\/p>\n<h2>Configura\u00e7\u00f5es Flex\u00edveis de Sistema de Energia<\/h2>\n<p>A LiTime tamb\u00e9m apresentou tr\u00eas modelos de baterias LiFePO\u2084 para aplica\u00e7\u00f5es de RV, mar\u00edtimas e agr\u00edcolas:<\/p>\n<ul>\n<li style=\"margin-bottom: 8pt; text-align: left;\"><strong>Bateria LiFePO\u2084 Slim de 12V 200Ah para Altas Temperaturas<\/strong>: Com gabinete met\u00e1lico e dissipa\u00e7\u00e3o de calor inteligente, ideal para RVs, ve\u00edculos off-road e ambientes com espa\u00e7o limitado ou altas temperaturas.<\/li>\n<li style=\"margin-bottom: 8pt; text-align: left;\"><a href=\"https:\/\/www.litime.com\/products\/24v-100ah-group-31-lifepo4-rv-battery?variant=47554210398428&amp;utm_source=NEWS&amp;utm_medium=PR&amp;utm_campaign=The_smarter_E_South_America_2026_202608\" target=\"_blank\" rel=\"noopener\"><strong>Bateria LiFePO\u2084 Bluetooth de 24V 100Ah Grupo 31<\/strong><\/a>: Formato compacto do Grupo 31 com monitoramento de Bluetooth, prote\u00e7\u00e3o de baixa temperatura e suporte de expans\u00e3o para aplica\u00e7\u00f5es de RV, mar\u00edtimas e fora da rede.<\/li>\n<li style=\"margin-bottom: 8pt; text-align: left;\"><a href=\"https:\/\/litimesolutions.com\/products\/litime-48v-30ah-gc2-lithium-golf-carts-lifepo4-battery?_pos=1&amp;_fid=6aaab59a0&amp;_ss=c&amp;utm_source=NEWS&amp;utm_medium=PR&amp;utm_campaign=The_smarter_E_South_America_2026_202608\" target=\"_blank\" rel=\"noopener\"><strong>Bateria LiFePO\u2084 Bluetooth de 51.2V 30Ah GC2<\/strong><\/a>: Suporte de descarga de alta taxa e conex\u00e3o em paralelo para upgrade de baterias de chumbo-\u00e1cido em carrinhos de golfe e equipamentos agr\u00edcolas.<\/li>\n<\/ul>\n<p>O LiTime tamb\u00e9m apresentou um inversor de 2kW, carregadores CC-CC e dispositivos de monitoramento de Bluetooth, dando aos parceiros mais op\u00e7\u00f5es para a configura\u00e7\u00e3o de sistemas de energia.<\/p>\n<h2>Avan\u00e7o de parcerias locais<\/h2>\n<p>A exposi\u00e7\u00e3o proporcionou \u00e0 LiTime a oportunidade de se conectar com\u00a0<a href=\"https:\/\/www.globenewswire.com\/Tracker?data=csljBwujE2GiLj7x2g987EmnQ2iPg8J4tD_6JPSC_CAZrm7IuMYHf1Rs7oO5Y46nsJFuL-zforVkasWPlEM2v9QEZpKqLjTsHS447zfR2hb1N5qFyVSR2DsMxf5vqGUT2Sl28apiMW89KuxG0IOhOmQrjExjOM-Sl44pCtokPo-igeqWZ9YvCWvmSSW65TVzm_goyylPdoGypkpN6nbMGUkCyBzDFNv1h5Z7VrhvPKG6tfDMRLKYhX0s2jM07n6RTERqu-fDnpwhZUTQpBZBId98wu7_C5FOL6G7dENYlvw=\" target=\"_blank\" rel=\"noopener\">distribuidores locais, integradores de sistemas e parceiros do setor<\/a>\u00a0e discutir adequa\u00e7\u00e3o de produtos, integra\u00e7\u00e3o de sistemas e colabora\u00e7\u00e3o de canais.<\/p>\n<p>A LiTime pretende continuar solidificando seu portf\u00f3lio de produtos, rede de canais e suporte de servi\u00e7os em todo o Brasil e Am\u00e9rica Latina.<\/p>\n<h2>Sobre a LiTime<\/h2>\n<p><strong>A LiTime \u00e9 especialista global em solu\u00e7\u00f5es de energia LiFePO\u2084, fornecendo baterias confi\u00e1veis e solu\u00e7\u00f5es completas de energia de l\u00edtio para aplica\u00e7\u00f5es de RV, mar\u00edtimas, de carrinho de golfe e fora da rede.<\/strong><\/p>\n<pre><strong>Visite<\/strong>: https:\/\/litimesolutions.com\/\r\n<strong>Contato<\/strong>: aurum.liu@litime.com\r\n<strong>Pessoa de Contato<\/strong>: Aurum.Liu\r\n<strong>Inscreva-se<\/strong>:\r\nhttps:\/\/www.facebook.com\/litimepower\r\nhttps:\/\/www.instagram.com\/litimepower\/\r\nhttps:\/\/www.youtube.com\/@litimepower\r\nhttps:\/\/www.linkedin.com\/company\/litime<\/pre>\n<p>Fotos deste comunicado podem ser encontradas em:<\/p>\n<p><a href=\"https:\/\/www.globenewswire.com\/Tracker?data=pd2wVuZ2OSgFLWoYNLqtLe6KohN6dZflEkQ1RQeUeiv00K4we_acJfHrIUpVS4vEoIfXEcAqDLb953A1lEk_22hVLxzHG-9-oiRxzP7Fzin_hqHEIZPayyO0UDVbZCnJJ5MzhaSAnFJJKJyHZ693YoxW84kNxvZZBu5GrHBUFKiWVTMEeG2Q5xoxuTUsGe6xqP_nRqmXzdYgD1TrdsXpyVJpYIakhe_dEC6pMEi0xRrGHR-6p1v8ma8A16ZdwHNqxVaNYP32hYXA1K_7cQV2pw==\" target=\"_blank\" rel=\"noopener\">https:\/\/www.globenewswire.com\/NewsRoom\/AttachmentNg\/462521c2-e8ac-420d-9b55-080682b6791a<\/a><\/p>\n<p><a href=\"https:\/\/www.globenewswire.com\/Tracker?data=pd2wVuZ2OSgFLWoYNLqtLe6KohN6dZflEkQ1RQeUeiv00K4we_acJfHrIUpVS4vEnqhjDTOVZZd5YMg8bzOA-dssuVjUoUqFSyXfDRSxLcuuYw1I1XS2pWIRx2ZpI__4LlrHpHxE08WSoPQeO2X6lc_OnnViAzEjhDoAnAjnIvKEZFfPK2k4PrbNydXv4Vitk-CloBdvs3bLTJGEpOyNc8TPjeEpZwJ_WIpIcQy4XDgvrN9SRM6zqEKVt323N63Kd5YGq23xIk6eYQo5BCJJmg==\" target=\"_blank\" rel=\"noopener\">https:\/\/www.globenewswire.com\/NewsRoom\/AttachmentNg\/d4d5911b-5de4-44a5-a824-9b8857480518<\/a><\/p>\n<p><em>AGENCIA EFE S.A.U.,S.M.E. n\u00e3o se responsabiliza pela informa\u00e7\u00e3o que cont\u00e9m esta mensagem e n\u00e3o assume nenhuma responsabilidade perante terceiros sobre o seu conte\u00fado total, estando igualmente desresponsabilizada da entidade autora do mesmo. Ag\u00eancia EFE reserva-se o direito de distribuir o comunicado de imprensa na linha de not\u00edcias ou de o publicar no EFE Comunica.<\/em><\/p>\n<\/div>\n","protected":false},"excerpt":{"rendered":"<p>(Informa\u00e7\u00e3o concedida pela entidade que a assina) LiTime\u00a0estreou na ees South America, parte da The smarter E South America 2026, realizada de 25 a 27 de agosto. A empresa apresentou [&hellip;]<\/p>\n","protected":false},"author":198164071,"featured_media":48434,"comment_status":"closed","ping_status":"closed","sticky":false,"template":"","format":"standard","meta":{"_acf_changed":false,"_jetpack_newsletter_access":"","_jetpack_dont_email_post_to_subs":false,"_jetpack_newsletter_tier_id":0,"_jetpack_memberships_contains_paywalled_content":false,"_wpcom_ai_launchpad_first_post":false,"_jetpack_feature_clip_id":0,"_jetpack_memberships_contains_paid_content":false,"footnotes":"","jetpack_post_was_ever_published":false},"categories":[125519],"tags":[],"class_list":["post-242203","post","type-post","status-publish","format-standard","has-post-thumbnail","hentry","category-globenewswire-pt-pt"],"acf":[],"yoast_head":"<!-- This site is optimized with the Yoast SEO plugin v28.4 - https:\/\/yoast.com\/product\/yoast-seo-wordpress\/ -->\n<title>LiTime estreia no The smarter E South America 2026<\/title>\n<meta name=\"description\" content=\"LiTime\u00a0estreou na ees South America, parte da The smarter E South America 2026, realizada de 25 a 27 de agosto.\" \/>\n<meta name=\"robots\" content=\"index, follow, max-snippet:-1, max-image-preview:large, max-video-preview:-1\" \/>\n<link rel=\"canonical\" href=\"https:\/\/efecomunica.efe.com\/pt-pt\/litime-estreia-no-the-smarter-e-south-america-2026-com-o-novo-lares-plug-in-home-backup-e-lifepo\u2084-power-solutions\/\" \/>\n<!-- \/ Yoast SEO plugin. -->","yoast_head_json":{"title":"LiTime estreia no The smarter E South America 2026","description":"LiTime\u00a0estreou na ees South America, parte da The smarter E South America 2026, realizada de 25 a 27 de agosto.","robots":{"index":"index","follow":"follow","max-snippet":"max-snippet:-1","max-image-preview":"max-image-preview:large","max-video-preview":"max-video-preview:-1"},"canonical":"https:\/\/efecomunica.efe.com\/pt-pt\/litime-estreia-no-the-smarter-e-south-america-2026-com-o-novo-lares-plug-in-home-backup-e-lifepo\u2084-power-solutions\/","schema":{"@context":"https:\/\/schema.org","@graph":[{"@type":"Article","@id":"https:\/\/efecomunica.efe.com\/pt-pt\/litime-estreia-no-the-smarter-e-south-america-2026-com-o-novo-lares-plug-in-home-backup-e-lifepo%e2%82%84-power-solutions\/#article","isPartOf":{"@id":"https:\/\/efecomunica.efe.com\/pt-pt\/litime-estreia-no-the-smarter-e-south-america-2026-com-o-novo-lares-plug-in-home-backup-e-lifepo%e2%82%84-power-solutions\/"},"author":{"name":"EFE","@id":"https:\/\/efecomunica.efe.com\/#\/schema\/person\/38c335f1ce4cd42430576ef5499343b8"},"headline":"LiTime estreia no The smarter E South America 2026 com o novo Lares plug-in home backup e LiFePO\u2084 power solutions","datePublished":"2026-08-28T12:49:20+00:00","dateModified":"2026-08-28T13:51:02+00:00","mainEntityOfPage":{"@id":"https:\/\/efecomunica.efe.com\/pt-pt\/litime-estreia-no-the-smarter-e-south-america-2026-com-o-novo-lares-plug-in-home-backup-e-lifepo%e2%82%84-power-solutions\/"},"wordCount":626,"publisher":{"@id":"https:\/\/efecomunica.efe.com\/#organization"},"image":{"@id":"https:\/\/efecomunica.efe.com\/pt-pt\/litime-estreia-no-the-smarter-e-south-america-2026-com-o-novo-lares-plug-in-home-backup-e-lifepo%e2%82%84-power-solutions\/#primaryimage"},"thumbnailUrl":"https:\/\/efecomunica.efe.com\/wp-content\/uploads\/2022\/10\/Notified-GlobeNewswire-Color-Large-1.jpg","articleSection":["Globenewswire"],"inLanguage":"pt-PT"},{"@type":"WebPage","@id":"https:\/\/efecomunica.efe.com\/pt-pt\/litime-estreia-no-the-smarter-e-south-america-2026-com-o-novo-lares-plug-in-home-backup-e-lifepo%e2%82%84-power-solutions\/","url":"https:\/\/efecomunica.efe.com\/pt-pt\/litime-estreia-no-the-smarter-e-south-america-2026-com-o-novo-lares-plug-in-home-backup-e-lifepo%e2%82%84-power-solutions\/","name":"LiTime estreia no The smarter E South America 2026","isPartOf":{"@id":"https:\/\/efecomunica.efe.com\/#website"},"primaryImageOfPage":{"@id":"https:\/\/efecomunica.efe.com\/pt-pt\/litime-estreia-no-the-smarter-e-south-america-2026-com-o-novo-lares-plug-in-home-backup-e-lifepo%e2%82%84-power-solutions\/#primaryimage"},"image":{"@id":"https:\/\/efecomunica.efe.com\/pt-pt\/litime-estreia-no-the-smarter-e-south-america-2026-com-o-novo-lares-plug-in-home-backup-e-lifepo%e2%82%84-power-solutions\/#primaryimage"},"thumbnailUrl":"https:\/\/efecomunica.efe.com\/wp-content\/uploads\/2022\/10\/Notified-GlobeNewswire-Color-Large-1.jpg","datePublished":"2026-08-28T12:49:20+00:00","dateModified":"2026-08-28T13:51:02+00:00","description":"LiTime\u00a0estreou na ees South America, parte da The smarter E South America 2026, realizada de 25 a 27 de agosto.","breadcrumb":{"@id":"https:\/\/efecomunica.efe.com\/pt-pt\/litime-estreia-no-the-smarter-e-south-america-2026-com-o-novo-lares-plug-in-home-backup-e-lifepo%e2%82%84-power-solutions\/#breadcrumb"},"inLanguage":"pt-PT","potentialAction":[{"@type":"ReadAction","target":["https:\/\/efecomunica.efe.com\/pt-pt\/litime-estreia-no-the-smarter-e-south-america-2026-com-o-novo-lares-plug-in-home-backup-e-lifepo%e2%82%84-power-solutions\/"]}]},{"@type":"ImageObject","inLanguage":"pt-PT","@id":"https:\/\/efecomunica.efe.com\/pt-pt\/litime-estreia-no-the-smarter-e-south-america-2026-com-o-novo-lares-plug-in-home-backup-e-lifepo%e2%82%84-power-solutions\/#primaryimage","url":"https:\/\/efecomunica.efe.com\/wp-content\/uploads\/2022\/10\/Notified-GlobeNewswire-Color-Large-1.jpg","contentUrl":"https:\/\/efecomunica.efe.com\/wp-content\/uploads\/2022\/10\/Notified-GlobeNewswire-Color-Large-1.jpg","width":1200,"height":650,"caption":"Tealium"},{"@type":"BreadcrumbList","@id":"https:\/\/efecomunica.efe.com\/pt-pt\/litime-estreia-no-the-smarter-e-south-america-2026-com-o-novo-lares-plug-in-home-backup-e-lifepo%e2%82%84-power-solutions\/#breadcrumb","itemListElement":[{"@type":"ListItem","position":1,"name":"Portada","item":"https:\/\/efecomunica.efe.com\/pt-pt\/"},{"@type":"ListItem","position":2,"name":"LiTime estreia no The smarter E South America 2026 com o novo Lares plug-in home backup e LiFePO\u2084 power solutions"}]},{"@type":"WebSite","@id":"https:\/\/efecomunica.efe.com\/#website","url":"https:\/\/efecomunica.efe.com\/","name":"EFE Comunica","description":"Contenidos para empresas","publisher":{"@id":"https:\/\/efecomunica.efe.com\/#organization"},"potentialAction":[{"@type":"SearchAction","target":{"@type":"EntryPoint","urlTemplate":"https:\/\/efecomunica.efe.com\/?s={search_term_string}"},"query-input":{"@type":"PropertyValueSpecification","valueRequired":true,"valueName":"search_term_string"}}],"inLanguage":"pt-PT"},{"@type":"Organization","@id":"https:\/\/efecomunica.efe.com\/#organization","name":"EFE Comunica","url":"https:\/\/efecomunica.efe.com\/","logo":{"@type":"ImageObject","inLanguage":"pt-PT","@id":"https:\/\/efecomunica.efe.com\/#\/schema\/logo\/image\/","url":"https:\/\/efecomunica.efe.com\/wp-content\/uploads\/2020\/12\/Logo-EFE-Comunica_png.png","contentUrl":"https:\/\/efecomunica.efe.com\/wp-content\/uploads\/2020\/12\/Logo-EFE-Comunica_png.png","width":1080,"height":486,"caption":"EFE Comunica"},"image":{"@id":"https:\/\/efecomunica.efe.com\/#\/schema\/logo\/image\/"},"sameAs":["https:\/\/www.facebook.com\/EFEComunicaAgenciaEFE","https:\/\/x.com\/EFEcomunica","https:\/\/www.linkedin.com\/showcase\/efecomunica"]},{"@type":"Person","@id":"https:\/\/efecomunica.efe.com\/#\/schema\/person\/38c335f1ce4cd42430576ef5499343b8","name":"EFE","image":{"@type":"ImageObject","inLanguage":"pt-PT","@id":"https:\/\/secure.gravatar.com\/avatar\/e5fcf26bedbd04dc20896c519164a13fe69c6913f5830d7db51543fa04eb30b4?s=96&d=identicon&r=g","url":"https:\/\/secure.gravatar.com\/avatar\/e5fcf26bedbd04dc20896c519164a13fe69c6913f5830d7db51543fa04eb30b4?s=96&d=identicon&r=g","contentUrl":"https:\/\/secure.gravatar.com\/avatar\/e5fcf26bedbd04dc20896c519164a13fe69c6913f5830d7db51543fa04eb30b4?s=96&d=identicon&r=g","caption":"EFE"},"sameAs":["http:\/\/efe.com"],"url":"https:\/\/efecomunica.efe.com\/pt-pt\/author\/efedesarrollo\/"}]}},"jetpack_likes_enabled":true,"jetpack_shortlink":"https:\/\/wp.me\/pcEg1r-110v","jetpack_sharing_enabled":true,"jetpack_featured_media_url":"https:\/\/efecomunica.efe.com\/wp-content\/uploads\/2022\/10\/Notified-GlobeNewswire-Color-Large-1.jpg","_links":{"self":[{"href":"https:\/\/efecomunica.efe.com\/pt-pt\/wp-json\/wp\/v2\/posts\/242203","targetHints":{"allow":["GET"]}}],"collection":[{"href":"https:\/\/efecomunica.efe.com\/pt-pt\/wp-json\/wp\/v2\/posts"}],"about":[{"href":"https:\/\/efecomunica.efe.com\/pt-pt\/wp-json\/wp\/v2\/types\/post"}],"author":[{"embeddable":true,"href":"https:\/\/efecomunica.efe.com\/pt-pt\/wp-json\/wp\/v2\/users\/198164071"}],"replies":[{"embeddable":true,"href":"https:\/\/efecomunica.efe.com\/pt-pt\/wp-json\/wp\/v2\/comments?post=242203"}],"version-history":[{"count":3,"href":"https:\/\/efecomunica.efe.com\/pt-pt\/wp-json\/wp\/v2\/posts\/242203\/revisions"}],"predecessor-version":[{"id":242216,"href":"https:\/\/efecomunica.efe.com\/pt-pt\/wp-json\/wp\/v2\/posts\/242203\/revisions\/242216"}],"wp:featuredmedia":[{"embeddable":true,"href":"https:\/\/efecomunica.efe.com\/pt-pt\/wp-json\/wp\/v2\/media\/48434"}],"wp:attachment":[{"href":"https:\/\/efecomunica.efe.com\/pt-pt\/wp-json\/wp\/v2\/media?parent=242203"}],"wp:term":[{"taxonomy":"category","embeddable":true,"href":"https:\/\/efecomunica.efe.com\/pt-pt\/wp-json\/wp\/v2\/categories?post=242203"},{"taxonomy":"post_tag","embeddable":true,"href":"https:\/\/efecomunica.efe.com\/pt-pt\/wp-json\/wp\/v2\/tags?post=242203"}],"curies":[{"name":"wp","href":"https:\/\/api.w.org\/{rel}","templated":true}]}}