{"id":242253,"date":"2026-08-28T17:07:49","date_gmt":"2026-08-28T15:07:49","guid":{"rendered":"https:\/\/efecomunica.efe.com\/?p=242253"},"modified":"2026-08-31T10:50:08","modified_gmt":"2026-08-31T08:50:08","slug":"a-tcl-solar-maximiza-o-rendimento-solar-com-sua-tecnologia-bc-avancada-na-intersolar-south-america-2026","status":"publish","type":"post","link":"https:\/\/efecomunica.efe.com\/pt-pt\/a-tcl-solar-maximiza-o-rendimento-solar-com-sua-tecnologia-bc-avancada-na-intersolar-south-america-2026\/","title":{"rendered":"A TCL SOLAR maximiza o rendimento solar com sua tecnologia BC avan\u00e7ada na Intersolar South America 2026"},"content":{"rendered":"<p>(Informa\u00e7\u00e3o concedida pela entidade que a assina)<\/p>\n<p>A <strong>TCL SOLAR<\/strong>, empresa do setor de energia solar que conta com o respaldo de mais de 40 anos de experi\u00eancia industrial global da TCL, est\u00e1 apresentando suas mais recentes inova\u00e7\u00f5es fotovoltaicas na Intersolar South America 2026, que acontece de 25 a 27 de agosto no <strong>Expo Center Norte<\/strong>, em<strong> S\u00e3o Paulo<\/strong>.<\/p>\n<p>No <strong>estande W4.70<\/strong>, a TCL SOLAR apresenta seus mais recentes m\u00f3dulos C2 BC, juntamente com resultados de desempenho em condi\u00e7\u00f5es reais de opera\u00e7\u00e3o e um portf\u00f3lio de solu\u00e7\u00f5es fotovoltaicas projetadas para atender \u00e0s diversas necessidades clim\u00e1ticas e energ\u00e9ticas da Am\u00e9rica Latina.<\/p>\n<p>A exposi\u00e7\u00e3o marca um passo importante na expans\u00e3o cont\u00ednua da TCL SOLAR na regi\u00e3o, desde ambientes costeiros quentes e \u00famidos at\u00e9 desertos \u00e1ridos, montanhas de alta altitude e telhados comerciais e industriais. A tecnologia da TCL SOLAR \u00e9 projetada para oferecer desempenho confi\u00e1vel em diversos climas e aplica\u00e7\u00f5es, tornando realidade a vis\u00e3o de &#8220;um m\u00f3dulo de alto desempenho, mais possibilidades de aplica\u00e7\u00e3o&#8221;.<\/p>\n<h2>Aprimorando o desempenho da energia solar com a tecnologia BC.<\/h2>\n<p>Um dos principais destaques da presen\u00e7a da TCL SOLAR na exposi\u00e7\u00e3o \u00e9 a sua nova linha de produtos BC (Back Contact), projetada para proporcionar maior rendimento energ\u00e9tico, mantendo elevado desempenho em condi\u00e7\u00f5es reais desafiadoras.<\/p>\n<p>Em compara\u00e7\u00e3o aos m\u00f3dulos TOPCon convencionais da mesma \u00e1rea, os m\u00f3dulos BC da TCL SOLAR podem gerar de 30 a 40 watts adicionais de pot\u00eancia. Essa maior densidade de pot\u00eancia pode reduzir em mais de 6% a \u00e1rea do telhado necess\u00e1ria para se atingir a mesma capacidade instalada, o que proporciona uma vantagem significativa para aplica\u00e7\u00f5es em locais com espa\u00e7o limitado.<\/p>\n<p>Para resid\u00eancias rurais, casas de fazenda e edifica\u00e7\u00f5es agr\u00edcolas, onde o espa\u00e7o dispon\u00edvel no telhado pode ser limitado, uma maior pot\u00eancia no mesmo espa\u00e7o f\u00edsico pode possibilitar uma maior capacidade solar sem exigir uma \u00e1rea adicional de telhado. Isso pode ajudar os usu\u00e1rios a aumentar o autoconsumo e ampliar as oportunidades de exporta\u00e7\u00e3o de energia para a rede el\u00e9trica.<\/p>\n<h2>Desempenho est\u00e1vel mesmo em altas temperaturas<\/h2>\n<p>A alta incid\u00eancia de luz solar \u00e9 uma das principais vantagens da regi\u00e3o para a gera\u00e7\u00e3o de energia solar, mas as temperaturas elevadas tamb\u00e9m podem afetar o desempenho dos m\u00f3dulos. Isso \u00e9 particularmente relevante para telhados residenciais e agr\u00edcolas, que podem acumular calor de maneira significativa durante os meses de ver\u00e3o.<\/p>\n<p>Os m\u00f3dulos BC da TCL Solar apresentam um coeficiente de temperatura de -0,26%\/\u00b0C, enquanto os m\u00f3dulos convencionais apresentam um coeficiente de aproximadamente -0,28%\/\u00b0C.<\/p>\n<p>Seu coeficiente de temperatura aprimorado reduz as perdas de energia \u00e0 medida que a temperatura do m\u00f3dulo aumenta, garantindo uma sa\u00edda mais est\u00e1vel dos m\u00f3dulos BC em condi\u00e7\u00f5es de alta temperatura. Para resid\u00eancias e usu\u00e1rios do setor agr\u00edcola, isso pode se traduzir em uma gera\u00e7\u00e3o solar mais consistente durante per\u00edodos de alta demanda de eletricidade.<\/p>\n<p>Ao combinar maior densidade de pot\u00eancia com melhor desempenho em diferentes temperaturas, a tecnologia BC da TCL SOLAR foi projetada para maximizar o valor de cada metro quadrado dispon\u00edvel, ao mesmo tempo em que oferece suporte \u00e0 produ\u00e7\u00e3o est\u00e1vel de energia em climas exigentes.<\/p>\n<h2>Projetado para o diversificado cen\u00e1rio energ\u00e9tico da Am\u00e9rica Latina<\/h2>\n<p>Al\u00e9m de seu portf\u00f3lio BC, a TCL SOLAR tamb\u00e9m apresenta sua s\u00e9rie de m\u00f3dulos TOPCon, oferecendo aos clientes e parceiros uma gama mais ampla de solu\u00e7\u00f5es de alto desempenho para atender a diferentes aplica\u00e7\u00f5es e requisitos de mercado.<\/p>\n<p>Os m\u00f3dulos fotovoltaicos da empresa s\u00e3o projetados com caracter\u00edsticas como resist\u00eancia \u00e0 degrada\u00e7\u00e3o induzida por potencial (PID) e \u00e0 n\u00e9voa salina, garantindo confiabilidade de longo prazo em diversas condi\u00e7\u00f5es ambientais. A TCL SOLAR oferece uma garantia de produto de 15 anos e uma garantia linear de pot\u00eancia de 30 anos, refor\u00e7ando seu compromisso com o desempenho dos produtos no longo prazo e com a gera\u00e7\u00e3o de valor para os clientes.<\/p>\n<p>Essas capacidades s\u00e3o particularmente relevantes para a Am\u00e9rica Latina, onde as instala\u00e7\u00f5es solares abrangem uma ampla variedade de ambientes \u2014 de telhados urbanos e resid\u00eancias rurais a instala\u00e7\u00f5es agr\u00edcolas e projetos comerciais.<\/p>\n<h2>Aproveitando as capacidades globais da TCL para a transi\u00e7\u00e3o energ\u00e9tica<\/h2>\n<p>Como extens\u00e3o estrat\u00e9gica da TCL, l\u00edder global em tecnologia inteligente, a TCL SOLAR utiliza a capacidade de P&amp;D, a cadeia de suprimentos global e a experi\u00eancia de fabrica\u00e7\u00e3o de sua empresa controladora para acelerar a inova\u00e7\u00e3o no setor de energia renov\u00e1vel.<\/p>\n<p>&#8220;A Am\u00e9rica Latina representa um mercado altamente din\u00e2mico e promissor para a <strong>energia solar<\/strong>,&#8221; disse <strong>Donny<\/strong>, diretor de vendas na Am\u00e9rica Latina. &#8220;Estamos comprometidos em fornecer solu\u00e7\u00f5es fotovoltaicas de alta efici\u00eancia e confiabilidade para a Am\u00e9rica Latina. Com nossos portf\u00f3lios BC e TOPCon, esperamos estabelecer parcerias locais para acelerar a ado\u00e7\u00e3o da energia solar em diversas aplica\u00e7\u00f5es.&#8221;<\/p>\n<p>View original content to download multimedia:<a href=\"https:\/\/www.prnewswire.com\/br\/comunicados-para-a-imprensa\/a-tcl-solar-maximiza-o-rendimento-solar-com-sua-tecnologia-bc-avancada-na-intersolar-south-america-2026-302862910.html\" rel=\"nofollow\">https:\/\/www.prnewswire.com\/br\/comunicados-para-a-imprensa\/a-tcl-solar-maximiza-o-rendimento-solar-com-sua-tecnologia-bc-avancada-na-intersolar-south-america-2026-302862910.html<\/a><\/p>\n<p>FONTE TCL Solar<\/p>\n<p><em>AGENCIA EFE S.A.U.,S.M.E. n\u00e3o se responsabiliza pela informa\u00e7\u00e3o que cont\u00e9m esta mensagem e n\u00e3o assume nenhuma responsabilidade perante terceiros sobre o seu conte\u00fado total, estando igualmente desresponsabilizada da entidade autora do mesmo. Ag\u00eancia EFE reserva-se o direito de distribuir o comunicado de imprensa na linha de not\u00edcias ou de o publicar no EFE Comunica.<\/em><\/p>\n","protected":false},"excerpt":{"rendered":"<p>(Informa\u00e7\u00e3o concedida pela entidade que a assina) A TCL SOLAR, empresa do setor de energia solar que conta com o respaldo de mais de 40 anos de experi\u00eancia industrial global [&hellip;]<\/p>\n","protected":false},"author":198164071,"featured_media":242257,"comment_status":"closed","ping_status":"closed","sticky":false,"template":"","format":"standard","meta":{"_acf_changed":false,"_jetpack_newsletter_access":"","_jetpack_dont_email_post_to_subs":false,"_jetpack_newsletter_tier_id":0,"_jetpack_memberships_contains_paywalled_content":false,"_wpcom_ai_launchpad_first_post":false,"_jetpack_feature_clip_id":0,"_jetpack_memberships_contains_paid_content":false,"footnotes":"","jetpack_post_was_ever_published":false},"categories":[128468],"tags":[],"class_list":["post-242253","post","type-post","status-publish","format-standard","has-post-thumbnail","hentry","category-pr-newswire-pt-pt"],"acf":[],"yoast_head":"<!-- This site is optimized with the Yoast SEO plugin v28.3 - https:\/\/yoast.com\/product\/yoast-seo-wordpress\/ -->\n<title>A TCL SOLAR maximiza o rendimento solar<\/title>\n<meta name=\"description\" content=\"A TCL SOLAR est\u00e1 apresentando suas mais recentes inova\u00e7\u00f5es fotovoltaicas na Intersolar South America 2026 no Expo Center Norte, em S\u00e3o Paulo.\" \/>\n<meta name=\"robots\" content=\"index, follow, max-snippet:-1, max-image-preview:large, max-video-preview:-1\" \/>\n<link rel=\"canonical\" href=\"https:\/\/efecomunica.efe.com\/pt-pt\/a-tcl-solar-maximiza-o-rendimento-solar-com-sua-tecnologia-bc-avancada-na-intersolar-south-america-2026\/\" \/>\n<!-- \/ Yoast SEO plugin. -->","yoast_head_json":{"title":"A TCL SOLAR maximiza o rendimento solar","description":"A TCL SOLAR est\u00e1 apresentando suas mais recentes inova\u00e7\u00f5es fotovoltaicas na Intersolar South America 2026 no Expo Center Norte, em S\u00e3o Paulo.","robots":{"index":"index","follow":"follow","max-snippet":"max-snippet:-1","max-image-preview":"max-image-preview:large","max-video-preview":"max-video-preview:-1"},"canonical":"https:\/\/efecomunica.efe.com\/pt-pt\/a-tcl-solar-maximiza-o-rendimento-solar-com-sua-tecnologia-bc-avancada-na-intersolar-south-america-2026\/","schema":{"@context":"https:\/\/schema.org","@graph":[{"@type":"Article","@id":"https:\/\/efecomunica.efe.com\/pt-pt\/a-tcl-solar-maximiza-o-rendimento-solar-com-sua-tecnologia-bc-avancada-na-intersolar-south-america-2026\/#article","isPartOf":{"@id":"https:\/\/efecomunica.efe.com\/pt-pt\/a-tcl-solar-maximiza-o-rendimento-solar-com-sua-tecnologia-bc-avancada-na-intersolar-south-america-2026\/"},"author":{"name":"EFE","@id":"https:\/\/efecomunica.efe.com\/#\/schema\/person\/38c335f1ce4cd42430576ef5499343b8"},"headline":"A TCL SOLAR maximiza o rendimento solar com sua tecnologia BC avan\u00e7ada na Intersolar South America 2026","datePublished":"2026-08-28T15:07:49+00:00","dateModified":"2026-08-31T08:50:08+00:00","mainEntityOfPage":{"@id":"https:\/\/efecomunica.efe.com\/pt-pt\/a-tcl-solar-maximiza-o-rendimento-solar-com-sua-tecnologia-bc-avancada-na-intersolar-south-america-2026\/"},"wordCount":961,"publisher":{"@id":"https:\/\/efecomunica.efe.com\/#organization"},"image":{"@id":"https:\/\/efecomunica.efe.com\/pt-pt\/a-tcl-solar-maximiza-o-rendimento-solar-com-sua-tecnologia-bc-avancada-na-intersolar-south-america-2026\/#primaryimage"},"thumbnailUrl":"https:\/\/efecomunica.efe.com\/wp-content\/uploads\/2026\/08\/rss-efe658c12ba947226a714dc538fb771839774884eefw.jpg","articleSection":["PR Newswire"],"inLanguage":"pt-PT"},{"@type":"WebPage","@id":"https:\/\/efecomunica.efe.com\/pt-pt\/a-tcl-solar-maximiza-o-rendimento-solar-com-sua-tecnologia-bc-avancada-na-intersolar-south-america-2026\/","url":"https:\/\/efecomunica.efe.com\/pt-pt\/a-tcl-solar-maximiza-o-rendimento-solar-com-sua-tecnologia-bc-avancada-na-intersolar-south-america-2026\/","name":"A TCL SOLAR maximiza o rendimento solar","isPartOf":{"@id":"https:\/\/efecomunica.efe.com\/#website"},"primaryImageOfPage":{"@id":"https:\/\/efecomunica.efe.com\/pt-pt\/a-tcl-solar-maximiza-o-rendimento-solar-com-sua-tecnologia-bc-avancada-na-intersolar-south-america-2026\/#primaryimage"},"image":{"@id":"https:\/\/efecomunica.efe.com\/pt-pt\/a-tcl-solar-maximiza-o-rendimento-solar-com-sua-tecnologia-bc-avancada-na-intersolar-south-america-2026\/#primaryimage"},"thumbnailUrl":"https:\/\/efecomunica.efe.com\/wp-content\/uploads\/2026\/08\/rss-efe658c12ba947226a714dc538fb771839774884eefw.jpg","datePublished":"2026-08-28T15:07:49+00:00","dateModified":"2026-08-31T08:50:08+00:00","description":"A TCL SOLAR est\u00e1 apresentando suas mais recentes inova\u00e7\u00f5es fotovoltaicas na Intersolar South America 2026 no Expo Center Norte, em S\u00e3o Paulo.","breadcrumb":{"@id":"https:\/\/efecomunica.efe.com\/pt-pt\/a-tcl-solar-maximiza-o-rendimento-solar-com-sua-tecnologia-bc-avancada-na-intersolar-south-america-2026\/#breadcrumb"},"inLanguage":"pt-PT","potentialAction":[{"@type":"ReadAction","target":["https:\/\/efecomunica.efe.com\/pt-pt\/a-tcl-solar-maximiza-o-rendimento-solar-com-sua-tecnologia-bc-avancada-na-intersolar-south-america-2026\/"]}]},{"@type":"ImageObject","inLanguage":"pt-PT","@id":"https:\/\/efecomunica.efe.com\/pt-pt\/a-tcl-solar-maximiza-o-rendimento-solar-com-sua-tecnologia-bc-avancada-na-intersolar-south-america-2026\/#primaryimage","url":"https:\/\/efecomunica.efe.com\/wp-content\/uploads\/2026\/08\/rss-efe658c12ba947226a714dc538fb771839774884eefw.jpg","contentUrl":"https:\/\/efecomunica.efe.com\/wp-content\/uploads\/2026\/08\/rss-efe658c12ba947226a714dc538fb771839774884eefw.jpg","width":1920,"height":1296},{"@type":"BreadcrumbList","@id":"https:\/\/efecomunica.efe.com\/pt-pt\/a-tcl-solar-maximiza-o-rendimento-solar-com-sua-tecnologia-bc-avancada-na-intersolar-south-america-2026\/#breadcrumb","itemListElement":[{"@type":"ListItem","position":1,"name":"Portada","item":"https:\/\/efecomunica.efe.com\/pt-pt\/"},{"@type":"ListItem","position":2,"name":"A TCL SOLAR maximiza o rendimento solar com sua tecnologia BC avan\u00e7ada na Intersolar South America 2026"}]},{"@type":"WebSite","@id":"https:\/\/efecomunica.efe.com\/#website","url":"https:\/\/efecomunica.efe.com\/","name":"EFE Comunica","description":"Contenidos para empresas","publisher":{"@id":"https:\/\/efecomunica.efe.com\/#organization"},"potentialAction":[{"@type":"SearchAction","target":{"@type":"EntryPoint","urlTemplate":"https:\/\/efecomunica.efe.com\/?s={search_term_string}"},"query-input":{"@type":"PropertyValueSpecification","valueRequired":true,"valueName":"search_term_string"}}],"inLanguage":"pt-PT"},{"@type":"Organization","@id":"https:\/\/efecomunica.efe.com\/#organization","name":"EFE Comunica","url":"https:\/\/efecomunica.efe.com\/","logo":{"@type":"ImageObject","inLanguage":"pt-PT","@id":"https:\/\/efecomunica.efe.com\/#\/schema\/logo\/image\/","url":"https:\/\/efecomunica.efe.com\/wp-content\/uploads\/2020\/12\/Logo-EFE-Comunica_png.png","contentUrl":"https:\/\/efecomunica.efe.com\/wp-content\/uploads\/2020\/12\/Logo-EFE-Comunica_png.png","width":1080,"height":486,"caption":"EFE Comunica"},"image":{"@id":"https:\/\/efecomunica.efe.com\/#\/schema\/logo\/image\/"},"sameAs":["https:\/\/www.facebook.com\/EFEComunicaAgenciaEFE","https:\/\/x.com\/EFEcomunica","https:\/\/www.linkedin.com\/showcase\/efecomunica"]},{"@type":"Person","@id":"https:\/\/efecomunica.efe.com\/#\/schema\/person\/38c335f1ce4cd42430576ef5499343b8","name":"EFE","image":{"@type":"ImageObject","inLanguage":"pt-PT","@id":"https:\/\/secure.gravatar.com\/avatar\/e5fcf26bedbd04dc20896c519164a13fe69c6913f5830d7db51543fa04eb30b4?s=96&d=identicon&r=g","url":"https:\/\/secure.gravatar.com\/avatar\/e5fcf26bedbd04dc20896c519164a13fe69c6913f5830d7db51543fa04eb30b4?s=96&d=identicon&r=g","contentUrl":"https:\/\/secure.gravatar.com\/avatar\/e5fcf26bedbd04dc20896c519164a13fe69c6913f5830d7db51543fa04eb30b4?s=96&d=identicon&r=g","caption":"EFE"},"sameAs":["http:\/\/efe.com"],"url":"https:\/\/efecomunica.efe.com\/pt-pt\/author\/efedesarrollo\/"}]}},"jetpack_likes_enabled":true,"jetpack_shortlink":"https:\/\/wp.me\/pcEg1r-111j","jetpack_sharing_enabled":true,"jetpack_featured_media_url":"https:\/\/efecomunica.efe.com\/wp-content\/uploads\/2026\/08\/rss-efe658c12ba947226a714dc538fb771839774884eefw.jpg","_links":{"self":[{"href":"https:\/\/efecomunica.efe.com\/pt-pt\/wp-json\/wp\/v2\/posts\/242253","targetHints":{"allow":["GET"]}}],"collection":[{"href":"https:\/\/efecomunica.efe.com\/pt-pt\/wp-json\/wp\/v2\/posts"}],"about":[{"href":"https:\/\/efecomunica.efe.com\/pt-pt\/wp-json\/wp\/v2\/types\/post"}],"author":[{"embeddable":true,"href":"https:\/\/efecomunica.efe.com\/pt-pt\/wp-json\/wp\/v2\/users\/198164071"}],"replies":[{"embeddable":true,"href":"https:\/\/efecomunica.efe.com\/pt-pt\/wp-json\/wp\/v2\/comments?post=242253"}],"version-history":[{"count":3,"href":"https:\/\/efecomunica.efe.com\/pt-pt\/wp-json\/wp\/v2\/posts\/242253\/revisions"}],"predecessor-version":[{"id":242367,"href":"https:\/\/efecomunica.efe.com\/pt-pt\/wp-json\/wp\/v2\/posts\/242253\/revisions\/242367"}],"wp:featuredmedia":[{"embeddable":true,"href":"https:\/\/efecomunica.efe.com\/pt-pt\/wp-json\/wp\/v2\/media\/242257"}],"wp:attachment":[{"href":"https:\/\/efecomunica.efe.com\/pt-pt\/wp-json\/wp\/v2\/media?parent=242253"}],"wp:term":[{"taxonomy":"category","embeddable":true,"href":"https:\/\/efecomunica.efe.com\/pt-pt\/wp-json\/wp\/v2\/categories?post=242253"},{"taxonomy":"post_tag","embeddable":true,"href":"https:\/\/efecomunica.efe.com\/pt-pt\/wp-json\/wp\/v2\/tags?post=242253"}],"curies":[{"name":"wp","href":"https:\/\/api.w.org\/{rel}","templated":true}]}}