{"id":242340,"date":"2026-08-31T10:07:32","date_gmt":"2026-08-31T08:07:32","guid":{"rendered":"https:\/\/efecomunica.efe.com\/?p=242340"},"modified":"2026-08-31T11:48:47","modified_gmt":"2026-08-31T09:48:47","slug":"jetour-t2-enfrenta-desafios-no-brasil-em-teste-off-road-real","status":"publish","type":"post","link":"https:\/\/efecomunica.efe.com\/pt-pt\/jetour-t2-enfrenta-desafios-no-brasil-em-teste-off-road-real\/","title":{"rendered":"JETOUR T2 enfrenta desafios no Brasil em teste off-road real"},"content":{"rendered":"<p>(Informa\u00e7\u00e3o concedida pela entidade que a assina)<\/p>\n<div>\n<p>A influenciadora automotiva Supercar Blondie contou com a nova apresentadora <strong>Chloe<\/strong> para fazer um teste off-road real do <strong>JETOUR T2 4\u00d74 chin\u00eas<\/strong> na natureza no Brasil, colocando a prova sua capacidade em terrenos dif\u00edceis.<\/p>\n<p>O <strong>JETOUR T2<\/strong> foi projetado para ser pau para toda a obra. \u00c9 um SUV de luxo, mas tamb\u00e9m \u00e9 um off-road &#8220;adequado&#8221;. E ainda tem algo extra.<\/p>\n<p>O T2 foi projetado com o mundo inteiro em mente desde o in\u00edcio. Embora seja fabricado e montado principalmente na \u00c1sia, o T2 foi projetado por um ex-designer da Porsche e vem com v\u00e1rias op\u00e7\u00f5es de powertrain. A linha oferece modelos h\u00edbridos de plug-in e de gasolina normal. Isso oferece aos motoristas maior flexibilidade.<\/p>\n<p>Isso \u00e9 crucial porque, embora os ve\u00edculos el\u00e9tricos estejam em ascens\u00e3o, as d\u00favidas ainda s\u00e3o muitas. A combust\u00e3o interna e os ve\u00edculos h\u00edbridos de plug-in oferecem alternativas para os motoristas que continuam em d\u00favida se devem adotar realmente ve\u00edculos el\u00e9tricos.<\/p>\n<p>A mais nova apresentadora do Supercar Blondie, Chloe, dirigiu o JETOUR T2 na selva do Brasil para testar sua capacidade off-road no mundo real.<\/p>\n<p>No in\u00edcio da viagem, Chloe teve que usar o T2 para ajudar um fazendeiro local a tirar um trator preso na lama, mas isso foi somente o come\u00e7o. O ve\u00edculo tem um sistema Intelligent All-Wheel Drive (XWD), enquanto seu guincho fornece capacidade de recupera\u00e7\u00e3o adicional em condi\u00e7\u00f5es dif\u00edceis. O JETOUR T2 XWD 4\u00d74 oferece oito modos de condu\u00e7\u00e3o.<\/p>\n<p>Neste caso, Chloe dirigiu a vers\u00e3o topo de linha PHEV, que combina um motor de 1,5 litro com tr\u00eas motores el\u00e9tricos, totalizando uma pot\u00eancia instalada de 597 cavalos.<\/p>\n<p>Com a combina\u00e7\u00e3o de combust\u00edvel e bateria, o SUV oferece uma autonomia de at\u00e9 1.300 km (800+ milhas). Ele tamb\u00e9m oferece uma acelera\u00e7\u00e3o impressionante de 0\u2013100 km\/h em 5,5 segundos.<\/p>\n<p>Mais tarde, ela enfrentou lama\u00e7ais e subidas \u00edngremes usando o Modo X do ve\u00edculo. O Modo X \u00e9 interessante. \u00c9 um modo de condu\u00e7\u00e3o que detecta as superf\u00edcies da estrada e ajusta automaticamente a pot\u00eancia e a tra\u00e7\u00e3o.<\/p>\n<p>Este ajuste autom\u00e1tico ajuda a simplificar a condu\u00e7\u00e3o off-road, reduzindo a necessidade de altera\u00e7\u00f5es manuais entre as configura\u00e7\u00f5es. Ele pode alternar perfeitamente entre tra\u00e7\u00e3o nas duas rodas e tra\u00e7\u00e3o nas quatro rodas, ajustar a distribui\u00e7\u00e3o do torque e eliminar o atraso do torque. Tamb\u00e9m detecta lama, areia, estradas molhadas ou ruas regulares da cidade, reagindo de acordo. No v\u00eddeo, Chloe demonstrou confian\u00e7a de que o SUV poderia enfrentar a lama, a \u00e1gua e as subidas \u00edngremes.<\/p>\n<p>Um ponto essencial do T2 \u00e9 a capacidade do ve\u00edculo de enfrentar at\u00e9 700 mil\u00edmetros (27+ polegadas) de \u00e1gua. Ele tamb\u00e9m tem um modo Water Wading dedicado para travessias em \u00e1gua.<\/p>\n<p>Al\u00e9m da condu\u00e7\u00e3o, sua fun\u00e7\u00e3o de fonte de alimenta\u00e7\u00e3o externa pode alimentar equipamentos externos, enquanto um abridor de garrafas de porta traseira integrado adiciona um toque pr\u00e1tico para paradas externas.<\/p>\n<p>Chloe encarou o desafio como o Brasil versus o JETOUR T2, partindo para ver qual sairia ganhando.<\/p>\n<p>Bem, parece que o JETOUR T2 ganhou.<\/p>\n<p>*A pot\u00eancia total instalada \u00e9 igual \u00e0 soma das sa\u00eddas individuais do motor. A pot\u00eancia total n\u00e3o pode ser fornecida simultaneamente em condi\u00e7\u00f5es de condu\u00e7\u00e3o reais.*<\/p>\n<h2>Sobre a\u00a0JETOUR<\/h2>\n<p>Fundada em 2018, a JETOUR \u00e9 uma das marcas automotivas que mais cresce no mundo, com mais de 2,4 milh\u00f5es de ve\u00edculos vendidos em mais de 100 pa\u00edses e regi\u00f5es. Guiada por sua estrat\u00e9gia global \u201cTravel+\u201d e pelo posicionamento \u201cDrive Your Future\u201d, a JETOUR desenvolve ve\u00edculos que combinam tecnologia, conforto, versatilidade e mobilidade inteligente para viagens urbanas, viagens de longa dist\u00e2ncia e explora\u00e7\u00e3o off-road. Com o apoio de uma rede global de mais de 2.000 pontos de vendas e servi\u00e7os, e recursos de P&amp;D em toda a China, Europa e Am\u00e9rica Central e do Sul, a JETOUR continua a promover a tecnologia h\u00edbrida, a dire\u00e7\u00e3o inteligente, a seguran\u00e7a e a conectividade.<\/p>\n<pre>Empresa: JETOUR AUTO International\r\nContato: Storm FENG\r\nEmail: <a href=\"https:\/\/www.globenewswire.com\/Tracker?data=bMoZxNfBHmjwzSYO4DfUNKWHzXz4bZ4VfaO_l-Gj1bcjptGOVOU0eXdwsfl6ImpFCfDa5R6Cq6PR-05v911UI25bWvrdzLEJv5Aha8QKWyg=\" target=\"_blank\" rel=\"noopener\">fengyu3@mychery.com<\/a>\r\nWebsite: <a href=\"https:\/\/www.globenewswire.com\/Tracker?data=wL7E6-Ssj0keYT6DPc9DW_bf2nbHQBvwsX_thYl1LOtfAxzk14PL7TjMvPMgK2gxuLHI_z1qGzYvUqS9pT6VgMJKW3DBTQ1lPobJyK71LJKjesbgNQ2BHtClh0a1dVbL\" target=\"_blank\" rel=\"noopener\">https:\/\/www.jetourglobal.com\/<\/a><\/pre>\n<p>Foto deste comunicado dispon\u00edvel em<\/p>\n<p><a href=\"https:\/\/www.globenewswire.com\/Tracker?data=wL7E6-Ssj0keYT6DPc9DW5BeQBEw72dDBpPyH6lmVlURTY-d9OTqhd1qfcRetUrG7-7-Aje7-phMxFq981Lf1TqK_lzfLkyrzWAtX4TLthPTJybAPnnrS1BXA_t6dGYLGtvtH277OLVsvkgf0fCMjl5K5rLqA7onRAcIMvG9YoDM9QY9rr-qE9BB-jxHWPAsl6MFM-CGgRrJ1-kXPFadfEJG5opGq3yVia1rqs7gokfVKL6cImTnru-u95oe-tWlN6Y06p82YwS7EgciU9XI5A==\" target=\"_blank\" rel=\"noopener\">https:\/\/www.globenewswire.com\/NewsRoom\/AttachmentNg\/83d7a68d-104d-4b46-9785-f1802ec77888<\/a><\/p>\n<p><a href=\"https:\/\/www.globenewswire.com\/Tracker?data=wL7E6-Ssj0keYT6DPc9DW5BeQBEw72dDBpPyH6lmVlURTY-d9OTqhd1qfcRetUrGt8lYXlFFyeBGOKAzCCY_LPOdN7Oq30D-qA1cI-vuWjoKATzfc1MaARj6VDlN7vWKcla1gCq58Lff8ADiH6_zF0Z--IWg17BRlD2jo-eD8nEnbXpq2It-MRzFdgu785g956FX-jxoS2sQBx15bEjNBrgPhjX2INRx1OsYTUqKq87wflg1spYWf9BjPvhm-WjAsbrN6W_DgjmZG8bBGtWkug==\" target=\"_blank\" rel=\"noopener\">https:\/\/www.globenewswire.com\/NewsRoom\/AttachmentNg\/71556d5b-a003-4bc2-85ae-7181af223cd8<\/a><\/p>\n<p><a href=\"https:\/\/www.globenewswire.com\/Tracker?data=wL7E6-Ssj0keYT6DPc9DW5BeQBEw72dDBpPyH6lmVlURTY-d9OTqhd1qfcRetUrG2CcXEZAsasRk1-NL4rOLsPhF4g0Z0gGHy6XUlM4TC2KZjFHWXUPsW3zFUKt7K2ostHVlF4931LsBdFcwvMMC0o3KTxT45-UrD12c1-HtqgVU6vzC7TrBX78LZCJA0OcCA-y5Ty2u7THqntjtBoXXkJDOeoEMKM5aqe4G_h2_7JXxAKC6FcQzkELec0Jr4qtFKKdSYM6dR6wVFIuSL-XeFA==\" target=\"_blank\" rel=\"noopener\">https:\/\/www.globenewswire.com\/NewsRoom\/AttachmentNg\/169b5b6c-cce4-4865-a7de-44452ee18ca5<\/a><\/p>\n<p><em>AGENCIA EFE S.A.U.,S.M.E. n\u00e3o se responsabiliza pela informa\u00e7\u00e3o que cont\u00e9m esta mensagem e n\u00e3o assume nenhuma responsabilidade perante terceiros sobre o seu conte\u00fado total, estando igualmente desresponsabilizada da entidade autora do mesmo. Ag\u00eancia EFE reserva-se o direito de distribuir o comunicado de imprensa na linha de not\u00edcias ou de o publicar no EFE Comunica.<\/em><\/p>\n<\/div>\n","protected":false},"excerpt":{"rendered":"<p>(Informa\u00e7\u00e3o concedida pela entidade que a assina) A influenciadora automotiva Supercar Blondie contou com a nova apresentadora Chloe para fazer um teste off-road real do JETOUR T2 4\u00d74 chin\u00eas na [&hellip;]<\/p>\n","protected":false},"author":198164071,"featured_media":48434,"comment_status":"closed","ping_status":"closed","sticky":false,"template":"","format":"standard","meta":{"_acf_changed":false,"_jetpack_newsletter_access":"","_jetpack_dont_email_post_to_subs":false,"_jetpack_newsletter_tier_id":0,"_jetpack_memberships_contains_paywalled_content":false,"_wpcom_ai_launchpad_first_post":false,"_jetpack_feature_clip_id":0,"_jetpack_memberships_contains_paid_content":false,"footnotes":"","jetpack_post_was_ever_published":false},"categories":[125519],"tags":[],"class_list":["post-242340","post","type-post","status-publish","format-standard","has-post-thumbnail","hentry","category-globenewswire-pt-pt"],"acf":[],"yoast_head":"<!-- This site is optimized with the Yoast SEO plugin v28.4 - https:\/\/yoast.com\/product\/yoast-seo-wordpress\/ -->\n<title>JETOUR T2 enfrenta desafios no Brasil em teste off-road real<\/title>\n<meta name=\"description\" content=\"O JETOUR T2 foi projetado para ser pau para toda a obra. \u00c9 um SUV de luxo, mas tamb\u00e9m \u00e9 um off-road &quot;adequado&quot;.\" \/>\n<meta name=\"robots\" content=\"index, follow, max-snippet:-1, max-image-preview:large, max-video-preview:-1\" \/>\n<link rel=\"canonical\" href=\"https:\/\/efecomunica.efe.com\/pt-pt\/jetour-t2-enfrenta-desafios-no-brasil-em-teste-off-road-real\/\" \/>\n<!-- \/ Yoast SEO plugin. -->","yoast_head_json":{"title":"JETOUR T2 enfrenta desafios no Brasil em teste off-road real","description":"O JETOUR T2 foi projetado para ser pau para toda a obra. \u00c9 um SUV de luxo, mas tamb\u00e9m \u00e9 um off-road \"adequado\".","robots":{"index":"index","follow":"follow","max-snippet":"max-snippet:-1","max-image-preview":"max-image-preview:large","max-video-preview":"max-video-preview:-1"},"canonical":"https:\/\/efecomunica.efe.com\/pt-pt\/jetour-t2-enfrenta-desafios-no-brasil-em-teste-off-road-real\/","schema":{"@context":"https:\/\/schema.org","@graph":[{"@type":"Article","@id":"https:\/\/efecomunica.efe.com\/pt-pt\/jetour-t2-enfrenta-desafios-no-brasil-em-teste-off-road-real\/#article","isPartOf":{"@id":"https:\/\/efecomunica.efe.com\/pt-pt\/jetour-t2-enfrenta-desafios-no-brasil-em-teste-off-road-real\/"},"author":{"name":"EFE","@id":"https:\/\/efecomunica.efe.com\/#\/schema\/person\/38c335f1ce4cd42430576ef5499343b8"},"headline":"JETOUR T2 enfrenta desafios no Brasil em teste off-road real","datePublished":"2026-08-31T08:07:32+00:00","dateModified":"2026-08-31T09:48:47+00:00","mainEntityOfPage":{"@id":"https:\/\/efecomunica.efe.com\/pt-pt\/jetour-t2-enfrenta-desafios-no-brasil-em-teste-off-road-real\/"},"wordCount":823,"publisher":{"@id":"https:\/\/efecomunica.efe.com\/#organization"},"image":{"@id":"https:\/\/efecomunica.efe.com\/pt-pt\/jetour-t2-enfrenta-desafios-no-brasil-em-teste-off-road-real\/#primaryimage"},"thumbnailUrl":"https:\/\/efecomunica.efe.com\/wp-content\/uploads\/2022\/10\/Notified-GlobeNewswire-Color-Large-1.jpg","articleSection":["Globenewswire"],"inLanguage":"pt-PT"},{"@type":"WebPage","@id":"https:\/\/efecomunica.efe.com\/pt-pt\/jetour-t2-enfrenta-desafios-no-brasil-em-teste-off-road-real\/","url":"https:\/\/efecomunica.efe.com\/pt-pt\/jetour-t2-enfrenta-desafios-no-brasil-em-teste-off-road-real\/","name":"JETOUR T2 enfrenta desafios no Brasil em teste off-road real","isPartOf":{"@id":"https:\/\/efecomunica.efe.com\/#website"},"primaryImageOfPage":{"@id":"https:\/\/efecomunica.efe.com\/pt-pt\/jetour-t2-enfrenta-desafios-no-brasil-em-teste-off-road-real\/#primaryimage"},"image":{"@id":"https:\/\/efecomunica.efe.com\/pt-pt\/jetour-t2-enfrenta-desafios-no-brasil-em-teste-off-road-real\/#primaryimage"},"thumbnailUrl":"https:\/\/efecomunica.efe.com\/wp-content\/uploads\/2022\/10\/Notified-GlobeNewswire-Color-Large-1.jpg","datePublished":"2026-08-31T08:07:32+00:00","dateModified":"2026-08-31T09:48:47+00:00","description":"O JETOUR T2 foi projetado para ser pau para toda a obra. \u00c9 um SUV de luxo, mas tamb\u00e9m \u00e9 um off-road \"adequado\".","breadcrumb":{"@id":"https:\/\/efecomunica.efe.com\/pt-pt\/jetour-t2-enfrenta-desafios-no-brasil-em-teste-off-road-real\/#breadcrumb"},"inLanguage":"pt-PT","potentialAction":[{"@type":"ReadAction","target":["https:\/\/efecomunica.efe.com\/pt-pt\/jetour-t2-enfrenta-desafios-no-brasil-em-teste-off-road-real\/"]}]},{"@type":"ImageObject","inLanguage":"pt-PT","@id":"https:\/\/efecomunica.efe.com\/pt-pt\/jetour-t2-enfrenta-desafios-no-brasil-em-teste-off-road-real\/#primaryimage","url":"https:\/\/efecomunica.efe.com\/wp-content\/uploads\/2022\/10\/Notified-GlobeNewswire-Color-Large-1.jpg","contentUrl":"https:\/\/efecomunica.efe.com\/wp-content\/uploads\/2022\/10\/Notified-GlobeNewswire-Color-Large-1.jpg","width":1200,"height":650,"caption":"Tealium"},{"@type":"BreadcrumbList","@id":"https:\/\/efecomunica.efe.com\/pt-pt\/jetour-t2-enfrenta-desafios-no-brasil-em-teste-off-road-real\/#breadcrumb","itemListElement":[{"@type":"ListItem","position":1,"name":"Portada","item":"https:\/\/efecomunica.efe.com\/pt-pt\/"},{"@type":"ListItem","position":2,"name":"JETOUR T2 enfrenta desafios no Brasil em teste off-road real"}]},{"@type":"WebSite","@id":"https:\/\/efecomunica.efe.com\/#website","url":"https:\/\/efecomunica.efe.com\/","name":"EFE Comunica","description":"Contenidos para empresas","publisher":{"@id":"https:\/\/efecomunica.efe.com\/#organization"},"potentialAction":[{"@type":"SearchAction","target":{"@type":"EntryPoint","urlTemplate":"https:\/\/efecomunica.efe.com\/?s={search_term_string}"},"query-input":{"@type":"PropertyValueSpecification","valueRequired":true,"valueName":"search_term_string"}}],"inLanguage":"pt-PT"},{"@type":"Organization","@id":"https:\/\/efecomunica.efe.com\/#organization","name":"EFE Comunica","url":"https:\/\/efecomunica.efe.com\/","logo":{"@type":"ImageObject","inLanguage":"pt-PT","@id":"https:\/\/efecomunica.efe.com\/#\/schema\/logo\/image\/","url":"https:\/\/efecomunica.efe.com\/wp-content\/uploads\/2020\/12\/Logo-EFE-Comunica_png.png","contentUrl":"https:\/\/efecomunica.efe.com\/wp-content\/uploads\/2020\/12\/Logo-EFE-Comunica_png.png","width":1080,"height":486,"caption":"EFE Comunica"},"image":{"@id":"https:\/\/efecomunica.efe.com\/#\/schema\/logo\/image\/"},"sameAs":["https:\/\/www.facebook.com\/EFEComunicaAgenciaEFE","https:\/\/x.com\/EFEcomunica","https:\/\/www.linkedin.com\/showcase\/efecomunica"]},{"@type":"Person","@id":"https:\/\/efecomunica.efe.com\/#\/schema\/person\/38c335f1ce4cd42430576ef5499343b8","name":"EFE","image":{"@type":"ImageObject","inLanguage":"pt-PT","@id":"https:\/\/secure.gravatar.com\/avatar\/e5fcf26bedbd04dc20896c519164a13fe69c6913f5830d7db51543fa04eb30b4?s=96&d=identicon&r=g","url":"https:\/\/secure.gravatar.com\/avatar\/e5fcf26bedbd04dc20896c519164a13fe69c6913f5830d7db51543fa04eb30b4?s=96&d=identicon&r=g","contentUrl":"https:\/\/secure.gravatar.com\/avatar\/e5fcf26bedbd04dc20896c519164a13fe69c6913f5830d7db51543fa04eb30b4?s=96&d=identicon&r=g","caption":"EFE"},"sameAs":["http:\/\/efe.com"],"url":"https:\/\/efecomunica.efe.com\/pt-pt\/author\/efedesarrollo\/"}]}},"jetpack_likes_enabled":true,"jetpack_shortlink":"https:\/\/wp.me\/pcEg1r-112I","jetpack_sharing_enabled":true,"jetpack_featured_media_url":"https:\/\/efecomunica.efe.com\/wp-content\/uploads\/2022\/10\/Notified-GlobeNewswire-Color-Large-1.jpg","_links":{"self":[{"href":"https:\/\/efecomunica.efe.com\/pt-pt\/wp-json\/wp\/v2\/posts\/242340","targetHints":{"allow":["GET"]}}],"collection":[{"href":"https:\/\/efecomunica.efe.com\/pt-pt\/wp-json\/wp\/v2\/posts"}],"about":[{"href":"https:\/\/efecomunica.efe.com\/pt-pt\/wp-json\/wp\/v2\/types\/post"}],"author":[{"embeddable":true,"href":"https:\/\/efecomunica.efe.com\/pt-pt\/wp-json\/wp\/v2\/users\/198164071"}],"replies":[{"embeddable":true,"href":"https:\/\/efecomunica.efe.com\/pt-pt\/wp-json\/wp\/v2\/comments?post=242340"}],"version-history":[{"count":3,"href":"https:\/\/efecomunica.efe.com\/pt-pt\/wp-json\/wp\/v2\/posts\/242340\/revisions"}],"predecessor-version":[{"id":242377,"href":"https:\/\/efecomunica.efe.com\/pt-pt\/wp-json\/wp\/v2\/posts\/242340\/revisions\/242377"}],"wp:featuredmedia":[{"embeddable":true,"href":"https:\/\/efecomunica.efe.com\/pt-pt\/wp-json\/wp\/v2\/media\/48434"}],"wp:attachment":[{"href":"https:\/\/efecomunica.efe.com\/pt-pt\/wp-json\/wp\/v2\/media?parent=242340"}],"wp:term":[{"taxonomy":"category","embeddable":true,"href":"https:\/\/efecomunica.efe.com\/pt-pt\/wp-json\/wp\/v2\/categories?post=242340"},{"taxonomy":"post_tag","embeddable":true,"href":"https:\/\/efecomunica.efe.com\/pt-pt\/wp-json\/wp\/v2\/tags?post=242340"}],"curies":[{"name":"wp","href":"https:\/\/api.w.org\/{rel}","templated":true}]}}