{"id":57640,"date":"2023-01-27T16:09:20","date_gmt":"2023-01-27T15:09:20","guid":{"rendered":"https:\/\/efecomunica.efe.com\/?p=57640"},"modified":"2023-01-27T16:15:02","modified_gmt":"2023-01-27T15:15:02","slug":"especialistas-pedem-acao-coordenada-na-america-latina-contra-virus-vsr","status":"publish","type":"post","link":"https:\/\/efecomunica.efe.com\/pt-pt\/especialistas-pedem-acao-coordenada-na-america-latina-contra-virus-vsr\/","title":{"rendered":"Especialistas pedem a\u00e7\u00e3o coordenada na Am\u00e9rica Latina contra v\u00edrus VSR"},"content":{"rendered":"<p>Um grupo de especialistas pediu nesta quinta-feira uma a\u00e7\u00e3o coordenada entre governos, institui\u00e7\u00f5es e sociedade civil para enfrentar o impacto do v\u00edrus sincicial respirat\u00f3rio (<a href=\"https:\/\/medlineplus.gov\/spanish\/ency\/article\/001564.htm\" target=\"_blank\" rel=\"noopener\">VSR<\/a>) na Am\u00e9rica Latina, uma regi\u00e3o que tem visto um aumento significativo nos casos desta infec\u00e7\u00e3o, que pode ser grave em crian\u00e7as menores de 1 ano e beb\u00eas prematuros.<\/p>\n<p>Alejandro Cravioto, professor de Microbiologia e Sa\u00fade P\u00fablica da Universidade Nacional Aut\u00f4noma do M\u00e9xico (UNAM), enfatizou que a pandemia de covid-19 trouxe \u00e0 tona a necessidade de melhorar os sistemas de cuidados prim\u00e1rios na <strong>Am\u00e9rica Latina, uma regi\u00e3o onde as unidades de terapia intensiva (UTIs) em hospitais pedi\u00e1tricos foram sobrecarregadas<\/strong> por casos de beb\u00eas e crian\u00e7as internados com <a href=\"https:\/\/efecomunica.efe.com\/pt-pt\/vsr-e-ameaca-para-menores-vulneraveis-e-hospitais-mas-pode-ser-prevenido\/\" target=\"_blank\" rel=\"noopener\">VSR<\/a>.<\/p>\n<p>&nbsp;<\/p>\n<h2>A preven\u00e7\u00e3o<\/h2>\n<p>Cravioto foi um dos palestrantes, nesta quinta-feira, do f\u00f3rum virtual &#8220;Di\u00e1logos EFE Sa\u00fade: V\u00edrus Sincicial Respirat\u00f3rio, o impacto sobre beb\u00eas e prematuros na Am\u00e9rica Latina&#8221;, que tamb\u00e9m contou com a presen\u00e7a da diretora do Departamento de Pediatria da Associa\u00e7\u00e3o Latino-Americana de T\u00f3rax (ALAT), Lydiana \u00c1vila.<\/p>\n<blockquote><p>Ela destacou que anualmente h\u00e1 <a href=\"https:\/\/efecomunica.efe.com\/pt-pt\/vsr-o-virus-da-tripledemia-que-poe-bebes-em-risco-nas-americas\/\" target=\"_blank\" rel=\"noopener\">33 milh\u00f5es de casos de VSR<\/a> em crian\u00e7as menores de cinco anos de idade e, desse total, aproximadamente 3 milh\u00f5es t\u00eam que ser hospitalizadas e cerca de 60 mil morrem, principalmente em pa\u00edses em desenvolvimento.<\/p><\/blockquote>\n<p>A preven\u00e7\u00e3o &#8220;\u00e9 um trabalho que temos que fazer em todos os setores&#8221;, disse Ang\u00e9lica Maya, infectologista e conselheira do governo do departamento de Antioquia, na Col\u00f4mbia, que pediu \u00e0s fam\u00edlias que &#8220;se eduquem sobre os riscos&#8221;.<\/p>\n<p>Cravioto enfatizou que <strong>os sistemas de sa\u00fade na regi\u00e3o precisam melhorar e ser equitativos<\/strong>. Ele sugeriu o lan\u00e7amento de uma ampla campanha que inclua a preven\u00e7\u00e3o da gravidez na adolesc\u00eancia, bem como um melhor acesso a anticorpos monoclonais, que reduziram as hospitaliza\u00e7\u00f5es e mostraram ser at\u00e9 80% eficazes.<\/p>\n<h2>Tratamento como parte de um plano abrangente<\/h2>\n<p><img fetchpriority=\"high\" decoding=\"async\" data-attachment-id=\"57648\" data-permalink=\"https:\/\/efecomunica.efe.com\/pt-pt\/especialistas-pedem-acao-coordenada-na-america-latina-contra-virus-vsr\/ame4636-mexico-incubadora\/\" data-orig-file=\"https:\/\/efecomunica.efe.com\/wp-content\/uploads\/2023\/01\/AME4636-MEXICO-INCUBADORA.jpg\" data-orig-size=\"1920,1376\" data-comments-opened=\"0\" data-image-meta=\"{&quot;aperture&quot;:&quot;0&quot;,&quot;credit&quot;:&quot;&quot;,&quot;camera&quot;:&quot;&quot;,&quot;caption&quot;:&quot;&quot;,&quot;created_timestamp&quot;:&quot;0&quot;,&quot;copyright&quot;:&quot;&quot;,&quot;focal_length&quot;:&quot;0&quot;,&quot;iso&quot;:&quot;0&quot;,&quot;shutter_speed&quot;:&quot;0&quot;,&quot;title&quot;:&quot;&quot;,&quot;orientation&quot;:&quot;0&quot;}\" data-image-title=\"AME4636 &amp;#8211; M\u00c9XICO INCUBADORA\" data-image-description=\"\" data-image-caption=\"\" data-large-file=\"https:\/\/efecomunica.efe.com\/wp-content\/uploads\/2023\/01\/AME4636-MEXICO-INCUBADORA-1024x734.jpg\" class=\"alignnone size-large wp-image-57648\" src=\"https:\/\/efecomunica.efe.com\/wp-content\/uploads\/2023\/01\/AME4636-MEXICO-INCUBADORA-1024x734.jpg\" alt=\"\" width=\"1024\" height=\"734\" srcset=\"https:\/\/efecomunica.efe.com\/wp-content\/uploads\/2023\/01\/AME4636-MEXICO-INCUBADORA-1024x734.jpg 1024w, https:\/\/efecomunica.efe.com\/wp-content\/uploads\/2023\/01\/AME4636-MEXICO-INCUBADORA-300x215.jpg 300w, https:\/\/efecomunica.efe.com\/wp-content\/uploads\/2023\/01\/AME4636-MEXICO-INCUBADORA-768x550.jpg 768w, https:\/\/efecomunica.efe.com\/wp-content\/uploads\/2023\/01\/AME4636-MEXICO-INCUBADORA-1120x803.jpg 1120w, https:\/\/efecomunica.efe.com\/wp-content\/uploads\/2023\/01\/AME4636-MEXICO-INCUBADORA-1536x1101.jpg 1536w, https:\/\/efecomunica.efe.com\/wp-content\/uploads\/2023\/01\/AME4636-MEXICO-INCUBADORA-399x286.jpg 399w, https:\/\/efecomunica.efe.com\/wp-content\/uploads\/2023\/01\/AME4636-MEXICO-INCUBADORA.jpg 1920w\" sizes=\"(max-width: 1024px) 100vw, 1024px\" \/><\/p>\n<p>O VSR \u00e9 uma causa muito comum de infec\u00e7\u00e3o das vias respirat\u00f3rias inferiores (br\u00f4nquios, bronqu\u00edolos e alv\u00e9olos pulmonares) que pode afetar pessoas de qualquer idade, mas pode ser particularmente grave em beb\u00eas e idosos.<\/p>\n<blockquote><p>Beb\u00eas prematuros, com neuropatias cr\u00f4nicas (doen\u00e7a pulmonar cr\u00f4nica ou displasia broncopulmonar, fibrose c\u00edstica), com cardiopatias cong\u00eanitas ou imunodefici\u00eancias est\u00e3o sob maior risco de complica\u00e7\u00f5es e hospitaliza\u00e7\u00e3o devido ao VSR.<\/p><\/blockquote>\n<p>\u00c1vila enfatizou hoje que, de cada 100 crian\u00e7as infectadas, cinco acabam hospitalizadas, e elas s\u00e3o geralmente beb\u00eas prematuros, nascidos antes de 37 semanas de gravidez. Um perigo ainda maior, de acordo com ela, existe para aqueles com menos de 32 semanas.<\/p>\n<p>Por sua vez,<strong> Cravioto explicou que o tratamento com anticorpos monoclonais envolve at\u00e9 cinco doses, embora novos desenvolvimentos o reduzam a uma \u00fanica dose<\/strong>. Segundo ele, resta saber quanto custar\u00e1 e a facilidade de acesso para os pa\u00edses da regi\u00e3o.<\/p>\n<p>&#8220;Descobrimos que muitas fam\u00edlias n\u00e3o t\u00eam acesso a estes tratamentos&#8221;, disse Martha Herrera Olaya, diretora da Funda\u00e7\u00e3o Fiquires, da Col\u00f4mbia, que tamb\u00e9m participou do f\u00f3rum virtual e pediu equidade para que as pol\u00edticas p\u00fablicas cheguem a todas as crian\u00e7as e m\u00e3es, especialmente as que vivem em \u00e1reas remotas e de extrema pobreza.<\/p>\n<p>Ela tamb\u00e9m pediu \u00e0 comunidade cient\u00edfica e aos governos para que levem os pais em considera\u00e7\u00e3o na constru\u00e7\u00e3o de pol\u00edticas de sa\u00fade.<\/p>\n<h2>Medicamentos e vacinas preventivas<\/h2>\n<blockquote><p>Embora n\u00e3o existam vacinas aprovadas por autoridades reguladoras, h\u00e1 um medicamento que reduz as taxas de hospitaliza\u00e7\u00e3o.<\/p><\/blockquote>\n<p>Trata-se de<strong> um anticorpo monoclonal (palivizumab), uma prote\u00edna artificial que atua no sistema imunol\u00f3gico e previne &#8220;enfermidade grave por VSR em certos beb\u00eas<\/strong> e crian\u00e7as que s\u00e3o de alto risco&#8221;, como beb\u00eas prematuros, com doen\u00e7a card\u00edaca cong\u00eanita ou displasia broncopulmonar, de acordo com os Centros de Controle e Preven\u00e7\u00e3o de Doen\u00e7as dos Estados Unidos.<\/p>\n<p>A respeito, os palestrantes destacaram a pesquisa de uma vacina, embora existam d\u00favidas quanto a sua acessibilidade.<\/p>\n<p>Cravioto mencionou que o Fundo Rotativo da Organiza\u00e7\u00e3o Pan-Americana de Sa\u00fade (Opas), que assegurou o fornecimento de vacinas para os pa\u00edses membros, poderia ser uma solu\u00e7\u00e3o para a distribui\u00e7\u00e3o equitativa de vacinas.<\/p>\n<p>&#8220;Quero enfatizar que o medicamento como tal n\u00e3o tem tanto impacto quanto um plano global&#8221;, que deveria envolver reuni\u00f5es intersetoriais regulares, disse Ang\u00e9lica Maya.<\/p>\n<p>Estas crian\u00e7as s\u00e3o &#8220;o futuro de nossos pa\u00edses, esta responsabilidade est\u00e1 nas m\u00e3os de todos&#8221;, enfatizou, por sua vez, Martha Herrera.<\/p>\n","protected":false},"excerpt":{"rendered":"<p>Um grupo de especialistas pediu nesta quinta-feira uma a\u00e7\u00e3o coordenada entre governos, institui\u00e7\u00f5es e sociedade civil para enfrentar o impacto do v\u00edrus sincicial respirat\u00f3rio (VSR) na Am\u00e9rica Latina, uma regi\u00e3o [&hellip;]<\/p>\n","protected":false},"author":198164090,"featured_media":57645,"comment_status":"closed","ping_status":"closed","sticky":false,"template":"","format":"standard","meta":{"_acf_changed":false,"_jetpack_newsletter_access":"","_jetpack_dont_email_post_to_subs":false,"_jetpack_newsletter_tier_id":0,"_jetpack_memberships_contains_paywalled_content":false,"_jetpack_memberships_contains_paid_content":false,"footnotes":"","jetpack_post_was_ever_published":false},"categories":[125401],"tags":[126058,126059,126060,126057,126006],"class_list":["post-57640","post","type-post","status-publish","format-standard","has-post-thumbnail","hentry","category-saude","tag-america-latina-pt-pt","tag-efe-pt-pt","tag-efecomunica-pt-pt","tag-saude","tag-vsr"],"acf":[],"yoast_head":"<!-- This site is optimized with the Yoast SEO plugin v27.5 - https:\/\/yoast.com\/product\/yoast-seo-wordpress\/ -->\n<title>Especialistas pedem a\u00e7\u00e3o coordenada na Am\u00e9rica Latina contra v\u00edrus VSR - EFE Comunica<\/title>\n<meta name=\"description\" content=\"Um grupo de especialistas pediu nesta quinta-feira uma a\u00e7\u00e3o coordenada entre governos, institui\u00e7\u00f5es e sociedade civil para enfrentar o impacto do v\u00edrus Um grupo de especialistas pediu nesta quinta-feira uma a\u00e7\u00e3o coordenada entre governos, institui\u00e7\u00f5es e sociedade civil para enfrentar o impacto do v\u00edrus sincicial respirat\u00f3rio (VSR) na Am\u00e9rica Latina.\" \/>\n<meta name=\"robots\" content=\"index, follow, max-snippet:-1, max-image-preview:large, max-video-preview:-1\" \/>\n<link rel=\"canonical\" href=\"https:\/\/efecomunica.efe.com\/pt-pt\/especialistas-pedem-acao-coordenada-na-america-latina-contra-virus-vsr\/\" \/>\n<!-- \/ Yoast SEO plugin. -->","yoast_head_json":{"title":"Especialistas pedem a\u00e7\u00e3o coordenada na Am\u00e9rica Latina contra v\u00edrus VSR - EFE Comunica","description":"Um grupo de especialistas pediu nesta quinta-feira uma a\u00e7\u00e3o coordenada entre governos, institui\u00e7\u00f5es e sociedade civil para enfrentar o impacto do v\u00edrus Um grupo de especialistas pediu nesta quinta-feira uma a\u00e7\u00e3o coordenada entre governos, institui\u00e7\u00f5es e sociedade civil para enfrentar o impacto do v\u00edrus sincicial respirat\u00f3rio (VSR) na Am\u00e9rica Latina.","robots":{"index":"index","follow":"follow","max-snippet":"max-snippet:-1","max-image-preview":"max-image-preview:large","max-video-preview":"max-video-preview:-1"},"canonical":"https:\/\/efecomunica.efe.com\/pt-pt\/especialistas-pedem-acao-coordenada-na-america-latina-contra-virus-vsr\/","schema":{"@context":"https:\/\/schema.org","@graph":[{"@type":"Article","@id":"https:\/\/efecomunica.efe.com\/pt-pt\/especialistas-pedem-acao-coordenada-na-america-latina-contra-virus-vsr\/#article","isPartOf":{"@id":"https:\/\/efecomunica.efe.com\/pt-pt\/especialistas-pedem-acao-coordenada-na-america-latina-contra-virus-vsr\/"},"author":{"name":"Diana Marcela Tinjaca","@id":"https:\/\/efecomunica.efe.com\/#\/schema\/person\/21d20ab2fb1265ab651b38eeaf10d1ca"},"headline":"Especialistas pedem a\u00e7\u00e3o coordenada na Am\u00e9rica Latina contra v\u00edrus VSR","datePublished":"2023-01-27T15:09:20+00:00","dateModified":"2023-01-27T15:15:02+00:00","mainEntityOfPage":{"@id":"https:\/\/efecomunica.efe.com\/pt-pt\/especialistas-pedem-acao-coordenada-na-america-latina-contra-virus-vsr\/"},"wordCount":790,"publisher":{"@id":"https:\/\/efecomunica.efe.com\/#organization"},"image":{"@id":"https:\/\/efecomunica.efe.com\/pt-pt\/especialistas-pedem-acao-coordenada-na-america-latina-contra-virus-vsr\/#primaryimage"},"thumbnailUrl":"https:\/\/efecomunica.efe.com\/wp-content\/uploads\/2023\/01\/AME4637-MEXICO-INCUBADORA.jpg","keywords":["Am\u00e9rica Latina","EFE","EFEComunica","saude","VSR"],"articleSection":["Sa\u00fade"],"inLanguage":"pt-PT"},{"@type":"WebPage","@id":"https:\/\/efecomunica.efe.com\/pt-pt\/especialistas-pedem-acao-coordenada-na-america-latina-contra-virus-vsr\/","url":"https:\/\/efecomunica.efe.com\/pt-pt\/especialistas-pedem-acao-coordenada-na-america-latina-contra-virus-vsr\/","name":"Especialistas pedem a\u00e7\u00e3o coordenada na Am\u00e9rica Latina contra v\u00edrus VSR - EFE Comunica","isPartOf":{"@id":"https:\/\/efecomunica.efe.com\/#website"},"primaryImageOfPage":{"@id":"https:\/\/efecomunica.efe.com\/pt-pt\/especialistas-pedem-acao-coordenada-na-america-latina-contra-virus-vsr\/#primaryimage"},"image":{"@id":"https:\/\/efecomunica.efe.com\/pt-pt\/especialistas-pedem-acao-coordenada-na-america-latina-contra-virus-vsr\/#primaryimage"},"thumbnailUrl":"https:\/\/efecomunica.efe.com\/wp-content\/uploads\/2023\/01\/AME4637-MEXICO-INCUBADORA.jpg","datePublished":"2023-01-27T15:09:20+00:00","dateModified":"2023-01-27T15:15:02+00:00","description":"Um grupo de especialistas pediu nesta quinta-feira uma a\u00e7\u00e3o coordenada entre governos, institui\u00e7\u00f5es e sociedade civil para enfrentar o impacto do v\u00edrus Um grupo de especialistas pediu nesta quinta-feira uma a\u00e7\u00e3o coordenada entre governos, institui\u00e7\u00f5es e sociedade civil para enfrentar o impacto do v\u00edrus sincicial respirat\u00f3rio (VSR) na Am\u00e9rica Latina.","breadcrumb":{"@id":"https:\/\/efecomunica.efe.com\/pt-pt\/especialistas-pedem-acao-coordenada-na-america-latina-contra-virus-vsr\/#breadcrumb"},"inLanguage":"pt-PT","potentialAction":[{"@type":"ReadAction","target":["https:\/\/efecomunica.efe.com\/pt-pt\/especialistas-pedem-acao-coordenada-na-america-latina-contra-virus-vsr\/"]}]},{"@type":"ImageObject","inLanguage":"pt-PT","@id":"https:\/\/efecomunica.efe.com\/pt-pt\/especialistas-pedem-acao-coordenada-na-america-latina-contra-virus-vsr\/#primaryimage","url":"https:\/\/efecomunica.efe.com\/wp-content\/uploads\/2023\/01\/AME4637-MEXICO-INCUBADORA.jpg","contentUrl":"https:\/\/efecomunica.efe.com\/wp-content\/uploads\/2023\/01\/AME4637-MEXICO-INCUBADORA.jpg","width":1920,"height":1260},{"@type":"BreadcrumbList","@id":"https:\/\/efecomunica.efe.com\/pt-pt\/especialistas-pedem-acao-coordenada-na-america-latina-contra-virus-vsr\/#breadcrumb","itemListElement":[{"@type":"ListItem","position":1,"name":"Portada","item":"https:\/\/efecomunica.efe.com\/pt-pt\/"},{"@type":"ListItem","position":2,"name":"Especialistas pedem a\u00e7\u00e3o coordenada na Am\u00e9rica Latina contra v\u00edrus VSR"}]},{"@type":"WebSite","@id":"https:\/\/efecomunica.efe.com\/#website","url":"https:\/\/efecomunica.efe.com\/","name":"EFE Comunica","description":"Contenidos para empresas","publisher":{"@id":"https:\/\/efecomunica.efe.com\/#organization"},"potentialAction":[{"@type":"SearchAction","target":{"@type":"EntryPoint","urlTemplate":"https:\/\/efecomunica.efe.com\/?s={search_term_string}"},"query-input":{"@type":"PropertyValueSpecification","valueRequired":true,"valueName":"search_term_string"}}],"inLanguage":"pt-PT"},{"@type":"Organization","@id":"https:\/\/efecomunica.efe.com\/#organization","name":"EFE Comunica","url":"https:\/\/efecomunica.efe.com\/","logo":{"@type":"ImageObject","inLanguage":"pt-PT","@id":"https:\/\/efecomunica.efe.com\/#\/schema\/logo\/image\/","url":"https:\/\/efecomunica.efe.com\/wp-content\/uploads\/2020\/12\/Logo-EFE-Comunica_png.png","contentUrl":"https:\/\/efecomunica.efe.com\/wp-content\/uploads\/2020\/12\/Logo-EFE-Comunica_png.png","width":1080,"height":486,"caption":"EFE Comunica"},"image":{"@id":"https:\/\/efecomunica.efe.com\/#\/schema\/logo\/image\/"},"sameAs":["https:\/\/www.facebook.com\/EFEComunicaAgenciaEFE","https:\/\/x.com\/EFEcomunica","https:\/\/www.linkedin.com\/showcase\/efecomunica"]},{"@type":"Person","@id":"https:\/\/efecomunica.efe.com\/#\/schema\/person\/21d20ab2fb1265ab651b38eeaf10d1ca","name":"Diana Marcela Tinjaca","image":{"@type":"ImageObject","inLanguage":"pt-PT","@id":"https:\/\/secure.gravatar.com\/avatar\/05052910351fde9d21921c888d93aa90c72b16e541ce49c4ddceafc09b9244f8?s=96&d=identicon&r=g","url":"https:\/\/secure.gravatar.com\/avatar\/05052910351fde9d21921c888d93aa90c72b16e541ce49c4ddceafc09b9244f8?s=96&d=identicon&r=g","contentUrl":"https:\/\/secure.gravatar.com\/avatar\/05052910351fde9d21921c888d93aa90c72b16e541ce49c4ddceafc09b9244f8?s=96&d=identicon&r=g","caption":"Diana Marcela Tinjaca"},"url":"https:\/\/efecomunica.efe.com\/pt-pt\/author\/dtinjaca\/"}]}},"jetpack_featured_media_url":"https:\/\/efecomunica.efe.com\/wp-content\/uploads\/2023\/01\/AME4637-MEXICO-INCUBADORA.jpg","jetpack_likes_enabled":true,"jetpack_shortlink":"https:\/\/wp.me\/pcEg1r-eZG","jetpack_sharing_enabled":true,"_links":{"self":[{"href":"https:\/\/efecomunica.efe.com\/pt-pt\/wp-json\/wp\/v2\/posts\/57640","targetHints":{"allow":["GET"]}}],"collection":[{"href":"https:\/\/efecomunica.efe.com\/pt-pt\/wp-json\/wp\/v2\/posts"}],"about":[{"href":"https:\/\/efecomunica.efe.com\/pt-pt\/wp-json\/wp\/v2\/types\/post"}],"author":[{"embeddable":true,"href":"https:\/\/efecomunica.efe.com\/pt-pt\/wp-json\/wp\/v2\/users\/198164090"}],"replies":[{"embeddable":true,"href":"https:\/\/efecomunica.efe.com\/pt-pt\/wp-json\/wp\/v2\/comments?post=57640"}],"version-history":[{"count":6,"href":"https:\/\/efecomunica.efe.com\/pt-pt\/wp-json\/wp\/v2\/posts\/57640\/revisions"}],"predecessor-version":[{"id":57650,"href":"https:\/\/efecomunica.efe.com\/pt-pt\/wp-json\/wp\/v2\/posts\/57640\/revisions\/57650"}],"wp:featuredmedia":[{"embeddable":true,"href":"https:\/\/efecomunica.efe.com\/pt-pt\/wp-json\/wp\/v2\/media\/57645"}],"wp:attachment":[{"href":"https:\/\/efecomunica.efe.com\/pt-pt\/wp-json\/wp\/v2\/media?parent=57640"}],"wp:term":[{"taxonomy":"category","embeddable":true,"href":"https:\/\/efecomunica.efe.com\/pt-pt\/wp-json\/wp\/v2\/categories?post=57640"},{"taxonomy":"post_tag","embeddable":true,"href":"https:\/\/efecomunica.efe.com\/pt-pt\/wp-json\/wp\/v2\/tags?post=57640"}],"curies":[{"name":"wp","href":"https:\/\/api.w.org\/{rel}","templated":true}]}}